{"id":31781,"date":"2025-07-23T09:54:22","date_gmt":"2025-07-23T15:54:22","guid":{"rendered":"https:\/\/thepueblatimes.mx\/?p=31781"},"modified":"2025-07-23T09:54:22","modified_gmt":"2025-07-23T15:54:22","slug":"jovenes-poblanos-participan-en-el-primer-concurso-imparables-con-voz","status":"publish","type":"post","link":"https:\/\/thepueblatimes.mx\/index.php\/2025\/07\/23\/jovenes-poblanos-participan-en-el-primer-concurso-imparables-con-voz\/","title":{"rendered":"J\u00f3venes poblanos participan en el Primer Concurso \u201cImparables con Voz\u201d"},"content":{"rendered":"<h3><em>&#8211; El Gobierno de la Ciudad refrenda su compromiso de impulsar proyectos que fortalezcan las capacidades de este sector de la poblaci\u00f3n<\/em><\/h3>\n<p>Puebla, Pue., 22 de julio de 2025.- El Instituto de la Juventud del Municipio de Puebla, bajo la direcci\u00f3n de Carolina Cabrera Victoria, realiz\u00f3 con \u00e9xito el Primer Concurso de Oratoria \u201cImparables con Voz\u201d, un espacio creado para que las juventudes ejercitaran su capacidad de expresi\u00f3n, liderazgo y pensamiento cr\u00edtico.<\/p>\n<p>La actividad se llev\u00f3 a cabo en el Auditorio de la Biblioteca P\u00fablica Central Estatal \u201cMiguel de la Madrid Hurtado\u201d, con la participaci\u00f3n de j\u00f3venes, quienes pudieron presenciar y protagonizar una jornada de ideas, reflexi\u00f3n y compromiso social.<\/p>\n<p>Durante el concurso, las y los participantes presentaron discursos preparados e improvisados sobre temas de gran relevancia, como la legalizaci\u00f3n de las drogas, el impacto del cambio clim\u00e1tico, el papel del feminismo, la inteligencia artificial, la inclusi\u00f3n de comunidades ind\u00edgenas y la b\u00fasqueda de personas desaparecidas. Estas intervenciones pusieron de manifiesto la importancia de la oratoria como un ejercicio que fortalece la confianza personal y promueve la construcci\u00f3n de opiniones fundamentadas.<\/p>\n<p>Con esta actividad, el Gobierno de la Ciudad que encabeza el presidente municipal, Pepe Chedraui Budib, refrenda su compromiso de impulsar proyectos que fortalezcan las capacidades de las y los j\u00f3venes, brind\u00e1ndoles espacios donde puedan alzar su voz y ejercer su derecho a participar activamente en la vida p\u00fablica de su comunidad.<\/p>\n","protected":false},"excerpt":{"rendered":"<p>&#8211; El Gobierno de la Ciudad refrenda su compromiso de impulsar proyectos que fortalezcan las capacidades de este sector de la poblaci\u00f3n Puebla, Pue., 22 de julio de 2025.- El Instituto de la Juventud del Municipio de Puebla, bajo la direcci\u00f3n de Carolina Cabrera Victoria, realiz\u00f3 con \u00e9xito el Primer Concurso de Oratoria \u201cImparables con&#8230;<\/p>\n","protected":false},"author":16,"featured_media":31782,"comment_status":"closed","ping_status":"closed","sticky":false,"template":"","format":"standard","meta":[],"categories":[20],"tags":[1287,3074],"yoast_head":"<!-- This site is optimized with the Yoast SEO plugin v20.8 - https:\/\/yoast.com\/wordpress\/plugins\/seo\/ -->\n<title>J\u00f3venes poblanos participan en el Primer Concurso \u201cImparables con Voz\u201d - The Puebla Times<\/title>\n<meta name=\"robots\" content=\"index, follow, max-snippet:-1, max-image-preview:large, max-video-preview:-1\" \/>\n<link rel=\"canonical\" href=\"https:\/\/thepueblatimes.mx\/index.php\/2025\/07\/23\/jovenes-poblanos-participan-en-el-primer-concurso-imparables-con-voz\/\" \/>\n<meta property=\"og:locale\" content=\"es_ES\" \/>\n<meta property=\"og:type\" content=\"article\" \/>\n<meta property=\"og:title\" content=\"J\u00f3venes poblanos participan en el Primer Concurso \u201cImparables con Voz\u201d - The Puebla Times\" \/>\n<meta property=\"og:description\" content=\"&#8211; El Gobierno de la Ciudad refrenda su compromiso de impulsar proyectos que fortalezcan las capacidades de este sector de la poblaci\u00f3n Puebla, Pue., 22 de julio de 2025.- El Instituto de la Juventud del Municipio de Puebla, bajo la direcci\u00f3n de Carolina Cabrera Victoria, realiz\u00f3 con \u00e9xito el Primer Concurso de Oratoria \u201cImparables con...\" \/>\n<meta property=\"og:url\" content=\"https:\/\/thepueblatimes.mx\/index.php\/2025\/07\/23\/jovenes-poblanos-participan-en-el-primer-concurso-imparables-con-voz\/\" \/>\n<meta property=\"og:site_name\" content=\"The Puebla Times\" \/>\n<meta property=\"article:published_time\" content=\"2025-07-23T15:54:22+00:00\" \/>\n<meta property=\"og:image\" content=\"https:\/\/thepueblatimes.mx\/wp-content\/uploads\/2025\/07\/WhatsApp-Image-2025-07-22-at-17.32.50-1-scaled.jpeg\" \/>\n\t<meta property=\"og:image:width\" content=\"2560\" \/>\n\t<meta property=\"og:image:height\" content=\"1707\" \/>\n\t<meta property=\"og:image:type\" content=\"image\/jpeg\" \/>\n<meta name=\"author\" content=\"Sa\u00fal Hern\u00e1ndez\" \/>\n<meta name=\"twitter:card\" content=\"summary_large_image\" \/>\n<meta name=\"twitter:label1\" content=\"Escrito por\" \/>\n\t<meta name=\"twitter:data1\" content=\"Sa\u00fal Hern\u00e1ndez\" \/>\n\t<meta name=\"twitter:label2\" content=\"Tiempo de lectura\" \/>\n\t<meta name=\"twitter:data2\" content=\"2 minutos\" \/>\n<script type=\"application\/ld+json\" class=\"yoast-schema-graph\">{\"@context\":\"https:\/\/schema.org\",\"@graph\":[{\"@type\":\"WebPage\",\"@id\":\"https:\/\/thepueblatimes.mx\/index.php\/2025\/07\/23\/jovenes-poblanos-participan-en-el-primer-concurso-imparables-con-voz\/\",\"url\":\"https:\/\/thepueblatimes.mx\/index.php\/2025\/07\/23\/jovenes-poblanos-participan-en-el-primer-concurso-imparables-con-voz\/\",\"name\":\"J\u00f3venes poblanos participan en el Primer Concurso \u201cImparables con Voz\u201d - The Puebla Times\",\"isPartOf\":{\"@id\":\"https:\/\/thepueblatimes.mx\/#website\"},\"datePublished\":\"2025-07-23T15:54:22+00:00\",\"dateModified\":\"2025-07-23T15:54:22+00:00\",\"author\":{\"@id\":\"https:\/\/thepueblatimes.mx\/#\/schema\/person\/1664894c2f65ce2c7a08d8f5f905c13c\"},\"breadcrumb\":{\"@id\":\"https:\/\/thepueblatimes.mx\/index.php\/2025\/07\/23\/jovenes-poblanos-participan-en-el-primer-concurso-imparables-con-voz\/#breadcrumb\"},\"inLanguage\":\"es\",\"potentialAction\":[{\"@type\":\"ReadAction\",\"target\":[\"https:\/\/thepueblatimes.mx\/index.php\/2025\/07\/23\/jovenes-poblanos-participan-en-el-primer-concurso-imparables-con-voz\/\"]}]},{\"@type\":\"BreadcrumbList\",\"@id\":\"https:\/\/thepueblatimes.mx\/index.php\/2025\/07\/23\/jovenes-poblanos-participan-en-el-primer-concurso-imparables-con-voz\/#breadcrumb\",\"itemListElement\":[{\"@type\":\"ListItem\",\"position\":1,\"name\":\"Portada\",\"item\":\"https:\/\/thepueblatimes.mx\/\"},{\"@type\":\"ListItem\",\"position\":2,\"name\":\"J\u00f3venes poblanos participan en el Primer Concurso \u201cImparables con Voz\u201d\"}]},{\"@type\":\"WebSite\",\"@id\":\"https:\/\/thepueblatimes.mx\/#website\",\"url\":\"https:\/\/thepueblatimes.mx\/\",\"name\":\"The Puebla Times\",\"description\":\"Noticias del Estado de Puebla\",\"potentialAction\":[{\"@type\":\"SearchAction\",\"target\":{\"@type\":\"EntryPoint\",\"urlTemplate\":\"https:\/\/thepueblatimes.mx\/?s={search_term_string}\"},\"query-input\":\"required name=search_term_string\"}],\"inLanguage\":\"es\"},{\"@type\":\"Person\",\"@id\":\"https:\/\/thepueblatimes.mx\/#\/schema\/person\/1664894c2f65ce2c7a08d8f5f905c13c\",\"name\":\"Sa\u00fal Hern\u00e1ndez\",\"image\":{\"@type\":\"ImageObject\",\"inLanguage\":\"es\",\"@id\":\"https:\/\/thepueblatimes.mx\/#\/schema\/person\/image\/\",\"url\":\"https:\/\/secure.gravatar.com\/avatar\/11be338693f243309532caad8f10c930?s=96&d=mm&r=g\",\"contentUrl\":\"https:\/\/secure.gravatar.com\/avatar\/11be338693f243309532caad8f10c930?s=96&d=mm&r=g\",\"caption\":\"Sa\u00fal Hern\u00e1ndez\"},\"url\":\"https:\/\/thepueblatimes.mx\/index.php\/author\/saulhernandez\/\"}]}<\/script>\n<!-- \/ Yoast SEO plugin. -->","yoast_head_json":{"title":"J\u00f3venes poblanos participan en el Primer Concurso \u201cImparables con Voz\u201d - The Puebla Times","robots":{"index":"index","follow":"follow","max-snippet":"max-snippet:-1","max-image-preview":"max-image-preview:large","max-video-preview":"max-video-preview:-1"},"canonical":"https:\/\/thepueblatimes.mx\/index.php\/2025\/07\/23\/jovenes-poblanos-participan-en-el-primer-concurso-imparables-con-voz\/","og_locale":"es_ES","og_type":"article","og_title":"J\u00f3venes poblanos participan en el Primer Concurso \u201cImparables con Voz\u201d - The Puebla Times","og_description":"&#8211; El Gobierno de la Ciudad refrenda su compromiso de impulsar proyectos que fortalezcan las capacidades de este sector de la poblaci\u00f3n Puebla, Pue., 22 de julio de 2025.- El Instituto de la Juventud del Municipio de Puebla, bajo la direcci\u00f3n de Carolina Cabrera Victoria, realiz\u00f3 con \u00e9xito el Primer Concurso de Oratoria \u201cImparables con...","og_url":"https:\/\/thepueblatimes.mx\/index.php\/2025\/07\/23\/jovenes-poblanos-participan-en-el-primer-concurso-imparables-con-voz\/","og_site_name":"The Puebla Times","article_published_time":"2025-07-23T15:54:22+00:00","og_image":[{"width":2560,"height":1707,"url":"https:\/\/thepueblatimes.mx\/wp-content\/uploads\/2025\/07\/WhatsApp-Image-2025-07-22-at-17.32.50-1-scaled.jpeg","type":"image\/jpeg"}],"author":"Sa\u00fal Hern\u00e1ndez","twitter_card":"summary_large_image","twitter_misc":{"Escrito por":"Sa\u00fal Hern\u00e1ndez","Tiempo de lectura":"2 minutos"},"schema":{"@context":"https:\/\/schema.org","@graph":[{"@type":"WebPage","@id":"https:\/\/thepueblatimes.mx\/index.php\/2025\/07\/23\/jovenes-poblanos-participan-en-el-primer-concurso-imparables-con-voz\/","url":"https:\/\/thepueblatimes.mx\/index.php\/2025\/07\/23\/jovenes-poblanos-participan-en-el-primer-concurso-imparables-con-voz\/","name":"J\u00f3venes poblanos participan en el Primer Concurso \u201cImparables con Voz\u201d - The Puebla Times","isPartOf":{"@id":"https:\/\/thepueblatimes.mx\/#website"},"datePublished":"2025-07-23T15:54:22+00:00","dateModified":"2025-07-23T15:54:22+00:00","author":{"@id":"https:\/\/thepueblatimes.mx\/#\/schema\/person\/1664894c2f65ce2c7a08d8f5f905c13c"},"breadcrumb":{"@id":"https:\/\/thepueblatimes.mx\/index.php\/2025\/07\/23\/jovenes-poblanos-participan-en-el-primer-concurso-imparables-con-voz\/#breadcrumb"},"inLanguage":"es","potentialAction":[{"@type":"ReadAction","target":["https:\/\/thepueblatimes.mx\/index.php\/2025\/07\/23\/jovenes-poblanos-participan-en-el-primer-concurso-imparables-con-voz\/"]}]},{"@type":"BreadcrumbList","@id":"https:\/\/thepueblatimes.mx\/index.php\/2025\/07\/23\/jovenes-poblanos-participan-en-el-primer-concurso-imparables-con-voz\/#breadcrumb","itemListElement":[{"@type":"ListItem","position":1,"name":"Portada","item":"https:\/\/thepueblatimes.mx\/"},{"@type":"ListItem","position":2,"name":"J\u00f3venes poblanos participan en el Primer Concurso \u201cImparables con Voz\u201d"}]},{"@type":"WebSite","@id":"https:\/\/thepueblatimes.mx\/#website","url":"https:\/\/thepueblatimes.mx\/","name":"The Puebla Times","description":"Noticias del Estado de Puebla","potentialAction":[{"@type":"SearchAction","target":{"@type":"EntryPoint","urlTemplate":"https:\/\/thepueblatimes.mx\/?s={search_term_string}"},"query-input":"required name=search_term_string"}],"inLanguage":"es"},{"@type":"Person","@id":"https:\/\/thepueblatimes.mx\/#\/schema\/person\/1664894c2f65ce2c7a08d8f5f905c13c","name":"Sa\u00fal Hern\u00e1ndez","image":{"@type":"ImageObject","inLanguage":"es","@id":"https:\/\/thepueblatimes.mx\/#\/schema\/person\/image\/","url":"https:\/\/secure.gravatar.com\/avatar\/11be338693f243309532caad8f10c930?s=96&d=mm&r=g","contentUrl":"https:\/\/secure.gravatar.com\/avatar\/11be338693f243309532caad8f10c930?s=96&d=mm&r=g","caption":"Sa\u00fal Hern\u00e1ndez"},"url":"https:\/\/thepueblatimes.mx\/index.php\/author\/saulhernandez\/"}]}},"jetpack_featured_media_url":"https:\/\/thepueblatimes.mx\/wp-content\/uploads\/2025\/07\/WhatsApp-Image-2025-07-22-at-17.32.50-1-scaled.jpeg","_links":{"self":[{"href":"https:\/\/thepueblatimes.mx\/index.php\/wp-json\/wp\/v2\/posts\/31781"}],"collection":[{"href":"https:\/\/thepueblatimes.mx\/index.php\/wp-json\/wp\/v2\/posts"}],"about":[{"href":"https:\/\/thepueblatimes.mx\/index.php\/wp-json\/wp\/v2\/types\/post"}],"author":[{"embeddable":true,"href":"https:\/\/thepueblatimes.mx\/index.php\/wp-json\/wp\/v2\/users\/16"}],"replies":[{"embeddable":true,"href":"https:\/\/thepueblatimes.mx\/index.php\/wp-json\/wp\/v2\/comments?post=31781"}],"version-history":[{"count":1,"href":"https:\/\/thepueblatimes.mx\/index.php\/wp-json\/wp\/v2\/posts\/31781\/revisions"}],"predecessor-version":[{"id":31783,"href":"https:\/\/thepueblatimes.mx\/index.php\/wp-json\/wp\/v2\/posts\/31781\/revisions\/31783"}],"wp:featuredmedia":[{"embeddable":true,"href":"https:\/\/thepueblatimes.mx\/index.php\/wp-json\/wp\/v2\/media\/31782"}],"wp:attachment":[{"href":"https:\/\/thepueblatimes.mx\/index.php\/wp-json\/wp\/v2\/media?parent=31781"}],"wp:term":[{"taxonomy":"category","embeddable":true,"href":"https:\/\/thepueblatimes.mx\/index.php\/wp-json\/wp\/v2\/categories?post=31781"},{"taxonomy":"post_tag","embeddable":true,"href":"https:\/\/thepueblatimes.mx\/index.php\/wp-json\/wp\/v2\/tags?post=31781"}],"curies":[{"name":"wp","href":"https:\/\/api.w.org\/{rel}","templated":true}]}}