{"id":31778,"date":"2025-07-23T09:51:34","date_gmt":"2025-07-23T15:51:34","guid":{"rendered":"https:\/\/thepueblatimes.mx\/?p=31778"},"modified":"2025-07-23T09:51:34","modified_gmt":"2025-07-23T15:51:34","slug":"entrega-dif-puebla-capital-insumos-alimentarios-del-programa-desayunos-calientes","status":"publish","type":"post","link":"https:\/\/thepueblatimes.mx\/index.php\/2025\/07\/23\/entrega-dif-puebla-capital-insumos-alimentarios-del-programa-desayunos-calientes\/","title":{"rendered":"Entrega DIF Puebla Capital insumos alimentarios del programa \u201cDesayunos Calientes\u201d"},"content":{"rendered":"<h3><em>&#8211; Se trabaja en coordinaci\u00f3n con el SEDIF en favor de las y los ni\u00f1os de la capital<\/em><\/h3>\n<p>Puebla, Pue.- Con el objetivo de fortalecer la atenci\u00f3n a ni\u00f1as y ni\u00f1os mediante una alimentaci\u00f3n adecuada, el DIF Puebla Capital que encabeza la presidenta del Patronato MariElise Budib, en coordinaci\u00f3n con el Sistema Estatal DIF (SEDIF), realiz\u00f3 una nueva entrega de insumos del Programa de Alimentaci\u00f3n Escolar. Esta acci\u00f3n forma parte del convenio firmado al inicio de la administraci\u00f3n municipal, el cual busca mejorar la nutrici\u00f3n en los planteles educativos del municipio.<\/p>\n<p>La entrega fue encabezada por Gerardo S\u00e1nchez, director de Programas y Desarrollo del SMDIF y Xenia del Carmen S\u00e1nchez, jefa del departamento de Nutrici\u00f3n y Asistencia Alimentaria. Los insumos alimentarios incluyen productos como arroz, at\u00fan, avena, frijol, leche, pasta y verduras enlatadas, los cuales permiten a los comit\u00e9s escolares \u2014integrados por madres y padres de familia\u2014 preparar men\u00fas saludables y balanceados para las y los estudiantes.<\/p>\n<p>\u201cLo que se busca es que cuenten con todos los grupos de alimentos, para que los comit\u00e9s, que son las madres y padres de las escuelas, puedan realizar un men\u00fa saludable para estos ni\u00f1os que desayunan en estos planteles educativos\u201d, detall\u00f3 Xenia del Carmen S\u00e1nchez, jefa de departamento de Nutrici\u00f3n y Asistencia Alimentaria.<\/p>\n<p>Adicional a estas acciones, el DIF Puebla Capital continuar\u00e1 dignificando desayunadores escolares a trav\u00e9s de mejoras en infraestructura y equipamiento, con el fin de fortalecer este programa y beneficiar a cada una de las escuelas del municipio. De esta forma, el Gobierno de la Ciudad trabaja por la construcci\u00f3n de una capital en orden al garantizar una alimentaci\u00f3n nutritiva y balanceada a estudiantes de educaci\u00f3n b\u00e1sica.<\/p>\n","protected":false},"excerpt":{"rendered":"<p>&#8211; Se trabaja en coordinaci\u00f3n con el SEDIF en favor de las y los ni\u00f1os de la capital Puebla, Pue.- Con el objetivo de fortalecer la atenci\u00f3n a ni\u00f1as y ni\u00f1os mediante una alimentaci\u00f3n adecuada, el DIF Puebla Capital que encabeza la presidenta del Patronato MariElise Budib, en coordinaci\u00f3n con el Sistema Estatal DIF (SEDIF),&#8230;<\/p>\n","protected":false},"author":16,"featured_media":31779,"comment_status":"closed","ping_status":"closed","sticky":false,"template":"","format":"standard","meta":[],"categories":[20],"tags":[1287,3074],"yoast_head":"<!-- This site is optimized with the Yoast SEO plugin v20.8 - https:\/\/yoast.com\/wordpress\/plugins\/seo\/ -->\n<title>Entrega DIF Puebla Capital insumos alimentarios del programa \u201cDesayunos Calientes\u201d - The Puebla Times<\/title>\n<meta name=\"robots\" content=\"index, follow, max-snippet:-1, max-image-preview:large, max-video-preview:-1\" \/>\n<link rel=\"canonical\" href=\"https:\/\/thepueblatimes.mx\/index.php\/2025\/07\/23\/entrega-dif-puebla-capital-insumos-alimentarios-del-programa-desayunos-calientes\/\" \/>\n<meta property=\"og:locale\" content=\"es_ES\" \/>\n<meta property=\"og:type\" content=\"article\" \/>\n<meta property=\"og:title\" content=\"Entrega DIF Puebla Capital insumos alimentarios del programa \u201cDesayunos Calientes\u201d - The Puebla Times\" \/>\n<meta property=\"og:description\" content=\"&#8211; Se trabaja en coordinaci\u00f3n con el SEDIF en favor de las y los ni\u00f1os de la capital Puebla, Pue.- Con el objetivo de fortalecer la atenci\u00f3n a ni\u00f1as y ni\u00f1os mediante una alimentaci\u00f3n adecuada, el DIF Puebla Capital que encabeza la presidenta del Patronato MariElise Budib, en coordinaci\u00f3n con el Sistema Estatal DIF (SEDIF),...\" \/>\n<meta property=\"og:url\" content=\"https:\/\/thepueblatimes.mx\/index.php\/2025\/07\/23\/entrega-dif-puebla-capital-insumos-alimentarios-del-programa-desayunos-calientes\/\" \/>\n<meta property=\"og:site_name\" content=\"The Puebla Times\" \/>\n<meta property=\"article:published_time\" content=\"2025-07-23T15:51:34+00:00\" \/>\n<meta property=\"og:image\" content=\"https:\/\/thepueblatimes.mx\/wp-content\/uploads\/2025\/07\/WhatsApp-Image-2025-07-22-at-17.32.16.jpeg\" \/>\n\t<meta property=\"og:image:width\" content=\"2560\" \/>\n\t<meta property=\"og:image:height\" content=\"1706\" \/>\n\t<meta property=\"og:image:type\" content=\"image\/jpeg\" \/>\n<meta name=\"author\" content=\"Sa\u00fal Hern\u00e1ndez\" \/>\n<meta name=\"twitter:card\" content=\"summary_large_image\" \/>\n<meta name=\"twitter:label1\" content=\"Escrito por\" \/>\n\t<meta name=\"twitter:data1\" content=\"Sa\u00fal Hern\u00e1ndez\" \/>\n\t<meta name=\"twitter:label2\" content=\"Tiempo de lectura\" \/>\n\t<meta name=\"twitter:data2\" content=\"2 minutos\" \/>\n<script type=\"application\/ld+json\" class=\"yoast-schema-graph\">{\"@context\":\"https:\/\/schema.org\",\"@graph\":[{\"@type\":\"WebPage\",\"@id\":\"https:\/\/thepueblatimes.mx\/index.php\/2025\/07\/23\/entrega-dif-puebla-capital-insumos-alimentarios-del-programa-desayunos-calientes\/\",\"url\":\"https:\/\/thepueblatimes.mx\/index.php\/2025\/07\/23\/entrega-dif-puebla-capital-insumos-alimentarios-del-programa-desayunos-calientes\/\",\"name\":\"Entrega DIF Puebla Capital insumos alimentarios del programa \u201cDesayunos Calientes\u201d - The Puebla Times\",\"isPartOf\":{\"@id\":\"https:\/\/thepueblatimes.mx\/#website\"},\"datePublished\":\"2025-07-23T15:51:34+00:00\",\"dateModified\":\"2025-07-23T15:51:34+00:00\",\"author\":{\"@id\":\"https:\/\/thepueblatimes.mx\/#\/schema\/person\/1664894c2f65ce2c7a08d8f5f905c13c\"},\"breadcrumb\":{\"@id\":\"https:\/\/thepueblatimes.mx\/index.php\/2025\/07\/23\/entrega-dif-puebla-capital-insumos-alimentarios-del-programa-desayunos-calientes\/#breadcrumb\"},\"inLanguage\":\"es\",\"potentialAction\":[{\"@type\":\"ReadAction\",\"target\":[\"https:\/\/thepueblatimes.mx\/index.php\/2025\/07\/23\/entrega-dif-puebla-capital-insumos-alimentarios-del-programa-desayunos-calientes\/\"]}]},{\"@type\":\"BreadcrumbList\",\"@id\":\"https:\/\/thepueblatimes.mx\/index.php\/2025\/07\/23\/entrega-dif-puebla-capital-insumos-alimentarios-del-programa-desayunos-calientes\/#breadcrumb\",\"itemListElement\":[{\"@type\":\"ListItem\",\"position\":1,\"name\":\"Portada\",\"item\":\"https:\/\/thepueblatimes.mx\/\"},{\"@type\":\"ListItem\",\"position\":2,\"name\":\"Entrega DIF Puebla Capital insumos alimentarios del programa \u201cDesayunos Calientes\u201d\"}]},{\"@type\":\"WebSite\",\"@id\":\"https:\/\/thepueblatimes.mx\/#website\",\"url\":\"https:\/\/thepueblatimes.mx\/\",\"name\":\"The Puebla Times\",\"description\":\"Noticias del Estado de Puebla\",\"potentialAction\":[{\"@type\":\"SearchAction\",\"target\":{\"@type\":\"EntryPoint\",\"urlTemplate\":\"https:\/\/thepueblatimes.mx\/?s={search_term_string}\"},\"query-input\":\"required name=search_term_string\"}],\"inLanguage\":\"es\"},{\"@type\":\"Person\",\"@id\":\"https:\/\/thepueblatimes.mx\/#\/schema\/person\/1664894c2f65ce2c7a08d8f5f905c13c\",\"name\":\"Sa\u00fal Hern\u00e1ndez\",\"image\":{\"@type\":\"ImageObject\",\"inLanguage\":\"es\",\"@id\":\"https:\/\/thepueblatimes.mx\/#\/schema\/person\/image\/\",\"url\":\"https:\/\/secure.gravatar.com\/avatar\/11be338693f243309532caad8f10c930?s=96&d=mm&r=g\",\"contentUrl\":\"https:\/\/secure.gravatar.com\/avatar\/11be338693f243309532caad8f10c930?s=96&d=mm&r=g\",\"caption\":\"Sa\u00fal Hern\u00e1ndez\"},\"url\":\"https:\/\/thepueblatimes.mx\/index.php\/author\/saulhernandez\/\"}]}<\/script>\n<!-- \/ Yoast SEO plugin. -->","yoast_head_json":{"title":"Entrega DIF Puebla Capital insumos alimentarios del programa \u201cDesayunos Calientes\u201d - The Puebla Times","robots":{"index":"index","follow":"follow","max-snippet":"max-snippet:-1","max-image-preview":"max-image-preview:large","max-video-preview":"max-video-preview:-1"},"canonical":"https:\/\/thepueblatimes.mx\/index.php\/2025\/07\/23\/entrega-dif-puebla-capital-insumos-alimentarios-del-programa-desayunos-calientes\/","og_locale":"es_ES","og_type":"article","og_title":"Entrega DIF Puebla Capital insumos alimentarios del programa \u201cDesayunos Calientes\u201d - The Puebla Times","og_description":"&#8211; Se trabaja en coordinaci\u00f3n con el SEDIF en favor de las y los ni\u00f1os de la capital Puebla, Pue.- Con el objetivo de fortalecer la atenci\u00f3n a ni\u00f1as y ni\u00f1os mediante una alimentaci\u00f3n adecuada, el DIF Puebla Capital que encabeza la presidenta del Patronato MariElise Budib, en coordinaci\u00f3n con el Sistema Estatal DIF (SEDIF),...","og_url":"https:\/\/thepueblatimes.mx\/index.php\/2025\/07\/23\/entrega-dif-puebla-capital-insumos-alimentarios-del-programa-desayunos-calientes\/","og_site_name":"The Puebla Times","article_published_time":"2025-07-23T15:51:34+00:00","og_image":[{"width":2560,"height":1706,"url":"https:\/\/thepueblatimes.mx\/wp-content\/uploads\/2025\/07\/WhatsApp-Image-2025-07-22-at-17.32.16.jpeg","type":"image\/jpeg"}],"author":"Sa\u00fal Hern\u00e1ndez","twitter_card":"summary_large_image","twitter_misc":{"Escrito por":"Sa\u00fal Hern\u00e1ndez","Tiempo de lectura":"2 minutos"},"schema":{"@context":"https:\/\/schema.org","@graph":[{"@type":"WebPage","@id":"https:\/\/thepueblatimes.mx\/index.php\/2025\/07\/23\/entrega-dif-puebla-capital-insumos-alimentarios-del-programa-desayunos-calientes\/","url":"https:\/\/thepueblatimes.mx\/index.php\/2025\/07\/23\/entrega-dif-puebla-capital-insumos-alimentarios-del-programa-desayunos-calientes\/","name":"Entrega DIF Puebla Capital insumos alimentarios del programa \u201cDesayunos Calientes\u201d - The Puebla Times","isPartOf":{"@id":"https:\/\/thepueblatimes.mx\/#website"},"datePublished":"2025-07-23T15:51:34+00:00","dateModified":"2025-07-23T15:51:34+00:00","author":{"@id":"https:\/\/thepueblatimes.mx\/#\/schema\/person\/1664894c2f65ce2c7a08d8f5f905c13c"},"breadcrumb":{"@id":"https:\/\/thepueblatimes.mx\/index.php\/2025\/07\/23\/entrega-dif-puebla-capital-insumos-alimentarios-del-programa-desayunos-calientes\/#breadcrumb"},"inLanguage":"es","potentialAction":[{"@type":"ReadAction","target":["https:\/\/thepueblatimes.mx\/index.php\/2025\/07\/23\/entrega-dif-puebla-capital-insumos-alimentarios-del-programa-desayunos-calientes\/"]}]},{"@type":"BreadcrumbList","@id":"https:\/\/thepueblatimes.mx\/index.php\/2025\/07\/23\/entrega-dif-puebla-capital-insumos-alimentarios-del-programa-desayunos-calientes\/#breadcrumb","itemListElement":[{"@type":"ListItem","position":1,"name":"Portada","item":"https:\/\/thepueblatimes.mx\/"},{"@type":"ListItem","position":2,"name":"Entrega DIF Puebla Capital insumos alimentarios del programa \u201cDesayunos Calientes\u201d"}]},{"@type":"WebSite","@id":"https:\/\/thepueblatimes.mx\/#website","url":"https:\/\/thepueblatimes.mx\/","name":"The Puebla Times","description":"Noticias del Estado de Puebla","potentialAction":[{"@type":"SearchAction","target":{"@type":"EntryPoint","urlTemplate":"https:\/\/thepueblatimes.mx\/?s={search_term_string}"},"query-input":"required name=search_term_string"}],"inLanguage":"es"},{"@type":"Person","@id":"https:\/\/thepueblatimes.mx\/#\/schema\/person\/1664894c2f65ce2c7a08d8f5f905c13c","name":"Sa\u00fal Hern\u00e1ndez","image":{"@type":"ImageObject","inLanguage":"es","@id":"https:\/\/thepueblatimes.mx\/#\/schema\/person\/image\/","url":"https:\/\/secure.gravatar.com\/avatar\/11be338693f243309532caad8f10c930?s=96&d=mm&r=g","contentUrl":"https:\/\/secure.gravatar.com\/avatar\/11be338693f243309532caad8f10c930?s=96&d=mm&r=g","caption":"Sa\u00fal Hern\u00e1ndez"},"url":"https:\/\/thepueblatimes.mx\/index.php\/author\/saulhernandez\/"}]}},"jetpack_featured_media_url":"https:\/\/thepueblatimes.mx\/wp-content\/uploads\/2025\/07\/WhatsApp-Image-2025-07-22-at-17.32.16.jpeg","_links":{"self":[{"href":"https:\/\/thepueblatimes.mx\/index.php\/wp-json\/wp\/v2\/posts\/31778"}],"collection":[{"href":"https:\/\/thepueblatimes.mx\/index.php\/wp-json\/wp\/v2\/posts"}],"about":[{"href":"https:\/\/thepueblatimes.mx\/index.php\/wp-json\/wp\/v2\/types\/post"}],"author":[{"embeddable":true,"href":"https:\/\/thepueblatimes.mx\/index.php\/wp-json\/wp\/v2\/users\/16"}],"replies":[{"embeddable":true,"href":"https:\/\/thepueblatimes.mx\/index.php\/wp-json\/wp\/v2\/comments?post=31778"}],"version-history":[{"count":1,"href":"https:\/\/thepueblatimes.mx\/index.php\/wp-json\/wp\/v2\/posts\/31778\/revisions"}],"predecessor-version":[{"id":31780,"href":"https:\/\/thepueblatimes.mx\/index.php\/wp-json\/wp\/v2\/posts\/31778\/revisions\/31780"}],"wp:featuredmedia":[{"embeddable":true,"href":"https:\/\/thepueblatimes.mx\/index.php\/wp-json\/wp\/v2\/media\/31779"}],"wp:attachment":[{"href":"https:\/\/thepueblatimes.mx\/index.php\/wp-json\/wp\/v2\/media?parent=31778"}],"wp:term":[{"taxonomy":"category","embeddable":true,"href":"https:\/\/thepueblatimes.mx\/index.php\/wp-json\/wp\/v2\/categories?post=31778"},{"taxonomy":"post_tag","embeddable":true,"href":"https:\/\/thepueblatimes.mx\/index.php\/wp-json\/wp\/v2\/tags?post=31778"}],"curies":[{"name":"wp","href":"https:\/\/api.w.org\/{rel}","templated":true}]}}