{"id":31768,"date":"2025-07-22T17:16:03","date_gmt":"2025-07-22T23:16:03","guid":{"rendered":"https:\/\/thepueblatimes.mx\/?p=31768"},"modified":"2025-07-22T17:16:03","modified_gmt":"2025-07-22T23:16:03","slug":"los-principios-fundacionales-de-la-4t-presentes-en-puebla-garcia-parra","status":"publish","type":"post","link":"https:\/\/thepueblatimes.mx\/index.php\/2025\/07\/22\/los-principios-fundacionales-de-la-4t-presentes-en-puebla-garcia-parra\/","title":{"rendered":"Los principios fundacionales de la 4T presentes en Puebla: Garc\u00eda Parra"},"content":{"rendered":"<p>POR FER HOYOS<\/p>\n<p>Austeridad, un uso adecuado y racional de los recursos p\u00fablicos y el combate a la corrupci\u00f3n, son algunos de los principios fundacionales de la 4T, que est\u00e1n presentes en el gobierno estatal de Puebla.<\/p>\n<p>Sin duda, el ejercicio de un gobierno con honestidad llama la atenci\u00f3n, porque est\u00e1 ligado a la toma de decisiones complicadas, como es el hecho de ir a fondo en casos emblem\u00e1ticos y procurar un uso racional del gasto p\u00fablico.<\/p>\n<p>En este tenor, no se puede perder de vista el rol que ha desempe\u00f1ado desde la Coordinaci\u00f3n del Gabinete, Jos\u00e9 Luis Garc\u00eda Parra para las decisiones y el rumbo trazado por Alejandro Armenta sean acatadas por todos sus colaboradores.<\/p>\n<p>Al respecto la determinaci\u00f3n de dar continuidad a las investigaciones sobre la inversi\u00f3n en Banco Accendo y la renegociaci\u00f3n de la deuda pendiente por el MIB son dos casos emblem\u00e1ticos, que deben entenderse en su justa dimensi\u00f3n.<\/p>\n<p>Por otro lado, los datos que son del dominio p\u00fablico son representativos y exhiben la determinaci\u00f3n de ir a fondo.<\/p>\n<p>En los primeros 200 d\u00edas de la administraci\u00f3n del gobernador Alejandro Armenta se abrieron 478 expedientes contra servidores p\u00fablicos por omisiones, incumplimientos o posibles actos de corrupci\u00f3n.<\/p>\n<p>Se han aplicado casi 50 sanciones, entre ellas 28 inhabilitaciones, 2 destituciones, 4 suspensiones, 15 amonestaciones y 1 detenido.<\/p>\n<p>La determinaci\u00f3n del mandatario poblano de terminar con la denominada popularmente \u201cmilpa\u201d, no tiene reversa.<\/p>\n<p>En materia de combate a la corrupci\u00f3n el mandatario poblano ha dejado en claro que su administraci\u00f3n se act\u00faa con venganza ni escarnio; aplica la ley con respeto y firmeza.<\/p>\n<p>En la actualidad, la labor que desarrolla la Secretar\u00eda de Anticorrupci\u00f3n y Buen Gobierno es vital no solo para sancionar, sino prevenir y en su caso ofrecer la capacitaci\u00f3n necesaria para no trasgredir la normal.<\/p>\n<p>La determinaci\u00f3n del gobernador Alejandro Armenta de combatir la corrupci\u00f3n y ejercer un adecuado manejo de los recursos p\u00fablicos, se percibe y es valorada por la poblaci\u00f3n en general.<\/p>\n<p>Pero decididamente, hoy como nunca se aprecia un manejo adecuado de la figura de coordinador de Gabinete como un hilo conductor de suma importancia para el desarrollo del quehacer cotidiano, por lo que Jos\u00e9 Luis Garcia Parra es apreciado como un cuadro pol\u00edtico crucial.<\/p>\n","protected":false},"excerpt":{"rendered":"<p>POR FER HOYOS Austeridad, un uso adecuado y racional de los recursos p\u00fablicos y el combate a la corrupci\u00f3n, son algunos de los principios fundacionales de la 4T, que est\u00e1n presentes en el gobierno estatal de Puebla. Sin duda, el ejercicio de un gobierno con honestidad llama la atenci\u00f3n, porque est\u00e1 ligado a la toma&#8230;<\/p>\n","protected":false},"author":16,"featured_media":31610,"comment_status":"closed","ping_status":"closed","sticky":false,"template":"","format":"standard","meta":[],"categories":[3],"tags":[3475,49],"yoast_head":"<!-- This site is optimized with the Yoast SEO plugin v20.8 - https:\/\/yoast.com\/wordpress\/plugins\/seo\/ -->\n<title>Los principios fundacionales de la 4T presentes en Puebla: Garc\u00eda Parra - The Puebla Times<\/title>\n<meta name=\"robots\" content=\"index, follow, max-snippet:-1, max-image-preview:large, max-video-preview:-1\" \/>\n<link rel=\"canonical\" href=\"https:\/\/thepueblatimes.mx\/index.php\/2025\/07\/22\/los-principios-fundacionales-de-la-4t-presentes-en-puebla-garcia-parra\/\" \/>\n<meta property=\"og:locale\" content=\"es_ES\" \/>\n<meta property=\"og:type\" content=\"article\" \/>\n<meta property=\"og:title\" content=\"Los principios fundacionales de la 4T presentes en Puebla: Garc\u00eda Parra - The Puebla Times\" \/>\n<meta property=\"og:description\" content=\"POR FER HOYOS Austeridad, un uso adecuado y racional de los recursos p\u00fablicos y el combate a la corrupci\u00f3n, son algunos de los principios fundacionales de la 4T, que est\u00e1n presentes en el gobierno estatal de Puebla. Sin duda, el ejercicio de un gobierno con honestidad llama la atenci\u00f3n, porque est\u00e1 ligado a la toma...\" \/>\n<meta property=\"og:url\" content=\"https:\/\/thepueblatimes.mx\/index.php\/2025\/07\/22\/los-principios-fundacionales-de-la-4t-presentes-en-puebla-garcia-parra\/\" \/>\n<meta property=\"og:site_name\" content=\"The Puebla Times\" \/>\n<meta property=\"article:published_time\" content=\"2025-07-22T23:16:03+00:00\" \/>\n<meta property=\"og:image\" content=\"https:\/\/thepueblatimes.mx\/wp-content\/uploads\/2025\/07\/c6cdfa27fbbf3b66d97c46443bf0155e_L.webp\" \/>\n\t<meta property=\"og:image:width\" content=\"900\" \/>\n\t<meta property=\"og:image:height\" content=\"630\" \/>\n\t<meta property=\"og:image:type\" content=\"image\/webp\" \/>\n<meta name=\"author\" content=\"Sa\u00fal Hern\u00e1ndez\" \/>\n<meta name=\"twitter:card\" content=\"summary_large_image\" \/>\n<meta name=\"twitter:label1\" content=\"Escrito por\" \/>\n\t<meta name=\"twitter:data1\" content=\"Sa\u00fal Hern\u00e1ndez\" \/>\n\t<meta name=\"twitter:label2\" content=\"Tiempo de lectura\" \/>\n\t<meta name=\"twitter:data2\" content=\"2 minutos\" \/>\n<script type=\"application\/ld+json\" class=\"yoast-schema-graph\">{\"@context\":\"https:\/\/schema.org\",\"@graph\":[{\"@type\":\"WebPage\",\"@id\":\"https:\/\/thepueblatimes.mx\/index.php\/2025\/07\/22\/los-principios-fundacionales-de-la-4t-presentes-en-puebla-garcia-parra\/\",\"url\":\"https:\/\/thepueblatimes.mx\/index.php\/2025\/07\/22\/los-principios-fundacionales-de-la-4t-presentes-en-puebla-garcia-parra\/\",\"name\":\"Los principios fundacionales de la 4T presentes en Puebla: Garc\u00eda Parra - The Puebla Times\",\"isPartOf\":{\"@id\":\"https:\/\/thepueblatimes.mx\/#website\"},\"datePublished\":\"2025-07-22T23:16:03+00:00\",\"dateModified\":\"2025-07-22T23:16:03+00:00\",\"author\":{\"@id\":\"https:\/\/thepueblatimes.mx\/#\/schema\/person\/1664894c2f65ce2c7a08d8f5f905c13c\"},\"breadcrumb\":{\"@id\":\"https:\/\/thepueblatimes.mx\/index.php\/2025\/07\/22\/los-principios-fundacionales-de-la-4t-presentes-en-puebla-garcia-parra\/#breadcrumb\"},\"inLanguage\":\"es\",\"potentialAction\":[{\"@type\":\"ReadAction\",\"target\":[\"https:\/\/thepueblatimes.mx\/index.php\/2025\/07\/22\/los-principios-fundacionales-de-la-4t-presentes-en-puebla-garcia-parra\/\"]}]},{\"@type\":\"BreadcrumbList\",\"@id\":\"https:\/\/thepueblatimes.mx\/index.php\/2025\/07\/22\/los-principios-fundacionales-de-la-4t-presentes-en-puebla-garcia-parra\/#breadcrumb\",\"itemListElement\":[{\"@type\":\"ListItem\",\"position\":1,\"name\":\"Portada\",\"item\":\"https:\/\/thepueblatimes.mx\/\"},{\"@type\":\"ListItem\",\"position\":2,\"name\":\"Los principios fundacionales de la 4T presentes en Puebla: Garc\u00eda Parra\"}]},{\"@type\":\"WebSite\",\"@id\":\"https:\/\/thepueblatimes.mx\/#website\",\"url\":\"https:\/\/thepueblatimes.mx\/\",\"name\":\"The Puebla Times\",\"description\":\"Noticias del Estado de Puebla\",\"potentialAction\":[{\"@type\":\"SearchAction\",\"target\":{\"@type\":\"EntryPoint\",\"urlTemplate\":\"https:\/\/thepueblatimes.mx\/?s={search_term_string}\"},\"query-input\":\"required name=search_term_string\"}],\"inLanguage\":\"es\"},{\"@type\":\"Person\",\"@id\":\"https:\/\/thepueblatimes.mx\/#\/schema\/person\/1664894c2f65ce2c7a08d8f5f905c13c\",\"name\":\"Sa\u00fal Hern\u00e1ndez\",\"image\":{\"@type\":\"ImageObject\",\"inLanguage\":\"es\",\"@id\":\"https:\/\/thepueblatimes.mx\/#\/schema\/person\/image\/\",\"url\":\"https:\/\/secure.gravatar.com\/avatar\/11be338693f243309532caad8f10c930?s=96&d=mm&r=g\",\"contentUrl\":\"https:\/\/secure.gravatar.com\/avatar\/11be338693f243309532caad8f10c930?s=96&d=mm&r=g\",\"caption\":\"Sa\u00fal Hern\u00e1ndez\"},\"url\":\"https:\/\/thepueblatimes.mx\/index.php\/author\/saulhernandez\/\"}]}<\/script>\n<!-- \/ Yoast SEO plugin. -->","yoast_head_json":{"title":"Los principios fundacionales de la 4T presentes en Puebla: Garc\u00eda Parra - The Puebla Times","robots":{"index":"index","follow":"follow","max-snippet":"max-snippet:-1","max-image-preview":"max-image-preview:large","max-video-preview":"max-video-preview:-1"},"canonical":"https:\/\/thepueblatimes.mx\/index.php\/2025\/07\/22\/los-principios-fundacionales-de-la-4t-presentes-en-puebla-garcia-parra\/","og_locale":"es_ES","og_type":"article","og_title":"Los principios fundacionales de la 4T presentes en Puebla: Garc\u00eda Parra - The Puebla Times","og_description":"POR FER HOYOS Austeridad, un uso adecuado y racional de los recursos p\u00fablicos y el combate a la corrupci\u00f3n, son algunos de los principios fundacionales de la 4T, que est\u00e1n presentes en el gobierno estatal de Puebla. Sin duda, el ejercicio de un gobierno con honestidad llama la atenci\u00f3n, porque est\u00e1 ligado a la toma...","og_url":"https:\/\/thepueblatimes.mx\/index.php\/2025\/07\/22\/los-principios-fundacionales-de-la-4t-presentes-en-puebla-garcia-parra\/","og_site_name":"The Puebla Times","article_published_time":"2025-07-22T23:16:03+00:00","og_image":[{"width":900,"height":630,"url":"https:\/\/thepueblatimes.mx\/wp-content\/uploads\/2025\/07\/c6cdfa27fbbf3b66d97c46443bf0155e_L.webp","type":"image\/webp"}],"author":"Sa\u00fal Hern\u00e1ndez","twitter_card":"summary_large_image","twitter_misc":{"Escrito por":"Sa\u00fal Hern\u00e1ndez","Tiempo de lectura":"2 minutos"},"schema":{"@context":"https:\/\/schema.org","@graph":[{"@type":"WebPage","@id":"https:\/\/thepueblatimes.mx\/index.php\/2025\/07\/22\/los-principios-fundacionales-de-la-4t-presentes-en-puebla-garcia-parra\/","url":"https:\/\/thepueblatimes.mx\/index.php\/2025\/07\/22\/los-principios-fundacionales-de-la-4t-presentes-en-puebla-garcia-parra\/","name":"Los principios fundacionales de la 4T presentes en Puebla: Garc\u00eda Parra - The Puebla Times","isPartOf":{"@id":"https:\/\/thepueblatimes.mx\/#website"},"datePublished":"2025-07-22T23:16:03+00:00","dateModified":"2025-07-22T23:16:03+00:00","author":{"@id":"https:\/\/thepueblatimes.mx\/#\/schema\/person\/1664894c2f65ce2c7a08d8f5f905c13c"},"breadcrumb":{"@id":"https:\/\/thepueblatimes.mx\/index.php\/2025\/07\/22\/los-principios-fundacionales-de-la-4t-presentes-en-puebla-garcia-parra\/#breadcrumb"},"inLanguage":"es","potentialAction":[{"@type":"ReadAction","target":["https:\/\/thepueblatimes.mx\/index.php\/2025\/07\/22\/los-principios-fundacionales-de-la-4t-presentes-en-puebla-garcia-parra\/"]}]},{"@type":"BreadcrumbList","@id":"https:\/\/thepueblatimes.mx\/index.php\/2025\/07\/22\/los-principios-fundacionales-de-la-4t-presentes-en-puebla-garcia-parra\/#breadcrumb","itemListElement":[{"@type":"ListItem","position":1,"name":"Portada","item":"https:\/\/thepueblatimes.mx\/"},{"@type":"ListItem","position":2,"name":"Los principios fundacionales de la 4T presentes en Puebla: Garc\u00eda Parra"}]},{"@type":"WebSite","@id":"https:\/\/thepueblatimes.mx\/#website","url":"https:\/\/thepueblatimes.mx\/","name":"The Puebla Times","description":"Noticias del Estado de Puebla","potentialAction":[{"@type":"SearchAction","target":{"@type":"EntryPoint","urlTemplate":"https:\/\/thepueblatimes.mx\/?s={search_term_string}"},"query-input":"required name=search_term_string"}],"inLanguage":"es"},{"@type":"Person","@id":"https:\/\/thepueblatimes.mx\/#\/schema\/person\/1664894c2f65ce2c7a08d8f5f905c13c","name":"Sa\u00fal Hern\u00e1ndez","image":{"@type":"ImageObject","inLanguage":"es","@id":"https:\/\/thepueblatimes.mx\/#\/schema\/person\/image\/","url":"https:\/\/secure.gravatar.com\/avatar\/11be338693f243309532caad8f10c930?s=96&d=mm&r=g","contentUrl":"https:\/\/secure.gravatar.com\/avatar\/11be338693f243309532caad8f10c930?s=96&d=mm&r=g","caption":"Sa\u00fal Hern\u00e1ndez"},"url":"https:\/\/thepueblatimes.mx\/index.php\/author\/saulhernandez\/"}]}},"jetpack_featured_media_url":"https:\/\/thepueblatimes.mx\/wp-content\/uploads\/2025\/07\/c6cdfa27fbbf3b66d97c46443bf0155e_L.webp","_links":{"self":[{"href":"https:\/\/thepueblatimes.mx\/index.php\/wp-json\/wp\/v2\/posts\/31768"}],"collection":[{"href":"https:\/\/thepueblatimes.mx\/index.php\/wp-json\/wp\/v2\/posts"}],"about":[{"href":"https:\/\/thepueblatimes.mx\/index.php\/wp-json\/wp\/v2\/types\/post"}],"author":[{"embeddable":true,"href":"https:\/\/thepueblatimes.mx\/index.php\/wp-json\/wp\/v2\/users\/16"}],"replies":[{"embeddable":true,"href":"https:\/\/thepueblatimes.mx\/index.php\/wp-json\/wp\/v2\/comments?post=31768"}],"version-history":[{"count":1,"href":"https:\/\/thepueblatimes.mx\/index.php\/wp-json\/wp\/v2\/posts\/31768\/revisions"}],"predecessor-version":[{"id":31769,"href":"https:\/\/thepueblatimes.mx\/index.php\/wp-json\/wp\/v2\/posts\/31768\/revisions\/31769"}],"wp:featuredmedia":[{"embeddable":true,"href":"https:\/\/thepueblatimes.mx\/index.php\/wp-json\/wp\/v2\/media\/31610"}],"wp:attachment":[{"href":"https:\/\/thepueblatimes.mx\/index.php\/wp-json\/wp\/v2\/media?parent=31768"}],"wp:term":[{"taxonomy":"category","embeddable":true,"href":"https:\/\/thepueblatimes.mx\/index.php\/wp-json\/wp\/v2\/categories?post=31768"},{"taxonomy":"post_tag","embeddable":true,"href":"https:\/\/thepueblatimes.mx\/index.php\/wp-json\/wp\/v2\/tags?post=31768"}],"curies":[{"name":"wp","href":"https:\/\/api.w.org\/{rel}","templated":true}]}}