{"id":31757,"date":"2025-07-22T13:10:17","date_gmt":"2025-07-22T19:10:17","guid":{"rendered":"https:\/\/thepueblatimes.mx\/?p=31757"},"modified":"2025-07-22T13:17:39","modified_gmt":"2025-07-22T19:17:39","slug":"ivan-cuautle-el-varguitas-dos-el-peso-muerto-que-frena-a-san-pedro-cholula","status":"publish","type":"post","link":"https:\/\/thepueblatimes.mx\/index.php\/2025\/07\/22\/ivan-cuautle-el-varguitas-dos-el-peso-muerto-que-frena-a-san-pedro-cholula\/","title":{"rendered":"Ivan Cuautle, el \u00abVarguitas Dos\u00bb: el peso muerto que frena a San Pedro Cholula"},"content":{"rendered":"<div class=\"xdj266r x14z9mp xat24cr x1lziwak x1vvkbs x126k92a\">\n<div dir=\"auto\">&#8211; En seis meses, el s\u00edndico Iv\u00e1n Cuautle Minutti acumul\u00f3 un estudio no aprobado con erario de 250 mil pesos, un trato turbio de 1.5 MDP en el mercado Cosme del Razo, un boquete irregular de 20 MDP, juicios laborales por ineficiencia de 6 MDP y sobornos de 200 mil: lo convierten en el mayor lastre de San Pedro Cholula.<\/div>\n<\/div>\n<div class=\"x14z9mp xat24cr x1lziwak x1vvkbs xtlvy1s x126k92a\">\n<div dir=\"auto\">Por Daniel Romero<\/div>\n<div dir=\"auto\"><\/div>\n<\/div>\n<div class=\"x14z9mp xat24cr x1lziwak x1vvkbs xtlvy1s x126k92a\">\n<div dir=\"auto\">La m\u00e1scara de \u00abguardi\u00e1n de la legalidad\u00bb que Iv\u00e1n Cuautle Minutti port\u00f3 durante su campa\u00f1a se hizo a\u00f1icos en apenas seis meses. Hoy, el s\u00edndico municipal carga un sobrenombre que lo retrata mejor: \u00abVarguitas Dos\u00bb. Igual que el personaje cinematogr\u00e1fico &#8211; experto en torcer la ley para su beneficio -, Cuautle instal\u00f3, sin autorizaci\u00f3n y a la vista de todos, un estudio de grabaci\u00f3n dentro de la sindicatura; c\u00e1maras de alta definici\u00f3n y micr\u00f3fonos direccionales valuados en m\u00e1s de 250 mil pesos. Vaya, dinero p\u00fablico para beneficio propio, violando as\u00ed, desde sus primeros d\u00edas, los principios de la 4T que dice abrazar.<\/div>\n<div dir=\"auto\"><\/div>\n<\/div>\n<div class=\"x14z9mp xat24cr x1lziwak x1vvkbs xtlvy1s x126k92a\">\n<div dir=\"auto\">Pero no es todo. El 17 de julio, cuando medios locales destaparon \u00abel estudio de Varguitas\u00bb, la indignaci\u00f3n brot\u00f3 y dej\u00f3 al descubierto la ambici\u00f3n de poder de Cuautle. Un sondeo realizado en el coraz\u00f3n de San Pedro Cholula revel\u00f3 lo evidente: para los vecinos, Cuautle ya no es un servidor p\u00fablico, sino un lastre que bloquea el desarrollo del municipio y usa el cargo como catapulta rumbo a la alcald\u00eda de 2027.<\/div>\n<div dir=\"auto\"><\/div>\n<\/div>\n<div class=\"x14z9mp xat24cr x1lziwak x1vvkbs xtlvy1s x126k92a\">\n<div dir=\"auto\">Tres d\u00edas despu\u00e9s, m\u00e1s de cien locatarios del mercado Cosme del Razo marcharon hasta el Palacio Municipal, acus\u00e1ndolo de negociar &#8211; a puerta cerrada &#8211; la cesi\u00f3n de locales a la organizaci\u00f3n 28 de Octubre a cambio de 1.5 millones de pesos, cifra reportada por fuentes an\u00f3nimas de manera extraoficial. El s\u00edndico intent\u00f3 dar la cara, pero recibi\u00f3 a cambio un coro de \u00abtraidor a la 4T\u00bb y \u00abarg\u00fcendero\u00bb.<\/div>\n<div dir=\"auto\"><\/div>\n<\/div>\n<div class=\"x14z9mp xat24cr x1lziwak x1vvkbs xtlvy1s x126k92a\">\n<div dir=\"auto\">La lista de agravios no termina en los sobornos o estudios financiados con el erario p\u00fablico. Regidores advierten un boquete financiero superior a 20 millones de pesos &#8211; 12 % del presupuesto anual de servicios p\u00fablicos -, producto de transferencias fantasma y pagos duplicados que la Tesorer\u00eda ya investiga. Expedientes laborales extraviados por \u00aberrores\u00bb de la sindicatura han derivado en juicios perdidos o a punto de perderse por otros 6 millones de pesos, mientras abogados denuncian que el s\u00edndico exige hasta 200 000 pesos para \u00abagilizar\u00bb laudos.<\/div>\n<\/div>\n<div dir=\"auto\"><img decoding=\"async\" loading=\"lazy\" class=\"alignnone size-medium wp-image-31765\" src=\"https:\/\/thepueblatimes.mx\/wp-content\/uploads\/2025\/07\/7bbf39f9-sp_cholula-solicitud_informacion_01-esp-231x300.png\" alt=\"\" width=\"231\" height=\"300\" srcset=\"https:\/\/thepueblatimes.mx\/wp-content\/uploads\/2025\/07\/7bbf39f9-sp_cholula-solicitud_informacion_01-esp-231x300.png 231w, https:\/\/thepueblatimes.mx\/wp-content\/uploads\/2025\/07\/7bbf39f9-sp_cholula-solicitud_informacion_01-esp.png 540w\" sizes=\"(max-width: 231px) 100vw, 231px\" \/><img decoding=\"async\" loading=\"lazy\" class=\"alignnone size-medium wp-image-31764\" src=\"https:\/\/thepueblatimes.mx\/wp-content\/uploads\/2025\/07\/7929c0d1-sp_cholula-solicitud_informacion_02-esp-300x233.png\" alt=\"\" width=\"300\" height=\"233\" srcset=\"https:\/\/thepueblatimes.mx\/wp-content\/uploads\/2025\/07\/7929c0d1-sp_cholula-solicitud_informacion_02-esp-300x233.png 300w, https:\/\/thepueblatimes.mx\/wp-content\/uploads\/2025\/07\/7929c0d1-sp_cholula-solicitud_informacion_02-esp.png 580w\" sizes=\"(max-width: 300px) 100vw, 300px\" \/><\/div>\n<div dir=\"auto\"><\/div>\n<div class=\"x14z9mp xat24cr x1lziwak x1vvkbs xtlvy1s x126k92a\">\n<div dir=\"auto\">No olvidar el 8 de julio, cuando un grupo violento intent\u00f3 apoderarse del propio mercado; nueve detenidos despu\u00e9s, las sospechas apuntaron de nuevo a la oficina de Cuautle Minutti: la Polic\u00eda Municipal habr\u00eda mirado hacia otro lado tras un acuerdo econ\u00f3mico que &#8211; a voces y de forma extraoficial &#8211; se reporta engros\u00f3 los bolsillos del propio s\u00edndico.<\/div>\n<div dir=\"auto\"><\/div>\n<\/div>\n<div class=\"x14z9mp xat24cr x1lziwak x1vvkbs xtlvy1s x126k92a\">\n<div dir=\"auto\">Frente a este escenario, la presidenta municipal Tonantzin Fern\u00e1ndez reiter\u00f3 su pol\u00edtica alineada con el gobernador Alejandro Armenta de \u00abcero tolerancia a la corrupci\u00f3n\u00bb: \u00abNinguna persona servidora p\u00fablica est\u00e1 por encima de la ley ni pondr\u00e1 en riesgo la seguridad del municipio\u00bb. En principio, Tonantzin Fern\u00e1ndez tiene ante s\u00ed la oportunidad de legitimarse ampliamente y sacudirse un enorme lastre.<\/div>\n<div dir=\"auto\"><\/div>\n<\/div>\n<div class=\"x14z9mp xat24cr x1lziwak x1vvkbs xtlvy1s x126k92a\">\n<div dir=\"auto\">Lo que queda claro es que, en los hechos, Iv\u00e1n Cuautle se ha convertido en un aut\u00e9ntico lastre para la administraci\u00f3n de San Pedro Cholula y en un mal que se requiere depurar, pues cada d\u00eda con \u00e9l en funciones equivale a m\u00e1s millones sin justificar y a litigios que drenan recursos destinados a los cholultecos. La ciudadan\u00eda ha dejado claro que no quiere m\u00e1s cuentas clandestinas ni boquetes millonarios: quiere un s\u00edndico que defienda, y no negocie, su futuro a costa de los dem\u00e1s.<\/div>\n<\/div>\n","protected":false},"excerpt":{"rendered":"<p>&#8211; En seis meses, el s\u00edndico Iv\u00e1n Cuautle Minutti acumul\u00f3 un estudio no aprobado con erario de 250 mil pesos, un trato turbio de 1.5 MDP en el mercado Cosme del Razo, un boquete irregular de 20 MDP, juicios laborales por ineficiencia de 6 MDP y sobornos de 200 mil: lo convierten en el mayor&#8230;<\/p>\n","protected":false},"author":3,"featured_media":31763,"comment_status":"closed","ping_status":"closed","sticky":false,"template":"","format":"standard","meta":[],"categories":[8],"tags":[],"yoast_head":"<!-- This site is optimized with the Yoast SEO plugin v20.8 - https:\/\/yoast.com\/wordpress\/plugins\/seo\/ -->\n<title>Ivan Cuautle, el &quot;Varguitas Dos&quot;: el peso muerto que frena a San Pedro Cholula - The Puebla Times<\/title>\n<meta name=\"robots\" content=\"index, follow, max-snippet:-1, max-image-preview:large, max-video-preview:-1\" \/>\n<link rel=\"canonical\" href=\"https:\/\/thepueblatimes.mx\/index.php\/2025\/07\/22\/ivan-cuautle-el-varguitas-dos-el-peso-muerto-que-frena-a-san-pedro-cholula\/\" \/>\n<meta property=\"og:locale\" content=\"es_ES\" \/>\n<meta property=\"og:type\" content=\"article\" \/>\n<meta property=\"og:title\" content=\"Ivan Cuautle, el &quot;Varguitas Dos&quot;: el peso muerto que frena a San Pedro Cholula - The Puebla Times\" \/>\n<meta property=\"og:description\" content=\"&#8211; En seis meses, el s\u00edndico Iv\u00e1n Cuautle Minutti acumul\u00f3 un estudio no aprobado con erario de 250 mil pesos, un trato turbio de 1.5 MDP en el mercado Cosme del Razo, un boquete irregular de 20 MDP, juicios laborales por ineficiencia de 6 MDP y sobornos de 200 mil: lo convierten en el mayor...\" \/>\n<meta property=\"og:url\" content=\"https:\/\/thepueblatimes.mx\/index.php\/2025\/07\/22\/ivan-cuautle-el-varguitas-dos-el-peso-muerto-que-frena-a-san-pedro-cholula\/\" \/>\n<meta property=\"og:site_name\" content=\"The Puebla Times\" \/>\n<meta property=\"article:published_time\" content=\"2025-07-22T19:10:17+00:00\" \/>\n<meta property=\"article:modified_time\" content=\"2025-07-22T19:17:39+00:00\" \/>\n<meta property=\"og:image\" content=\"https:\/\/thepueblatimes.mx\/wp-content\/uploads\/2025\/07\/Copia-de-Portada-Paseo-Bravo-2.jpg\" \/>\n\t<meta property=\"og:image:width\" content=\"2531\" \/>\n\t<meta property=\"og:image:height\" content=\"1406\" \/>\n\t<meta property=\"og:image:type\" content=\"image\/jpeg\" \/>\n<meta name=\"author\" content=\"The Puebla Times\" \/>\n<meta name=\"twitter:card\" content=\"summary_large_image\" \/>\n<meta name=\"twitter:label1\" content=\"Escrito por\" \/>\n\t<meta name=\"twitter:data1\" content=\"The Puebla Times\" \/>\n\t<meta name=\"twitter:label2\" content=\"Tiempo de lectura\" \/>\n\t<meta name=\"twitter:data2\" content=\"3 minutos\" \/>\n<script type=\"application\/ld+json\" class=\"yoast-schema-graph\">{\"@context\":\"https:\/\/schema.org\",\"@graph\":[{\"@type\":\"WebPage\",\"@id\":\"https:\/\/thepueblatimes.mx\/index.php\/2025\/07\/22\/ivan-cuautle-el-varguitas-dos-el-peso-muerto-que-frena-a-san-pedro-cholula\/\",\"url\":\"https:\/\/thepueblatimes.mx\/index.php\/2025\/07\/22\/ivan-cuautle-el-varguitas-dos-el-peso-muerto-que-frena-a-san-pedro-cholula\/\",\"name\":\"Ivan Cuautle, el \\\"Varguitas Dos\\\": el peso muerto que frena a San Pedro Cholula - The Puebla Times\",\"isPartOf\":{\"@id\":\"https:\/\/thepueblatimes.mx\/#website\"},\"datePublished\":\"2025-07-22T19:10:17+00:00\",\"dateModified\":\"2025-07-22T19:17:39+00:00\",\"author\":{\"@id\":\"https:\/\/thepueblatimes.mx\/#\/schema\/person\/ad152a907a5f1fb40553a2551dbadb8e\"},\"breadcrumb\":{\"@id\":\"https:\/\/thepueblatimes.mx\/index.php\/2025\/07\/22\/ivan-cuautle-el-varguitas-dos-el-peso-muerto-que-frena-a-san-pedro-cholula\/#breadcrumb\"},\"inLanguage\":\"es\",\"potentialAction\":[{\"@type\":\"ReadAction\",\"target\":[\"https:\/\/thepueblatimes.mx\/index.php\/2025\/07\/22\/ivan-cuautle-el-varguitas-dos-el-peso-muerto-que-frena-a-san-pedro-cholula\/\"]}]},{\"@type\":\"BreadcrumbList\",\"@id\":\"https:\/\/thepueblatimes.mx\/index.php\/2025\/07\/22\/ivan-cuautle-el-varguitas-dos-el-peso-muerto-que-frena-a-san-pedro-cholula\/#breadcrumb\",\"itemListElement\":[{\"@type\":\"ListItem\",\"position\":1,\"name\":\"Portada\",\"item\":\"https:\/\/thepueblatimes.mx\/\"},{\"@type\":\"ListItem\",\"position\":2,\"name\":\"Ivan Cuautle, el \u00abVarguitas Dos\u00bb: el peso muerto que frena a San Pedro Cholula\"}]},{\"@type\":\"WebSite\",\"@id\":\"https:\/\/thepueblatimes.mx\/#website\",\"url\":\"https:\/\/thepueblatimes.mx\/\",\"name\":\"The Puebla Times\",\"description\":\"Noticias del Estado de Puebla\",\"potentialAction\":[{\"@type\":\"SearchAction\",\"target\":{\"@type\":\"EntryPoint\",\"urlTemplate\":\"https:\/\/thepueblatimes.mx\/?s={search_term_string}\"},\"query-input\":\"required name=search_term_string\"}],\"inLanguage\":\"es\"},{\"@type\":\"Person\",\"@id\":\"https:\/\/thepueblatimes.mx\/#\/schema\/person\/ad152a907a5f1fb40553a2551dbadb8e\",\"name\":\"The Puebla Times\",\"image\":{\"@type\":\"ImageObject\",\"inLanguage\":\"es\",\"@id\":\"https:\/\/thepueblatimes.mx\/#\/schema\/person\/image\/\",\"url\":\"https:\/\/secure.gravatar.com\/avatar\/82859cd6fbb1a3801d3e7ee27c92b8c9?s=96&d=mm&r=g\",\"contentUrl\":\"https:\/\/secure.gravatar.com\/avatar\/82859cd6fbb1a3801d3e7ee27c92b8c9?s=96&d=mm&r=g\",\"caption\":\"The Puebla Times\"},\"url\":\"https:\/\/thepueblatimes.mx\/index.php\/author\/ferhz\/\"}]}<\/script>\n<!-- \/ Yoast SEO plugin. -->","yoast_head_json":{"title":"Ivan Cuautle, el \"Varguitas Dos\": el peso muerto que frena a San Pedro Cholula - The Puebla Times","robots":{"index":"index","follow":"follow","max-snippet":"max-snippet:-1","max-image-preview":"max-image-preview:large","max-video-preview":"max-video-preview:-1"},"canonical":"https:\/\/thepueblatimes.mx\/index.php\/2025\/07\/22\/ivan-cuautle-el-varguitas-dos-el-peso-muerto-que-frena-a-san-pedro-cholula\/","og_locale":"es_ES","og_type":"article","og_title":"Ivan Cuautle, el \"Varguitas Dos\": el peso muerto que frena a San Pedro Cholula - The Puebla Times","og_description":"&#8211; En seis meses, el s\u00edndico Iv\u00e1n Cuautle Minutti acumul\u00f3 un estudio no aprobado con erario de 250 mil pesos, un trato turbio de 1.5 MDP en el mercado Cosme del Razo, un boquete irregular de 20 MDP, juicios laborales por ineficiencia de 6 MDP y sobornos de 200 mil: lo convierten en el mayor...","og_url":"https:\/\/thepueblatimes.mx\/index.php\/2025\/07\/22\/ivan-cuautle-el-varguitas-dos-el-peso-muerto-que-frena-a-san-pedro-cholula\/","og_site_name":"The Puebla Times","article_published_time":"2025-07-22T19:10:17+00:00","article_modified_time":"2025-07-22T19:17:39+00:00","og_image":[{"width":2531,"height":1406,"url":"https:\/\/thepueblatimes.mx\/wp-content\/uploads\/2025\/07\/Copia-de-Portada-Paseo-Bravo-2.jpg","type":"image\/jpeg"}],"author":"The Puebla Times","twitter_card":"summary_large_image","twitter_misc":{"Escrito por":"The Puebla Times","Tiempo de lectura":"3 minutos"},"schema":{"@context":"https:\/\/schema.org","@graph":[{"@type":"WebPage","@id":"https:\/\/thepueblatimes.mx\/index.php\/2025\/07\/22\/ivan-cuautle-el-varguitas-dos-el-peso-muerto-que-frena-a-san-pedro-cholula\/","url":"https:\/\/thepueblatimes.mx\/index.php\/2025\/07\/22\/ivan-cuautle-el-varguitas-dos-el-peso-muerto-que-frena-a-san-pedro-cholula\/","name":"Ivan Cuautle, el \"Varguitas Dos\": el peso muerto que frena a San Pedro Cholula - The Puebla Times","isPartOf":{"@id":"https:\/\/thepueblatimes.mx\/#website"},"datePublished":"2025-07-22T19:10:17+00:00","dateModified":"2025-07-22T19:17:39+00:00","author":{"@id":"https:\/\/thepueblatimes.mx\/#\/schema\/person\/ad152a907a5f1fb40553a2551dbadb8e"},"breadcrumb":{"@id":"https:\/\/thepueblatimes.mx\/index.php\/2025\/07\/22\/ivan-cuautle-el-varguitas-dos-el-peso-muerto-que-frena-a-san-pedro-cholula\/#breadcrumb"},"inLanguage":"es","potentialAction":[{"@type":"ReadAction","target":["https:\/\/thepueblatimes.mx\/index.php\/2025\/07\/22\/ivan-cuautle-el-varguitas-dos-el-peso-muerto-que-frena-a-san-pedro-cholula\/"]}]},{"@type":"BreadcrumbList","@id":"https:\/\/thepueblatimes.mx\/index.php\/2025\/07\/22\/ivan-cuautle-el-varguitas-dos-el-peso-muerto-que-frena-a-san-pedro-cholula\/#breadcrumb","itemListElement":[{"@type":"ListItem","position":1,"name":"Portada","item":"https:\/\/thepueblatimes.mx\/"},{"@type":"ListItem","position":2,"name":"Ivan Cuautle, el \u00abVarguitas Dos\u00bb: el peso muerto que frena a San Pedro Cholula"}]},{"@type":"WebSite","@id":"https:\/\/thepueblatimes.mx\/#website","url":"https:\/\/thepueblatimes.mx\/","name":"The Puebla Times","description":"Noticias del Estado de Puebla","potentialAction":[{"@type":"SearchAction","target":{"@type":"EntryPoint","urlTemplate":"https:\/\/thepueblatimes.mx\/?s={search_term_string}"},"query-input":"required name=search_term_string"}],"inLanguage":"es"},{"@type":"Person","@id":"https:\/\/thepueblatimes.mx\/#\/schema\/person\/ad152a907a5f1fb40553a2551dbadb8e","name":"The Puebla Times","image":{"@type":"ImageObject","inLanguage":"es","@id":"https:\/\/thepueblatimes.mx\/#\/schema\/person\/image\/","url":"https:\/\/secure.gravatar.com\/avatar\/82859cd6fbb1a3801d3e7ee27c92b8c9?s=96&d=mm&r=g","contentUrl":"https:\/\/secure.gravatar.com\/avatar\/82859cd6fbb1a3801d3e7ee27c92b8c9?s=96&d=mm&r=g","caption":"The Puebla Times"},"url":"https:\/\/thepueblatimes.mx\/index.php\/author\/ferhz\/"}]}},"jetpack_featured_media_url":"https:\/\/thepueblatimes.mx\/wp-content\/uploads\/2025\/07\/Copia-de-Portada-Paseo-Bravo-2.jpg","_links":{"self":[{"href":"https:\/\/thepueblatimes.mx\/index.php\/wp-json\/wp\/v2\/posts\/31757"}],"collection":[{"href":"https:\/\/thepueblatimes.mx\/index.php\/wp-json\/wp\/v2\/posts"}],"about":[{"href":"https:\/\/thepueblatimes.mx\/index.php\/wp-json\/wp\/v2\/types\/post"}],"author":[{"embeddable":true,"href":"https:\/\/thepueblatimes.mx\/index.php\/wp-json\/wp\/v2\/users\/3"}],"replies":[{"embeddable":true,"href":"https:\/\/thepueblatimes.mx\/index.php\/wp-json\/wp\/v2\/comments?post=31757"}],"version-history":[{"count":3,"href":"https:\/\/thepueblatimes.mx\/index.php\/wp-json\/wp\/v2\/posts\/31757\/revisions"}],"predecessor-version":[{"id":31767,"href":"https:\/\/thepueblatimes.mx\/index.php\/wp-json\/wp\/v2\/posts\/31757\/revisions\/31767"}],"wp:featuredmedia":[{"embeddable":true,"href":"https:\/\/thepueblatimes.mx\/index.php\/wp-json\/wp\/v2\/media\/31763"}],"wp:attachment":[{"href":"https:\/\/thepueblatimes.mx\/index.php\/wp-json\/wp\/v2\/media?parent=31757"}],"wp:term":[{"taxonomy":"category","embeddable":true,"href":"https:\/\/thepueblatimes.mx\/index.php\/wp-json\/wp\/v2\/categories?post=31757"},{"taxonomy":"post_tag","embeddable":true,"href":"https:\/\/thepueblatimes.mx\/index.php\/wp-json\/wp\/v2\/tags?post=31757"}],"curies":[{"name":"wp","href":"https:\/\/api.w.org\/{rel}","templated":true}]}}