{"id":31699,"date":"2025-07-17T15:39:27","date_gmt":"2025-07-17T21:39:27","guid":{"rendered":"https:\/\/thepueblatimes.mx\/?p=31699"},"modified":"2025-07-17T15:58:59","modified_gmt":"2025-07-17T21:58:59","slug":"con-cri-en-zacatlan-sedif-amplia-seguridad-y-bienestar-para-las-familias","status":"publish","type":"post","link":"https:\/\/thepueblatimes.mx\/index.php\/2025\/07\/17\/con-cri-en-zacatlan-sedif-amplia-seguridad-y-bienestar-para-las-familias\/","title":{"rendered":"Con CRI en Zacatl\u00e1n, SEDIF ampl\u00eda seguridad y bienestar para las familias"},"content":{"rendered":"<h3><em>* La presidenta del Patronato, Ceci Arellano, exhort\u00f3 a los municipios a replicar el modelo del Centro de Rehabilitaci\u00f3n Integral.<\/em><\/h3>\n<h3><em>* Se entregan 68 aparatos ortop\u00e9dicos y 51 nuevos equipos.<\/em><\/h3>\n<h3><em>* M\u00e1s de 350 personas recibir\u00e1n atenci\u00f3n especializada cada mes.<\/em><\/h3>\n<p>ZACATL\u00c1N, Pue.- El Gobierno del Estado de Puebla mantiene como prioridad la atenci\u00f3n a los grupos vulnerables, a trav\u00e9s del Sistema Estatal para el Desarrollo Integral de la Familia (SEDIF). Por tal motivo, la presidenta del Patronato, Ceci Arellano, inaugur\u00f3 la ampliaci\u00f3n del Centro de Rehabilitaci\u00f3n Integral (CRI) de Zacatl\u00e1n, un complejo de salud integral al servicio de la regi\u00f3n, para cuidar con responsabilidad el presente y futuro de las familias poblanas.<\/p>\n<p>Durante el acto, se entregaron 68 aparatos ortop\u00e9dicos a personas con discapacidad y se anunci\u00f3 la incorporaci\u00f3n de 51 equipos nuevos que fortalecer\u00e1n los servicios de atenci\u00f3n en terapia f\u00edsica, ocupacional, de lenguaje, psicolog\u00eda, estomatolog\u00eda y equinoterapia. Con esta expansi\u00f3n, m\u00e1s de 350 personas adultas mayores, ni\u00f1as, ni\u00f1os y adolescentes recibir\u00e1n atenci\u00f3n mensual.<\/p>\n<p>La presidenta del Patronato del SEDIF, Ceci Arellano reconoci\u00f3 el apoyo a las y los poblanos mediante este servicio, asimismo, aprovech\u00f3 para convocar a las y los ediles a replicar este modelo, el cual, ofrece todos los servicios necesarios para una rehabilitaci\u00f3n integral. \u201cEn el DIF Estatal siempre encontrar\u00e1n a alguien que los vea, que los escuche y que atienda sus necesidades. Por eso, invit\u00f3 a las y los presidentes municipales a replicar este modelo para una rehabilitaci\u00f3n integral\u201d, se\u00f1al\u00f3.<\/p>\n<p>Por su parte, el director general del SEDIF, Juan Carlos Valdez Zayas, inform\u00f3 que el organismo aportar\u00e1 un mill\u00f3n doscientos mil pesos para el equipamiento del centro, donde reafirma el compromiso institucional de actuar y transformar realidades, no solo hacer promesas. \u201cEsta ampliaci\u00f3n representa una nueva oportunidad de vida para muchas personas. Invertir en rehabilitaci\u00f3n es un acto de amor por nuestras familias\u201d, subray\u00f3.<\/p>\n<p>Finalmente, la presidenta municipal de Zacatl\u00e1n, Beatriz S\u00e1nchez Galindo, reconoci\u00f3 que el CRI ha brindado m\u00e1s de 26 mil 500 atenciones desde su apertura y que con esta ampliaci\u00f3n, se potenciar\u00e1 su capacidad para cambiar vidas y fortalecer el bienestar de quienes m\u00e1s lo necesitan.<\/p>\n<p>Roc\u00edo Rodr\u00edguez, habitante de la regi\u00f3n, agradeci\u00f3 el apoyo que a trav\u00e9s del CRI, recibi\u00f3 su mam\u00e1 con el donativo de una silla de ruedas, que le facilitar\u00e1 el traslado a sus sesiones de hemodi\u00e1lisis.<\/p>\n<p>El Gobierno del Estado de Puebla, bajo el liderazgo del gobernador Alejandro Armenta, Por Amor a Puebla y a las familias, mantiene como prioridad la atenci\u00f3n al sector que m\u00e1s lo necesita e impulsa espacios dignos, humanos y con atenci\u00f3n especializada en todo el territorio poblano.<\/p>\n","protected":false},"excerpt":{"rendered":"<p>* La presidenta del Patronato, Ceci Arellano, exhort\u00f3 a los municipios a replicar el modelo del Centro de Rehabilitaci\u00f3n Integral. * Se entregan 68 aparatos ortop\u00e9dicos y 51 nuevos equipos. * M\u00e1s de 350 personas recibir\u00e1n atenci\u00f3n especializada cada mes. ZACATL\u00c1N, Pue.- El Gobierno del Estado de Puebla mantiene como prioridad la atenci\u00f3n a los&#8230;<\/p>\n","protected":false},"author":16,"featured_media":31700,"comment_status":"closed","ping_status":"closed","sticky":false,"template":"","format":"standard","meta":[],"categories":[3],"tags":[1523,1273,49,1341,195],"yoast_head":"<!-- This site is optimized with the Yoast SEO plugin v20.8 - https:\/\/yoast.com\/wordpress\/plugins\/seo\/ -->\n<title>Con CRI en Zacatl\u00e1n, SEDIF ampl\u00eda seguridad y bienestar para las familias - The Puebla Times<\/title>\n<meta name=\"robots\" content=\"index, follow, max-snippet:-1, max-image-preview:large, max-video-preview:-1\" \/>\n<link rel=\"canonical\" href=\"https:\/\/thepueblatimes.mx\/index.php\/2025\/07\/17\/con-cri-en-zacatlan-sedif-amplia-seguridad-y-bienestar-para-las-familias\/\" \/>\n<meta property=\"og:locale\" content=\"es_ES\" \/>\n<meta property=\"og:type\" content=\"article\" \/>\n<meta property=\"og:title\" content=\"Con CRI en Zacatl\u00e1n, SEDIF ampl\u00eda seguridad y bienestar para las familias - The Puebla Times\" \/>\n<meta property=\"og:description\" content=\"* La presidenta del Patronato, Ceci Arellano, exhort\u00f3 a los municipios a replicar el modelo del Centro de Rehabilitaci\u00f3n Integral. * Se entregan 68 aparatos ortop\u00e9dicos y 51 nuevos equipos. * M\u00e1s de 350 personas recibir\u00e1n atenci\u00f3n especializada cada mes. ZACATL\u00c1N, Pue.- El Gobierno del Estado de Puebla mantiene como prioridad la atenci\u00f3n a los...\" \/>\n<meta property=\"og:url\" content=\"https:\/\/thepueblatimes.mx\/index.php\/2025\/07\/17\/con-cri-en-zacatlan-sedif-amplia-seguridad-y-bienestar-para-las-familias\/\" \/>\n<meta property=\"og:site_name\" content=\"The Puebla Times\" \/>\n<meta property=\"article:published_time\" content=\"2025-07-17T21:39:27+00:00\" \/>\n<meta property=\"article:modified_time\" content=\"2025-07-17T21:58:59+00:00\" \/>\n<meta property=\"og:image\" content=\"https:\/\/thepueblatimes.mx\/wp-content\/uploads\/2025\/07\/WhatsApp-Image-2025-07-16-at-18.22.13.jpeg\" \/>\n\t<meta property=\"og:image:width\" content=\"1600\" \/>\n\t<meta property=\"og:image:height\" content=\"1066\" \/>\n\t<meta property=\"og:image:type\" content=\"image\/jpeg\" \/>\n<meta name=\"author\" content=\"Sa\u00fal Hern\u00e1ndez\" \/>\n<meta name=\"twitter:card\" content=\"summary_large_image\" \/>\n<meta name=\"twitter:label1\" content=\"Escrito por\" \/>\n\t<meta name=\"twitter:data1\" content=\"Sa\u00fal Hern\u00e1ndez\" \/>\n\t<meta name=\"twitter:label2\" content=\"Tiempo de lectura\" \/>\n\t<meta name=\"twitter:data2\" content=\"2 minutos\" \/>\n<script type=\"application\/ld+json\" class=\"yoast-schema-graph\">{\"@context\":\"https:\/\/schema.org\",\"@graph\":[{\"@type\":\"WebPage\",\"@id\":\"https:\/\/thepueblatimes.mx\/index.php\/2025\/07\/17\/con-cri-en-zacatlan-sedif-amplia-seguridad-y-bienestar-para-las-familias\/\",\"url\":\"https:\/\/thepueblatimes.mx\/index.php\/2025\/07\/17\/con-cri-en-zacatlan-sedif-amplia-seguridad-y-bienestar-para-las-familias\/\",\"name\":\"Con CRI en Zacatl\u00e1n, SEDIF ampl\u00eda seguridad y bienestar para las familias - The Puebla Times\",\"isPartOf\":{\"@id\":\"https:\/\/thepueblatimes.mx\/#website\"},\"datePublished\":\"2025-07-17T21:39:27+00:00\",\"dateModified\":\"2025-07-17T21:58:59+00:00\",\"author\":{\"@id\":\"https:\/\/thepueblatimes.mx\/#\/schema\/person\/1664894c2f65ce2c7a08d8f5f905c13c\"},\"breadcrumb\":{\"@id\":\"https:\/\/thepueblatimes.mx\/index.php\/2025\/07\/17\/con-cri-en-zacatlan-sedif-amplia-seguridad-y-bienestar-para-las-familias\/#breadcrumb\"},\"inLanguage\":\"es\",\"potentialAction\":[{\"@type\":\"ReadAction\",\"target\":[\"https:\/\/thepueblatimes.mx\/index.php\/2025\/07\/17\/con-cri-en-zacatlan-sedif-amplia-seguridad-y-bienestar-para-las-familias\/\"]}]},{\"@type\":\"BreadcrumbList\",\"@id\":\"https:\/\/thepueblatimes.mx\/index.php\/2025\/07\/17\/con-cri-en-zacatlan-sedif-amplia-seguridad-y-bienestar-para-las-familias\/#breadcrumb\",\"itemListElement\":[{\"@type\":\"ListItem\",\"position\":1,\"name\":\"Portada\",\"item\":\"https:\/\/thepueblatimes.mx\/\"},{\"@type\":\"ListItem\",\"position\":2,\"name\":\"Con CRI en Zacatl\u00e1n, SEDIF ampl\u00eda seguridad y bienestar para las familias\"}]},{\"@type\":\"WebSite\",\"@id\":\"https:\/\/thepueblatimes.mx\/#website\",\"url\":\"https:\/\/thepueblatimes.mx\/\",\"name\":\"The Puebla Times\",\"description\":\"Noticias del Estado de Puebla\",\"potentialAction\":[{\"@type\":\"SearchAction\",\"target\":{\"@type\":\"EntryPoint\",\"urlTemplate\":\"https:\/\/thepueblatimes.mx\/?s={search_term_string}\"},\"query-input\":\"required name=search_term_string\"}],\"inLanguage\":\"es\"},{\"@type\":\"Person\",\"@id\":\"https:\/\/thepueblatimes.mx\/#\/schema\/person\/1664894c2f65ce2c7a08d8f5f905c13c\",\"name\":\"Sa\u00fal Hern\u00e1ndez\",\"image\":{\"@type\":\"ImageObject\",\"inLanguage\":\"es\",\"@id\":\"https:\/\/thepueblatimes.mx\/#\/schema\/person\/image\/\",\"url\":\"https:\/\/secure.gravatar.com\/avatar\/11be338693f243309532caad8f10c930?s=96&d=mm&r=g\",\"contentUrl\":\"https:\/\/secure.gravatar.com\/avatar\/11be338693f243309532caad8f10c930?s=96&d=mm&r=g\",\"caption\":\"Sa\u00fal Hern\u00e1ndez\"},\"url\":\"https:\/\/thepueblatimes.mx\/index.php\/author\/saulhernandez\/\"}]}<\/script>\n<!-- \/ Yoast SEO plugin. -->","yoast_head_json":{"title":"Con CRI en Zacatl\u00e1n, SEDIF ampl\u00eda seguridad y bienestar para las familias - The Puebla Times","robots":{"index":"index","follow":"follow","max-snippet":"max-snippet:-1","max-image-preview":"max-image-preview:large","max-video-preview":"max-video-preview:-1"},"canonical":"https:\/\/thepueblatimes.mx\/index.php\/2025\/07\/17\/con-cri-en-zacatlan-sedif-amplia-seguridad-y-bienestar-para-las-familias\/","og_locale":"es_ES","og_type":"article","og_title":"Con CRI en Zacatl\u00e1n, SEDIF ampl\u00eda seguridad y bienestar para las familias - The Puebla Times","og_description":"* La presidenta del Patronato, Ceci Arellano, exhort\u00f3 a los municipios a replicar el modelo del Centro de Rehabilitaci\u00f3n Integral. * Se entregan 68 aparatos ortop\u00e9dicos y 51 nuevos equipos. * M\u00e1s de 350 personas recibir\u00e1n atenci\u00f3n especializada cada mes. ZACATL\u00c1N, Pue.- El Gobierno del Estado de Puebla mantiene como prioridad la atenci\u00f3n a los...","og_url":"https:\/\/thepueblatimes.mx\/index.php\/2025\/07\/17\/con-cri-en-zacatlan-sedif-amplia-seguridad-y-bienestar-para-las-familias\/","og_site_name":"The Puebla Times","article_published_time":"2025-07-17T21:39:27+00:00","article_modified_time":"2025-07-17T21:58:59+00:00","og_image":[{"width":1600,"height":1066,"url":"https:\/\/thepueblatimes.mx\/wp-content\/uploads\/2025\/07\/WhatsApp-Image-2025-07-16-at-18.22.13.jpeg","type":"image\/jpeg"}],"author":"Sa\u00fal Hern\u00e1ndez","twitter_card":"summary_large_image","twitter_misc":{"Escrito por":"Sa\u00fal Hern\u00e1ndez","Tiempo de lectura":"2 minutos"},"schema":{"@context":"https:\/\/schema.org","@graph":[{"@type":"WebPage","@id":"https:\/\/thepueblatimes.mx\/index.php\/2025\/07\/17\/con-cri-en-zacatlan-sedif-amplia-seguridad-y-bienestar-para-las-familias\/","url":"https:\/\/thepueblatimes.mx\/index.php\/2025\/07\/17\/con-cri-en-zacatlan-sedif-amplia-seguridad-y-bienestar-para-las-familias\/","name":"Con CRI en Zacatl\u00e1n, SEDIF ampl\u00eda seguridad y bienestar para las familias - The Puebla Times","isPartOf":{"@id":"https:\/\/thepueblatimes.mx\/#website"},"datePublished":"2025-07-17T21:39:27+00:00","dateModified":"2025-07-17T21:58:59+00:00","author":{"@id":"https:\/\/thepueblatimes.mx\/#\/schema\/person\/1664894c2f65ce2c7a08d8f5f905c13c"},"breadcrumb":{"@id":"https:\/\/thepueblatimes.mx\/index.php\/2025\/07\/17\/con-cri-en-zacatlan-sedif-amplia-seguridad-y-bienestar-para-las-familias\/#breadcrumb"},"inLanguage":"es","potentialAction":[{"@type":"ReadAction","target":["https:\/\/thepueblatimes.mx\/index.php\/2025\/07\/17\/con-cri-en-zacatlan-sedif-amplia-seguridad-y-bienestar-para-las-familias\/"]}]},{"@type":"BreadcrumbList","@id":"https:\/\/thepueblatimes.mx\/index.php\/2025\/07\/17\/con-cri-en-zacatlan-sedif-amplia-seguridad-y-bienestar-para-las-familias\/#breadcrumb","itemListElement":[{"@type":"ListItem","position":1,"name":"Portada","item":"https:\/\/thepueblatimes.mx\/"},{"@type":"ListItem","position":2,"name":"Con CRI en Zacatl\u00e1n, SEDIF ampl\u00eda seguridad y bienestar para las familias"}]},{"@type":"WebSite","@id":"https:\/\/thepueblatimes.mx\/#website","url":"https:\/\/thepueblatimes.mx\/","name":"The Puebla Times","description":"Noticias del Estado de Puebla","potentialAction":[{"@type":"SearchAction","target":{"@type":"EntryPoint","urlTemplate":"https:\/\/thepueblatimes.mx\/?s={search_term_string}"},"query-input":"required name=search_term_string"}],"inLanguage":"es"},{"@type":"Person","@id":"https:\/\/thepueblatimes.mx\/#\/schema\/person\/1664894c2f65ce2c7a08d8f5f905c13c","name":"Sa\u00fal Hern\u00e1ndez","image":{"@type":"ImageObject","inLanguage":"es","@id":"https:\/\/thepueblatimes.mx\/#\/schema\/person\/image\/","url":"https:\/\/secure.gravatar.com\/avatar\/11be338693f243309532caad8f10c930?s=96&d=mm&r=g","contentUrl":"https:\/\/secure.gravatar.com\/avatar\/11be338693f243309532caad8f10c930?s=96&d=mm&r=g","caption":"Sa\u00fal Hern\u00e1ndez"},"url":"https:\/\/thepueblatimes.mx\/index.php\/author\/saulhernandez\/"}]}},"jetpack_featured_media_url":"https:\/\/thepueblatimes.mx\/wp-content\/uploads\/2025\/07\/WhatsApp-Image-2025-07-16-at-18.22.13.jpeg","_links":{"self":[{"href":"https:\/\/thepueblatimes.mx\/index.php\/wp-json\/wp\/v2\/posts\/31699"}],"collection":[{"href":"https:\/\/thepueblatimes.mx\/index.php\/wp-json\/wp\/v2\/posts"}],"about":[{"href":"https:\/\/thepueblatimes.mx\/index.php\/wp-json\/wp\/v2\/types\/post"}],"author":[{"embeddable":true,"href":"https:\/\/thepueblatimes.mx\/index.php\/wp-json\/wp\/v2\/users\/16"}],"replies":[{"embeddable":true,"href":"https:\/\/thepueblatimes.mx\/index.php\/wp-json\/wp\/v2\/comments?post=31699"}],"version-history":[{"count":1,"href":"https:\/\/thepueblatimes.mx\/index.php\/wp-json\/wp\/v2\/posts\/31699\/revisions"}],"predecessor-version":[{"id":31701,"href":"https:\/\/thepueblatimes.mx\/index.php\/wp-json\/wp\/v2\/posts\/31699\/revisions\/31701"}],"wp:featuredmedia":[{"embeddable":true,"href":"https:\/\/thepueblatimes.mx\/index.php\/wp-json\/wp\/v2\/media\/31700"}],"wp:attachment":[{"href":"https:\/\/thepueblatimes.mx\/index.php\/wp-json\/wp\/v2\/media?parent=31699"}],"wp:term":[{"taxonomy":"category","embeddable":true,"href":"https:\/\/thepueblatimes.mx\/index.php\/wp-json\/wp\/v2\/categories?post=31699"},{"taxonomy":"post_tag","embeddable":true,"href":"https:\/\/thepueblatimes.mx\/index.php\/wp-json\/wp\/v2\/tags?post=31699"}],"curies":[{"name":"wp","href":"https:\/\/api.w.org\/{rel}","templated":true}]}}