{"id":31691,"date":"2025-07-17T12:25:07","date_gmt":"2025-07-17T18:25:07","guid":{"rendered":"https:\/\/thepueblatimes.mx\/?p=31691"},"modified":"2025-07-17T12:33:51","modified_gmt":"2025-07-17T18:33:51","slug":"tonantzin-fernandez-se-victimiza-y-alerta-sobre-posibles-audios-que-niega-sean-de-ella","status":"publish","type":"post","link":"https:\/\/thepueblatimes.mx\/index.php\/2025\/07\/17\/tonantzin-fernandez-se-victimiza-y-alerta-sobre-posibles-audios-que-niega-sean-de-ella\/","title":{"rendered":"Tonantzin Fern\u00e1ndez se victimiza y alerta sobre posibles audios que niega sean de ella"},"content":{"rendered":"<p>POR DANIEL ROMERO<\/p>\n<p>Tras los hechos que se registraron en el mercado Cosme del Razo, la presidenta municipal de San Pedro Cholula, sin m\u00e1s prueba que su dicho informa v\u00eda redes sociales que personas no identificadas la amenazaron con difundir audios presuntamente modificados.<\/p>\n<p>La difusi\u00f3n del mensaje de la edila cholulteca, encuadra en una estrategia de evidente control de da\u00f1os, que de entrada resulta poco creible y alarmante.<\/p>\n<p>Incluso, lleva a pensar en la necesidad de que presente una denuncia formal ante la autoridad ministerial para que se realice la investigaci\u00f3n correspondiente.<\/p>\n<p>En el video difundido, Tonantzin Fern\u00e1ndez, asegura que su administraci\u00f3n no tolerar\u00e1 corrupci\u00f3n ni amenazas pol\u00edticas, esto tras revelar que ha sido objeto de intentos de intimidaci\u00f3n.<\/p>\n<p>\u201cNo vamos a permitir la corrupci\u00f3n de ning\u00fan integrante del gobierno municipal, ni del Cabildo que pacte con personas ajenas a nuestro municipio\u201d, subraya.<\/p>\n<p>Pero no hay m\u00e1s, ni una acci\u00f3n en el plano jur\u00eddico, mera estrategia medi\u00e1tica hasta donde se aprecia.<\/p>\n<p>Y en m\u00e1s esc\u00e1ndalos de la alcaldesa Tonanzint Fern\u00e1ndez esta es la informaci\u00f3n que publica el Columnista Mario Alberto Mej\u00eda, Director d\u00e9 Hip\u00f3crita Lector.<\/p>\n<p>\u270d\ud83c\udffbEste mi\u00e9rcoles est\u00e1 citado en cierta oficina Iv\u00e1n Cuautle Minutti, s\u00edndico municipal de San Pedro Cholula, para que firme su separaci\u00f3n del cargo.<\/p>\n<p>\ud83d\ude28La raz\u00f3n es sencilla: le estorba a la alcaldesa Tonantzin Fern\u00e1ndezen algunos temas. Los principales tienen que ver con Karol Talavera, secretaria de Administraci\u00f3n, a quien el a\u00fan s\u00edndico le ha generado indagatorias por despojo de predios.<\/p>\n<p>\ud83e\udd11Otro caso es el de Paco Quitl, director de Normatividad, quien, con el aval de Tonantzin, hizo una jugosa negociaci\u00f3n con la 28 de octubre para que sus agremiados ocupen las v\u00edas p\u00fablicas y la zona aleda\u00f1a al mercado municipal. Las negociaciones, ya se sabe, no son gratuitas. No hay buen negocio cuando la m\u00e1quina no suena. Una m\u00e1s: Paco es tambi\u00e9n el encargado del cobro de los giros negros.<\/p>\n<p>\ud83e\udee1En San Pedro todo mundo manda. Pepe Alcudia, secretario del ayuntamiento, tiene poder sobre el tesorero municipal \u2014Johan Guzm\u00e1n\u2014, quien era el auxiliar del auxiliar en el Congreso local cuando Tonantzin era diputada.<\/p>\n<p>\ud83d\udc13Otro gallo giro es Jes\u00fas Arroyo, quien, sin tener cargo, ejerce un poder mental sobre la alcaldesa. (Le dicen el Profesor Zoveck). Arroyo es due\u00f1o deExclusivas Puebla, medio Pipitilla que goza de un generoso convenio, por arriba de las televisoras y radiodifusoras. De hecho, cada vez que Tonantzin tiene un acuerdo con alguien consulta con \u201cChucho\u201d para ver si no tiene inconveniente. El jefe de prensa, por cierto, es un dedo chiquito de Arroyo. Se llama Erick y le dicen \u201cCucho\u201d.<\/p>\n<p>\ud83d\uddf3\ufe0fEste clan est\u00e1 pensando ya en las pr\u00f3ximas elecciones. El plan es brutal: Tonantzin quiere reelegirse y se postular\u00e1 por el Partido del Trabajo (que \u00faltimamente ha jugado al margen de Morena). Pepe Alcudia piensa ir por el partido mayoritario para abonar en el triunfo de Tonantzin. Y la mam\u00e1 de \u00e9sta \u2014en poder del DIF\u2014 est\u00e1 perfilada para la diputaci\u00f3n local.<\/p>\n<p>\ud83e\udecf Pepe Alcudia no tiene t\u00edtulo universitario (ni verg\u00fcenza), requisito indispensable para su cargo. El Congreso del estado tiene una indagatoria abierta en su contra porque present\u00f3 un t\u00edtulo falso. Una m\u00e1s: Tonantzin no ha presentado ante el Cabildo un solo estado financiero, cosa que por ley tendr\u00eda que rendir cada mes.<\/p>\n<p>\ud83d\udee5\ufe0fLos apoyos para comprar las candidaturas \u2014en el que tendr\u00e1 un papel protag\u00f3nico la senadoraLiz S\u00e1nchez, due\u00f1a del PT en la comarca\u2014 est\u00e1n saliendo del DIF, cuya directora, Marisol Sevilla, fue pareja sentimental (entre el 2007 y el 2011) de Pepe Tomate, en cuyo yate turiste\u00f3 media clase pol\u00edtica en el pasado reciente.<\/p>\n<p>\ud83d\udcf9 San Pedro Cholula, ya se ve, es el nuevo San Pedro de los Saguaros, el c\u00e9lebre pueblo de Varguitas, personaje central de La Ley de Herodes. Ah, por cierto, hay grabaciones de todas las piller\u00edas. \u00a1Viba la democrasia, hijos de Villa!<\/p>\n","protected":false},"excerpt":{"rendered":"<p>POR DANIEL ROMERO Tras los hechos que se registraron en el mercado Cosme del Razo, la presidenta municipal de San Pedro Cholula, sin m\u00e1s prueba que su dicho informa v\u00eda redes sociales que personas no identificadas la amenazaron con difundir audios presuntamente modificados. La difusi\u00f3n del mensaje de la edila cholulteca, encuadra en una estrategia&#8230;<\/p>\n","protected":false},"author":16,"featured_media":31692,"comment_status":"closed","ping_status":"closed","sticky":false,"template":"","format":"standard","meta":[],"categories":[15,11],"tags":[3942,3941,1304,1712],"yoast_head":"<!-- This site is optimized with the Yoast SEO plugin v20.8 - https:\/\/yoast.com\/wordpress\/plugins\/seo\/ -->\n<title>Tonantzin Fern\u00e1ndez se victimiza y alerta sobre posibles audios que niega sean de ella - The Puebla Times<\/title>\n<meta name=\"robots\" content=\"index, follow, max-snippet:-1, max-image-preview:large, max-video-preview:-1\" \/>\n<link rel=\"canonical\" href=\"https:\/\/thepueblatimes.mx\/index.php\/2025\/07\/17\/tonantzin-fernandez-se-victimiza-y-alerta-sobre-posibles-audios-que-niega-sean-de-ella\/\" \/>\n<meta property=\"og:locale\" content=\"es_ES\" \/>\n<meta property=\"og:type\" content=\"article\" \/>\n<meta property=\"og:title\" content=\"Tonantzin Fern\u00e1ndez se victimiza y alerta sobre posibles audios que niega sean de ella - The Puebla Times\" \/>\n<meta property=\"og:description\" content=\"POR DANIEL ROMERO Tras los hechos que se registraron en el mercado Cosme del Razo, la presidenta municipal de San Pedro Cholula, sin m\u00e1s prueba que su dicho informa v\u00eda redes sociales que personas no identificadas la amenazaron con difundir audios presuntamente modificados. La difusi\u00f3n del mensaje de la edila cholulteca, encuadra en una estrategia...\" \/>\n<meta property=\"og:url\" content=\"https:\/\/thepueblatimes.mx\/index.php\/2025\/07\/17\/tonantzin-fernandez-se-victimiza-y-alerta-sobre-posibles-audios-que-niega-sean-de-ella\/\" \/>\n<meta property=\"og:site_name\" content=\"The Puebla Times\" \/>\n<meta property=\"article:published_time\" content=\"2025-07-17T18:25:07+00:00\" \/>\n<meta property=\"article:modified_time\" content=\"2025-07-17T18:33:51+00:00\" \/>\n<meta property=\"og:image\" content=\"https:\/\/thepueblatimes.mx\/wp-content\/uploads\/2025\/07\/tonantzin-fernandez-633135-scaled.jpg\" \/>\n\t<meta property=\"og:image:width\" content=\"2560\" \/>\n\t<meta property=\"og:image:height\" content=\"1707\" \/>\n\t<meta property=\"og:image:type\" content=\"image\/jpeg\" \/>\n<meta name=\"author\" content=\"Sa\u00fal Hern\u00e1ndez\" \/>\n<meta name=\"twitter:card\" content=\"summary_large_image\" \/>\n<meta name=\"twitter:label1\" content=\"Escrito por\" \/>\n\t<meta name=\"twitter:data1\" content=\"Sa\u00fal Hern\u00e1ndez\" \/>\n\t<meta name=\"twitter:label2\" content=\"Tiempo de lectura\" \/>\n\t<meta name=\"twitter:data2\" content=\"3 minutos\" \/>\n<script type=\"application\/ld+json\" class=\"yoast-schema-graph\">{\"@context\":\"https:\/\/schema.org\",\"@graph\":[{\"@type\":\"WebPage\",\"@id\":\"https:\/\/thepueblatimes.mx\/index.php\/2025\/07\/17\/tonantzin-fernandez-se-victimiza-y-alerta-sobre-posibles-audios-que-niega-sean-de-ella\/\",\"url\":\"https:\/\/thepueblatimes.mx\/index.php\/2025\/07\/17\/tonantzin-fernandez-se-victimiza-y-alerta-sobre-posibles-audios-que-niega-sean-de-ella\/\",\"name\":\"Tonantzin Fern\u00e1ndez se victimiza y alerta sobre posibles audios que niega sean de ella - The Puebla Times\",\"isPartOf\":{\"@id\":\"https:\/\/thepueblatimes.mx\/#website\"},\"datePublished\":\"2025-07-17T18:25:07+00:00\",\"dateModified\":\"2025-07-17T18:33:51+00:00\",\"author\":{\"@id\":\"https:\/\/thepueblatimes.mx\/#\/schema\/person\/1664894c2f65ce2c7a08d8f5f905c13c\"},\"breadcrumb\":{\"@id\":\"https:\/\/thepueblatimes.mx\/index.php\/2025\/07\/17\/tonantzin-fernandez-se-victimiza-y-alerta-sobre-posibles-audios-que-niega-sean-de-ella\/#breadcrumb\"},\"inLanguage\":\"es\",\"potentialAction\":[{\"@type\":\"ReadAction\",\"target\":[\"https:\/\/thepueblatimes.mx\/index.php\/2025\/07\/17\/tonantzin-fernandez-se-victimiza-y-alerta-sobre-posibles-audios-que-niega-sean-de-ella\/\"]}]},{\"@type\":\"BreadcrumbList\",\"@id\":\"https:\/\/thepueblatimes.mx\/index.php\/2025\/07\/17\/tonantzin-fernandez-se-victimiza-y-alerta-sobre-posibles-audios-que-niega-sean-de-ella\/#breadcrumb\",\"itemListElement\":[{\"@type\":\"ListItem\",\"position\":1,\"name\":\"Portada\",\"item\":\"https:\/\/thepueblatimes.mx\/\"},{\"@type\":\"ListItem\",\"position\":2,\"name\":\"Tonantzin Fern\u00e1ndez se victimiza y alerta sobre posibles audios que niega sean de ella\"}]},{\"@type\":\"WebSite\",\"@id\":\"https:\/\/thepueblatimes.mx\/#website\",\"url\":\"https:\/\/thepueblatimes.mx\/\",\"name\":\"The Puebla Times\",\"description\":\"Noticias del Estado de Puebla\",\"potentialAction\":[{\"@type\":\"SearchAction\",\"target\":{\"@type\":\"EntryPoint\",\"urlTemplate\":\"https:\/\/thepueblatimes.mx\/?s={search_term_string}\"},\"query-input\":\"required name=search_term_string\"}],\"inLanguage\":\"es\"},{\"@type\":\"Person\",\"@id\":\"https:\/\/thepueblatimes.mx\/#\/schema\/person\/1664894c2f65ce2c7a08d8f5f905c13c\",\"name\":\"Sa\u00fal Hern\u00e1ndez\",\"image\":{\"@type\":\"ImageObject\",\"inLanguage\":\"es\",\"@id\":\"https:\/\/thepueblatimes.mx\/#\/schema\/person\/image\/\",\"url\":\"https:\/\/secure.gravatar.com\/avatar\/11be338693f243309532caad8f10c930?s=96&d=mm&r=g\",\"contentUrl\":\"https:\/\/secure.gravatar.com\/avatar\/11be338693f243309532caad8f10c930?s=96&d=mm&r=g\",\"caption\":\"Sa\u00fal Hern\u00e1ndez\"},\"url\":\"https:\/\/thepueblatimes.mx\/index.php\/author\/saulhernandez\/\"}]}<\/script>\n<!-- \/ Yoast SEO plugin. -->","yoast_head_json":{"title":"Tonantzin Fern\u00e1ndez se victimiza y alerta sobre posibles audios que niega sean de ella - The Puebla Times","robots":{"index":"index","follow":"follow","max-snippet":"max-snippet:-1","max-image-preview":"max-image-preview:large","max-video-preview":"max-video-preview:-1"},"canonical":"https:\/\/thepueblatimes.mx\/index.php\/2025\/07\/17\/tonantzin-fernandez-se-victimiza-y-alerta-sobre-posibles-audios-que-niega-sean-de-ella\/","og_locale":"es_ES","og_type":"article","og_title":"Tonantzin Fern\u00e1ndez se victimiza y alerta sobre posibles audios que niega sean de ella - The Puebla Times","og_description":"POR DANIEL ROMERO Tras los hechos que se registraron en el mercado Cosme del Razo, la presidenta municipal de San Pedro Cholula, sin m\u00e1s prueba que su dicho informa v\u00eda redes sociales que personas no identificadas la amenazaron con difundir audios presuntamente modificados. La difusi\u00f3n del mensaje de la edila cholulteca, encuadra en una estrategia...","og_url":"https:\/\/thepueblatimes.mx\/index.php\/2025\/07\/17\/tonantzin-fernandez-se-victimiza-y-alerta-sobre-posibles-audios-que-niega-sean-de-ella\/","og_site_name":"The Puebla Times","article_published_time":"2025-07-17T18:25:07+00:00","article_modified_time":"2025-07-17T18:33:51+00:00","og_image":[{"width":2560,"height":1707,"url":"https:\/\/thepueblatimes.mx\/wp-content\/uploads\/2025\/07\/tonantzin-fernandez-633135-scaled.jpg","type":"image\/jpeg"}],"author":"Sa\u00fal Hern\u00e1ndez","twitter_card":"summary_large_image","twitter_misc":{"Escrito por":"Sa\u00fal Hern\u00e1ndez","Tiempo de lectura":"3 minutos"},"schema":{"@context":"https:\/\/schema.org","@graph":[{"@type":"WebPage","@id":"https:\/\/thepueblatimes.mx\/index.php\/2025\/07\/17\/tonantzin-fernandez-se-victimiza-y-alerta-sobre-posibles-audios-que-niega-sean-de-ella\/","url":"https:\/\/thepueblatimes.mx\/index.php\/2025\/07\/17\/tonantzin-fernandez-se-victimiza-y-alerta-sobre-posibles-audios-que-niega-sean-de-ella\/","name":"Tonantzin Fern\u00e1ndez se victimiza y alerta sobre posibles audios que niega sean de ella - The Puebla Times","isPartOf":{"@id":"https:\/\/thepueblatimes.mx\/#website"},"datePublished":"2025-07-17T18:25:07+00:00","dateModified":"2025-07-17T18:33:51+00:00","author":{"@id":"https:\/\/thepueblatimes.mx\/#\/schema\/person\/1664894c2f65ce2c7a08d8f5f905c13c"},"breadcrumb":{"@id":"https:\/\/thepueblatimes.mx\/index.php\/2025\/07\/17\/tonantzin-fernandez-se-victimiza-y-alerta-sobre-posibles-audios-que-niega-sean-de-ella\/#breadcrumb"},"inLanguage":"es","potentialAction":[{"@type":"ReadAction","target":["https:\/\/thepueblatimes.mx\/index.php\/2025\/07\/17\/tonantzin-fernandez-se-victimiza-y-alerta-sobre-posibles-audios-que-niega-sean-de-ella\/"]}]},{"@type":"BreadcrumbList","@id":"https:\/\/thepueblatimes.mx\/index.php\/2025\/07\/17\/tonantzin-fernandez-se-victimiza-y-alerta-sobre-posibles-audios-que-niega-sean-de-ella\/#breadcrumb","itemListElement":[{"@type":"ListItem","position":1,"name":"Portada","item":"https:\/\/thepueblatimes.mx\/"},{"@type":"ListItem","position":2,"name":"Tonantzin Fern\u00e1ndez se victimiza y alerta sobre posibles audios que niega sean de ella"}]},{"@type":"WebSite","@id":"https:\/\/thepueblatimes.mx\/#website","url":"https:\/\/thepueblatimes.mx\/","name":"The Puebla Times","description":"Noticias del Estado de Puebla","potentialAction":[{"@type":"SearchAction","target":{"@type":"EntryPoint","urlTemplate":"https:\/\/thepueblatimes.mx\/?s={search_term_string}"},"query-input":"required name=search_term_string"}],"inLanguage":"es"},{"@type":"Person","@id":"https:\/\/thepueblatimes.mx\/#\/schema\/person\/1664894c2f65ce2c7a08d8f5f905c13c","name":"Sa\u00fal Hern\u00e1ndez","image":{"@type":"ImageObject","inLanguage":"es","@id":"https:\/\/thepueblatimes.mx\/#\/schema\/person\/image\/","url":"https:\/\/secure.gravatar.com\/avatar\/11be338693f243309532caad8f10c930?s=96&d=mm&r=g","contentUrl":"https:\/\/secure.gravatar.com\/avatar\/11be338693f243309532caad8f10c930?s=96&d=mm&r=g","caption":"Sa\u00fal Hern\u00e1ndez"},"url":"https:\/\/thepueblatimes.mx\/index.php\/author\/saulhernandez\/"}]}},"jetpack_featured_media_url":"https:\/\/thepueblatimes.mx\/wp-content\/uploads\/2025\/07\/tonantzin-fernandez-633135-scaled.jpg","_links":{"self":[{"href":"https:\/\/thepueblatimes.mx\/index.php\/wp-json\/wp\/v2\/posts\/31691"}],"collection":[{"href":"https:\/\/thepueblatimes.mx\/index.php\/wp-json\/wp\/v2\/posts"}],"about":[{"href":"https:\/\/thepueblatimes.mx\/index.php\/wp-json\/wp\/v2\/types\/post"}],"author":[{"embeddable":true,"href":"https:\/\/thepueblatimes.mx\/index.php\/wp-json\/wp\/v2\/users\/16"}],"replies":[{"embeddable":true,"href":"https:\/\/thepueblatimes.mx\/index.php\/wp-json\/wp\/v2\/comments?post=31691"}],"version-history":[{"count":1,"href":"https:\/\/thepueblatimes.mx\/index.php\/wp-json\/wp\/v2\/posts\/31691\/revisions"}],"predecessor-version":[{"id":31693,"href":"https:\/\/thepueblatimes.mx\/index.php\/wp-json\/wp\/v2\/posts\/31691\/revisions\/31693"}],"wp:featuredmedia":[{"embeddable":true,"href":"https:\/\/thepueblatimes.mx\/index.php\/wp-json\/wp\/v2\/media\/31692"}],"wp:attachment":[{"href":"https:\/\/thepueblatimes.mx\/index.php\/wp-json\/wp\/v2\/media?parent=31691"}],"wp:term":[{"taxonomy":"category","embeddable":true,"href":"https:\/\/thepueblatimes.mx\/index.php\/wp-json\/wp\/v2\/categories?post=31691"},{"taxonomy":"post_tag","embeddable":true,"href":"https:\/\/thepueblatimes.mx\/index.php\/wp-json\/wp\/v2\/tags?post=31691"}],"curies":[{"name":"wp","href":"https:\/\/api.w.org\/{rel}","templated":true}]}}