{"id":31615,"date":"2025-07-09T13:53:12","date_gmt":"2025-07-09T19:53:12","guid":{"rendered":"https:\/\/thepueblatimes.mx\/?p=31615"},"modified":"2025-07-09T13:53:12","modified_gmt":"2025-07-09T19:53:12","slug":"impulsan-en-congreso-reconocimiento-a-banda-sinfonica-de-san-martin-texmelucan","status":"publish","type":"post","link":"https:\/\/thepueblatimes.mx\/index.php\/2025\/07\/09\/impulsan-en-congreso-reconocimiento-a-banda-sinfonica-de-san-martin-texmelucan\/","title":{"rendered":"Impulsan en Congreso reconocimiento a Banda Sinf\u00f3nica de San Mart\u00edn Texmelucan"},"content":{"rendered":"<h3><em>&#8211; Se har\u00e1 una demostraci\u00f3n musical a cargo de las y los integrantes<\/em><\/h3>\n<p>&nbsp;<\/p>\n<p>&nbsp;<\/p>\n<p>El pr\u00f3ximo 14 de julio a las 16:00 horas, la Banda Sinf\u00f3nica de San Mart\u00edn Texmelucan recibir\u00e1 un reconocimiento en el Congreso del Estado, como parte de la conmemoraci\u00f3n por sus 28 a\u00f1os de labor, anunci\u00f3 la diputada Cinthya Gabriela Chumacero Rodr\u00edguez en rueda de prensa.<\/p>\n<p>&nbsp;<\/p>\n<p>La legisladora detall\u00f3 que, posterior a la entrega del reconocimiento se har\u00e1 una demostraci\u00f3n musical a cargo de las y los integrantes de la Sinf\u00f3nica, evento programado para las 17:00 horas en la explanada del Congreso del Estado.<\/p>\n<p>&nbsp;<\/p>\n<p>\u201cInvitamos a toda la poblaci\u00f3n en general para que asista a este importante evento recuerden que la cultura y la diversidad van de la mano\u201d, se\u00f1al\u00f3.<\/p>\n<p>&nbsp;<\/p>\n<p>Por su parte, el presidente municipal de San Mart\u00edn Texmelucan, Juan Manuel Alonso Ram\u00edrez destac\u00f3 el compromiso del Congreso para respaldar las actividades culturales, que representan una forma de reconstruir el tejido social. Adelant\u00f3 que la Banda Sinf\u00f3nica ya prepara un amplio concierto con la participaci\u00f3n y apoyo de diversas instancias.<\/p>\n<p>&nbsp;<\/p>\n<p>En la rueda de prensa tambi\u00e9n estuvo presente la regidora de Turismo y Cultura de San Mart\u00edn Texmelucan, Erika Andrade Valencia y el maestro de la banda, Domingo Dorantes.<\/p>\n","protected":false},"excerpt":{"rendered":"<p>&#8211; Se har\u00e1 una demostraci\u00f3n musical a cargo de las y los integrantes &nbsp; &nbsp; El pr\u00f3ximo 14 de julio a las 16:00 horas, la Banda Sinf\u00f3nica de San Mart\u00edn Texmelucan recibir\u00e1 un reconocimiento en el Congreso del Estado, como parte de la conmemoraci\u00f3n por sus 28 a\u00f1os de labor, anunci\u00f3 la diputada Cinthya Gabriela&#8230;<\/p>\n","protected":false},"author":16,"featured_media":31616,"comment_status":"closed","ping_status":"closed","sticky":false,"template":"","format":"standard","meta":[],"categories":[3],"tags":[1480,1271],"yoast_head":"<!-- This site is optimized with the Yoast SEO plugin v20.8 - https:\/\/yoast.com\/wordpress\/plugins\/seo\/ -->\n<title>Impulsan en Congreso reconocimiento a Banda Sinf\u00f3nica de San Mart\u00edn Texmelucan - The Puebla Times<\/title>\n<meta name=\"robots\" content=\"index, follow, max-snippet:-1, max-image-preview:large, max-video-preview:-1\" \/>\n<link rel=\"canonical\" href=\"https:\/\/thepueblatimes.mx\/index.php\/2025\/07\/09\/impulsan-en-congreso-reconocimiento-a-banda-sinfonica-de-san-martin-texmelucan\/\" \/>\n<meta property=\"og:locale\" content=\"es_ES\" \/>\n<meta property=\"og:type\" content=\"article\" \/>\n<meta property=\"og:title\" content=\"Impulsan en Congreso reconocimiento a Banda Sinf\u00f3nica de San Mart\u00edn Texmelucan - The Puebla Times\" \/>\n<meta property=\"og:description\" content=\"&#8211; Se har\u00e1 una demostraci\u00f3n musical a cargo de las y los integrantes &nbsp; &nbsp; El pr\u00f3ximo 14 de julio a las 16:00 horas, la Banda Sinf\u00f3nica de San Mart\u00edn Texmelucan recibir\u00e1 un reconocimiento en el Congreso del Estado, como parte de la conmemoraci\u00f3n por sus 28 a\u00f1os de labor, anunci\u00f3 la diputada Cinthya Gabriela...\" \/>\n<meta property=\"og:url\" content=\"https:\/\/thepueblatimes.mx\/index.php\/2025\/07\/09\/impulsan-en-congreso-reconocimiento-a-banda-sinfonica-de-san-martin-texmelucan\/\" \/>\n<meta property=\"og:site_name\" content=\"The Puebla Times\" \/>\n<meta property=\"article:published_time\" content=\"2025-07-09T19:53:12+00:00\" \/>\n<meta property=\"og:image\" content=\"https:\/\/thepueblatimes.mx\/wp-content\/uploads\/2025\/07\/WhatsApp-Image-2025-07-08-at-22.58.04-scaled.jpeg\" \/>\n\t<meta property=\"og:image:width\" content=\"2560\" \/>\n\t<meta property=\"og:image:height\" content=\"1843\" \/>\n\t<meta property=\"og:image:type\" content=\"image\/jpeg\" \/>\n<meta name=\"author\" content=\"Sa\u00fal Hern\u00e1ndez\" \/>\n<meta name=\"twitter:card\" content=\"summary_large_image\" \/>\n<meta name=\"twitter:label1\" content=\"Escrito por\" \/>\n\t<meta name=\"twitter:data1\" content=\"Sa\u00fal Hern\u00e1ndez\" \/>\n\t<meta name=\"twitter:label2\" content=\"Tiempo de lectura\" \/>\n\t<meta name=\"twitter:data2\" content=\"1 minuto\" \/>\n<script type=\"application\/ld+json\" class=\"yoast-schema-graph\">{\"@context\":\"https:\/\/schema.org\",\"@graph\":[{\"@type\":\"WebPage\",\"@id\":\"https:\/\/thepueblatimes.mx\/index.php\/2025\/07\/09\/impulsan-en-congreso-reconocimiento-a-banda-sinfonica-de-san-martin-texmelucan\/\",\"url\":\"https:\/\/thepueblatimes.mx\/index.php\/2025\/07\/09\/impulsan-en-congreso-reconocimiento-a-banda-sinfonica-de-san-martin-texmelucan\/\",\"name\":\"Impulsan en Congreso reconocimiento a Banda Sinf\u00f3nica de San Mart\u00edn Texmelucan - The Puebla Times\",\"isPartOf\":{\"@id\":\"https:\/\/thepueblatimes.mx\/#website\"},\"datePublished\":\"2025-07-09T19:53:12+00:00\",\"dateModified\":\"2025-07-09T19:53:12+00:00\",\"author\":{\"@id\":\"https:\/\/thepueblatimes.mx\/#\/schema\/person\/1664894c2f65ce2c7a08d8f5f905c13c\"},\"breadcrumb\":{\"@id\":\"https:\/\/thepueblatimes.mx\/index.php\/2025\/07\/09\/impulsan-en-congreso-reconocimiento-a-banda-sinfonica-de-san-martin-texmelucan\/#breadcrumb\"},\"inLanguage\":\"es\",\"potentialAction\":[{\"@type\":\"ReadAction\",\"target\":[\"https:\/\/thepueblatimes.mx\/index.php\/2025\/07\/09\/impulsan-en-congreso-reconocimiento-a-banda-sinfonica-de-san-martin-texmelucan\/\"]}]},{\"@type\":\"BreadcrumbList\",\"@id\":\"https:\/\/thepueblatimes.mx\/index.php\/2025\/07\/09\/impulsan-en-congreso-reconocimiento-a-banda-sinfonica-de-san-martin-texmelucan\/#breadcrumb\",\"itemListElement\":[{\"@type\":\"ListItem\",\"position\":1,\"name\":\"Portada\",\"item\":\"https:\/\/thepueblatimes.mx\/\"},{\"@type\":\"ListItem\",\"position\":2,\"name\":\"Impulsan en Congreso reconocimiento a Banda Sinf\u00f3nica de San Mart\u00edn Texmelucan\"}]},{\"@type\":\"WebSite\",\"@id\":\"https:\/\/thepueblatimes.mx\/#website\",\"url\":\"https:\/\/thepueblatimes.mx\/\",\"name\":\"The Puebla Times\",\"description\":\"Noticias del Estado de Puebla\",\"potentialAction\":[{\"@type\":\"SearchAction\",\"target\":{\"@type\":\"EntryPoint\",\"urlTemplate\":\"https:\/\/thepueblatimes.mx\/?s={search_term_string}\"},\"query-input\":\"required name=search_term_string\"}],\"inLanguage\":\"es\"},{\"@type\":\"Person\",\"@id\":\"https:\/\/thepueblatimes.mx\/#\/schema\/person\/1664894c2f65ce2c7a08d8f5f905c13c\",\"name\":\"Sa\u00fal Hern\u00e1ndez\",\"image\":{\"@type\":\"ImageObject\",\"inLanguage\":\"es\",\"@id\":\"https:\/\/thepueblatimes.mx\/#\/schema\/person\/image\/\",\"url\":\"https:\/\/secure.gravatar.com\/avatar\/11be338693f243309532caad8f10c930?s=96&d=mm&r=g\",\"contentUrl\":\"https:\/\/secure.gravatar.com\/avatar\/11be338693f243309532caad8f10c930?s=96&d=mm&r=g\",\"caption\":\"Sa\u00fal Hern\u00e1ndez\"},\"url\":\"https:\/\/thepueblatimes.mx\/index.php\/author\/saulhernandez\/\"}]}<\/script>\n<!-- \/ Yoast SEO plugin. -->","yoast_head_json":{"title":"Impulsan en Congreso reconocimiento a Banda Sinf\u00f3nica de San Mart\u00edn Texmelucan - The Puebla Times","robots":{"index":"index","follow":"follow","max-snippet":"max-snippet:-1","max-image-preview":"max-image-preview:large","max-video-preview":"max-video-preview:-1"},"canonical":"https:\/\/thepueblatimes.mx\/index.php\/2025\/07\/09\/impulsan-en-congreso-reconocimiento-a-banda-sinfonica-de-san-martin-texmelucan\/","og_locale":"es_ES","og_type":"article","og_title":"Impulsan en Congreso reconocimiento a Banda Sinf\u00f3nica de San Mart\u00edn Texmelucan - The Puebla Times","og_description":"&#8211; Se har\u00e1 una demostraci\u00f3n musical a cargo de las y los integrantes &nbsp; &nbsp; El pr\u00f3ximo 14 de julio a las 16:00 horas, la Banda Sinf\u00f3nica de San Mart\u00edn Texmelucan recibir\u00e1 un reconocimiento en el Congreso del Estado, como parte de la conmemoraci\u00f3n por sus 28 a\u00f1os de labor, anunci\u00f3 la diputada Cinthya Gabriela...","og_url":"https:\/\/thepueblatimes.mx\/index.php\/2025\/07\/09\/impulsan-en-congreso-reconocimiento-a-banda-sinfonica-de-san-martin-texmelucan\/","og_site_name":"The Puebla Times","article_published_time":"2025-07-09T19:53:12+00:00","og_image":[{"width":2560,"height":1843,"url":"https:\/\/thepueblatimes.mx\/wp-content\/uploads\/2025\/07\/WhatsApp-Image-2025-07-08-at-22.58.04-scaled.jpeg","type":"image\/jpeg"}],"author":"Sa\u00fal Hern\u00e1ndez","twitter_card":"summary_large_image","twitter_misc":{"Escrito por":"Sa\u00fal Hern\u00e1ndez","Tiempo de lectura":"1 minuto"},"schema":{"@context":"https:\/\/schema.org","@graph":[{"@type":"WebPage","@id":"https:\/\/thepueblatimes.mx\/index.php\/2025\/07\/09\/impulsan-en-congreso-reconocimiento-a-banda-sinfonica-de-san-martin-texmelucan\/","url":"https:\/\/thepueblatimes.mx\/index.php\/2025\/07\/09\/impulsan-en-congreso-reconocimiento-a-banda-sinfonica-de-san-martin-texmelucan\/","name":"Impulsan en Congreso reconocimiento a Banda Sinf\u00f3nica de San Mart\u00edn Texmelucan - The Puebla Times","isPartOf":{"@id":"https:\/\/thepueblatimes.mx\/#website"},"datePublished":"2025-07-09T19:53:12+00:00","dateModified":"2025-07-09T19:53:12+00:00","author":{"@id":"https:\/\/thepueblatimes.mx\/#\/schema\/person\/1664894c2f65ce2c7a08d8f5f905c13c"},"breadcrumb":{"@id":"https:\/\/thepueblatimes.mx\/index.php\/2025\/07\/09\/impulsan-en-congreso-reconocimiento-a-banda-sinfonica-de-san-martin-texmelucan\/#breadcrumb"},"inLanguage":"es","potentialAction":[{"@type":"ReadAction","target":["https:\/\/thepueblatimes.mx\/index.php\/2025\/07\/09\/impulsan-en-congreso-reconocimiento-a-banda-sinfonica-de-san-martin-texmelucan\/"]}]},{"@type":"BreadcrumbList","@id":"https:\/\/thepueblatimes.mx\/index.php\/2025\/07\/09\/impulsan-en-congreso-reconocimiento-a-banda-sinfonica-de-san-martin-texmelucan\/#breadcrumb","itemListElement":[{"@type":"ListItem","position":1,"name":"Portada","item":"https:\/\/thepueblatimes.mx\/"},{"@type":"ListItem","position":2,"name":"Impulsan en Congreso reconocimiento a Banda Sinf\u00f3nica de San Mart\u00edn Texmelucan"}]},{"@type":"WebSite","@id":"https:\/\/thepueblatimes.mx\/#website","url":"https:\/\/thepueblatimes.mx\/","name":"The Puebla Times","description":"Noticias del Estado de Puebla","potentialAction":[{"@type":"SearchAction","target":{"@type":"EntryPoint","urlTemplate":"https:\/\/thepueblatimes.mx\/?s={search_term_string}"},"query-input":"required name=search_term_string"}],"inLanguage":"es"},{"@type":"Person","@id":"https:\/\/thepueblatimes.mx\/#\/schema\/person\/1664894c2f65ce2c7a08d8f5f905c13c","name":"Sa\u00fal Hern\u00e1ndez","image":{"@type":"ImageObject","inLanguage":"es","@id":"https:\/\/thepueblatimes.mx\/#\/schema\/person\/image\/","url":"https:\/\/secure.gravatar.com\/avatar\/11be338693f243309532caad8f10c930?s=96&d=mm&r=g","contentUrl":"https:\/\/secure.gravatar.com\/avatar\/11be338693f243309532caad8f10c930?s=96&d=mm&r=g","caption":"Sa\u00fal Hern\u00e1ndez"},"url":"https:\/\/thepueblatimes.mx\/index.php\/author\/saulhernandez\/"}]}},"jetpack_featured_media_url":"https:\/\/thepueblatimes.mx\/wp-content\/uploads\/2025\/07\/WhatsApp-Image-2025-07-08-at-22.58.04-scaled.jpeg","_links":{"self":[{"href":"https:\/\/thepueblatimes.mx\/index.php\/wp-json\/wp\/v2\/posts\/31615"}],"collection":[{"href":"https:\/\/thepueblatimes.mx\/index.php\/wp-json\/wp\/v2\/posts"}],"about":[{"href":"https:\/\/thepueblatimes.mx\/index.php\/wp-json\/wp\/v2\/types\/post"}],"author":[{"embeddable":true,"href":"https:\/\/thepueblatimes.mx\/index.php\/wp-json\/wp\/v2\/users\/16"}],"replies":[{"embeddable":true,"href":"https:\/\/thepueblatimes.mx\/index.php\/wp-json\/wp\/v2\/comments?post=31615"}],"version-history":[{"count":1,"href":"https:\/\/thepueblatimes.mx\/index.php\/wp-json\/wp\/v2\/posts\/31615\/revisions"}],"predecessor-version":[{"id":31617,"href":"https:\/\/thepueblatimes.mx\/index.php\/wp-json\/wp\/v2\/posts\/31615\/revisions\/31617"}],"wp:featuredmedia":[{"embeddable":true,"href":"https:\/\/thepueblatimes.mx\/index.php\/wp-json\/wp\/v2\/media\/31616"}],"wp:attachment":[{"href":"https:\/\/thepueblatimes.mx\/index.php\/wp-json\/wp\/v2\/media?parent=31615"}],"wp:term":[{"taxonomy":"category","embeddable":true,"href":"https:\/\/thepueblatimes.mx\/index.php\/wp-json\/wp\/v2\/categories?post=31615"},{"taxonomy":"post_tag","embeddable":true,"href":"https:\/\/thepueblatimes.mx\/index.php\/wp-json\/wp\/v2\/tags?post=31615"}],"curies":[{"name":"wp","href":"https:\/\/api.w.org\/{rel}","templated":true}]}}