{"id":316,"date":"2020-06-18T14:32:43","date_gmt":"2020-06-18T19:32:43","guid":{"rendered":"https:\/\/thepueblatimes.mx\/?p=316"},"modified":"2020-06-18T14:32:43","modified_gmt":"2020-06-18T19:32:43","slug":"gobernador-de-puebla-senala-que-se-ha-respondido-a-emergencia-sanitaria-con-suficiencia-hospitalaria","status":"publish","type":"post","link":"https:\/\/thepueblatimes.mx\/index.php\/2020\/06\/18\/gobernador-de-puebla-senala-que-se-ha-respondido-a-emergencia-sanitaria-con-suficiencia-hospitalaria\/","title":{"rendered":"Gobernador de Puebla se\u00f1ala que se ha respondido a emergencia sanitaria con suficiencia hospitalaria"},"content":{"rendered":"<p>En Puebla se ha respondido con suficiencia a las necesidades de hospitalizaci\u00f3n por Covid-19, sin embargo, si la curva de contagios no se estabiliza y no desciende, la entidad enfrentar\u00e1 un momento dif\u00edcil en esta materia, advirti\u00f3 el gobernador Miguel Barbosa Huerta.<\/p>\n<p>En la habitual conferencia de prensa virtual que ofrece en Casa Aguayo, Barbosa Huerta report\u00f3 421 nuevos contagios de coronavirus en las \u00faltimas 48 horas, as\u00ed como 42 defunciones y 510 muestras en proceso; reconoci\u00f3 que Puebla atraviesa por la etapa m\u00e1s complicada en esta pandemia.<\/p>\n<p><img decoding=\"async\" loading=\"lazy\" class=\"alignnone wp-image-335 size-full\" src=\"https:\/\/thepueblatimes.mx\/wp-content\/uploads\/2020\/06\/WhatsApp-Image-2020-06-18-at-12.43.25-PM.jpeg\" alt=\"\" width=\"1280\" height=\"979\" srcset=\"https:\/\/thepueblatimes.mx\/wp-content\/uploads\/2020\/06\/WhatsApp-Image-2020-06-18-at-12.43.25-PM.jpeg 1280w, https:\/\/thepueblatimes.mx\/wp-content\/uploads\/2020\/06\/WhatsApp-Image-2020-06-18-at-12.43.25-PM-300x229.jpeg 300w, https:\/\/thepueblatimes.mx\/wp-content\/uploads\/2020\/06\/WhatsApp-Image-2020-06-18-at-12.43.25-PM-1024x783.jpeg 1024w, https:\/\/thepueblatimes.mx\/wp-content\/uploads\/2020\/06\/WhatsApp-Image-2020-06-18-at-12.43.25-PM-768x587.jpeg 768w, https:\/\/thepueblatimes.mx\/wp-content\/uploads\/2020\/06\/WhatsApp-Image-2020-06-18-at-12.43.25-PM-696x532.jpeg 696w, https:\/\/thepueblatimes.mx\/wp-content\/uploads\/2020\/06\/WhatsApp-Image-2020-06-18-at-12.43.25-PM-1068x817.jpeg 1068w\" sizes=\"(max-width: 1280px) 100vw, 1280px\" \/><\/p>\n<p>Por lo anterior, el mandatario estatal llam\u00f3 al confinamiento a aquellas poblanas y poblanos que puedan hacerlo, al uso de cubrebocas y a mantener la sana distancia.<\/p>\n<p>Acompa\u00f1ado por el secretario de Gobernaci\u00f3n, David M\u00e9ndez M\u00e1rquez, destac\u00f3 que la entidad cuenta con una reforzada infraestructura hospitalaria y report\u00f3 que su administraci\u00f3n ha adquirido casi 200 ventiladores y camas de terapia intensiva para atender a los pacientes con esta enfermedad.<\/p>\n<p>Por \u00faltimo, aprovech\u00f3 la ocasi\u00f3n para celebrar las expresiones de apoyo hacia Puebla que el presidente Andr\u00e9s Manuel L\u00f3pez Obrador hizo el pasado martes durante su gira de trabajo por la entidad.<\/p>\n","protected":false},"excerpt":{"rendered":"<p>En Puebla se ha respondido con suficiencia a las necesidades de hospitalizaci\u00f3n por Covid-19, sin embargo, si la curva de contagios no se estabiliza y no desciende, la entidad enfrentar\u00e1 un momento dif\u00edcil en esta materia, advirti\u00f3 el gobernador Miguel Barbosa Huerta. En la habitual conferencia de prensa virtual que ofrece en Casa Aguayo, Barbosa&#8230;<\/p>\n","protected":false},"author":4,"featured_media":334,"comment_status":"open","ping_status":"open","sticky":false,"template":"","format":"standard","meta":[],"categories":[2],"tags":[109,108,49],"yoast_head":"<!-- This site is optimized with the Yoast SEO plugin v20.8 - https:\/\/yoast.com\/wordpress\/plugins\/seo\/ -->\n<title>Gobernador de Puebla se\u00f1ala que se ha respondido a emergencia sanitaria con suficiencia hospitalaria - The Puebla Times<\/title>\n<meta name=\"robots\" content=\"index, follow, max-snippet:-1, max-image-preview:large, max-video-preview:-1\" \/>\n<link rel=\"canonical\" href=\"https:\/\/thepueblatimes.mx\/index.php\/2020\/06\/18\/gobernador-de-puebla-senala-que-se-ha-respondido-a-emergencia-sanitaria-con-suficiencia-hospitalaria\/\" \/>\n<meta property=\"og:locale\" content=\"es_ES\" \/>\n<meta property=\"og:type\" content=\"article\" \/>\n<meta property=\"og:title\" content=\"Gobernador de Puebla se\u00f1ala que se ha respondido a emergencia sanitaria con suficiencia hospitalaria - The Puebla Times\" \/>\n<meta property=\"og:description\" content=\"En Puebla se ha respondido con suficiencia a las necesidades de hospitalizaci\u00f3n por Covid-19, sin embargo, si la curva de contagios no se estabiliza y no desciende, la entidad enfrentar\u00e1 un momento dif\u00edcil en esta materia, advirti\u00f3 el gobernador Miguel Barbosa Huerta. En la habitual conferencia de prensa virtual que ofrece en Casa Aguayo, Barbosa...\" \/>\n<meta property=\"og:url\" content=\"https:\/\/thepueblatimes.mx\/index.php\/2020\/06\/18\/gobernador-de-puebla-senala-que-se-ha-respondido-a-emergencia-sanitaria-con-suficiencia-hospitalaria\/\" \/>\n<meta property=\"og:site_name\" content=\"The Puebla Times\" \/>\n<meta property=\"article:published_time\" content=\"2020-06-18T19:32:43+00:00\" \/>\n<meta property=\"og:image\" content=\"https:\/\/thepueblatimes.mx\/wp-content\/uploads\/2020\/06\/Screenshot-2020-06-18-at-14.28.57.png\" \/>\n\t<meta property=\"og:image:width\" content=\"749\" \/>\n\t<meta property=\"og:image:height\" content=\"374\" \/>\n\t<meta property=\"og:image:type\" content=\"image\/png\" \/>\n<meta name=\"author\" content=\"Marcos Guevara\" \/>\n<meta name=\"twitter:card\" content=\"summary_large_image\" \/>\n<meta name=\"twitter:label1\" content=\"Escrito por\" \/>\n\t<meta name=\"twitter:data1\" content=\"Marcos Guevara\" \/>\n\t<meta name=\"twitter:label2\" content=\"Tiempo de lectura\" \/>\n\t<meta name=\"twitter:data2\" content=\"1 minuto\" \/>\n<script type=\"application\/ld+json\" class=\"yoast-schema-graph\">{\"@context\":\"https:\/\/schema.org\",\"@graph\":[{\"@type\":\"WebPage\",\"@id\":\"https:\/\/thepueblatimes.mx\/index.php\/2020\/06\/18\/gobernador-de-puebla-senala-que-se-ha-respondido-a-emergencia-sanitaria-con-suficiencia-hospitalaria\/\",\"url\":\"https:\/\/thepueblatimes.mx\/index.php\/2020\/06\/18\/gobernador-de-puebla-senala-que-se-ha-respondido-a-emergencia-sanitaria-con-suficiencia-hospitalaria\/\",\"name\":\"Gobernador de Puebla se\u00f1ala que se ha respondido a emergencia sanitaria con suficiencia hospitalaria - The Puebla Times\",\"isPartOf\":{\"@id\":\"https:\/\/thepueblatimes.mx\/#website\"},\"datePublished\":\"2020-06-18T19:32:43+00:00\",\"dateModified\":\"2020-06-18T19:32:43+00:00\",\"author\":{\"@id\":\"https:\/\/thepueblatimes.mx\/#\/schema\/person\/adbf065ee889f68194977e3499c4a51e\"},\"breadcrumb\":{\"@id\":\"https:\/\/thepueblatimes.mx\/index.php\/2020\/06\/18\/gobernador-de-puebla-senala-que-se-ha-respondido-a-emergencia-sanitaria-con-suficiencia-hospitalaria\/#breadcrumb\"},\"inLanguage\":\"es\",\"potentialAction\":[{\"@type\":\"ReadAction\",\"target\":[\"https:\/\/thepueblatimes.mx\/index.php\/2020\/06\/18\/gobernador-de-puebla-senala-que-se-ha-respondido-a-emergencia-sanitaria-con-suficiencia-hospitalaria\/\"]}]},{\"@type\":\"BreadcrumbList\",\"@id\":\"https:\/\/thepueblatimes.mx\/index.php\/2020\/06\/18\/gobernador-de-puebla-senala-que-se-ha-respondido-a-emergencia-sanitaria-con-suficiencia-hospitalaria\/#breadcrumb\",\"itemListElement\":[{\"@type\":\"ListItem\",\"position\":1,\"name\":\"Portada\",\"item\":\"https:\/\/thepueblatimes.mx\/\"},{\"@type\":\"ListItem\",\"position\":2,\"name\":\"Gobernador de Puebla se\u00f1ala que se ha respondido a emergencia sanitaria con suficiencia hospitalaria\"}]},{\"@type\":\"WebSite\",\"@id\":\"https:\/\/thepueblatimes.mx\/#website\",\"url\":\"https:\/\/thepueblatimes.mx\/\",\"name\":\"The Puebla Times\",\"description\":\"Noticias del Estado de Puebla\",\"potentialAction\":[{\"@type\":\"SearchAction\",\"target\":{\"@type\":\"EntryPoint\",\"urlTemplate\":\"https:\/\/thepueblatimes.mx\/?s={search_term_string}\"},\"query-input\":\"required name=search_term_string\"}],\"inLanguage\":\"es\"},{\"@type\":\"Person\",\"@id\":\"https:\/\/thepueblatimes.mx\/#\/schema\/person\/adbf065ee889f68194977e3499c4a51e\",\"name\":\"Marcos Guevara\",\"image\":{\"@type\":\"ImageObject\",\"inLanguage\":\"es\",\"@id\":\"https:\/\/thepueblatimes.mx\/#\/schema\/person\/image\/\",\"url\":\"https:\/\/secure.gravatar.com\/avatar\/c5d5853d70a8cf178bdfd28c1b8cdcdd?s=96&d=mm&r=g\",\"contentUrl\":\"https:\/\/secure.gravatar.com\/avatar\/c5d5853d70a8cf178bdfd28c1b8cdcdd?s=96&d=mm&r=g\",\"caption\":\"Marcos Guevara\"},\"url\":\"https:\/\/thepueblatimes.mx\/index.php\/author\/marcos-guevara\/\"}]}<\/script>\n<!-- \/ Yoast SEO plugin. -->","yoast_head_json":{"title":"Gobernador de Puebla se\u00f1ala que se ha respondido a emergencia sanitaria con suficiencia hospitalaria - The Puebla Times","robots":{"index":"index","follow":"follow","max-snippet":"max-snippet:-1","max-image-preview":"max-image-preview:large","max-video-preview":"max-video-preview:-1"},"canonical":"https:\/\/thepueblatimes.mx\/index.php\/2020\/06\/18\/gobernador-de-puebla-senala-que-se-ha-respondido-a-emergencia-sanitaria-con-suficiencia-hospitalaria\/","og_locale":"es_ES","og_type":"article","og_title":"Gobernador de Puebla se\u00f1ala que se ha respondido a emergencia sanitaria con suficiencia hospitalaria - The Puebla Times","og_description":"En Puebla se ha respondido con suficiencia a las necesidades de hospitalizaci\u00f3n por Covid-19, sin embargo, si la curva de contagios no se estabiliza y no desciende, la entidad enfrentar\u00e1 un momento dif\u00edcil en esta materia, advirti\u00f3 el gobernador Miguel Barbosa Huerta. En la habitual conferencia de prensa virtual que ofrece en Casa Aguayo, Barbosa...","og_url":"https:\/\/thepueblatimes.mx\/index.php\/2020\/06\/18\/gobernador-de-puebla-senala-que-se-ha-respondido-a-emergencia-sanitaria-con-suficiencia-hospitalaria\/","og_site_name":"The Puebla Times","article_published_time":"2020-06-18T19:32:43+00:00","og_image":[{"width":749,"height":374,"url":"https:\/\/thepueblatimes.mx\/wp-content\/uploads\/2020\/06\/Screenshot-2020-06-18-at-14.28.57.png","type":"image\/png"}],"author":"Marcos Guevara","twitter_card":"summary_large_image","twitter_misc":{"Escrito por":"Marcos Guevara","Tiempo de lectura":"1 minuto"},"schema":{"@context":"https:\/\/schema.org","@graph":[{"@type":"WebPage","@id":"https:\/\/thepueblatimes.mx\/index.php\/2020\/06\/18\/gobernador-de-puebla-senala-que-se-ha-respondido-a-emergencia-sanitaria-con-suficiencia-hospitalaria\/","url":"https:\/\/thepueblatimes.mx\/index.php\/2020\/06\/18\/gobernador-de-puebla-senala-que-se-ha-respondido-a-emergencia-sanitaria-con-suficiencia-hospitalaria\/","name":"Gobernador de Puebla se\u00f1ala que se ha respondido a emergencia sanitaria con suficiencia hospitalaria - The Puebla Times","isPartOf":{"@id":"https:\/\/thepueblatimes.mx\/#website"},"datePublished":"2020-06-18T19:32:43+00:00","dateModified":"2020-06-18T19:32:43+00:00","author":{"@id":"https:\/\/thepueblatimes.mx\/#\/schema\/person\/adbf065ee889f68194977e3499c4a51e"},"breadcrumb":{"@id":"https:\/\/thepueblatimes.mx\/index.php\/2020\/06\/18\/gobernador-de-puebla-senala-que-se-ha-respondido-a-emergencia-sanitaria-con-suficiencia-hospitalaria\/#breadcrumb"},"inLanguage":"es","potentialAction":[{"@type":"ReadAction","target":["https:\/\/thepueblatimes.mx\/index.php\/2020\/06\/18\/gobernador-de-puebla-senala-que-se-ha-respondido-a-emergencia-sanitaria-con-suficiencia-hospitalaria\/"]}]},{"@type":"BreadcrumbList","@id":"https:\/\/thepueblatimes.mx\/index.php\/2020\/06\/18\/gobernador-de-puebla-senala-que-se-ha-respondido-a-emergencia-sanitaria-con-suficiencia-hospitalaria\/#breadcrumb","itemListElement":[{"@type":"ListItem","position":1,"name":"Portada","item":"https:\/\/thepueblatimes.mx\/"},{"@type":"ListItem","position":2,"name":"Gobernador de Puebla se\u00f1ala que se ha respondido a emergencia sanitaria con suficiencia hospitalaria"}]},{"@type":"WebSite","@id":"https:\/\/thepueblatimes.mx\/#website","url":"https:\/\/thepueblatimes.mx\/","name":"The Puebla Times","description":"Noticias del Estado de Puebla","potentialAction":[{"@type":"SearchAction","target":{"@type":"EntryPoint","urlTemplate":"https:\/\/thepueblatimes.mx\/?s={search_term_string}"},"query-input":"required name=search_term_string"}],"inLanguage":"es"},{"@type":"Person","@id":"https:\/\/thepueblatimes.mx\/#\/schema\/person\/adbf065ee889f68194977e3499c4a51e","name":"Marcos Guevara","image":{"@type":"ImageObject","inLanguage":"es","@id":"https:\/\/thepueblatimes.mx\/#\/schema\/person\/image\/","url":"https:\/\/secure.gravatar.com\/avatar\/c5d5853d70a8cf178bdfd28c1b8cdcdd?s=96&d=mm&r=g","contentUrl":"https:\/\/secure.gravatar.com\/avatar\/c5d5853d70a8cf178bdfd28c1b8cdcdd?s=96&d=mm&r=g","caption":"Marcos Guevara"},"url":"https:\/\/thepueblatimes.mx\/index.php\/author\/marcos-guevara\/"}]}},"jetpack_featured_media_url":"https:\/\/thepueblatimes.mx\/wp-content\/uploads\/2020\/06\/Screenshot-2020-06-18-at-14.28.57.png","_links":{"self":[{"href":"https:\/\/thepueblatimes.mx\/index.php\/wp-json\/wp\/v2\/posts\/316"}],"collection":[{"href":"https:\/\/thepueblatimes.mx\/index.php\/wp-json\/wp\/v2\/posts"}],"about":[{"href":"https:\/\/thepueblatimes.mx\/index.php\/wp-json\/wp\/v2\/types\/post"}],"author":[{"embeddable":true,"href":"https:\/\/thepueblatimes.mx\/index.php\/wp-json\/wp\/v2\/users\/4"}],"replies":[{"embeddable":true,"href":"https:\/\/thepueblatimes.mx\/index.php\/wp-json\/wp\/v2\/comments?post=316"}],"version-history":[{"count":1,"href":"https:\/\/thepueblatimes.mx\/index.php\/wp-json\/wp\/v2\/posts\/316\/revisions"}],"predecessor-version":[{"id":337,"href":"https:\/\/thepueblatimes.mx\/index.php\/wp-json\/wp\/v2\/posts\/316\/revisions\/337"}],"wp:featuredmedia":[{"embeddable":true,"href":"https:\/\/thepueblatimes.mx\/index.php\/wp-json\/wp\/v2\/media\/334"}],"wp:attachment":[{"href":"https:\/\/thepueblatimes.mx\/index.php\/wp-json\/wp\/v2\/media?parent=316"}],"wp:term":[{"taxonomy":"category","embeddable":true,"href":"https:\/\/thepueblatimes.mx\/index.php\/wp-json\/wp\/v2\/categories?post=316"},{"taxonomy":"post_tag","embeddable":true,"href":"https:\/\/thepueblatimes.mx\/index.php\/wp-json\/wp\/v2\/tags?post=316"}],"curies":[{"name":"wp","href":"https:\/\/api.w.org\/{rel}","templated":true}]}}