{"id":31504,"date":"2025-07-03T15:09:52","date_gmt":"2025-07-03T21:09:52","guid":{"rendered":"https:\/\/thepueblatimes.mx\/?p=31504"},"modified":"2025-07-03T15:09:52","modified_gmt":"2025-07-03T21:09:52","slug":"dialogan-en-comision-del-congreso-sobre-comunicacion-de-la-ciencia-politica-cientifica","status":"publish","type":"post","link":"https:\/\/thepueblatimes.mx\/index.php\/2025\/07\/03\/dialogan-en-comision-del-congreso-sobre-comunicacion-de-la-ciencia-politica-cientifica\/","title":{"rendered":"Dialogan en Comisi\u00f3n del Congreso sobre Comunicaci\u00f3n de la Ciencia Pol\u00edtica Cient\u00edfica"},"content":{"rendered":"<p>En sesi\u00f3n de la Comisi\u00f3n de Comunicaciones e Infraestructura se llev\u00f3 a cabo la exposici\u00f3n del tema \u201cComunicaci\u00f3n de la Ciencia en la Pol\u00edtica Cient\u00edfica de M\u00e9xico, el caso del Honorable Congreso del Estado de Puebla\u201d, donde las y los diputados destacaron la importancia de tender puentes de di\u00e1logo con la ciudadan\u00eda para compartir el conocimiento.<\/p>\n<p>&nbsp;<\/p>\n<p>En su participaci\u00f3n, la diputada Norma Estela Pimentel M\u00e9ndez destac\u00f3 que el Congreso del Estado cuenta con el Instituto de Investigaciones Legislativas, Financieras y Socioecon\u00f3micas al que pueden acercarse las y los interesados; adem\u00e1s, resalt\u00f3 la necesidad de trabajar para generar un mayor impacto en la ciudadan\u00eda a trav\u00e9s del trabajo legislativo.<\/p>\n<p>&nbsp;<\/p>\n<p>La exposici\u00f3n del tema \u201cComunicaci\u00f3n de la Ciencia en la Pol\u00edtica Cient\u00edfica de M\u00e9xico, el caso del Honorable Congreso del Estado de Puebla\u201d estuvo a cargo de la acad\u00e9mica Lourdes Mateos Espejel, quien puso \u00e9nfasis en el proceso de la comunicaci\u00f3n para la divulgaci\u00f3n del conocimiento.<\/p>\n<p>&nbsp;<\/p>\n<p>En sus participaciones, los diputados Roberto Zatar\u00e1in Leal y Oscar Mauricio C\u00e9spedes Peregrina preguntaron a la especialista cu\u00e1les son los principales retos en este rubro y c\u00f3mo fortalecer la comunicaci\u00f3n hacia las y los j\u00f3venes para que conozcan el trabajo legislativo.<\/p>\n<p>&nbsp;<\/p>\n<p>Al respecto, Lourdes Mateos indic\u00f3 que es necesario divulgar el conocimiento generado desde el Congreso en distintos tipos de codificaci\u00f3n, precisando \u2013para todas las personas sin distingo de edad o grupo social\u2014 c\u00f3mo afectan las Leyes en su vida diaria.<\/p>\n<p>&nbsp;<\/p>\n<p>Durante la sesi\u00f3n estuvieron presentes las y los diputados Norma Estela Pimentel M\u00e9ndez, Fedrha Isabel Suriano Corrales, Roberto Zatar\u00e1in Leal, Oscar Mauricio C\u00e9spedes Peregrina, Marcos Castro Mart\u00ednez y Andr\u00e9s Iv\u00e1n Villegas Mendoza.<\/p>\n","protected":false},"excerpt":{"rendered":"<p>En sesi\u00f3n de la Comisi\u00f3n de Comunicaciones e Infraestructura se llev\u00f3 a cabo la exposici\u00f3n del tema \u201cComunicaci\u00f3n de la Ciencia en la Pol\u00edtica Cient\u00edfica de M\u00e9xico, el caso del Honorable Congreso del Estado de Puebla\u201d, donde las y los diputados destacaron la importancia de tender puentes de di\u00e1logo con la ciudadan\u00eda para compartir el&#8230;<\/p>\n","protected":false},"author":16,"featured_media":31505,"comment_status":"closed","ping_status":"closed","sticky":false,"template":"","format":"standard","meta":[],"categories":[3],"tags":[1480,1271],"yoast_head":"<!-- This site is optimized with the Yoast SEO plugin v20.8 - https:\/\/yoast.com\/wordpress\/plugins\/seo\/ -->\n<title>Dialogan en Comisi\u00f3n del Congreso sobre Comunicaci\u00f3n de la Ciencia Pol\u00edtica Cient\u00edfica - The Puebla Times<\/title>\n<meta name=\"robots\" content=\"index, follow, max-snippet:-1, max-image-preview:large, max-video-preview:-1\" \/>\n<link rel=\"canonical\" href=\"https:\/\/thepueblatimes.mx\/index.php\/2025\/07\/03\/dialogan-en-comision-del-congreso-sobre-comunicacion-de-la-ciencia-politica-cientifica\/\" \/>\n<meta property=\"og:locale\" content=\"es_ES\" \/>\n<meta property=\"og:type\" content=\"article\" \/>\n<meta property=\"og:title\" content=\"Dialogan en Comisi\u00f3n del Congreso sobre Comunicaci\u00f3n de la Ciencia Pol\u00edtica Cient\u00edfica - The Puebla Times\" \/>\n<meta property=\"og:description\" content=\"En sesi\u00f3n de la Comisi\u00f3n de Comunicaciones e Infraestructura se llev\u00f3 a cabo la exposici\u00f3n del tema \u201cComunicaci\u00f3n de la Ciencia en la Pol\u00edtica Cient\u00edfica de M\u00e9xico, el caso del Honorable Congreso del Estado de Puebla\u201d, donde las y los diputados destacaron la importancia de tender puentes de di\u00e1logo con la ciudadan\u00eda para compartir el...\" \/>\n<meta property=\"og:url\" content=\"https:\/\/thepueblatimes.mx\/index.php\/2025\/07\/03\/dialogan-en-comision-del-congreso-sobre-comunicacion-de-la-ciencia-politica-cientifica\/\" \/>\n<meta property=\"og:site_name\" content=\"The Puebla Times\" \/>\n<meta property=\"article:published_time\" content=\"2025-07-03T21:09:52+00:00\" \/>\n<meta property=\"og:image\" content=\"https:\/\/thepueblatimes.mx\/wp-content\/uploads\/2025\/07\/WhatsApp-Image-2025-07-02-at-17.13.50-scaled.jpeg\" \/>\n\t<meta property=\"og:image:width\" content=\"2560\" \/>\n\t<meta property=\"og:image:height\" content=\"1627\" \/>\n\t<meta property=\"og:image:type\" content=\"image\/jpeg\" \/>\n<meta name=\"author\" content=\"Sa\u00fal Hern\u00e1ndez\" \/>\n<meta name=\"twitter:card\" content=\"summary_large_image\" \/>\n<meta name=\"twitter:label1\" content=\"Escrito por\" \/>\n\t<meta name=\"twitter:data1\" content=\"Sa\u00fal Hern\u00e1ndez\" \/>\n\t<meta name=\"twitter:label2\" content=\"Tiempo de lectura\" \/>\n\t<meta name=\"twitter:data2\" content=\"2 minutos\" \/>\n<script type=\"application\/ld+json\" class=\"yoast-schema-graph\">{\"@context\":\"https:\/\/schema.org\",\"@graph\":[{\"@type\":\"WebPage\",\"@id\":\"https:\/\/thepueblatimes.mx\/index.php\/2025\/07\/03\/dialogan-en-comision-del-congreso-sobre-comunicacion-de-la-ciencia-politica-cientifica\/\",\"url\":\"https:\/\/thepueblatimes.mx\/index.php\/2025\/07\/03\/dialogan-en-comision-del-congreso-sobre-comunicacion-de-la-ciencia-politica-cientifica\/\",\"name\":\"Dialogan en Comisi\u00f3n del Congreso sobre Comunicaci\u00f3n de la Ciencia Pol\u00edtica Cient\u00edfica - The Puebla Times\",\"isPartOf\":{\"@id\":\"https:\/\/thepueblatimes.mx\/#website\"},\"datePublished\":\"2025-07-03T21:09:52+00:00\",\"dateModified\":\"2025-07-03T21:09:52+00:00\",\"author\":{\"@id\":\"https:\/\/thepueblatimes.mx\/#\/schema\/person\/1664894c2f65ce2c7a08d8f5f905c13c\"},\"breadcrumb\":{\"@id\":\"https:\/\/thepueblatimes.mx\/index.php\/2025\/07\/03\/dialogan-en-comision-del-congreso-sobre-comunicacion-de-la-ciencia-politica-cientifica\/#breadcrumb\"},\"inLanguage\":\"es\",\"potentialAction\":[{\"@type\":\"ReadAction\",\"target\":[\"https:\/\/thepueblatimes.mx\/index.php\/2025\/07\/03\/dialogan-en-comision-del-congreso-sobre-comunicacion-de-la-ciencia-politica-cientifica\/\"]}]},{\"@type\":\"BreadcrumbList\",\"@id\":\"https:\/\/thepueblatimes.mx\/index.php\/2025\/07\/03\/dialogan-en-comision-del-congreso-sobre-comunicacion-de-la-ciencia-politica-cientifica\/#breadcrumb\",\"itemListElement\":[{\"@type\":\"ListItem\",\"position\":1,\"name\":\"Portada\",\"item\":\"https:\/\/thepueblatimes.mx\/\"},{\"@type\":\"ListItem\",\"position\":2,\"name\":\"Dialogan en Comisi\u00f3n del Congreso sobre Comunicaci\u00f3n de la Ciencia Pol\u00edtica Cient\u00edfica\"}]},{\"@type\":\"WebSite\",\"@id\":\"https:\/\/thepueblatimes.mx\/#website\",\"url\":\"https:\/\/thepueblatimes.mx\/\",\"name\":\"The Puebla Times\",\"description\":\"Noticias del Estado de Puebla\",\"potentialAction\":[{\"@type\":\"SearchAction\",\"target\":{\"@type\":\"EntryPoint\",\"urlTemplate\":\"https:\/\/thepueblatimes.mx\/?s={search_term_string}\"},\"query-input\":\"required name=search_term_string\"}],\"inLanguage\":\"es\"},{\"@type\":\"Person\",\"@id\":\"https:\/\/thepueblatimes.mx\/#\/schema\/person\/1664894c2f65ce2c7a08d8f5f905c13c\",\"name\":\"Sa\u00fal Hern\u00e1ndez\",\"image\":{\"@type\":\"ImageObject\",\"inLanguage\":\"es\",\"@id\":\"https:\/\/thepueblatimes.mx\/#\/schema\/person\/image\/\",\"url\":\"https:\/\/secure.gravatar.com\/avatar\/11be338693f243309532caad8f10c930?s=96&d=mm&r=g\",\"contentUrl\":\"https:\/\/secure.gravatar.com\/avatar\/11be338693f243309532caad8f10c930?s=96&d=mm&r=g\",\"caption\":\"Sa\u00fal Hern\u00e1ndez\"},\"url\":\"https:\/\/thepueblatimes.mx\/index.php\/author\/saulhernandez\/\"}]}<\/script>\n<!-- \/ Yoast SEO plugin. -->","yoast_head_json":{"title":"Dialogan en Comisi\u00f3n del Congreso sobre Comunicaci\u00f3n de la Ciencia Pol\u00edtica Cient\u00edfica - The Puebla Times","robots":{"index":"index","follow":"follow","max-snippet":"max-snippet:-1","max-image-preview":"max-image-preview:large","max-video-preview":"max-video-preview:-1"},"canonical":"https:\/\/thepueblatimes.mx\/index.php\/2025\/07\/03\/dialogan-en-comision-del-congreso-sobre-comunicacion-de-la-ciencia-politica-cientifica\/","og_locale":"es_ES","og_type":"article","og_title":"Dialogan en Comisi\u00f3n del Congreso sobre Comunicaci\u00f3n de la Ciencia Pol\u00edtica Cient\u00edfica - The Puebla Times","og_description":"En sesi\u00f3n de la Comisi\u00f3n de Comunicaciones e Infraestructura se llev\u00f3 a cabo la exposici\u00f3n del tema \u201cComunicaci\u00f3n de la Ciencia en la Pol\u00edtica Cient\u00edfica de M\u00e9xico, el caso del Honorable Congreso del Estado de Puebla\u201d, donde las y los diputados destacaron la importancia de tender puentes de di\u00e1logo con la ciudadan\u00eda para compartir el...","og_url":"https:\/\/thepueblatimes.mx\/index.php\/2025\/07\/03\/dialogan-en-comision-del-congreso-sobre-comunicacion-de-la-ciencia-politica-cientifica\/","og_site_name":"The Puebla Times","article_published_time":"2025-07-03T21:09:52+00:00","og_image":[{"width":2560,"height":1627,"url":"https:\/\/thepueblatimes.mx\/wp-content\/uploads\/2025\/07\/WhatsApp-Image-2025-07-02-at-17.13.50-scaled.jpeg","type":"image\/jpeg"}],"author":"Sa\u00fal Hern\u00e1ndez","twitter_card":"summary_large_image","twitter_misc":{"Escrito por":"Sa\u00fal Hern\u00e1ndez","Tiempo de lectura":"2 minutos"},"schema":{"@context":"https:\/\/schema.org","@graph":[{"@type":"WebPage","@id":"https:\/\/thepueblatimes.mx\/index.php\/2025\/07\/03\/dialogan-en-comision-del-congreso-sobre-comunicacion-de-la-ciencia-politica-cientifica\/","url":"https:\/\/thepueblatimes.mx\/index.php\/2025\/07\/03\/dialogan-en-comision-del-congreso-sobre-comunicacion-de-la-ciencia-politica-cientifica\/","name":"Dialogan en Comisi\u00f3n del Congreso sobre Comunicaci\u00f3n de la Ciencia Pol\u00edtica Cient\u00edfica - The Puebla Times","isPartOf":{"@id":"https:\/\/thepueblatimes.mx\/#website"},"datePublished":"2025-07-03T21:09:52+00:00","dateModified":"2025-07-03T21:09:52+00:00","author":{"@id":"https:\/\/thepueblatimes.mx\/#\/schema\/person\/1664894c2f65ce2c7a08d8f5f905c13c"},"breadcrumb":{"@id":"https:\/\/thepueblatimes.mx\/index.php\/2025\/07\/03\/dialogan-en-comision-del-congreso-sobre-comunicacion-de-la-ciencia-politica-cientifica\/#breadcrumb"},"inLanguage":"es","potentialAction":[{"@type":"ReadAction","target":["https:\/\/thepueblatimes.mx\/index.php\/2025\/07\/03\/dialogan-en-comision-del-congreso-sobre-comunicacion-de-la-ciencia-politica-cientifica\/"]}]},{"@type":"BreadcrumbList","@id":"https:\/\/thepueblatimes.mx\/index.php\/2025\/07\/03\/dialogan-en-comision-del-congreso-sobre-comunicacion-de-la-ciencia-politica-cientifica\/#breadcrumb","itemListElement":[{"@type":"ListItem","position":1,"name":"Portada","item":"https:\/\/thepueblatimes.mx\/"},{"@type":"ListItem","position":2,"name":"Dialogan en Comisi\u00f3n del Congreso sobre Comunicaci\u00f3n de la Ciencia Pol\u00edtica Cient\u00edfica"}]},{"@type":"WebSite","@id":"https:\/\/thepueblatimes.mx\/#website","url":"https:\/\/thepueblatimes.mx\/","name":"The Puebla Times","description":"Noticias del Estado de Puebla","potentialAction":[{"@type":"SearchAction","target":{"@type":"EntryPoint","urlTemplate":"https:\/\/thepueblatimes.mx\/?s={search_term_string}"},"query-input":"required name=search_term_string"}],"inLanguage":"es"},{"@type":"Person","@id":"https:\/\/thepueblatimes.mx\/#\/schema\/person\/1664894c2f65ce2c7a08d8f5f905c13c","name":"Sa\u00fal Hern\u00e1ndez","image":{"@type":"ImageObject","inLanguage":"es","@id":"https:\/\/thepueblatimes.mx\/#\/schema\/person\/image\/","url":"https:\/\/secure.gravatar.com\/avatar\/11be338693f243309532caad8f10c930?s=96&d=mm&r=g","contentUrl":"https:\/\/secure.gravatar.com\/avatar\/11be338693f243309532caad8f10c930?s=96&d=mm&r=g","caption":"Sa\u00fal Hern\u00e1ndez"},"url":"https:\/\/thepueblatimes.mx\/index.php\/author\/saulhernandez\/"}]}},"jetpack_featured_media_url":"https:\/\/thepueblatimes.mx\/wp-content\/uploads\/2025\/07\/WhatsApp-Image-2025-07-02-at-17.13.50-scaled.jpeg","_links":{"self":[{"href":"https:\/\/thepueblatimes.mx\/index.php\/wp-json\/wp\/v2\/posts\/31504"}],"collection":[{"href":"https:\/\/thepueblatimes.mx\/index.php\/wp-json\/wp\/v2\/posts"}],"about":[{"href":"https:\/\/thepueblatimes.mx\/index.php\/wp-json\/wp\/v2\/types\/post"}],"author":[{"embeddable":true,"href":"https:\/\/thepueblatimes.mx\/index.php\/wp-json\/wp\/v2\/users\/16"}],"replies":[{"embeddable":true,"href":"https:\/\/thepueblatimes.mx\/index.php\/wp-json\/wp\/v2\/comments?post=31504"}],"version-history":[{"count":1,"href":"https:\/\/thepueblatimes.mx\/index.php\/wp-json\/wp\/v2\/posts\/31504\/revisions"}],"predecessor-version":[{"id":31506,"href":"https:\/\/thepueblatimes.mx\/index.php\/wp-json\/wp\/v2\/posts\/31504\/revisions\/31506"}],"wp:featuredmedia":[{"embeddable":true,"href":"https:\/\/thepueblatimes.mx\/index.php\/wp-json\/wp\/v2\/media\/31505"}],"wp:attachment":[{"href":"https:\/\/thepueblatimes.mx\/index.php\/wp-json\/wp\/v2\/media?parent=31504"}],"wp:term":[{"taxonomy":"category","embeddable":true,"href":"https:\/\/thepueblatimes.mx\/index.php\/wp-json\/wp\/v2\/categories?post=31504"},{"taxonomy":"post_tag","embeddable":true,"href":"https:\/\/thepueblatimes.mx\/index.php\/wp-json\/wp\/v2\/tags?post=31504"}],"curies":[{"name":"wp","href":"https:\/\/api.w.org\/{rel}","templated":true}]}}