{"id":31469,"date":"2025-07-02T15:26:16","date_gmt":"2025-07-02T21:26:16","guid":{"rendered":"https:\/\/thepueblatimes.mx\/?p=31469"},"modified":"2025-07-02T15:26:16","modified_gmt":"2025-07-02T21:26:16","slug":"destaca-laura-artemisa-voluntad-de-construir-acuerdos-para-reformas-en-materia-de-ciberseguridad","status":"publish","type":"post","link":"https:\/\/thepueblatimes.mx\/index.php\/2025\/07\/02\/destaca-laura-artemisa-voluntad-de-construir-acuerdos-para-reformas-en-materia-de-ciberseguridad\/","title":{"rendered":"Destaca Laura Artemisa voluntad de construir acuerdos para reformas en materia de ciberseguridad"},"content":{"rendered":"<h3><em>&#8211; Continuar\u00e1 di\u00e1logo para realizar las reformas pertinentes <\/em><\/h3>\n<p>La presidenta de la Junta de Gobierno y Coordinaci\u00f3n Pol\u00edtica del Congreso del Estado, Laura Artemisa Garc\u00eda Ch\u00e1vez destac\u00f3 la voluntad de diputadas y diputados para hacer aportaciones y propuestas a las reformas en materia de ciberseguridad, a fin de proteger a la ciudadan\u00eda en el entorno digital y garantizar la libertad de expresi\u00f3n.<\/p>\n<p>&nbsp;<\/p>\n<p>Durante una mesa de trabajo encabezada por la presidenta de la JUGOCOPO, se present\u00f3 la propuesta para reformar el art\u00edculo 480 del C\u00f3digo Penal del Estado, referente al delito de ciberasedio, para precisar los t\u00e9rminos y alcances de la legislaci\u00f3n. En los pr\u00f3ximos d\u00edas continuar\u00e1 el di\u00e1logo para llevar a cabo las reformas pertinentes.<\/p>\n<p>&nbsp;<\/p>\n<p>La diputada explic\u00f3 que las propuestas derivan de los foros que se realizaron en d\u00edas pasados, as\u00ed como del trabajo conjunto con magistradas y magistrados del Poder Judicial para atender las observaciones respecto a la taxatividad y aplicaci\u00f3n de las reformas.<\/p>\n<p>&nbsp;<\/p>\n<p>\u201cEstamos aqu\u00ed con ustedes, la LXII Legislatura y creo que podemos hacer un extraordinario trabajo, porque a todas y todos nos queda claro que hoy es nuestra responsabilidad no dejar abierta ninguna puerta al futuro, ojal\u00e1 podamos tomar los acuerdos de manera conjunta y con voluntad\u201d, indic\u00f3.<\/p>\n","protected":false},"excerpt":{"rendered":"<p>&#8211; Continuar\u00e1 di\u00e1logo para realizar las reformas pertinentes La presidenta de la Junta de Gobierno y Coordinaci\u00f3n Pol\u00edtica del Congreso del Estado, Laura Artemisa Garc\u00eda Ch\u00e1vez destac\u00f3 la voluntad de diputadas y diputados para hacer aportaciones y propuestas a las reformas en materia de ciberseguridad, a fin de proteger a la ciudadan\u00eda en el entorno&#8230;<\/p>\n","protected":false},"author":16,"featured_media":31470,"comment_status":"closed","ping_status":"closed","sticky":false,"template":"","format":"standard","meta":[],"categories":[3],"tags":[1480,1271],"yoast_head":"<!-- This site is optimized with the Yoast SEO plugin v20.8 - https:\/\/yoast.com\/wordpress\/plugins\/seo\/ -->\n<title>Destaca Laura Artemisa voluntad de construir acuerdos para reformas en materia de ciberseguridad - The Puebla Times<\/title>\n<meta name=\"robots\" content=\"index, follow, max-snippet:-1, max-image-preview:large, max-video-preview:-1\" \/>\n<link rel=\"canonical\" href=\"https:\/\/thepueblatimes.mx\/index.php\/2025\/07\/02\/destaca-laura-artemisa-voluntad-de-construir-acuerdos-para-reformas-en-materia-de-ciberseguridad\/\" \/>\n<meta property=\"og:locale\" content=\"es_ES\" \/>\n<meta property=\"og:type\" content=\"article\" \/>\n<meta property=\"og:title\" content=\"Destaca Laura Artemisa voluntad de construir acuerdos para reformas en materia de ciberseguridad - The Puebla Times\" \/>\n<meta property=\"og:description\" content=\"&#8211; Continuar\u00e1 di\u00e1logo para realizar las reformas pertinentes La presidenta de la Junta de Gobierno y Coordinaci\u00f3n Pol\u00edtica del Congreso del Estado, Laura Artemisa Garc\u00eda Ch\u00e1vez destac\u00f3 la voluntad de diputadas y diputados para hacer aportaciones y propuestas a las reformas en materia de ciberseguridad, a fin de proteger a la ciudadan\u00eda en el entorno...\" \/>\n<meta property=\"og:url\" content=\"https:\/\/thepueblatimes.mx\/index.php\/2025\/07\/02\/destaca-laura-artemisa-voluntad-de-construir-acuerdos-para-reformas-en-materia-de-ciberseguridad\/\" \/>\n<meta property=\"og:site_name\" content=\"The Puebla Times\" \/>\n<meta property=\"article:published_time\" content=\"2025-07-02T21:26:16+00:00\" \/>\n<meta property=\"og:image\" content=\"https:\/\/thepueblatimes.mx\/wp-content\/uploads\/2025\/07\/WhatsApp-Image-2025-07-01-at-19.08.44.jpeg\" \/>\n\t<meta property=\"og:image:width\" content=\"1600\" \/>\n\t<meta property=\"og:image:height\" content=\"1066\" \/>\n\t<meta property=\"og:image:type\" content=\"image\/jpeg\" \/>\n<meta name=\"author\" content=\"Sa\u00fal Hern\u00e1ndez\" \/>\n<meta name=\"twitter:card\" content=\"summary_large_image\" \/>\n<meta name=\"twitter:label1\" content=\"Escrito por\" \/>\n\t<meta name=\"twitter:data1\" content=\"Sa\u00fal Hern\u00e1ndez\" \/>\n\t<meta name=\"twitter:label2\" content=\"Tiempo de lectura\" \/>\n\t<meta name=\"twitter:data2\" content=\"1 minuto\" \/>\n<script type=\"application\/ld+json\" class=\"yoast-schema-graph\">{\"@context\":\"https:\/\/schema.org\",\"@graph\":[{\"@type\":\"WebPage\",\"@id\":\"https:\/\/thepueblatimes.mx\/index.php\/2025\/07\/02\/destaca-laura-artemisa-voluntad-de-construir-acuerdos-para-reformas-en-materia-de-ciberseguridad\/\",\"url\":\"https:\/\/thepueblatimes.mx\/index.php\/2025\/07\/02\/destaca-laura-artemisa-voluntad-de-construir-acuerdos-para-reformas-en-materia-de-ciberseguridad\/\",\"name\":\"Destaca Laura Artemisa voluntad de construir acuerdos para reformas en materia de ciberseguridad - The Puebla Times\",\"isPartOf\":{\"@id\":\"https:\/\/thepueblatimes.mx\/#website\"},\"datePublished\":\"2025-07-02T21:26:16+00:00\",\"dateModified\":\"2025-07-02T21:26:16+00:00\",\"author\":{\"@id\":\"https:\/\/thepueblatimes.mx\/#\/schema\/person\/1664894c2f65ce2c7a08d8f5f905c13c\"},\"breadcrumb\":{\"@id\":\"https:\/\/thepueblatimes.mx\/index.php\/2025\/07\/02\/destaca-laura-artemisa-voluntad-de-construir-acuerdos-para-reformas-en-materia-de-ciberseguridad\/#breadcrumb\"},\"inLanguage\":\"es\",\"potentialAction\":[{\"@type\":\"ReadAction\",\"target\":[\"https:\/\/thepueblatimes.mx\/index.php\/2025\/07\/02\/destaca-laura-artemisa-voluntad-de-construir-acuerdos-para-reformas-en-materia-de-ciberseguridad\/\"]}]},{\"@type\":\"BreadcrumbList\",\"@id\":\"https:\/\/thepueblatimes.mx\/index.php\/2025\/07\/02\/destaca-laura-artemisa-voluntad-de-construir-acuerdos-para-reformas-en-materia-de-ciberseguridad\/#breadcrumb\",\"itemListElement\":[{\"@type\":\"ListItem\",\"position\":1,\"name\":\"Portada\",\"item\":\"https:\/\/thepueblatimes.mx\/\"},{\"@type\":\"ListItem\",\"position\":2,\"name\":\"Destaca Laura Artemisa voluntad de construir acuerdos para reformas en materia de ciberseguridad\"}]},{\"@type\":\"WebSite\",\"@id\":\"https:\/\/thepueblatimes.mx\/#website\",\"url\":\"https:\/\/thepueblatimes.mx\/\",\"name\":\"The Puebla Times\",\"description\":\"Noticias del Estado de Puebla\",\"potentialAction\":[{\"@type\":\"SearchAction\",\"target\":{\"@type\":\"EntryPoint\",\"urlTemplate\":\"https:\/\/thepueblatimes.mx\/?s={search_term_string}\"},\"query-input\":\"required name=search_term_string\"}],\"inLanguage\":\"es\"},{\"@type\":\"Person\",\"@id\":\"https:\/\/thepueblatimes.mx\/#\/schema\/person\/1664894c2f65ce2c7a08d8f5f905c13c\",\"name\":\"Sa\u00fal Hern\u00e1ndez\",\"image\":{\"@type\":\"ImageObject\",\"inLanguage\":\"es\",\"@id\":\"https:\/\/thepueblatimes.mx\/#\/schema\/person\/image\/\",\"url\":\"https:\/\/secure.gravatar.com\/avatar\/11be338693f243309532caad8f10c930?s=96&d=mm&r=g\",\"contentUrl\":\"https:\/\/secure.gravatar.com\/avatar\/11be338693f243309532caad8f10c930?s=96&d=mm&r=g\",\"caption\":\"Sa\u00fal Hern\u00e1ndez\"},\"url\":\"https:\/\/thepueblatimes.mx\/index.php\/author\/saulhernandez\/\"}]}<\/script>\n<!-- \/ Yoast SEO plugin. -->","yoast_head_json":{"title":"Destaca Laura Artemisa voluntad de construir acuerdos para reformas en materia de ciberseguridad - The Puebla Times","robots":{"index":"index","follow":"follow","max-snippet":"max-snippet:-1","max-image-preview":"max-image-preview:large","max-video-preview":"max-video-preview:-1"},"canonical":"https:\/\/thepueblatimes.mx\/index.php\/2025\/07\/02\/destaca-laura-artemisa-voluntad-de-construir-acuerdos-para-reformas-en-materia-de-ciberseguridad\/","og_locale":"es_ES","og_type":"article","og_title":"Destaca Laura Artemisa voluntad de construir acuerdos para reformas en materia de ciberseguridad - The Puebla Times","og_description":"&#8211; Continuar\u00e1 di\u00e1logo para realizar las reformas pertinentes La presidenta de la Junta de Gobierno y Coordinaci\u00f3n Pol\u00edtica del Congreso del Estado, Laura Artemisa Garc\u00eda Ch\u00e1vez destac\u00f3 la voluntad de diputadas y diputados para hacer aportaciones y propuestas a las reformas en materia de ciberseguridad, a fin de proteger a la ciudadan\u00eda en el entorno...","og_url":"https:\/\/thepueblatimes.mx\/index.php\/2025\/07\/02\/destaca-laura-artemisa-voluntad-de-construir-acuerdos-para-reformas-en-materia-de-ciberseguridad\/","og_site_name":"The Puebla Times","article_published_time":"2025-07-02T21:26:16+00:00","og_image":[{"width":1600,"height":1066,"url":"https:\/\/thepueblatimes.mx\/wp-content\/uploads\/2025\/07\/WhatsApp-Image-2025-07-01-at-19.08.44.jpeg","type":"image\/jpeg"}],"author":"Sa\u00fal Hern\u00e1ndez","twitter_card":"summary_large_image","twitter_misc":{"Escrito por":"Sa\u00fal Hern\u00e1ndez","Tiempo de lectura":"1 minuto"},"schema":{"@context":"https:\/\/schema.org","@graph":[{"@type":"WebPage","@id":"https:\/\/thepueblatimes.mx\/index.php\/2025\/07\/02\/destaca-laura-artemisa-voluntad-de-construir-acuerdos-para-reformas-en-materia-de-ciberseguridad\/","url":"https:\/\/thepueblatimes.mx\/index.php\/2025\/07\/02\/destaca-laura-artemisa-voluntad-de-construir-acuerdos-para-reformas-en-materia-de-ciberseguridad\/","name":"Destaca Laura Artemisa voluntad de construir acuerdos para reformas en materia de ciberseguridad - The Puebla Times","isPartOf":{"@id":"https:\/\/thepueblatimes.mx\/#website"},"datePublished":"2025-07-02T21:26:16+00:00","dateModified":"2025-07-02T21:26:16+00:00","author":{"@id":"https:\/\/thepueblatimes.mx\/#\/schema\/person\/1664894c2f65ce2c7a08d8f5f905c13c"},"breadcrumb":{"@id":"https:\/\/thepueblatimes.mx\/index.php\/2025\/07\/02\/destaca-laura-artemisa-voluntad-de-construir-acuerdos-para-reformas-en-materia-de-ciberseguridad\/#breadcrumb"},"inLanguage":"es","potentialAction":[{"@type":"ReadAction","target":["https:\/\/thepueblatimes.mx\/index.php\/2025\/07\/02\/destaca-laura-artemisa-voluntad-de-construir-acuerdos-para-reformas-en-materia-de-ciberseguridad\/"]}]},{"@type":"BreadcrumbList","@id":"https:\/\/thepueblatimes.mx\/index.php\/2025\/07\/02\/destaca-laura-artemisa-voluntad-de-construir-acuerdos-para-reformas-en-materia-de-ciberseguridad\/#breadcrumb","itemListElement":[{"@type":"ListItem","position":1,"name":"Portada","item":"https:\/\/thepueblatimes.mx\/"},{"@type":"ListItem","position":2,"name":"Destaca Laura Artemisa voluntad de construir acuerdos para reformas en materia de ciberseguridad"}]},{"@type":"WebSite","@id":"https:\/\/thepueblatimes.mx\/#website","url":"https:\/\/thepueblatimes.mx\/","name":"The Puebla Times","description":"Noticias del Estado de Puebla","potentialAction":[{"@type":"SearchAction","target":{"@type":"EntryPoint","urlTemplate":"https:\/\/thepueblatimes.mx\/?s={search_term_string}"},"query-input":"required name=search_term_string"}],"inLanguage":"es"},{"@type":"Person","@id":"https:\/\/thepueblatimes.mx\/#\/schema\/person\/1664894c2f65ce2c7a08d8f5f905c13c","name":"Sa\u00fal Hern\u00e1ndez","image":{"@type":"ImageObject","inLanguage":"es","@id":"https:\/\/thepueblatimes.mx\/#\/schema\/person\/image\/","url":"https:\/\/secure.gravatar.com\/avatar\/11be338693f243309532caad8f10c930?s=96&d=mm&r=g","contentUrl":"https:\/\/secure.gravatar.com\/avatar\/11be338693f243309532caad8f10c930?s=96&d=mm&r=g","caption":"Sa\u00fal Hern\u00e1ndez"},"url":"https:\/\/thepueblatimes.mx\/index.php\/author\/saulhernandez\/"}]}},"jetpack_featured_media_url":"https:\/\/thepueblatimes.mx\/wp-content\/uploads\/2025\/07\/WhatsApp-Image-2025-07-01-at-19.08.44.jpeg","_links":{"self":[{"href":"https:\/\/thepueblatimes.mx\/index.php\/wp-json\/wp\/v2\/posts\/31469"}],"collection":[{"href":"https:\/\/thepueblatimes.mx\/index.php\/wp-json\/wp\/v2\/posts"}],"about":[{"href":"https:\/\/thepueblatimes.mx\/index.php\/wp-json\/wp\/v2\/types\/post"}],"author":[{"embeddable":true,"href":"https:\/\/thepueblatimes.mx\/index.php\/wp-json\/wp\/v2\/users\/16"}],"replies":[{"embeddable":true,"href":"https:\/\/thepueblatimes.mx\/index.php\/wp-json\/wp\/v2\/comments?post=31469"}],"version-history":[{"count":2,"href":"https:\/\/thepueblatimes.mx\/index.php\/wp-json\/wp\/v2\/posts\/31469\/revisions"}],"predecessor-version":[{"id":31472,"href":"https:\/\/thepueblatimes.mx\/index.php\/wp-json\/wp\/v2\/posts\/31469\/revisions\/31472"}],"wp:featuredmedia":[{"embeddable":true,"href":"https:\/\/thepueblatimes.mx\/index.php\/wp-json\/wp\/v2\/media\/31470"}],"wp:attachment":[{"href":"https:\/\/thepueblatimes.mx\/index.php\/wp-json\/wp\/v2\/media?parent=31469"}],"wp:term":[{"taxonomy":"category","embeddable":true,"href":"https:\/\/thepueblatimes.mx\/index.php\/wp-json\/wp\/v2\/categories?post=31469"},{"taxonomy":"post_tag","embeddable":true,"href":"https:\/\/thepueblatimes.mx\/index.php\/wp-json\/wp\/v2\/tags?post=31469"}],"curies":[{"name":"wp","href":"https:\/\/api.w.org\/{rel}","templated":true}]}}