{"id":31446,"date":"2025-07-01T16:24:53","date_gmt":"2025-07-01T22:24:53","guid":{"rendered":"https:\/\/thepueblatimes.mx\/?p=31446"},"modified":"2025-07-01T16:24:53","modified_gmt":"2025-07-01T22:24:53","slug":"a-200-dias-de-gobierno-puebla-impulsa-el-deporte-y-reconstruye-la-paz-social","status":"publish","type":"post","link":"https:\/\/thepueblatimes.mx\/index.php\/2025\/07\/01\/a-200-dias-de-gobierno-puebla-impulsa-el-deporte-y-reconstruye-la-paz-social\/","title":{"rendered":"A 200 d\u00edas de gobierno, Puebla impulsa el deporte y reconstruye la paz social"},"content":{"rendered":"<p>&#8211; El gobernador liga deporte, cultura y educaci\u00f3n a su estrategia de seguridad y presenta est\u00edmulos para j\u00f3venes destacados.<\/p>\n<p>En el marco de sus primeros doscientos d\u00edas de gobierno, Alejandro Armenta insisti\u00f3 en que la mejor forma de blindar a la ni\u00f1ez poblana contra la violencia es darles canchas, libros y aulas antes que patrullas. Para ilustrar el punto se refiri\u00f3 a la taekwondo\u00edn Ana Sof\u00eda Rold\u00e1n, reci\u00e9n medallista de bronce, y celebr\u00f3 la labor de su entorno familiar y t\u00e9cnico: \u201cSu ejemplo inspira a toda la juventud poblana\u201d, dijo.<\/p>\n<p>El mandatario record\u00f3 que este a\u00f1o el Estado ya cubre viajes, uniformes y hospedaje a deportistas y entrenadores que compiten en leg\u00edtimo nombre de Puebla y adelant\u00f3 que en 2025 los apoyos se convertir\u00e1n en becas suficientes para que los j\u00f3venes puedan entrenar sin desatender la escuela. Asegur\u00f3 que la pr\u00e1ctica sistem\u00e1tica del deporte reduce la desintegraci\u00f3n social y mantiene a raya conductas delictivas desde la infancia.<\/p>\n<p>En el mismo acto, la secretaria de Deporte y Juventud, Gaby \u201cLa Bonita\u201d S\u00e1nchez, present\u00f3 la convocatoria del Premio Estatal de la Juventud \u201cVicente Su\u00e1rez 2025\u201d. Ser\u00e1n ocho categor\u00edas que van de Acad\u00e9mico e Innovaci\u00f3n Tecnol\u00f3gica a Bienestar Animal; cada una otorgar\u00e1 un est\u00edmulo de 50 000 pesos. La funcionaria inst\u00f3 a los j\u00f3venes de los 217 municipios a postularse o nominar a quienes encarnen valores de esfuerzo, solidaridad y creatividad.<\/p>\n<p>El programa se complementar\u00e1 con el rescate de espacios p\u00fablicos para actividades art\u00edsticas y la habilitaci\u00f3n de Casas Carmen Serd\u00e1n, refugios concebidos para brindar atenci\u00f3n jur\u00eddica, psicol\u00f3gica y actividades culturales a adolescentes en riesgo. La administraci\u00f3n estatal sostiene que todos estos frentes trabajan juntos para \u201creconstruir el tejido social\u201d y que los indicadores de faltas administrativas vinculadas a menores ya muestran una tendencia a la baja.<\/p>\n<p>Con la apertura del premio, el Gobierno espera identificar nuevos talentos y convertirlos en embajadores de un mensaje que Armenta repite desde el primer d\u00eda: la paz duradera se levanta sobre los cimientos de la formaci\u00f3n y la disciplina, no sobre operativos de corto aliento.<\/p>\n","protected":false},"excerpt":{"rendered":"<p>&#8211; El gobernador liga deporte, cultura y educaci\u00f3n a su estrategia de seguridad y presenta est\u00edmulos para j\u00f3venes destacados. En el marco de sus primeros doscientos d\u00edas de gobierno, Alejandro Armenta insisti\u00f3 en que la mejor forma de blindar a la ni\u00f1ez poblana contra la violencia es darles canchas, libros y aulas antes que patrullas&#8230;.<\/p>\n","protected":false},"author":16,"featured_media":31450,"comment_status":"closed","ping_status":"closed","sticky":false,"template":"","format":"standard","meta":[],"categories":[3],"tags":[1651,303,1273],"yoast_head":"<!-- This site is optimized with the Yoast SEO plugin v20.8 - https:\/\/yoast.com\/wordpress\/plugins\/seo\/ -->\n<title>A 200 d\u00edas de gobierno, Puebla impulsa el deporte y reconstruye la paz social - The Puebla Times<\/title>\n<meta name=\"robots\" content=\"index, follow, max-snippet:-1, max-image-preview:large, max-video-preview:-1\" \/>\n<link rel=\"canonical\" href=\"https:\/\/thepueblatimes.mx\/index.php\/2025\/07\/01\/a-200-dias-de-gobierno-puebla-impulsa-el-deporte-y-reconstruye-la-paz-social\/\" \/>\n<meta property=\"og:locale\" content=\"es_ES\" \/>\n<meta property=\"og:type\" content=\"article\" \/>\n<meta property=\"og:title\" content=\"A 200 d\u00edas de gobierno, Puebla impulsa el deporte y reconstruye la paz social - The Puebla Times\" \/>\n<meta property=\"og:description\" content=\"&#8211; El gobernador liga deporte, cultura y educaci\u00f3n a su estrategia de seguridad y presenta est\u00edmulos para j\u00f3venes destacados. En el marco de sus primeros doscientos d\u00edas de gobierno, Alejandro Armenta insisti\u00f3 en que la mejor forma de blindar a la ni\u00f1ez poblana contra la violencia es darles canchas, libros y aulas antes que patrullas....\" \/>\n<meta property=\"og:url\" content=\"https:\/\/thepueblatimes.mx\/index.php\/2025\/07\/01\/a-200-dias-de-gobierno-puebla-impulsa-el-deporte-y-reconstruye-la-paz-social\/\" \/>\n<meta property=\"og:site_name\" content=\"The Puebla Times\" \/>\n<meta property=\"article:published_time\" content=\"2025-07-01T22:24:53+00:00\" \/>\n<meta property=\"og:image\" content=\"https:\/\/thepueblatimes.mx\/wp-content\/uploads\/2025\/07\/WhatsApp-Image-2025-07-01-at-16.24.21.jpeg\" \/>\n\t<meta property=\"og:image:width\" content=\"1280\" \/>\n\t<meta property=\"og:image:height\" content=\"853\" \/>\n\t<meta property=\"og:image:type\" content=\"image\/jpeg\" \/>\n<meta name=\"author\" content=\"Sa\u00fal Hern\u00e1ndez\" \/>\n<meta name=\"twitter:card\" content=\"summary_large_image\" \/>\n<meta name=\"twitter:label1\" content=\"Escrito por\" \/>\n\t<meta name=\"twitter:data1\" content=\"Sa\u00fal Hern\u00e1ndez\" \/>\n\t<meta name=\"twitter:label2\" content=\"Tiempo de lectura\" \/>\n\t<meta name=\"twitter:data2\" content=\"2 minutos\" \/>\n<script type=\"application\/ld+json\" class=\"yoast-schema-graph\">{\"@context\":\"https:\/\/schema.org\",\"@graph\":[{\"@type\":\"WebPage\",\"@id\":\"https:\/\/thepueblatimes.mx\/index.php\/2025\/07\/01\/a-200-dias-de-gobierno-puebla-impulsa-el-deporte-y-reconstruye-la-paz-social\/\",\"url\":\"https:\/\/thepueblatimes.mx\/index.php\/2025\/07\/01\/a-200-dias-de-gobierno-puebla-impulsa-el-deporte-y-reconstruye-la-paz-social\/\",\"name\":\"A 200 d\u00edas de gobierno, Puebla impulsa el deporte y reconstruye la paz social - The Puebla Times\",\"isPartOf\":{\"@id\":\"https:\/\/thepueblatimes.mx\/#website\"},\"datePublished\":\"2025-07-01T22:24:53+00:00\",\"dateModified\":\"2025-07-01T22:24:53+00:00\",\"author\":{\"@id\":\"https:\/\/thepueblatimes.mx\/#\/schema\/person\/1664894c2f65ce2c7a08d8f5f905c13c\"},\"breadcrumb\":{\"@id\":\"https:\/\/thepueblatimes.mx\/index.php\/2025\/07\/01\/a-200-dias-de-gobierno-puebla-impulsa-el-deporte-y-reconstruye-la-paz-social\/#breadcrumb\"},\"inLanguage\":\"es\",\"potentialAction\":[{\"@type\":\"ReadAction\",\"target\":[\"https:\/\/thepueblatimes.mx\/index.php\/2025\/07\/01\/a-200-dias-de-gobierno-puebla-impulsa-el-deporte-y-reconstruye-la-paz-social\/\"]}]},{\"@type\":\"BreadcrumbList\",\"@id\":\"https:\/\/thepueblatimes.mx\/index.php\/2025\/07\/01\/a-200-dias-de-gobierno-puebla-impulsa-el-deporte-y-reconstruye-la-paz-social\/#breadcrumb\",\"itemListElement\":[{\"@type\":\"ListItem\",\"position\":1,\"name\":\"Portada\",\"item\":\"https:\/\/thepueblatimes.mx\/\"},{\"@type\":\"ListItem\",\"position\":2,\"name\":\"A 200 d\u00edas de gobierno, Puebla impulsa el deporte y reconstruye la paz social\"}]},{\"@type\":\"WebSite\",\"@id\":\"https:\/\/thepueblatimes.mx\/#website\",\"url\":\"https:\/\/thepueblatimes.mx\/\",\"name\":\"The Puebla Times\",\"description\":\"Noticias del Estado de Puebla\",\"potentialAction\":[{\"@type\":\"SearchAction\",\"target\":{\"@type\":\"EntryPoint\",\"urlTemplate\":\"https:\/\/thepueblatimes.mx\/?s={search_term_string}\"},\"query-input\":\"required name=search_term_string\"}],\"inLanguage\":\"es\"},{\"@type\":\"Person\",\"@id\":\"https:\/\/thepueblatimes.mx\/#\/schema\/person\/1664894c2f65ce2c7a08d8f5f905c13c\",\"name\":\"Sa\u00fal Hern\u00e1ndez\",\"image\":{\"@type\":\"ImageObject\",\"inLanguage\":\"es\",\"@id\":\"https:\/\/thepueblatimes.mx\/#\/schema\/person\/image\/\",\"url\":\"https:\/\/secure.gravatar.com\/avatar\/11be338693f243309532caad8f10c930?s=96&d=mm&r=g\",\"contentUrl\":\"https:\/\/secure.gravatar.com\/avatar\/11be338693f243309532caad8f10c930?s=96&d=mm&r=g\",\"caption\":\"Sa\u00fal Hern\u00e1ndez\"},\"url\":\"https:\/\/thepueblatimes.mx\/index.php\/author\/saulhernandez\/\"}]}<\/script>\n<!-- \/ Yoast SEO plugin. -->","yoast_head_json":{"title":"A 200 d\u00edas de gobierno, Puebla impulsa el deporte y reconstruye la paz social - The Puebla Times","robots":{"index":"index","follow":"follow","max-snippet":"max-snippet:-1","max-image-preview":"max-image-preview:large","max-video-preview":"max-video-preview:-1"},"canonical":"https:\/\/thepueblatimes.mx\/index.php\/2025\/07\/01\/a-200-dias-de-gobierno-puebla-impulsa-el-deporte-y-reconstruye-la-paz-social\/","og_locale":"es_ES","og_type":"article","og_title":"A 200 d\u00edas de gobierno, Puebla impulsa el deporte y reconstruye la paz social - The Puebla Times","og_description":"&#8211; El gobernador liga deporte, cultura y educaci\u00f3n a su estrategia de seguridad y presenta est\u00edmulos para j\u00f3venes destacados. En el marco de sus primeros doscientos d\u00edas de gobierno, Alejandro Armenta insisti\u00f3 en que la mejor forma de blindar a la ni\u00f1ez poblana contra la violencia es darles canchas, libros y aulas antes que patrullas....","og_url":"https:\/\/thepueblatimes.mx\/index.php\/2025\/07\/01\/a-200-dias-de-gobierno-puebla-impulsa-el-deporte-y-reconstruye-la-paz-social\/","og_site_name":"The Puebla Times","article_published_time":"2025-07-01T22:24:53+00:00","og_image":[{"width":1280,"height":853,"url":"https:\/\/thepueblatimes.mx\/wp-content\/uploads\/2025\/07\/WhatsApp-Image-2025-07-01-at-16.24.21.jpeg","type":"image\/jpeg"}],"author":"Sa\u00fal Hern\u00e1ndez","twitter_card":"summary_large_image","twitter_misc":{"Escrito por":"Sa\u00fal Hern\u00e1ndez","Tiempo de lectura":"2 minutos"},"schema":{"@context":"https:\/\/schema.org","@graph":[{"@type":"WebPage","@id":"https:\/\/thepueblatimes.mx\/index.php\/2025\/07\/01\/a-200-dias-de-gobierno-puebla-impulsa-el-deporte-y-reconstruye-la-paz-social\/","url":"https:\/\/thepueblatimes.mx\/index.php\/2025\/07\/01\/a-200-dias-de-gobierno-puebla-impulsa-el-deporte-y-reconstruye-la-paz-social\/","name":"A 200 d\u00edas de gobierno, Puebla impulsa el deporte y reconstruye la paz social - The Puebla Times","isPartOf":{"@id":"https:\/\/thepueblatimes.mx\/#website"},"datePublished":"2025-07-01T22:24:53+00:00","dateModified":"2025-07-01T22:24:53+00:00","author":{"@id":"https:\/\/thepueblatimes.mx\/#\/schema\/person\/1664894c2f65ce2c7a08d8f5f905c13c"},"breadcrumb":{"@id":"https:\/\/thepueblatimes.mx\/index.php\/2025\/07\/01\/a-200-dias-de-gobierno-puebla-impulsa-el-deporte-y-reconstruye-la-paz-social\/#breadcrumb"},"inLanguage":"es","potentialAction":[{"@type":"ReadAction","target":["https:\/\/thepueblatimes.mx\/index.php\/2025\/07\/01\/a-200-dias-de-gobierno-puebla-impulsa-el-deporte-y-reconstruye-la-paz-social\/"]}]},{"@type":"BreadcrumbList","@id":"https:\/\/thepueblatimes.mx\/index.php\/2025\/07\/01\/a-200-dias-de-gobierno-puebla-impulsa-el-deporte-y-reconstruye-la-paz-social\/#breadcrumb","itemListElement":[{"@type":"ListItem","position":1,"name":"Portada","item":"https:\/\/thepueblatimes.mx\/"},{"@type":"ListItem","position":2,"name":"A 200 d\u00edas de gobierno, Puebla impulsa el deporte y reconstruye la paz social"}]},{"@type":"WebSite","@id":"https:\/\/thepueblatimes.mx\/#website","url":"https:\/\/thepueblatimes.mx\/","name":"The Puebla Times","description":"Noticias del Estado de Puebla","potentialAction":[{"@type":"SearchAction","target":{"@type":"EntryPoint","urlTemplate":"https:\/\/thepueblatimes.mx\/?s={search_term_string}"},"query-input":"required name=search_term_string"}],"inLanguage":"es"},{"@type":"Person","@id":"https:\/\/thepueblatimes.mx\/#\/schema\/person\/1664894c2f65ce2c7a08d8f5f905c13c","name":"Sa\u00fal Hern\u00e1ndez","image":{"@type":"ImageObject","inLanguage":"es","@id":"https:\/\/thepueblatimes.mx\/#\/schema\/person\/image\/","url":"https:\/\/secure.gravatar.com\/avatar\/11be338693f243309532caad8f10c930?s=96&d=mm&r=g","contentUrl":"https:\/\/secure.gravatar.com\/avatar\/11be338693f243309532caad8f10c930?s=96&d=mm&r=g","caption":"Sa\u00fal Hern\u00e1ndez"},"url":"https:\/\/thepueblatimes.mx\/index.php\/author\/saulhernandez\/"}]}},"jetpack_featured_media_url":"https:\/\/thepueblatimes.mx\/wp-content\/uploads\/2025\/07\/WhatsApp-Image-2025-07-01-at-16.24.21.jpeg","_links":{"self":[{"href":"https:\/\/thepueblatimes.mx\/index.php\/wp-json\/wp\/v2\/posts\/31446"}],"collection":[{"href":"https:\/\/thepueblatimes.mx\/index.php\/wp-json\/wp\/v2\/posts"}],"about":[{"href":"https:\/\/thepueblatimes.mx\/index.php\/wp-json\/wp\/v2\/types\/post"}],"author":[{"embeddable":true,"href":"https:\/\/thepueblatimes.mx\/index.php\/wp-json\/wp\/v2\/users\/16"}],"replies":[{"embeddable":true,"href":"https:\/\/thepueblatimes.mx\/index.php\/wp-json\/wp\/v2\/comments?post=31446"}],"version-history":[{"count":1,"href":"https:\/\/thepueblatimes.mx\/index.php\/wp-json\/wp\/v2\/posts\/31446\/revisions"}],"predecessor-version":[{"id":31451,"href":"https:\/\/thepueblatimes.mx\/index.php\/wp-json\/wp\/v2\/posts\/31446\/revisions\/31451"}],"wp:featuredmedia":[{"embeddable":true,"href":"https:\/\/thepueblatimes.mx\/index.php\/wp-json\/wp\/v2\/media\/31450"}],"wp:attachment":[{"href":"https:\/\/thepueblatimes.mx\/index.php\/wp-json\/wp\/v2\/media?parent=31446"}],"wp:term":[{"taxonomy":"category","embeddable":true,"href":"https:\/\/thepueblatimes.mx\/index.php\/wp-json\/wp\/v2\/categories?post=31446"},{"taxonomy":"post_tag","embeddable":true,"href":"https:\/\/thepueblatimes.mx\/index.php\/wp-json\/wp\/v2\/tags?post=31446"}],"curies":[{"name":"wp","href":"https:\/\/api.w.org\/{rel}","templated":true}]}}