{"id":31383,"date":"2025-06-28T11:07:42","date_gmt":"2025-06-28T17:07:42","guid":{"rendered":"https:\/\/thepueblatimes.mx\/?p=31383"},"modified":"2025-06-28T11:07:42","modified_gmt":"2025-06-28T17:07:42","slug":"asesinan-a-presunto-huachigasero-en-texmelucan","status":"publish","type":"post","link":"https:\/\/thepueblatimes.mx\/index.php\/2025\/06\/28\/asesinan-a-presunto-huachigasero-en-texmelucan\/","title":{"rendered":"Asesinan a presunto huachigasero en Texmelucan"},"content":{"rendered":"<p>POR FRED ESTRADA<\/p>\n<p>Durante la tarde de hoy, vienes 27 de junio, un hombre fue asesinado al interior de un veh\u00edculo compacto.<\/p>\n<p>Los primeros datos indican que se podr\u00eda tratar de un ataque directo, adem\u00e1s de que la v\u00edctima podr\u00eda estar involucrado en el trasiego y venta de huachigas.<\/p>\n<p>El crimen tuvo lugar en la calle 16 de septiembre entre Manuel \u00c1vila Camacho y Xicot\u00e9ncatl.<\/p>\n<p>De acuerdo a versiones extra oficiales el asesinato habr\u00eda sido cometido por un motocicleta.<\/p>\n<p>El crimen caus\u00f3 expectaci\u00f3n y temor entre las \u00b4personas que caminaban por el \u00e1rea.<\/p>\n<p>Tras arribar los cuerpos de auxilio, los param\u00e9dicos determinaron que el hombre no contaba con signos vitales, en tanto que polic\u00edas municipales establecieron un per\u00edmetro de control.<\/p>\n<p>Al sitio tambi\u00e9n lleg\u00f3 personal de la Semar.<\/p>\n","protected":false},"excerpt":{"rendered":"<p>POR FRED ESTRADA Durante la tarde de hoy, vienes 27 de junio, un hombre fue asesinado al interior de un veh\u00edculo compacto. Los primeros datos indican que se podr\u00eda tratar de un ataque directo, adem\u00e1s de que la v\u00edctima podr\u00eda estar involucrado en el trasiego y venta de huachigas. El crimen tuvo lugar en la&#8230;<\/p>\n","protected":false},"author":16,"featured_media":31384,"comment_status":"closed","ping_status":"closed","sticky":false,"template":"","format":"standard","meta":[],"categories":[121],"tags":[169,3896,322],"yoast_head":"<!-- This site is optimized with the Yoast SEO plugin v20.8 - https:\/\/yoast.com\/wordpress\/plugins\/seo\/ -->\n<title>Asesinan a presunto huachigasero en Texmelucan - The Puebla Times<\/title>\n<meta name=\"robots\" content=\"index, follow, max-snippet:-1, max-image-preview:large, max-video-preview:-1\" \/>\n<link rel=\"canonical\" href=\"https:\/\/thepueblatimes.mx\/index.php\/2025\/06\/28\/asesinan-a-presunto-huachigasero-en-texmelucan\/\" \/>\n<meta property=\"og:locale\" content=\"es_ES\" \/>\n<meta property=\"og:type\" content=\"article\" \/>\n<meta property=\"og:title\" content=\"Asesinan a presunto huachigasero en Texmelucan - The Puebla Times\" \/>\n<meta property=\"og:description\" content=\"POR FRED ESTRADA Durante la tarde de hoy, vienes 27 de junio, un hombre fue asesinado al interior de un veh\u00edculo compacto. Los primeros datos indican que se podr\u00eda tratar de un ataque directo, adem\u00e1s de que la v\u00edctima podr\u00eda estar involucrado en el trasiego y venta de huachigas. El crimen tuvo lugar en la...\" \/>\n<meta property=\"og:url\" content=\"https:\/\/thepueblatimes.mx\/index.php\/2025\/06\/28\/asesinan-a-presunto-huachigasero-en-texmelucan\/\" \/>\n<meta property=\"og:site_name\" content=\"The Puebla Times\" \/>\n<meta property=\"article:published_time\" content=\"2025-06-28T17:07:42+00:00\" \/>\n<meta property=\"og:image\" content=\"https:\/\/thepueblatimes.mx\/wp-content\/uploads\/2025\/06\/GufX3wFWgAA2II1.jpg\" \/>\n\t<meta property=\"og:image:width\" content=\"714\" \/>\n\t<meta property=\"og:image:height\" content=\"485\" \/>\n\t<meta property=\"og:image:type\" content=\"image\/jpeg\" \/>\n<meta name=\"author\" content=\"Sa\u00fal Hern\u00e1ndez\" \/>\n<meta name=\"twitter:card\" content=\"summary_large_image\" \/>\n<meta name=\"twitter:label1\" content=\"Escrito por\" \/>\n\t<meta name=\"twitter:data1\" content=\"Sa\u00fal Hern\u00e1ndez\" \/>\n\t<meta name=\"twitter:label2\" content=\"Tiempo de lectura\" \/>\n\t<meta name=\"twitter:data2\" content=\"1 minuto\" \/>\n<script type=\"application\/ld+json\" class=\"yoast-schema-graph\">{\"@context\":\"https:\/\/schema.org\",\"@graph\":[{\"@type\":\"WebPage\",\"@id\":\"https:\/\/thepueblatimes.mx\/index.php\/2025\/06\/28\/asesinan-a-presunto-huachigasero-en-texmelucan\/\",\"url\":\"https:\/\/thepueblatimes.mx\/index.php\/2025\/06\/28\/asesinan-a-presunto-huachigasero-en-texmelucan\/\",\"name\":\"Asesinan a presunto huachigasero en Texmelucan - The Puebla Times\",\"isPartOf\":{\"@id\":\"https:\/\/thepueblatimes.mx\/#website\"},\"datePublished\":\"2025-06-28T17:07:42+00:00\",\"dateModified\":\"2025-06-28T17:07:42+00:00\",\"author\":{\"@id\":\"https:\/\/thepueblatimes.mx\/#\/schema\/person\/1664894c2f65ce2c7a08d8f5f905c13c\"},\"breadcrumb\":{\"@id\":\"https:\/\/thepueblatimes.mx\/index.php\/2025\/06\/28\/asesinan-a-presunto-huachigasero-en-texmelucan\/#breadcrumb\"},\"inLanguage\":\"es\",\"potentialAction\":[{\"@type\":\"ReadAction\",\"target\":[\"https:\/\/thepueblatimes.mx\/index.php\/2025\/06\/28\/asesinan-a-presunto-huachigasero-en-texmelucan\/\"]}]},{\"@type\":\"BreadcrumbList\",\"@id\":\"https:\/\/thepueblatimes.mx\/index.php\/2025\/06\/28\/asesinan-a-presunto-huachigasero-en-texmelucan\/#breadcrumb\",\"itemListElement\":[{\"@type\":\"ListItem\",\"position\":1,\"name\":\"Portada\",\"item\":\"https:\/\/thepueblatimes.mx\/\"},{\"@type\":\"ListItem\",\"position\":2,\"name\":\"Asesinan a presunto huachigasero en Texmelucan\"}]},{\"@type\":\"WebSite\",\"@id\":\"https:\/\/thepueblatimes.mx\/#website\",\"url\":\"https:\/\/thepueblatimes.mx\/\",\"name\":\"The Puebla Times\",\"description\":\"Noticias del Estado de Puebla\",\"potentialAction\":[{\"@type\":\"SearchAction\",\"target\":{\"@type\":\"EntryPoint\",\"urlTemplate\":\"https:\/\/thepueblatimes.mx\/?s={search_term_string}\"},\"query-input\":\"required name=search_term_string\"}],\"inLanguage\":\"es\"},{\"@type\":\"Person\",\"@id\":\"https:\/\/thepueblatimes.mx\/#\/schema\/person\/1664894c2f65ce2c7a08d8f5f905c13c\",\"name\":\"Sa\u00fal Hern\u00e1ndez\",\"image\":{\"@type\":\"ImageObject\",\"inLanguage\":\"es\",\"@id\":\"https:\/\/thepueblatimes.mx\/#\/schema\/person\/image\/\",\"url\":\"https:\/\/secure.gravatar.com\/avatar\/11be338693f243309532caad8f10c930?s=96&d=mm&r=g\",\"contentUrl\":\"https:\/\/secure.gravatar.com\/avatar\/11be338693f243309532caad8f10c930?s=96&d=mm&r=g\",\"caption\":\"Sa\u00fal Hern\u00e1ndez\"},\"url\":\"https:\/\/thepueblatimes.mx\/index.php\/author\/saulhernandez\/\"}]}<\/script>\n<!-- \/ Yoast SEO plugin. -->","yoast_head_json":{"title":"Asesinan a presunto huachigasero en Texmelucan - The Puebla Times","robots":{"index":"index","follow":"follow","max-snippet":"max-snippet:-1","max-image-preview":"max-image-preview:large","max-video-preview":"max-video-preview:-1"},"canonical":"https:\/\/thepueblatimes.mx\/index.php\/2025\/06\/28\/asesinan-a-presunto-huachigasero-en-texmelucan\/","og_locale":"es_ES","og_type":"article","og_title":"Asesinan a presunto huachigasero en Texmelucan - The Puebla Times","og_description":"POR FRED ESTRADA Durante la tarde de hoy, vienes 27 de junio, un hombre fue asesinado al interior de un veh\u00edculo compacto. Los primeros datos indican que se podr\u00eda tratar de un ataque directo, adem\u00e1s de que la v\u00edctima podr\u00eda estar involucrado en el trasiego y venta de huachigas. El crimen tuvo lugar en la...","og_url":"https:\/\/thepueblatimes.mx\/index.php\/2025\/06\/28\/asesinan-a-presunto-huachigasero-en-texmelucan\/","og_site_name":"The Puebla Times","article_published_time":"2025-06-28T17:07:42+00:00","og_image":[{"width":714,"height":485,"url":"https:\/\/thepueblatimes.mx\/wp-content\/uploads\/2025\/06\/GufX3wFWgAA2II1.jpg","type":"image\/jpeg"}],"author":"Sa\u00fal Hern\u00e1ndez","twitter_card":"summary_large_image","twitter_misc":{"Escrito por":"Sa\u00fal Hern\u00e1ndez","Tiempo de lectura":"1 minuto"},"schema":{"@context":"https:\/\/schema.org","@graph":[{"@type":"WebPage","@id":"https:\/\/thepueblatimes.mx\/index.php\/2025\/06\/28\/asesinan-a-presunto-huachigasero-en-texmelucan\/","url":"https:\/\/thepueblatimes.mx\/index.php\/2025\/06\/28\/asesinan-a-presunto-huachigasero-en-texmelucan\/","name":"Asesinan a presunto huachigasero en Texmelucan - The Puebla Times","isPartOf":{"@id":"https:\/\/thepueblatimes.mx\/#website"},"datePublished":"2025-06-28T17:07:42+00:00","dateModified":"2025-06-28T17:07:42+00:00","author":{"@id":"https:\/\/thepueblatimes.mx\/#\/schema\/person\/1664894c2f65ce2c7a08d8f5f905c13c"},"breadcrumb":{"@id":"https:\/\/thepueblatimes.mx\/index.php\/2025\/06\/28\/asesinan-a-presunto-huachigasero-en-texmelucan\/#breadcrumb"},"inLanguage":"es","potentialAction":[{"@type":"ReadAction","target":["https:\/\/thepueblatimes.mx\/index.php\/2025\/06\/28\/asesinan-a-presunto-huachigasero-en-texmelucan\/"]}]},{"@type":"BreadcrumbList","@id":"https:\/\/thepueblatimes.mx\/index.php\/2025\/06\/28\/asesinan-a-presunto-huachigasero-en-texmelucan\/#breadcrumb","itemListElement":[{"@type":"ListItem","position":1,"name":"Portada","item":"https:\/\/thepueblatimes.mx\/"},{"@type":"ListItem","position":2,"name":"Asesinan a presunto huachigasero en Texmelucan"}]},{"@type":"WebSite","@id":"https:\/\/thepueblatimes.mx\/#website","url":"https:\/\/thepueblatimes.mx\/","name":"The Puebla Times","description":"Noticias del Estado de Puebla","potentialAction":[{"@type":"SearchAction","target":{"@type":"EntryPoint","urlTemplate":"https:\/\/thepueblatimes.mx\/?s={search_term_string}"},"query-input":"required name=search_term_string"}],"inLanguage":"es"},{"@type":"Person","@id":"https:\/\/thepueblatimes.mx\/#\/schema\/person\/1664894c2f65ce2c7a08d8f5f905c13c","name":"Sa\u00fal Hern\u00e1ndez","image":{"@type":"ImageObject","inLanguage":"es","@id":"https:\/\/thepueblatimes.mx\/#\/schema\/person\/image\/","url":"https:\/\/secure.gravatar.com\/avatar\/11be338693f243309532caad8f10c930?s=96&d=mm&r=g","contentUrl":"https:\/\/secure.gravatar.com\/avatar\/11be338693f243309532caad8f10c930?s=96&d=mm&r=g","caption":"Sa\u00fal Hern\u00e1ndez"},"url":"https:\/\/thepueblatimes.mx\/index.php\/author\/saulhernandez\/"}]}},"jetpack_featured_media_url":"https:\/\/thepueblatimes.mx\/wp-content\/uploads\/2025\/06\/GufX3wFWgAA2II1.jpg","_links":{"self":[{"href":"https:\/\/thepueblatimes.mx\/index.php\/wp-json\/wp\/v2\/posts\/31383"}],"collection":[{"href":"https:\/\/thepueblatimes.mx\/index.php\/wp-json\/wp\/v2\/posts"}],"about":[{"href":"https:\/\/thepueblatimes.mx\/index.php\/wp-json\/wp\/v2\/types\/post"}],"author":[{"embeddable":true,"href":"https:\/\/thepueblatimes.mx\/index.php\/wp-json\/wp\/v2\/users\/16"}],"replies":[{"embeddable":true,"href":"https:\/\/thepueblatimes.mx\/index.php\/wp-json\/wp\/v2\/comments?post=31383"}],"version-history":[{"count":1,"href":"https:\/\/thepueblatimes.mx\/index.php\/wp-json\/wp\/v2\/posts\/31383\/revisions"}],"predecessor-version":[{"id":31385,"href":"https:\/\/thepueblatimes.mx\/index.php\/wp-json\/wp\/v2\/posts\/31383\/revisions\/31385"}],"wp:featuredmedia":[{"embeddable":true,"href":"https:\/\/thepueblatimes.mx\/index.php\/wp-json\/wp\/v2\/media\/31384"}],"wp:attachment":[{"href":"https:\/\/thepueblatimes.mx\/index.php\/wp-json\/wp\/v2\/media?parent=31383"}],"wp:term":[{"taxonomy":"category","embeddable":true,"href":"https:\/\/thepueblatimes.mx\/index.php\/wp-json\/wp\/v2\/categories?post=31383"},{"taxonomy":"post_tag","embeddable":true,"href":"https:\/\/thepueblatimes.mx\/index.php\/wp-json\/wp\/v2\/tags?post=31383"}],"curies":[{"name":"wp","href":"https:\/\/api.w.org\/{rel}","templated":true}]}}