{"id":31371,"date":"2025-06-27T13:33:45","date_gmt":"2025-06-27T19:33:45","guid":{"rendered":"https:\/\/thepueblatimes.mx\/?p=31371"},"modified":"2025-06-27T13:33:45","modified_gmt":"2025-06-27T19:33:45","slug":"gobierno-de-la-ciudad-respalda-a-mipymes-con-estrategias-y-acciones-concretas","status":"publish","type":"post","link":"https:\/\/thepueblatimes.mx\/index.php\/2025\/06\/27\/gobierno-de-la-ciudad-respalda-a-mipymes-con-estrategias-y-acciones-concretas\/","title":{"rendered":"Gobierno de la Ciudad respalda a MiPyMes con estrategias y acciones concretas"},"content":{"rendered":"<h3><em>&#8211; En el marco del D\u00eda de las Micro, Peque\u00f1as y Medianas Empresas, el gobierno municipal refrenda la oferta de tres iniciativas dirigidas a apoyar su fortalecimiento y proyecci\u00f3n<\/em><\/h3>\n<p>Puebla, Pue.- Con tres estrategias e iniciativas, el Gobierno de la Ciudad, a trav\u00e9s de la Secretar\u00eda de Econom\u00eda y Turismo, trabaja en beneficio y fortalecimiento de las Micro, Peque\u00f1as y Medianas Empresas, que representan un importante sector productivo en el municipio.<\/p>\n<p>Este 27 de junio, d\u00eda en que se reconoce su aportaci\u00f3n a la econom\u00eda de los pa\u00edses, el secretario, Jaime Oropeza Casas, subray\u00f3 la importancia de \u00e9stas para el alcalde Pepe Chedraui Budib, pues las reconoce como un segmento que genera empleos, fortalece el mercado interno y amplia la oferta de productos y servicios locales, con potencial de crecer en sus operaciones y beneficios.<\/p>\n<p>Por estas razones, la Secretar\u00eda de Econom\u00eda y Turismo cuenta con tres iniciativas y estrategias que tienen como objetivo respaldar a las MyPiMes, para promover el crecimiento y consolidaci\u00f3n de las que operan en la ciudad.<\/p>\n<p>Tan s\u00f3lo en la ciudad de Puebla, de acuerdo con el Directorio de Unidades Econ\u00f3micas (DENUE) del Instituto Nacional de Estad\u00edstica y Geograf\u00eda (INEGI), en la ciudad de Puebla existen 105 mil 599 MiPyMes, todas formalmente establecidas y emplean a un total de 948 mil 566 trabajadoras y trabajadores.<\/p>\n<p>Este n\u00famero de MiPyMes representa el 26.09 por ciento las empresas de este tipo que existen en la entidad, es decir, una de cada cuatro MiPyMes que hay en el estado, operan en la ciudad de Puebla.<\/p>\n<p>Oropeza Casas detall\u00f3 que la primera de estas estrategias de trabajo de la Secretar\u00eda de Econom\u00eda y Turismo para las MiPyMes es la iniciativa Crea y Fortalece tu Negocio, que consiste en un convenio de colaboraci\u00f3n con Nacional Financiera (Nafin) para ofrecer capacitaciones gratuitas que aporten conocimientos y herramientas \u00fatiles en diferentes materias, como administraci\u00f3n, finanzas, mercadotecnia y promoci\u00f3n digital, a quienes se encargan de un proyecto.<\/p>\n<p>La siguiente, explic\u00f3, es Con\u00e9ctate Emprendedor, que consiste en convocatorias a emprendedores y MiyPiMes, a sesiones de networking con empresarios consolidados o asesores a nivel ejecutivo para generar lazos, intercambio de informaci\u00f3n y hasta v\u00ednculos para reforzar la operaci\u00f3n y ampliar sus propios mercados.<\/p>\n<p>Y la m\u00e1s reciente, la denominada Impulso a la Internacionalizaci\u00f3n Empresarial, cuya convocatoria abri\u00f3 el pasado mi\u00e9rcoles 25 de junio, en coordinaci\u00f3n con el Consejo Empresarial Mexicano de Comercio Exterior (COMCE) delegaci\u00f3n Sur y el Banco Nacional de Comercio Exterior (Bancomext), para que MiPyMes postulen al Plan de Formaci\u00f3n Especializado mediante el cual se preparen y vinculen con empresas y organismos que les faciliten su incursi\u00f3n o refuercen su presencia en mercados internacionales.<\/p>\n<p>Con estas estrategias e iniciativas, destac\u00f3 Oropeza Casas, el Gobierno de la Ciudad trabaja en apoyar a las MiPyMes con una visi\u00f3n integral, para favorecer su operaci\u00f3n y promoci\u00f3n, as\u00ed como su proyecci\u00f3n en los mercados local y global.<\/p>\n","protected":false},"excerpt":{"rendered":"<p>&#8211; En el marco del D\u00eda de las Micro, Peque\u00f1as y Medianas Empresas, el gobierno municipal refrenda la oferta de tres iniciativas dirigidas a apoyar su fortalecimiento y proyecci\u00f3n Puebla, Pue.- Con tres estrategias e iniciativas, el Gobierno de la Ciudad, a trav\u00e9s de la Secretar\u00eda de Econom\u00eda y Turismo, trabaja en beneficio y fortalecimiento&#8230;<\/p>\n","protected":false},"author":16,"featured_media":31372,"comment_status":"closed","ping_status":"closed","sticky":false,"template":"","format":"standard","meta":[],"categories":[20],"tags":[49,1301],"yoast_head":"<!-- This site is optimized with the Yoast SEO plugin v20.8 - https:\/\/yoast.com\/wordpress\/plugins\/seo\/ -->\n<title>Gobierno de la Ciudad respalda a MiPyMes con estrategias y acciones concretas - The Puebla Times<\/title>\n<meta name=\"robots\" content=\"index, follow, max-snippet:-1, max-image-preview:large, max-video-preview:-1\" \/>\n<link rel=\"canonical\" href=\"https:\/\/thepueblatimes.mx\/index.php\/2025\/06\/27\/gobierno-de-la-ciudad-respalda-a-mipymes-con-estrategias-y-acciones-concretas\/\" \/>\n<meta property=\"og:locale\" content=\"es_ES\" \/>\n<meta property=\"og:type\" content=\"article\" \/>\n<meta property=\"og:title\" content=\"Gobierno de la Ciudad respalda a MiPyMes con estrategias y acciones concretas - The Puebla Times\" \/>\n<meta property=\"og:description\" content=\"&#8211; En el marco del D\u00eda de las Micro, Peque\u00f1as y Medianas Empresas, el gobierno municipal refrenda la oferta de tres iniciativas dirigidas a apoyar su fortalecimiento y proyecci\u00f3n Puebla, Pue.- Con tres estrategias e iniciativas, el Gobierno de la Ciudad, a trav\u00e9s de la Secretar\u00eda de Econom\u00eda y Turismo, trabaja en beneficio y fortalecimiento...\" \/>\n<meta property=\"og:url\" content=\"https:\/\/thepueblatimes.mx\/index.php\/2025\/06\/27\/gobierno-de-la-ciudad-respalda-a-mipymes-con-estrategias-y-acciones-concretas\/\" \/>\n<meta property=\"og:site_name\" content=\"The Puebla Times\" \/>\n<meta property=\"article:published_time\" content=\"2025-06-27T19:33:45+00:00\" \/>\n<meta property=\"og:image\" content=\"https:\/\/thepueblatimes.mx\/wp-content\/uploads\/2025\/06\/935ec667-cee2-4ffc-b636-df650943e906.jpg\" \/>\n\t<meta property=\"og:image:width\" content=\"1600\" \/>\n\t<meta property=\"og:image:height\" content=\"1066\" \/>\n\t<meta property=\"og:image:type\" content=\"image\/jpeg\" \/>\n<meta name=\"author\" content=\"Sa\u00fal Hern\u00e1ndez\" \/>\n<meta name=\"twitter:card\" content=\"summary_large_image\" \/>\n<meta name=\"twitter:label1\" content=\"Escrito por\" \/>\n\t<meta name=\"twitter:data1\" content=\"Sa\u00fal Hern\u00e1ndez\" \/>\n\t<meta name=\"twitter:label2\" content=\"Tiempo de lectura\" \/>\n\t<meta name=\"twitter:data2\" content=\"3 minutos\" \/>\n<script type=\"application\/ld+json\" class=\"yoast-schema-graph\">{\"@context\":\"https:\/\/schema.org\",\"@graph\":[{\"@type\":\"WebPage\",\"@id\":\"https:\/\/thepueblatimes.mx\/index.php\/2025\/06\/27\/gobierno-de-la-ciudad-respalda-a-mipymes-con-estrategias-y-acciones-concretas\/\",\"url\":\"https:\/\/thepueblatimes.mx\/index.php\/2025\/06\/27\/gobierno-de-la-ciudad-respalda-a-mipymes-con-estrategias-y-acciones-concretas\/\",\"name\":\"Gobierno de la Ciudad respalda a MiPyMes con estrategias y acciones concretas - The Puebla Times\",\"isPartOf\":{\"@id\":\"https:\/\/thepueblatimes.mx\/#website\"},\"datePublished\":\"2025-06-27T19:33:45+00:00\",\"dateModified\":\"2025-06-27T19:33:45+00:00\",\"author\":{\"@id\":\"https:\/\/thepueblatimes.mx\/#\/schema\/person\/1664894c2f65ce2c7a08d8f5f905c13c\"},\"breadcrumb\":{\"@id\":\"https:\/\/thepueblatimes.mx\/index.php\/2025\/06\/27\/gobierno-de-la-ciudad-respalda-a-mipymes-con-estrategias-y-acciones-concretas\/#breadcrumb\"},\"inLanguage\":\"es\",\"potentialAction\":[{\"@type\":\"ReadAction\",\"target\":[\"https:\/\/thepueblatimes.mx\/index.php\/2025\/06\/27\/gobierno-de-la-ciudad-respalda-a-mipymes-con-estrategias-y-acciones-concretas\/\"]}]},{\"@type\":\"BreadcrumbList\",\"@id\":\"https:\/\/thepueblatimes.mx\/index.php\/2025\/06\/27\/gobierno-de-la-ciudad-respalda-a-mipymes-con-estrategias-y-acciones-concretas\/#breadcrumb\",\"itemListElement\":[{\"@type\":\"ListItem\",\"position\":1,\"name\":\"Portada\",\"item\":\"https:\/\/thepueblatimes.mx\/\"},{\"@type\":\"ListItem\",\"position\":2,\"name\":\"Gobierno de la Ciudad respalda a MiPyMes con estrategias y acciones concretas\"}]},{\"@type\":\"WebSite\",\"@id\":\"https:\/\/thepueblatimes.mx\/#website\",\"url\":\"https:\/\/thepueblatimes.mx\/\",\"name\":\"The Puebla Times\",\"description\":\"Noticias del Estado de Puebla\",\"potentialAction\":[{\"@type\":\"SearchAction\",\"target\":{\"@type\":\"EntryPoint\",\"urlTemplate\":\"https:\/\/thepueblatimes.mx\/?s={search_term_string}\"},\"query-input\":\"required name=search_term_string\"}],\"inLanguage\":\"es\"},{\"@type\":\"Person\",\"@id\":\"https:\/\/thepueblatimes.mx\/#\/schema\/person\/1664894c2f65ce2c7a08d8f5f905c13c\",\"name\":\"Sa\u00fal Hern\u00e1ndez\",\"image\":{\"@type\":\"ImageObject\",\"inLanguage\":\"es\",\"@id\":\"https:\/\/thepueblatimes.mx\/#\/schema\/person\/image\/\",\"url\":\"https:\/\/secure.gravatar.com\/avatar\/11be338693f243309532caad8f10c930?s=96&d=mm&r=g\",\"contentUrl\":\"https:\/\/secure.gravatar.com\/avatar\/11be338693f243309532caad8f10c930?s=96&d=mm&r=g\",\"caption\":\"Sa\u00fal Hern\u00e1ndez\"},\"url\":\"https:\/\/thepueblatimes.mx\/index.php\/author\/saulhernandez\/\"}]}<\/script>\n<!-- \/ Yoast SEO plugin. -->","yoast_head_json":{"title":"Gobierno de la Ciudad respalda a MiPyMes con estrategias y acciones concretas - The Puebla Times","robots":{"index":"index","follow":"follow","max-snippet":"max-snippet:-1","max-image-preview":"max-image-preview:large","max-video-preview":"max-video-preview:-1"},"canonical":"https:\/\/thepueblatimes.mx\/index.php\/2025\/06\/27\/gobierno-de-la-ciudad-respalda-a-mipymes-con-estrategias-y-acciones-concretas\/","og_locale":"es_ES","og_type":"article","og_title":"Gobierno de la Ciudad respalda a MiPyMes con estrategias y acciones concretas - The Puebla Times","og_description":"&#8211; En el marco del D\u00eda de las Micro, Peque\u00f1as y Medianas Empresas, el gobierno municipal refrenda la oferta de tres iniciativas dirigidas a apoyar su fortalecimiento y proyecci\u00f3n Puebla, Pue.- Con tres estrategias e iniciativas, el Gobierno de la Ciudad, a trav\u00e9s de la Secretar\u00eda de Econom\u00eda y Turismo, trabaja en beneficio y fortalecimiento...","og_url":"https:\/\/thepueblatimes.mx\/index.php\/2025\/06\/27\/gobierno-de-la-ciudad-respalda-a-mipymes-con-estrategias-y-acciones-concretas\/","og_site_name":"The Puebla Times","article_published_time":"2025-06-27T19:33:45+00:00","og_image":[{"width":1600,"height":1066,"url":"https:\/\/thepueblatimes.mx\/wp-content\/uploads\/2025\/06\/935ec667-cee2-4ffc-b636-df650943e906.jpg","type":"image\/jpeg"}],"author":"Sa\u00fal Hern\u00e1ndez","twitter_card":"summary_large_image","twitter_misc":{"Escrito por":"Sa\u00fal Hern\u00e1ndez","Tiempo de lectura":"3 minutos"},"schema":{"@context":"https:\/\/schema.org","@graph":[{"@type":"WebPage","@id":"https:\/\/thepueblatimes.mx\/index.php\/2025\/06\/27\/gobierno-de-la-ciudad-respalda-a-mipymes-con-estrategias-y-acciones-concretas\/","url":"https:\/\/thepueblatimes.mx\/index.php\/2025\/06\/27\/gobierno-de-la-ciudad-respalda-a-mipymes-con-estrategias-y-acciones-concretas\/","name":"Gobierno de la Ciudad respalda a MiPyMes con estrategias y acciones concretas - The Puebla Times","isPartOf":{"@id":"https:\/\/thepueblatimes.mx\/#website"},"datePublished":"2025-06-27T19:33:45+00:00","dateModified":"2025-06-27T19:33:45+00:00","author":{"@id":"https:\/\/thepueblatimes.mx\/#\/schema\/person\/1664894c2f65ce2c7a08d8f5f905c13c"},"breadcrumb":{"@id":"https:\/\/thepueblatimes.mx\/index.php\/2025\/06\/27\/gobierno-de-la-ciudad-respalda-a-mipymes-con-estrategias-y-acciones-concretas\/#breadcrumb"},"inLanguage":"es","potentialAction":[{"@type":"ReadAction","target":["https:\/\/thepueblatimes.mx\/index.php\/2025\/06\/27\/gobierno-de-la-ciudad-respalda-a-mipymes-con-estrategias-y-acciones-concretas\/"]}]},{"@type":"BreadcrumbList","@id":"https:\/\/thepueblatimes.mx\/index.php\/2025\/06\/27\/gobierno-de-la-ciudad-respalda-a-mipymes-con-estrategias-y-acciones-concretas\/#breadcrumb","itemListElement":[{"@type":"ListItem","position":1,"name":"Portada","item":"https:\/\/thepueblatimes.mx\/"},{"@type":"ListItem","position":2,"name":"Gobierno de la Ciudad respalda a MiPyMes con estrategias y acciones concretas"}]},{"@type":"WebSite","@id":"https:\/\/thepueblatimes.mx\/#website","url":"https:\/\/thepueblatimes.mx\/","name":"The Puebla Times","description":"Noticias del Estado de Puebla","potentialAction":[{"@type":"SearchAction","target":{"@type":"EntryPoint","urlTemplate":"https:\/\/thepueblatimes.mx\/?s={search_term_string}"},"query-input":"required name=search_term_string"}],"inLanguage":"es"},{"@type":"Person","@id":"https:\/\/thepueblatimes.mx\/#\/schema\/person\/1664894c2f65ce2c7a08d8f5f905c13c","name":"Sa\u00fal Hern\u00e1ndez","image":{"@type":"ImageObject","inLanguage":"es","@id":"https:\/\/thepueblatimes.mx\/#\/schema\/person\/image\/","url":"https:\/\/secure.gravatar.com\/avatar\/11be338693f243309532caad8f10c930?s=96&d=mm&r=g","contentUrl":"https:\/\/secure.gravatar.com\/avatar\/11be338693f243309532caad8f10c930?s=96&d=mm&r=g","caption":"Sa\u00fal Hern\u00e1ndez"},"url":"https:\/\/thepueblatimes.mx\/index.php\/author\/saulhernandez\/"}]}},"jetpack_featured_media_url":"https:\/\/thepueblatimes.mx\/wp-content\/uploads\/2025\/06\/935ec667-cee2-4ffc-b636-df650943e906.jpg","_links":{"self":[{"href":"https:\/\/thepueblatimes.mx\/index.php\/wp-json\/wp\/v2\/posts\/31371"}],"collection":[{"href":"https:\/\/thepueblatimes.mx\/index.php\/wp-json\/wp\/v2\/posts"}],"about":[{"href":"https:\/\/thepueblatimes.mx\/index.php\/wp-json\/wp\/v2\/types\/post"}],"author":[{"embeddable":true,"href":"https:\/\/thepueblatimes.mx\/index.php\/wp-json\/wp\/v2\/users\/16"}],"replies":[{"embeddable":true,"href":"https:\/\/thepueblatimes.mx\/index.php\/wp-json\/wp\/v2\/comments?post=31371"}],"version-history":[{"count":1,"href":"https:\/\/thepueblatimes.mx\/index.php\/wp-json\/wp\/v2\/posts\/31371\/revisions"}],"predecessor-version":[{"id":31373,"href":"https:\/\/thepueblatimes.mx\/index.php\/wp-json\/wp\/v2\/posts\/31371\/revisions\/31373"}],"wp:featuredmedia":[{"embeddable":true,"href":"https:\/\/thepueblatimes.mx\/index.php\/wp-json\/wp\/v2\/media\/31372"}],"wp:attachment":[{"href":"https:\/\/thepueblatimes.mx\/index.php\/wp-json\/wp\/v2\/media?parent=31371"}],"wp:term":[{"taxonomy":"category","embeddable":true,"href":"https:\/\/thepueblatimes.mx\/index.php\/wp-json\/wp\/v2\/categories?post=31371"},{"taxonomy":"post_tag","embeddable":true,"href":"https:\/\/thepueblatimes.mx\/index.php\/wp-json\/wp\/v2\/tags?post=31371"}],"curies":[{"name":"wp","href":"https:\/\/api.w.org\/{rel}","templated":true}]}}