{"id":31364,"date":"2025-06-27T13:22:32","date_gmt":"2025-06-27T19:22:32","guid":{"rendered":"https:\/\/thepueblatimes.mx\/?p=31364"},"modified":"2025-06-27T13:29:03","modified_gmt":"2025-06-27T19:29:03","slug":"piden-justicia-para-periodista-asesinado-en-cuetzalan","status":"publish","type":"post","link":"https:\/\/thepueblatimes.mx\/index.php\/2025\/06\/27\/piden-justicia-para-periodista-asesinado-en-cuetzalan\/","title":{"rendered":"Exigen justicia para periodista asesinado en Cuetzalan"},"content":{"rendered":"<p>POR FRED ESTRADA<\/p>\n<p>Familiares y amigos del periodista Salom\u00f3n Ord\u00f3\u00f1ez Miranda, conocido como Shalom, asesinado en la comunidad de Pajpatap\u00e1n del municipio de Cuetzalan, Puebla, pidieron justicia al tiempo de darle el \u00faltimo adi\u00f3s.<\/p>\n<p>Durante la tarde del jueves, 26 de junio, exigieron esclarecer el m\u00f3vil del crimen y detener al o los culpables.<\/p>\n<p>Como es tradicional Shalom fue despedido con m\u00fasica y aplausos, durante su traslado al pante\u00f3n de la demarcaci\u00f3n.<\/p>\n<p>V\u00eda redes sociales, los seguidores de Shalom compartieron mensajes en los que lamentaban su deceso.<\/p>\n<p>Al momento, las autoridades no han brindado informaci\u00f3n sobre el avance de la investigaci\u00f3n.<\/p>\n","protected":false},"excerpt":{"rendered":"<p>POR FRED ESTRADA Familiares y amigos del periodista Salom\u00f3n Ord\u00f3\u00f1ez Miranda, conocido como Shalom, asesinado en la comunidad de Pajpatap\u00e1n del municipio de Cuetzalan, Puebla, pidieron justicia al tiempo de darle el \u00faltimo adi\u00f3s. Durante la tarde del jueves, 26 de junio, exigieron esclarecer el m\u00f3vil del crimen y detener al o los culpables. Como&#8230;<\/p>\n","protected":false},"author":16,"featured_media":31367,"comment_status":"closed","ping_status":"closed","sticky":false,"template":"","format":"standard","meta":[],"categories":[542],"tags":[169,381,190,2002],"yoast_head":"<!-- This site is optimized with the Yoast SEO plugin v20.8 - https:\/\/yoast.com\/wordpress\/plugins\/seo\/ -->\n<title>Exigen justicia para periodista asesinado en Cuetzalan - The Puebla Times<\/title>\n<meta name=\"robots\" content=\"index, follow, max-snippet:-1, max-image-preview:large, max-video-preview:-1\" \/>\n<link rel=\"canonical\" href=\"https:\/\/thepueblatimes.mx\/index.php\/2025\/06\/27\/piden-justicia-para-periodista-asesinado-en-cuetzalan\/\" \/>\n<meta property=\"og:locale\" content=\"es_ES\" \/>\n<meta property=\"og:type\" content=\"article\" \/>\n<meta property=\"og:title\" content=\"Exigen justicia para periodista asesinado en Cuetzalan - The Puebla Times\" \/>\n<meta property=\"og:description\" content=\"POR FRED ESTRADA Familiares y amigos del periodista Salom\u00f3n Ord\u00f3\u00f1ez Miranda, conocido como Shalom, asesinado en la comunidad de Pajpatap\u00e1n del municipio de Cuetzalan, Puebla, pidieron justicia al tiempo de darle el \u00faltimo adi\u00f3s. Durante la tarde del jueves, 26 de junio, exigieron esclarecer el m\u00f3vil del crimen y detener al o los culpables. Como...\" \/>\n<meta property=\"og:url\" content=\"https:\/\/thepueblatimes.mx\/index.php\/2025\/06\/27\/piden-justicia-para-periodista-asesinado-en-cuetzalan\/\" \/>\n<meta property=\"og:site_name\" content=\"The Puebla Times\" \/>\n<meta property=\"article:published_time\" content=\"2025-06-27T19:22:32+00:00\" \/>\n<meta property=\"article:modified_time\" content=\"2025-06-27T19:29:03+00:00\" \/>\n<meta property=\"og:image\" content=\"https:\/\/thepueblatimes.mx\/wp-content\/uploads\/2025\/06\/4JXO3NIPDFDXPKNLDDDK34TD4Y.jpg\" \/>\n\t<meta property=\"og:image:width\" content=\"992\" \/>\n\t<meta property=\"og:image:height\" content=\"1323\" \/>\n\t<meta property=\"og:image:type\" content=\"image\/jpeg\" \/>\n<meta name=\"author\" content=\"Sa\u00fal Hern\u00e1ndez\" \/>\n<meta name=\"twitter:card\" content=\"summary_large_image\" \/>\n<meta name=\"twitter:label1\" content=\"Escrito por\" \/>\n\t<meta name=\"twitter:data1\" content=\"Sa\u00fal Hern\u00e1ndez\" \/>\n\t<meta name=\"twitter:label2\" content=\"Tiempo de lectura\" \/>\n\t<meta name=\"twitter:data2\" content=\"1 minuto\" \/>\n<script type=\"application\/ld+json\" class=\"yoast-schema-graph\">{\"@context\":\"https:\/\/schema.org\",\"@graph\":[{\"@type\":\"WebPage\",\"@id\":\"https:\/\/thepueblatimes.mx\/index.php\/2025\/06\/27\/piden-justicia-para-periodista-asesinado-en-cuetzalan\/\",\"url\":\"https:\/\/thepueblatimes.mx\/index.php\/2025\/06\/27\/piden-justicia-para-periodista-asesinado-en-cuetzalan\/\",\"name\":\"Exigen justicia para periodista asesinado en Cuetzalan - The Puebla Times\",\"isPartOf\":{\"@id\":\"https:\/\/thepueblatimes.mx\/#website\"},\"datePublished\":\"2025-06-27T19:22:32+00:00\",\"dateModified\":\"2025-06-27T19:29:03+00:00\",\"author\":{\"@id\":\"https:\/\/thepueblatimes.mx\/#\/schema\/person\/1664894c2f65ce2c7a08d8f5f905c13c\"},\"breadcrumb\":{\"@id\":\"https:\/\/thepueblatimes.mx\/index.php\/2025\/06\/27\/piden-justicia-para-periodista-asesinado-en-cuetzalan\/#breadcrumb\"},\"inLanguage\":\"es\",\"potentialAction\":[{\"@type\":\"ReadAction\",\"target\":[\"https:\/\/thepueblatimes.mx\/index.php\/2025\/06\/27\/piden-justicia-para-periodista-asesinado-en-cuetzalan\/\"]}]},{\"@type\":\"BreadcrumbList\",\"@id\":\"https:\/\/thepueblatimes.mx\/index.php\/2025\/06\/27\/piden-justicia-para-periodista-asesinado-en-cuetzalan\/#breadcrumb\",\"itemListElement\":[{\"@type\":\"ListItem\",\"position\":1,\"name\":\"Portada\",\"item\":\"https:\/\/thepueblatimes.mx\/\"},{\"@type\":\"ListItem\",\"position\":2,\"name\":\"Exigen justicia para periodista asesinado en Cuetzalan\"}]},{\"@type\":\"WebSite\",\"@id\":\"https:\/\/thepueblatimes.mx\/#website\",\"url\":\"https:\/\/thepueblatimes.mx\/\",\"name\":\"The Puebla Times\",\"description\":\"Noticias del Estado de Puebla\",\"potentialAction\":[{\"@type\":\"SearchAction\",\"target\":{\"@type\":\"EntryPoint\",\"urlTemplate\":\"https:\/\/thepueblatimes.mx\/?s={search_term_string}\"},\"query-input\":\"required name=search_term_string\"}],\"inLanguage\":\"es\"},{\"@type\":\"Person\",\"@id\":\"https:\/\/thepueblatimes.mx\/#\/schema\/person\/1664894c2f65ce2c7a08d8f5f905c13c\",\"name\":\"Sa\u00fal Hern\u00e1ndez\",\"image\":{\"@type\":\"ImageObject\",\"inLanguage\":\"es\",\"@id\":\"https:\/\/thepueblatimes.mx\/#\/schema\/person\/image\/\",\"url\":\"https:\/\/secure.gravatar.com\/avatar\/11be338693f243309532caad8f10c930?s=96&d=mm&r=g\",\"contentUrl\":\"https:\/\/secure.gravatar.com\/avatar\/11be338693f243309532caad8f10c930?s=96&d=mm&r=g\",\"caption\":\"Sa\u00fal Hern\u00e1ndez\"},\"url\":\"https:\/\/thepueblatimes.mx\/index.php\/author\/saulhernandez\/\"}]}<\/script>\n<!-- \/ Yoast SEO plugin. -->","yoast_head_json":{"title":"Exigen justicia para periodista asesinado en Cuetzalan - The Puebla Times","robots":{"index":"index","follow":"follow","max-snippet":"max-snippet:-1","max-image-preview":"max-image-preview:large","max-video-preview":"max-video-preview:-1"},"canonical":"https:\/\/thepueblatimes.mx\/index.php\/2025\/06\/27\/piden-justicia-para-periodista-asesinado-en-cuetzalan\/","og_locale":"es_ES","og_type":"article","og_title":"Exigen justicia para periodista asesinado en Cuetzalan - The Puebla Times","og_description":"POR FRED ESTRADA Familiares y amigos del periodista Salom\u00f3n Ord\u00f3\u00f1ez Miranda, conocido como Shalom, asesinado en la comunidad de Pajpatap\u00e1n del municipio de Cuetzalan, Puebla, pidieron justicia al tiempo de darle el \u00faltimo adi\u00f3s. Durante la tarde del jueves, 26 de junio, exigieron esclarecer el m\u00f3vil del crimen y detener al o los culpables. Como...","og_url":"https:\/\/thepueblatimes.mx\/index.php\/2025\/06\/27\/piden-justicia-para-periodista-asesinado-en-cuetzalan\/","og_site_name":"The Puebla Times","article_published_time":"2025-06-27T19:22:32+00:00","article_modified_time":"2025-06-27T19:29:03+00:00","og_image":[{"width":992,"height":1323,"url":"https:\/\/thepueblatimes.mx\/wp-content\/uploads\/2025\/06\/4JXO3NIPDFDXPKNLDDDK34TD4Y.jpg","type":"image\/jpeg"}],"author":"Sa\u00fal Hern\u00e1ndez","twitter_card":"summary_large_image","twitter_misc":{"Escrito por":"Sa\u00fal Hern\u00e1ndez","Tiempo de lectura":"1 minuto"},"schema":{"@context":"https:\/\/schema.org","@graph":[{"@type":"WebPage","@id":"https:\/\/thepueblatimes.mx\/index.php\/2025\/06\/27\/piden-justicia-para-periodista-asesinado-en-cuetzalan\/","url":"https:\/\/thepueblatimes.mx\/index.php\/2025\/06\/27\/piden-justicia-para-periodista-asesinado-en-cuetzalan\/","name":"Exigen justicia para periodista asesinado en Cuetzalan - The Puebla Times","isPartOf":{"@id":"https:\/\/thepueblatimes.mx\/#website"},"datePublished":"2025-06-27T19:22:32+00:00","dateModified":"2025-06-27T19:29:03+00:00","author":{"@id":"https:\/\/thepueblatimes.mx\/#\/schema\/person\/1664894c2f65ce2c7a08d8f5f905c13c"},"breadcrumb":{"@id":"https:\/\/thepueblatimes.mx\/index.php\/2025\/06\/27\/piden-justicia-para-periodista-asesinado-en-cuetzalan\/#breadcrumb"},"inLanguage":"es","potentialAction":[{"@type":"ReadAction","target":["https:\/\/thepueblatimes.mx\/index.php\/2025\/06\/27\/piden-justicia-para-periodista-asesinado-en-cuetzalan\/"]}]},{"@type":"BreadcrumbList","@id":"https:\/\/thepueblatimes.mx\/index.php\/2025\/06\/27\/piden-justicia-para-periodista-asesinado-en-cuetzalan\/#breadcrumb","itemListElement":[{"@type":"ListItem","position":1,"name":"Portada","item":"https:\/\/thepueblatimes.mx\/"},{"@type":"ListItem","position":2,"name":"Exigen justicia para periodista asesinado en Cuetzalan"}]},{"@type":"WebSite","@id":"https:\/\/thepueblatimes.mx\/#website","url":"https:\/\/thepueblatimes.mx\/","name":"The Puebla Times","description":"Noticias del Estado de Puebla","potentialAction":[{"@type":"SearchAction","target":{"@type":"EntryPoint","urlTemplate":"https:\/\/thepueblatimes.mx\/?s={search_term_string}"},"query-input":"required name=search_term_string"}],"inLanguage":"es"},{"@type":"Person","@id":"https:\/\/thepueblatimes.mx\/#\/schema\/person\/1664894c2f65ce2c7a08d8f5f905c13c","name":"Sa\u00fal Hern\u00e1ndez","image":{"@type":"ImageObject","inLanguage":"es","@id":"https:\/\/thepueblatimes.mx\/#\/schema\/person\/image\/","url":"https:\/\/secure.gravatar.com\/avatar\/11be338693f243309532caad8f10c930?s=96&d=mm&r=g","contentUrl":"https:\/\/secure.gravatar.com\/avatar\/11be338693f243309532caad8f10c930?s=96&d=mm&r=g","caption":"Sa\u00fal Hern\u00e1ndez"},"url":"https:\/\/thepueblatimes.mx\/index.php\/author\/saulhernandez\/"}]}},"jetpack_featured_media_url":"https:\/\/thepueblatimes.mx\/wp-content\/uploads\/2025\/06\/4JXO3NIPDFDXPKNLDDDK34TD4Y.jpg","_links":{"self":[{"href":"https:\/\/thepueblatimes.mx\/index.php\/wp-json\/wp\/v2\/posts\/31364"}],"collection":[{"href":"https:\/\/thepueblatimes.mx\/index.php\/wp-json\/wp\/v2\/posts"}],"about":[{"href":"https:\/\/thepueblatimes.mx\/index.php\/wp-json\/wp\/v2\/types\/post"}],"author":[{"embeddable":true,"href":"https:\/\/thepueblatimes.mx\/index.php\/wp-json\/wp\/v2\/users\/16"}],"replies":[{"embeddable":true,"href":"https:\/\/thepueblatimes.mx\/index.php\/wp-json\/wp\/v2\/comments?post=31364"}],"version-history":[{"count":2,"href":"https:\/\/thepueblatimes.mx\/index.php\/wp-json\/wp\/v2\/posts\/31364\/revisions"}],"predecessor-version":[{"id":31369,"href":"https:\/\/thepueblatimes.mx\/index.php\/wp-json\/wp\/v2\/posts\/31364\/revisions\/31369"}],"wp:featuredmedia":[{"embeddable":true,"href":"https:\/\/thepueblatimes.mx\/index.php\/wp-json\/wp\/v2\/media\/31367"}],"wp:attachment":[{"href":"https:\/\/thepueblatimes.mx\/index.php\/wp-json\/wp\/v2\/media?parent=31364"}],"wp:term":[{"taxonomy":"category","embeddable":true,"href":"https:\/\/thepueblatimes.mx\/index.php\/wp-json\/wp\/v2\/categories?post=31364"},{"taxonomy":"post_tag","embeddable":true,"href":"https:\/\/thepueblatimes.mx\/index.php\/wp-json\/wp\/v2\/tags?post=31364"}],"curies":[{"name":"wp","href":"https:\/\/api.w.org\/{rel}","templated":true}]}}