{"id":31360,"date":"2025-06-27T13:09:03","date_gmt":"2025-06-27T19:09:03","guid":{"rendered":"https:\/\/thepueblatimes.mx\/?p=31360"},"modified":"2025-06-27T13:09:03","modified_gmt":"2025-06-27T19:09:03","slug":"suprema-corte-respalda-veto-parcial-a-la-ciudadania-por-nacimiento-28-estados-podran-negarla-a-hijos-de-indocumentados","status":"publish","type":"post","link":"https:\/\/thepueblatimes.mx\/index.php\/2025\/06\/27\/suprema-corte-respalda-veto-parcial-a-la-ciudadania-por-nacimiento-28-estados-podran-negarla-a-hijos-de-indocumentados\/","title":{"rendered":"Suprema Corte respalda veto parcial a la ciudadan\u00eda por nacimiento: 28 estados podr\u00e1n negarla a hijos de indocumentados"},"content":{"rendered":"<p><strong><em>\u2013 Fallo 6-3 avala la orden ejecutiva de Trump y abre un plazo de 30 d\u00edas para que los estados republicanos apliquen la medida, mientras juristas anticipan una nueva oleada de demandas.<\/em><\/strong><\/p>\n<p>La Corte Suprema de EE. UU. dio luz verde a la directriz presidencial que impide otorgar ciudadan\u00eda autom\u00e1tica a los hijos de migrantes sin autorizaci\u00f3n en 28 estados de mayor\u00eda republicana. La mayor\u00eda conservadora sostuvo que los tribunales inferiores excedieron su jurisdicci\u00f3n al bloquear de forma nacional la orden y dej\u00f3 intacta la interpretaci\u00f3n tradicional de la 14. Enmienda\u2026 por ahora.<\/p>\n<p>La resoluci\u00f3n no es retroactiva: s\u00f3lo afectar\u00e1 a los nacimientos posteriores a su entrada en vigor dentro de un mes. Los 22 estados gobernados por dem\u00f3cratas seguir\u00e1n aplicando el principio de ius soli, creando un mosaico legal que expertos prev\u00e9n impugnado distrito por distrito.<\/p>\n<p>Impacto potencial<br \/>\n\u2022 Seg\u00fan el Pew Research Center, m\u00e1s de cuatro millones de ni\u00f1os nacidos en EE. UU. tienen padres indocumentados; la mitad es de origen mexicano y reside, en buena parte, en Texas, Florida y otros estados que adoptar\u00e1n la restricci\u00f3n.<br \/>\n\u2022 Organizaciones civiles alertan de un aumento de la apatridia y de disputas administrativas en hospitales y registros civiles.<\/p>\n<p>Reacciones encontradas<br \/>\nLa procuradora conservadora Pam Bondi celebr\u00f3 que la Corte \u201cfrene el alud de amparos nacionales contra el presidente\u201d. En contraste, la constitucionalista Deborah Perlstein calific\u00f3 de \u201clicencia para litigar\u201d la decisi\u00f3n: los casos volver\u00e1n a cortes de distrito y podr\u00edan reaparecer ante el Supremo el pr\u00f3ximo periodo de sesiones.<\/p>\n<p>Lo que sigue<\/p>\n<p>\u2014Los gobernadores republicanos deber\u00e1n legislar o emitir lineamientos para negar actas de nacimiento federales.<\/p>\n<p>\u2014Defensores de los derechos de los migrantes preparan demandas colectivas que alegan violaci\u00f3n de la igualdad de protecci\u00f3n y de la cl\u00e1usula de ciudadan\u00eda.<\/p>\n<p>\u2014La Casa Blanca considera el fallo un avance clave para su agenda migratoria, pero admite que la batalla legal \u201cest\u00e1 lejos de terminar\u201d.<\/p>\n<p>En un pa\u00eds partido por el mapa electoral, nacer del lado \u201cincorrecto\u201d de la frontera estatal ser\u00e1, a partir de julio, la diferencia entre ser ciudadano o vivir en un limbo legal que la Corte a\u00fan no ha desentra\u00f1ado definitivamente.<\/p>\n","protected":false},"excerpt":{"rendered":"<p>\u2013 Fallo 6-3 avala la orden ejecutiva de Trump y abre un plazo de 30 d\u00edas para que los estados republicanos apliquen la medida, mientras juristas anticipan una nueva oleada de demandas. La Corte Suprema de EE. UU. dio luz verde a la directriz presidencial que impide otorgar ciudadan\u00eda autom\u00e1tica a los hijos de migrantes&#8230;<\/p>\n","protected":false},"author":16,"featured_media":31365,"comment_status":"closed","ping_status":"closed","sticky":false,"template":"","format":"standard","meta":[],"categories":[5],"tags":[],"yoast_head":"<!-- This site is optimized with the Yoast SEO plugin v20.8 - https:\/\/yoast.com\/wordpress\/plugins\/seo\/ -->\n<title>Suprema Corte respalda veto parcial a la ciudadan\u00eda por nacimiento: 28 estados podr\u00e1n negarla a hijos de indocumentados - The Puebla Times<\/title>\n<meta name=\"robots\" content=\"index, follow, max-snippet:-1, max-image-preview:large, max-video-preview:-1\" \/>\n<link rel=\"canonical\" href=\"https:\/\/thepueblatimes.mx\/index.php\/2025\/06\/27\/suprema-corte-respalda-veto-parcial-a-la-ciudadania-por-nacimiento-28-estados-podran-negarla-a-hijos-de-indocumentados\/\" \/>\n<meta property=\"og:locale\" content=\"es_ES\" \/>\n<meta property=\"og:type\" content=\"article\" \/>\n<meta property=\"og:title\" content=\"Suprema Corte respalda veto parcial a la ciudadan\u00eda por nacimiento: 28 estados podr\u00e1n negarla a hijos de indocumentados - The Puebla Times\" \/>\n<meta property=\"og:description\" content=\"\u2013 Fallo 6-3 avala la orden ejecutiva de Trump y abre un plazo de 30 d\u00edas para que los estados republicanos apliquen la medida, mientras juristas anticipan una nueva oleada de demandas. La Corte Suprema de EE. UU. dio luz verde a la directriz presidencial que impide otorgar ciudadan\u00eda autom\u00e1tica a los hijos de migrantes...\" \/>\n<meta property=\"og:url\" content=\"https:\/\/thepueblatimes.mx\/index.php\/2025\/06\/27\/suprema-corte-respalda-veto-parcial-a-la-ciudadania-por-nacimiento-28-estados-podran-negarla-a-hijos-de-indocumentados\/\" \/>\n<meta property=\"og:site_name\" content=\"The Puebla Times\" \/>\n<meta property=\"article:published_time\" content=\"2025-06-27T19:09:03+00:00\" \/>\n<meta property=\"og:image\" content=\"https:\/\/thepueblatimes.mx\/wp-content\/uploads\/2025\/06\/cnne-968469-ninos.jpg\" \/>\n\t<meta property=\"og:image:width\" content=\"1480\" \/>\n\t<meta property=\"og:image:height\" content=\"833\" \/>\n\t<meta property=\"og:image:type\" content=\"image\/jpeg\" \/>\n<meta name=\"author\" content=\"Sa\u00fal Hern\u00e1ndez\" \/>\n<meta name=\"twitter:card\" content=\"summary_large_image\" \/>\n<meta name=\"twitter:label1\" content=\"Escrito por\" \/>\n\t<meta name=\"twitter:data1\" content=\"Sa\u00fal Hern\u00e1ndez\" \/>\n\t<meta name=\"twitter:label2\" content=\"Tiempo de lectura\" \/>\n\t<meta name=\"twitter:data2\" content=\"2 minutos\" \/>\n<script type=\"application\/ld+json\" class=\"yoast-schema-graph\">{\"@context\":\"https:\/\/schema.org\",\"@graph\":[{\"@type\":\"WebPage\",\"@id\":\"https:\/\/thepueblatimes.mx\/index.php\/2025\/06\/27\/suprema-corte-respalda-veto-parcial-a-la-ciudadania-por-nacimiento-28-estados-podran-negarla-a-hijos-de-indocumentados\/\",\"url\":\"https:\/\/thepueblatimes.mx\/index.php\/2025\/06\/27\/suprema-corte-respalda-veto-parcial-a-la-ciudadania-por-nacimiento-28-estados-podran-negarla-a-hijos-de-indocumentados\/\",\"name\":\"Suprema Corte respalda veto parcial a la ciudadan\u00eda por nacimiento: 28 estados podr\u00e1n negarla a hijos de indocumentados - The Puebla Times\",\"isPartOf\":{\"@id\":\"https:\/\/thepueblatimes.mx\/#website\"},\"datePublished\":\"2025-06-27T19:09:03+00:00\",\"dateModified\":\"2025-06-27T19:09:03+00:00\",\"author\":{\"@id\":\"https:\/\/thepueblatimes.mx\/#\/schema\/person\/1664894c2f65ce2c7a08d8f5f905c13c\"},\"breadcrumb\":{\"@id\":\"https:\/\/thepueblatimes.mx\/index.php\/2025\/06\/27\/suprema-corte-respalda-veto-parcial-a-la-ciudadania-por-nacimiento-28-estados-podran-negarla-a-hijos-de-indocumentados\/#breadcrumb\"},\"inLanguage\":\"es\",\"potentialAction\":[{\"@type\":\"ReadAction\",\"target\":[\"https:\/\/thepueblatimes.mx\/index.php\/2025\/06\/27\/suprema-corte-respalda-veto-parcial-a-la-ciudadania-por-nacimiento-28-estados-podran-negarla-a-hijos-de-indocumentados\/\"]}]},{\"@type\":\"BreadcrumbList\",\"@id\":\"https:\/\/thepueblatimes.mx\/index.php\/2025\/06\/27\/suprema-corte-respalda-veto-parcial-a-la-ciudadania-por-nacimiento-28-estados-podran-negarla-a-hijos-de-indocumentados\/#breadcrumb\",\"itemListElement\":[{\"@type\":\"ListItem\",\"position\":1,\"name\":\"Portada\",\"item\":\"https:\/\/thepueblatimes.mx\/\"},{\"@type\":\"ListItem\",\"position\":2,\"name\":\"Suprema Corte respalda veto parcial a la ciudadan\u00eda por nacimiento: 28 estados podr\u00e1n negarla a hijos de indocumentados\"}]},{\"@type\":\"WebSite\",\"@id\":\"https:\/\/thepueblatimes.mx\/#website\",\"url\":\"https:\/\/thepueblatimes.mx\/\",\"name\":\"The Puebla Times\",\"description\":\"Noticias del Estado de Puebla\",\"potentialAction\":[{\"@type\":\"SearchAction\",\"target\":{\"@type\":\"EntryPoint\",\"urlTemplate\":\"https:\/\/thepueblatimes.mx\/?s={search_term_string}\"},\"query-input\":\"required name=search_term_string\"}],\"inLanguage\":\"es\"},{\"@type\":\"Person\",\"@id\":\"https:\/\/thepueblatimes.mx\/#\/schema\/person\/1664894c2f65ce2c7a08d8f5f905c13c\",\"name\":\"Sa\u00fal Hern\u00e1ndez\",\"image\":{\"@type\":\"ImageObject\",\"inLanguage\":\"es\",\"@id\":\"https:\/\/thepueblatimes.mx\/#\/schema\/person\/image\/\",\"url\":\"https:\/\/secure.gravatar.com\/avatar\/11be338693f243309532caad8f10c930?s=96&d=mm&r=g\",\"contentUrl\":\"https:\/\/secure.gravatar.com\/avatar\/11be338693f243309532caad8f10c930?s=96&d=mm&r=g\",\"caption\":\"Sa\u00fal Hern\u00e1ndez\"},\"url\":\"https:\/\/thepueblatimes.mx\/index.php\/author\/saulhernandez\/\"}]}<\/script>\n<!-- \/ Yoast SEO plugin. -->","yoast_head_json":{"title":"Suprema Corte respalda veto parcial a la ciudadan\u00eda por nacimiento: 28 estados podr\u00e1n negarla a hijos de indocumentados - The Puebla Times","robots":{"index":"index","follow":"follow","max-snippet":"max-snippet:-1","max-image-preview":"max-image-preview:large","max-video-preview":"max-video-preview:-1"},"canonical":"https:\/\/thepueblatimes.mx\/index.php\/2025\/06\/27\/suprema-corte-respalda-veto-parcial-a-la-ciudadania-por-nacimiento-28-estados-podran-negarla-a-hijos-de-indocumentados\/","og_locale":"es_ES","og_type":"article","og_title":"Suprema Corte respalda veto parcial a la ciudadan\u00eda por nacimiento: 28 estados podr\u00e1n negarla a hijos de indocumentados - The Puebla Times","og_description":"\u2013 Fallo 6-3 avala la orden ejecutiva de Trump y abre un plazo de 30 d\u00edas para que los estados republicanos apliquen la medida, mientras juristas anticipan una nueva oleada de demandas. La Corte Suprema de EE. UU. dio luz verde a la directriz presidencial que impide otorgar ciudadan\u00eda autom\u00e1tica a los hijos de migrantes...","og_url":"https:\/\/thepueblatimes.mx\/index.php\/2025\/06\/27\/suprema-corte-respalda-veto-parcial-a-la-ciudadania-por-nacimiento-28-estados-podran-negarla-a-hijos-de-indocumentados\/","og_site_name":"The Puebla Times","article_published_time":"2025-06-27T19:09:03+00:00","og_image":[{"width":1480,"height":833,"url":"https:\/\/thepueblatimes.mx\/wp-content\/uploads\/2025\/06\/cnne-968469-ninos.jpg","type":"image\/jpeg"}],"author":"Sa\u00fal Hern\u00e1ndez","twitter_card":"summary_large_image","twitter_misc":{"Escrito por":"Sa\u00fal Hern\u00e1ndez","Tiempo de lectura":"2 minutos"},"schema":{"@context":"https:\/\/schema.org","@graph":[{"@type":"WebPage","@id":"https:\/\/thepueblatimes.mx\/index.php\/2025\/06\/27\/suprema-corte-respalda-veto-parcial-a-la-ciudadania-por-nacimiento-28-estados-podran-negarla-a-hijos-de-indocumentados\/","url":"https:\/\/thepueblatimes.mx\/index.php\/2025\/06\/27\/suprema-corte-respalda-veto-parcial-a-la-ciudadania-por-nacimiento-28-estados-podran-negarla-a-hijos-de-indocumentados\/","name":"Suprema Corte respalda veto parcial a la ciudadan\u00eda por nacimiento: 28 estados podr\u00e1n negarla a hijos de indocumentados - The Puebla Times","isPartOf":{"@id":"https:\/\/thepueblatimes.mx\/#website"},"datePublished":"2025-06-27T19:09:03+00:00","dateModified":"2025-06-27T19:09:03+00:00","author":{"@id":"https:\/\/thepueblatimes.mx\/#\/schema\/person\/1664894c2f65ce2c7a08d8f5f905c13c"},"breadcrumb":{"@id":"https:\/\/thepueblatimes.mx\/index.php\/2025\/06\/27\/suprema-corte-respalda-veto-parcial-a-la-ciudadania-por-nacimiento-28-estados-podran-negarla-a-hijos-de-indocumentados\/#breadcrumb"},"inLanguage":"es","potentialAction":[{"@type":"ReadAction","target":["https:\/\/thepueblatimes.mx\/index.php\/2025\/06\/27\/suprema-corte-respalda-veto-parcial-a-la-ciudadania-por-nacimiento-28-estados-podran-negarla-a-hijos-de-indocumentados\/"]}]},{"@type":"BreadcrumbList","@id":"https:\/\/thepueblatimes.mx\/index.php\/2025\/06\/27\/suprema-corte-respalda-veto-parcial-a-la-ciudadania-por-nacimiento-28-estados-podran-negarla-a-hijos-de-indocumentados\/#breadcrumb","itemListElement":[{"@type":"ListItem","position":1,"name":"Portada","item":"https:\/\/thepueblatimes.mx\/"},{"@type":"ListItem","position":2,"name":"Suprema Corte respalda veto parcial a la ciudadan\u00eda por nacimiento: 28 estados podr\u00e1n negarla a hijos de indocumentados"}]},{"@type":"WebSite","@id":"https:\/\/thepueblatimes.mx\/#website","url":"https:\/\/thepueblatimes.mx\/","name":"The Puebla Times","description":"Noticias del Estado de Puebla","potentialAction":[{"@type":"SearchAction","target":{"@type":"EntryPoint","urlTemplate":"https:\/\/thepueblatimes.mx\/?s={search_term_string}"},"query-input":"required name=search_term_string"}],"inLanguage":"es"},{"@type":"Person","@id":"https:\/\/thepueblatimes.mx\/#\/schema\/person\/1664894c2f65ce2c7a08d8f5f905c13c","name":"Sa\u00fal Hern\u00e1ndez","image":{"@type":"ImageObject","inLanguage":"es","@id":"https:\/\/thepueblatimes.mx\/#\/schema\/person\/image\/","url":"https:\/\/secure.gravatar.com\/avatar\/11be338693f243309532caad8f10c930?s=96&d=mm&r=g","contentUrl":"https:\/\/secure.gravatar.com\/avatar\/11be338693f243309532caad8f10c930?s=96&d=mm&r=g","caption":"Sa\u00fal Hern\u00e1ndez"},"url":"https:\/\/thepueblatimes.mx\/index.php\/author\/saulhernandez\/"}]}},"jetpack_featured_media_url":"https:\/\/thepueblatimes.mx\/wp-content\/uploads\/2025\/06\/cnne-968469-ninos.jpg","_links":{"self":[{"href":"https:\/\/thepueblatimes.mx\/index.php\/wp-json\/wp\/v2\/posts\/31360"}],"collection":[{"href":"https:\/\/thepueblatimes.mx\/index.php\/wp-json\/wp\/v2\/posts"}],"about":[{"href":"https:\/\/thepueblatimes.mx\/index.php\/wp-json\/wp\/v2\/types\/post"}],"author":[{"embeddable":true,"href":"https:\/\/thepueblatimes.mx\/index.php\/wp-json\/wp\/v2\/users\/16"}],"replies":[{"embeddable":true,"href":"https:\/\/thepueblatimes.mx\/index.php\/wp-json\/wp\/v2\/comments?post=31360"}],"version-history":[{"count":1,"href":"https:\/\/thepueblatimes.mx\/index.php\/wp-json\/wp\/v2\/posts\/31360\/revisions"}],"predecessor-version":[{"id":31366,"href":"https:\/\/thepueblatimes.mx\/index.php\/wp-json\/wp\/v2\/posts\/31360\/revisions\/31366"}],"wp:featuredmedia":[{"embeddable":true,"href":"https:\/\/thepueblatimes.mx\/index.php\/wp-json\/wp\/v2\/media\/31365"}],"wp:attachment":[{"href":"https:\/\/thepueblatimes.mx\/index.php\/wp-json\/wp\/v2\/media?parent=31360"}],"wp:term":[{"taxonomy":"category","embeddable":true,"href":"https:\/\/thepueblatimes.mx\/index.php\/wp-json\/wp\/v2\/categories?post=31360"},{"taxonomy":"post_tag","embeddable":true,"href":"https:\/\/thepueblatimes.mx\/index.php\/wp-json\/wp\/v2\/tags?post=31360"}],"curies":[{"name":"wp","href":"https:\/\/api.w.org\/{rel}","templated":true}]}}