{"id":31354,"date":"2025-06-27T12:50:42","date_gmt":"2025-06-27T18:50:42","guid":{"rendered":"https:\/\/thepueblatimes.mx\/?p=31354"},"modified":"2025-06-27T12:50:42","modified_gmt":"2025-06-27T18:50:42","slug":"inauguran-pepe-chedraui-y-marielise-budib-x-una-capital-libre-de-adicciones-para-fomentar-estilos-de-vida-saludables","status":"publish","type":"post","link":"https:\/\/thepueblatimes.mx\/index.php\/2025\/06\/27\/inauguran-pepe-chedraui-y-marielise-budib-x-una-capital-libre-de-adicciones-para-fomentar-estilos-de-vida-saludables\/","title":{"rendered":"Inauguran Pepe Chedraui y MariElise Budib \u201cX Una Capital Libre de Adicciones\u201d para fomentar estilos de vida saludables"},"content":{"rendered":"<h3><em>&#8211; Se impulsan actividades de prevenci\u00f3n y promoci\u00f3n de valores por el bienestar integral de las familias poblanas<\/em><\/h3>\n<p>Puebla, Pue., 26 de junio de 2025.- A fin de conmemorar el Dia Internacional contra las Adicciones, el presidente municipal Pepe Chedraui y la presidenta del Patronato del DIF Puebla Capital, MariElise Budib, inauguraron la jornada \u201cX una Capital sin Adicciones\u201d, en la que participaron j\u00f3venes, empresas e instituciones.<\/p>\n<p>El evento fue organizado por el Sistema Municipal DIF, el Instituto Municipal del Deporte (IMDP) y el Instituto de la Juventud (IJMP), con la intenci\u00f3n de promover la prevenci\u00f3n y fomentar estilos de vida saludables en los j\u00f3venes. La actividad invit\u00f3 a la reflexi\u00f3n en torno a los h\u00e1bitos de alimentaci\u00f3n, la sana convivencia, el fortalecimiento de valores, la salud f\u00edsica, mental y sexual, adem\u00e1s de generar espacios de esparcimiento y recreaci\u00f3n.<\/p>\n<p>En su mensaje, el alcalde reconoci\u00f3 el esfuerzo y la empat\u00eda para que universidades, sociedad civil y gobierno contin\u00faen trabajando por el bien de las familias poblanas.<\/p>\n<p>\u201cEn Puebla nos sumamos a la estrategia nacional contra las adicciones, convencidos que el deporte, la cultura y el acompa\u00f1amiento emocional son herramientas clave para combatir las adicciones. Quiero hacer una menci\u00f3n especial a mi esposa MariElise, gracias a tu dedicaci\u00f3n, desde el DIF, las familias poblanas cuentan con un apoyo cercano en cada una de las juntas auxiliares de la capital\u201d enfatiz\u00f3.<\/p>\n<p>Por su parte, la presidenta del Patronato del DIF Puebla Capital, destac\u00f3 que estos espacios permiten brindar educaci\u00f3n, acompa\u00f1amiento emocional y actividades recreativas para ni\u00f1as, ni\u00f1os y adolescentes, fortaleciendo as\u00ed su desarrollo integral.<\/p>\n<p>\u201cGracias por sumarse con tanto entusiasmo a este d\u00eda que lleva un mensaje importante, decirle s\u00ed a la vida, s\u00ed a la salud, s\u00ed a los sue\u00f1os que merecen cumplir. Hoy conmemoramos el d\u00eda internacional contra las adicciones, y m\u00e1s que enfocarnos en el problema, estamos aqu\u00ed para enfocarnos en la soluci\u00f3n. Desde el DIF Puebla Capital y junto con mi esposo Pepe Chedraui, nos preocupamos, pero m\u00e1s importante, nos ocupamos por el bienestar de nuestra juventud. Queremos verlos crecer fuertes, seguros de s\u00ed mismos y con herramientas para tomar buenas decisiones\u201d, se\u00f1al\u00f3.<\/p>\n<p>Asimismo, Marco Martos, head coach del equipo de f\u00fatbol americano profesional Arc\u00e1ngeles, coment\u00f3 con respecto a los problemas sociales que enfrenta la juventud y de qu\u00e9 forma el acompa\u00f1amiento y apoyo de los padres de familia es fundamental para evitar las malas compa\u00f1\u00edas que los puedan llevar a las adicciones.<\/p>\n<p>Por otro lado, se realiz\u00f3 una carrera de botargas donde la salud f\u00edsica, la empat\u00eda, tolerancia y el respeto fueron los valores esenciales para ganar, llev\u00e1ndose el primer lugar \u201cLucho\u201d de la Universidad Metropolitana, el segundo lugar \u201cImparable\u201d del IMDP, y finalmente el tercer lugar \u201cFuerte\u201d del Club Puebla.<\/p>\n<p>Con estas acciones, el Gobierno de la Ciudad refuerza su compromiso por cuidar el bienestar integral de las y los j\u00f3venes, ofreciendo espacios de integraci\u00f3n, educaci\u00f3n y formaci\u00f3n en valores.<\/p>\n","protected":false},"excerpt":{"rendered":"<p>&#8211; Se impulsan actividades de prevenci\u00f3n y promoci\u00f3n de valores por el bienestar integral de las familias poblanas Puebla, Pue., 26 de junio de 2025.- A fin de conmemorar el Dia Internacional contra las Adicciones, el presidente municipal Pepe Chedraui y la presidenta del Patronato del DIF Puebla Capital, MariElise Budib, inauguraron la jornada \u201cX&#8230;<\/p>\n","protected":false},"author":16,"featured_media":31355,"comment_status":"closed","ping_status":"closed","sticky":false,"template":"","format":"standard","meta":[],"categories":[3],"tags":[1480,1271],"yoast_head":"<!-- This site is optimized with the Yoast SEO plugin v20.8 - https:\/\/yoast.com\/wordpress\/plugins\/seo\/ -->\n<title>Inauguran Pepe Chedraui y MariElise Budib \u201cX Una Capital Libre de Adicciones\u201d para fomentar estilos de vida saludables - The Puebla Times<\/title>\n<meta name=\"robots\" content=\"index, follow, max-snippet:-1, max-image-preview:large, max-video-preview:-1\" \/>\n<link rel=\"canonical\" href=\"https:\/\/thepueblatimes.mx\/index.php\/2025\/06\/27\/inauguran-pepe-chedraui-y-marielise-budib-x-una-capital-libre-de-adicciones-para-fomentar-estilos-de-vida-saludables\/\" \/>\n<meta property=\"og:locale\" content=\"es_ES\" \/>\n<meta property=\"og:type\" content=\"article\" \/>\n<meta property=\"og:title\" content=\"Inauguran Pepe Chedraui y MariElise Budib \u201cX Una Capital Libre de Adicciones\u201d para fomentar estilos de vida saludables - The Puebla Times\" \/>\n<meta property=\"og:description\" content=\"&#8211; Se impulsan actividades de prevenci\u00f3n y promoci\u00f3n de valores por el bienestar integral de las familias poblanas Puebla, Pue., 26 de junio de 2025.- A fin de conmemorar el Dia Internacional contra las Adicciones, el presidente municipal Pepe Chedraui y la presidenta del Patronato del DIF Puebla Capital, MariElise Budib, inauguraron la jornada \u201cX...\" \/>\n<meta property=\"og:url\" content=\"https:\/\/thepueblatimes.mx\/index.php\/2025\/06\/27\/inauguran-pepe-chedraui-y-marielise-budib-x-una-capital-libre-de-adicciones-para-fomentar-estilos-de-vida-saludables\/\" \/>\n<meta property=\"og:site_name\" content=\"The Puebla Times\" \/>\n<meta property=\"article:published_time\" content=\"2025-06-27T18:50:42+00:00\" \/>\n<meta property=\"og:image\" content=\"https:\/\/thepueblatimes.mx\/wp-content\/uploads\/2025\/06\/2b2b6101-2d5a-4fc5-91ad-dfdd2c4fc7fb.jpg\" \/>\n\t<meta property=\"og:image:width\" content=\"1280\" \/>\n\t<meta property=\"og:image:height\" content=\"854\" \/>\n\t<meta property=\"og:image:type\" content=\"image\/jpeg\" \/>\n<meta name=\"author\" content=\"Sa\u00fal Hern\u00e1ndez\" \/>\n<meta name=\"twitter:card\" content=\"summary_large_image\" \/>\n<meta name=\"twitter:label1\" content=\"Escrito por\" \/>\n\t<meta name=\"twitter:data1\" content=\"Sa\u00fal Hern\u00e1ndez\" \/>\n\t<meta name=\"twitter:label2\" content=\"Tiempo de lectura\" \/>\n\t<meta name=\"twitter:data2\" content=\"3 minutos\" \/>\n<script type=\"application\/ld+json\" class=\"yoast-schema-graph\">{\"@context\":\"https:\/\/schema.org\",\"@graph\":[{\"@type\":\"WebPage\",\"@id\":\"https:\/\/thepueblatimes.mx\/index.php\/2025\/06\/27\/inauguran-pepe-chedraui-y-marielise-budib-x-una-capital-libre-de-adicciones-para-fomentar-estilos-de-vida-saludables\/\",\"url\":\"https:\/\/thepueblatimes.mx\/index.php\/2025\/06\/27\/inauguran-pepe-chedraui-y-marielise-budib-x-una-capital-libre-de-adicciones-para-fomentar-estilos-de-vida-saludables\/\",\"name\":\"Inauguran Pepe Chedraui y MariElise Budib \u201cX Una Capital Libre de Adicciones\u201d para fomentar estilos de vida saludables - The Puebla Times\",\"isPartOf\":{\"@id\":\"https:\/\/thepueblatimes.mx\/#website\"},\"datePublished\":\"2025-06-27T18:50:42+00:00\",\"dateModified\":\"2025-06-27T18:50:42+00:00\",\"author\":{\"@id\":\"https:\/\/thepueblatimes.mx\/#\/schema\/person\/1664894c2f65ce2c7a08d8f5f905c13c\"},\"breadcrumb\":{\"@id\":\"https:\/\/thepueblatimes.mx\/index.php\/2025\/06\/27\/inauguran-pepe-chedraui-y-marielise-budib-x-una-capital-libre-de-adicciones-para-fomentar-estilos-de-vida-saludables\/#breadcrumb\"},\"inLanguage\":\"es\",\"potentialAction\":[{\"@type\":\"ReadAction\",\"target\":[\"https:\/\/thepueblatimes.mx\/index.php\/2025\/06\/27\/inauguran-pepe-chedraui-y-marielise-budib-x-una-capital-libre-de-adicciones-para-fomentar-estilos-de-vida-saludables\/\"]}]},{\"@type\":\"BreadcrumbList\",\"@id\":\"https:\/\/thepueblatimes.mx\/index.php\/2025\/06\/27\/inauguran-pepe-chedraui-y-marielise-budib-x-una-capital-libre-de-adicciones-para-fomentar-estilos-de-vida-saludables\/#breadcrumb\",\"itemListElement\":[{\"@type\":\"ListItem\",\"position\":1,\"name\":\"Portada\",\"item\":\"https:\/\/thepueblatimes.mx\/\"},{\"@type\":\"ListItem\",\"position\":2,\"name\":\"Inauguran Pepe Chedraui y MariElise Budib \u201cX Una Capital Libre de Adicciones\u201d para fomentar estilos de vida saludables\"}]},{\"@type\":\"WebSite\",\"@id\":\"https:\/\/thepueblatimes.mx\/#website\",\"url\":\"https:\/\/thepueblatimes.mx\/\",\"name\":\"The Puebla Times\",\"description\":\"Noticias del Estado de Puebla\",\"potentialAction\":[{\"@type\":\"SearchAction\",\"target\":{\"@type\":\"EntryPoint\",\"urlTemplate\":\"https:\/\/thepueblatimes.mx\/?s={search_term_string}\"},\"query-input\":\"required name=search_term_string\"}],\"inLanguage\":\"es\"},{\"@type\":\"Person\",\"@id\":\"https:\/\/thepueblatimes.mx\/#\/schema\/person\/1664894c2f65ce2c7a08d8f5f905c13c\",\"name\":\"Sa\u00fal Hern\u00e1ndez\",\"image\":{\"@type\":\"ImageObject\",\"inLanguage\":\"es\",\"@id\":\"https:\/\/thepueblatimes.mx\/#\/schema\/person\/image\/\",\"url\":\"https:\/\/secure.gravatar.com\/avatar\/11be338693f243309532caad8f10c930?s=96&d=mm&r=g\",\"contentUrl\":\"https:\/\/secure.gravatar.com\/avatar\/11be338693f243309532caad8f10c930?s=96&d=mm&r=g\",\"caption\":\"Sa\u00fal Hern\u00e1ndez\"},\"url\":\"https:\/\/thepueblatimes.mx\/index.php\/author\/saulhernandez\/\"}]}<\/script>\n<!-- \/ Yoast SEO plugin. -->","yoast_head_json":{"title":"Inauguran Pepe Chedraui y MariElise Budib \u201cX Una Capital Libre de Adicciones\u201d para fomentar estilos de vida saludables - The Puebla Times","robots":{"index":"index","follow":"follow","max-snippet":"max-snippet:-1","max-image-preview":"max-image-preview:large","max-video-preview":"max-video-preview:-1"},"canonical":"https:\/\/thepueblatimes.mx\/index.php\/2025\/06\/27\/inauguran-pepe-chedraui-y-marielise-budib-x-una-capital-libre-de-adicciones-para-fomentar-estilos-de-vida-saludables\/","og_locale":"es_ES","og_type":"article","og_title":"Inauguran Pepe Chedraui y MariElise Budib \u201cX Una Capital Libre de Adicciones\u201d para fomentar estilos de vida saludables - The Puebla Times","og_description":"&#8211; Se impulsan actividades de prevenci\u00f3n y promoci\u00f3n de valores por el bienestar integral de las familias poblanas Puebla, Pue., 26 de junio de 2025.- A fin de conmemorar el Dia Internacional contra las Adicciones, el presidente municipal Pepe Chedraui y la presidenta del Patronato del DIF Puebla Capital, MariElise Budib, inauguraron la jornada \u201cX...","og_url":"https:\/\/thepueblatimes.mx\/index.php\/2025\/06\/27\/inauguran-pepe-chedraui-y-marielise-budib-x-una-capital-libre-de-adicciones-para-fomentar-estilos-de-vida-saludables\/","og_site_name":"The Puebla Times","article_published_time":"2025-06-27T18:50:42+00:00","og_image":[{"width":1280,"height":854,"url":"https:\/\/thepueblatimes.mx\/wp-content\/uploads\/2025\/06\/2b2b6101-2d5a-4fc5-91ad-dfdd2c4fc7fb.jpg","type":"image\/jpeg"}],"author":"Sa\u00fal Hern\u00e1ndez","twitter_card":"summary_large_image","twitter_misc":{"Escrito por":"Sa\u00fal Hern\u00e1ndez","Tiempo de lectura":"3 minutos"},"schema":{"@context":"https:\/\/schema.org","@graph":[{"@type":"WebPage","@id":"https:\/\/thepueblatimes.mx\/index.php\/2025\/06\/27\/inauguran-pepe-chedraui-y-marielise-budib-x-una-capital-libre-de-adicciones-para-fomentar-estilos-de-vida-saludables\/","url":"https:\/\/thepueblatimes.mx\/index.php\/2025\/06\/27\/inauguran-pepe-chedraui-y-marielise-budib-x-una-capital-libre-de-adicciones-para-fomentar-estilos-de-vida-saludables\/","name":"Inauguran Pepe Chedraui y MariElise Budib \u201cX Una Capital Libre de Adicciones\u201d para fomentar estilos de vida saludables - The Puebla Times","isPartOf":{"@id":"https:\/\/thepueblatimes.mx\/#website"},"datePublished":"2025-06-27T18:50:42+00:00","dateModified":"2025-06-27T18:50:42+00:00","author":{"@id":"https:\/\/thepueblatimes.mx\/#\/schema\/person\/1664894c2f65ce2c7a08d8f5f905c13c"},"breadcrumb":{"@id":"https:\/\/thepueblatimes.mx\/index.php\/2025\/06\/27\/inauguran-pepe-chedraui-y-marielise-budib-x-una-capital-libre-de-adicciones-para-fomentar-estilos-de-vida-saludables\/#breadcrumb"},"inLanguage":"es","potentialAction":[{"@type":"ReadAction","target":["https:\/\/thepueblatimes.mx\/index.php\/2025\/06\/27\/inauguran-pepe-chedraui-y-marielise-budib-x-una-capital-libre-de-adicciones-para-fomentar-estilos-de-vida-saludables\/"]}]},{"@type":"BreadcrumbList","@id":"https:\/\/thepueblatimes.mx\/index.php\/2025\/06\/27\/inauguran-pepe-chedraui-y-marielise-budib-x-una-capital-libre-de-adicciones-para-fomentar-estilos-de-vida-saludables\/#breadcrumb","itemListElement":[{"@type":"ListItem","position":1,"name":"Portada","item":"https:\/\/thepueblatimes.mx\/"},{"@type":"ListItem","position":2,"name":"Inauguran Pepe Chedraui y MariElise Budib \u201cX Una Capital Libre de Adicciones\u201d para fomentar estilos de vida saludables"}]},{"@type":"WebSite","@id":"https:\/\/thepueblatimes.mx\/#website","url":"https:\/\/thepueblatimes.mx\/","name":"The Puebla Times","description":"Noticias del Estado de Puebla","potentialAction":[{"@type":"SearchAction","target":{"@type":"EntryPoint","urlTemplate":"https:\/\/thepueblatimes.mx\/?s={search_term_string}"},"query-input":"required name=search_term_string"}],"inLanguage":"es"},{"@type":"Person","@id":"https:\/\/thepueblatimes.mx\/#\/schema\/person\/1664894c2f65ce2c7a08d8f5f905c13c","name":"Sa\u00fal Hern\u00e1ndez","image":{"@type":"ImageObject","inLanguage":"es","@id":"https:\/\/thepueblatimes.mx\/#\/schema\/person\/image\/","url":"https:\/\/secure.gravatar.com\/avatar\/11be338693f243309532caad8f10c930?s=96&d=mm&r=g","contentUrl":"https:\/\/secure.gravatar.com\/avatar\/11be338693f243309532caad8f10c930?s=96&d=mm&r=g","caption":"Sa\u00fal Hern\u00e1ndez"},"url":"https:\/\/thepueblatimes.mx\/index.php\/author\/saulhernandez\/"}]}},"jetpack_featured_media_url":"https:\/\/thepueblatimes.mx\/wp-content\/uploads\/2025\/06\/2b2b6101-2d5a-4fc5-91ad-dfdd2c4fc7fb.jpg","_links":{"self":[{"href":"https:\/\/thepueblatimes.mx\/index.php\/wp-json\/wp\/v2\/posts\/31354"}],"collection":[{"href":"https:\/\/thepueblatimes.mx\/index.php\/wp-json\/wp\/v2\/posts"}],"about":[{"href":"https:\/\/thepueblatimes.mx\/index.php\/wp-json\/wp\/v2\/types\/post"}],"author":[{"embeddable":true,"href":"https:\/\/thepueblatimes.mx\/index.php\/wp-json\/wp\/v2\/users\/16"}],"replies":[{"embeddable":true,"href":"https:\/\/thepueblatimes.mx\/index.php\/wp-json\/wp\/v2\/comments?post=31354"}],"version-history":[{"count":1,"href":"https:\/\/thepueblatimes.mx\/index.php\/wp-json\/wp\/v2\/posts\/31354\/revisions"}],"predecessor-version":[{"id":31356,"href":"https:\/\/thepueblatimes.mx\/index.php\/wp-json\/wp\/v2\/posts\/31354\/revisions\/31356"}],"wp:featuredmedia":[{"embeddable":true,"href":"https:\/\/thepueblatimes.mx\/index.php\/wp-json\/wp\/v2\/media\/31355"}],"wp:attachment":[{"href":"https:\/\/thepueblatimes.mx\/index.php\/wp-json\/wp\/v2\/media?parent=31354"}],"wp:term":[{"taxonomy":"category","embeddable":true,"href":"https:\/\/thepueblatimes.mx\/index.php\/wp-json\/wp\/v2\/categories?post=31354"},{"taxonomy":"post_tag","embeddable":true,"href":"https:\/\/thepueblatimes.mx\/index.php\/wp-json\/wp\/v2\/tags?post=31354"}],"curies":[{"name":"wp","href":"https:\/\/api.w.org\/{rel}","templated":true}]}}