{"id":31351,"date":"2025-06-27T12:47:36","date_gmt":"2025-06-27T18:47:36","guid":{"rendered":"https:\/\/thepueblatimes.mx\/?p=31351"},"modified":"2025-06-27T12:47:36","modified_gmt":"2025-06-27T18:47:36","slug":"comision-del-congreso-avala-propuesta-para-promover-acciones-a-favor-de-mujeres-agraristas","status":"publish","type":"post","link":"https:\/\/thepueblatimes.mx\/index.php\/2025\/06\/27\/comision-del-congreso-avala-propuesta-para-promover-acciones-a-favor-de-mujeres-agraristas\/","title":{"rendered":"Comisi\u00f3n del Congreso avala propuesta para promover acciones a favor de mujeres agraristas"},"content":{"rendered":"<p><em>&#8211; Se pretende que este sector de la poblaci\u00f3n conozca y ejerza sus derechos en condiciones de igualdad e inclusi\u00f3n<\/em><\/p>\n<p>&nbsp;<\/p>\n<p>&nbsp;<\/p>\n<p>La Comisi\u00f3n de Desarrollo Rural del Congreso del Estado aval\u00f3 el acuerdo para exhortar a la Oficina de Representaci\u00f3n en Puebla de la Secretar\u00eda de Desarrollo Agrario, Territorial y Urbano a promover y realizar acciones en favor de las mujeres agraristas,<\/p>\n<p>&nbsp;<\/p>\n<p>La propuesta legislativa presentada por la diputada Modesta Delgado Ju\u00e1rez pretende que las mujeres conozcan y ejerzan sus derechos agrarios en condiciones de igualdad e inclusi\u00f3n, as\u00ed como contar con asesor\u00eda que les permita participar, de manera informada y efectiva, en las asambleas de los n\u00facleos ejidales.<\/p>\n<p>&nbsp;<\/p>\n<p>En su intervenci\u00f3n, la diputada Modesta Delgado consider\u00f3 que con este tipo de acciones a favor de las mujeres rurales se avanza hacia un desarrollo inclusivo y una verdadera igualdad sustantiva.<\/p>\n<p>&nbsp;<\/p>\n<p>Por otra parte, las y los integrantes del \u00f3rgano colegiado avalaron el acuerdo para exhortar a la Secretar\u00eda de Agricultura y Desarrollo Rural del Estado a realizar las acciones para gestionar ante el Instituto Mexicano de la Propiedad Industrial, la denominaci\u00f3n de origen del Chile Poblano Criollo.<\/p>\n<p>&nbsp;<\/p>\n<p>El punto de acuerdo presentado por la diputada Guadalupe Yamak Taja pretende contribuir en el rescate de la tradici\u00f3n agr\u00edcola en Puebla y el trabajo de los pueblos originarios, as\u00ed como atraer inversi\u00f3n extranjera.<\/p>\n<p>&nbsp;<\/p>\n<p>En asuntos generales, la diputada Laura Guadalupe Vargas Vargas inform\u00f3 que se trabaja con asociaciones ganaderas para la realizaci\u00f3n de foros regionales, para la Ley de Fomento al Desarrollo Pecuario.<\/p>\n<p>&nbsp;<\/p>\n<p><strong>COMISI\u00d3N DE ATENCI\u00d3N A PERSONAS CON DISCAPACIDAD PRESENTA RESULTADOS DE TALLERES DE SENSIBILIZACI\u00d3N<\/strong><\/p>\n<p>&nbsp;<\/p>\n<p>La Comisi\u00f3n de Atenci\u00f3n a personas con Discapacidad, que preside la diputada Luana Armida Amador Vallejo present\u00f3 los resultados finales del Taller de Sensibilizaci\u00f3n sobre la discapacidad dirigido a representantes de medios de comunicaci\u00f3n y personal del Congreso del Estado.<\/p>\n<p>&nbsp;<\/p>\n<p>En este reporte, la diputada presidenta del \u00f3rgano colegiado destac\u00f3 el inter\u00e9s de los asistentes, as\u00ed como una participaci\u00f3n activa en las din\u00e1micas y actividades propuestas, lo que refleja el compromiso de quienes asistieron para promover un congreso m\u00e1s inclusivo y consciente, a favor de las personas con discapacidad.<\/p>\n<p>&nbsp;<\/p>\n<p>En sus intervenciones, las diputadas Mar\u00eda Soledad Amieva Zamaro, Esther Mart\u00ednez Romano, Ana Lilia Tepole Armenta y Norma Estela Pimentel M\u00e9ndez reconocieron el trabajo realizado para concientizar a la poblaci\u00f3n sobre los problemas que tienen que enfrentar las personas con discapacidad en la vida cotidiana, y refrendaron el compromiso de seguir trabajando a favor de este sector de la poblaci\u00f3n.<\/p>\n<p>&nbsp;<\/p>\n<p>Durante la sesi\u00f3n se propuso a las integrantes de la Comisi\u00f3n, la elaboraci\u00f3n de un video denominado \u201cUn Congreso incluyente\u201d sobre los talleres realizados.<\/p>\n<p>&nbsp;<\/p>\n<p><strong>COMISI\u00d3N INSTRUCTORA ENTREGA CARPETA DE RELATOR\u00cdA DE EXPOSICIONES<\/strong><\/p>\n<p>&nbsp;<\/p>\n<p>El diputado presidente de la Comisi\u00f3n Instructora, Marcos Castro Mart\u00ednez\u00a0 inform\u00f3 que durante febrero y mayo de este a\u00f1o, el \u00f3rgano colegiado abord\u00f3 de forma sistem\u00e1tica los pilares de la responsabilidad p\u00fablica, como son las obligaciones \u00e9ticas y legales, fuero legislativo, juicio pol\u00edtico y sujetos responsables, a trav\u00e9s de diferentes exposiciones.<\/p>\n","protected":false},"excerpt":{"rendered":"<p>&#8211; Se pretende que este sector de la poblaci\u00f3n conozca y ejerza sus derechos en condiciones de igualdad e inclusi\u00f3n &nbsp; &nbsp; La Comisi\u00f3n de Desarrollo Rural del Congreso del Estado aval\u00f3 el acuerdo para exhortar a la Oficina de Representaci\u00f3n en Puebla de la Secretar\u00eda de Desarrollo Agrario, Territorial y Urbano a promover y&#8230;<\/p>\n","protected":false},"author":16,"featured_media":31352,"comment_status":"closed","ping_status":"closed","sticky":false,"template":"","format":"standard","meta":[],"categories":[3],"tags":[1480,1271],"yoast_head":"<!-- This site is optimized with the Yoast SEO plugin v20.8 - https:\/\/yoast.com\/wordpress\/plugins\/seo\/ -->\n<title>Comisi\u00f3n del Congreso avala propuesta para promover acciones a favor de mujeres agraristas - The Puebla Times<\/title>\n<meta name=\"robots\" content=\"index, follow, max-snippet:-1, max-image-preview:large, max-video-preview:-1\" \/>\n<link rel=\"canonical\" href=\"https:\/\/thepueblatimes.mx\/index.php\/2025\/06\/27\/comision-del-congreso-avala-propuesta-para-promover-acciones-a-favor-de-mujeres-agraristas\/\" \/>\n<meta property=\"og:locale\" content=\"es_ES\" \/>\n<meta property=\"og:type\" content=\"article\" \/>\n<meta property=\"og:title\" content=\"Comisi\u00f3n del Congreso avala propuesta para promover acciones a favor de mujeres agraristas - The Puebla Times\" \/>\n<meta property=\"og:description\" content=\"&#8211; Se pretende que este sector de la poblaci\u00f3n conozca y ejerza sus derechos en condiciones de igualdad e inclusi\u00f3n &nbsp; &nbsp; La Comisi\u00f3n de Desarrollo Rural del Congreso del Estado aval\u00f3 el acuerdo para exhortar a la Oficina de Representaci\u00f3n en Puebla de la Secretar\u00eda de Desarrollo Agrario, Territorial y Urbano a promover y...\" \/>\n<meta property=\"og:url\" content=\"https:\/\/thepueblatimes.mx\/index.php\/2025\/06\/27\/comision-del-congreso-avala-propuesta-para-promover-acciones-a-favor-de-mujeres-agraristas\/\" \/>\n<meta property=\"og:site_name\" content=\"The Puebla Times\" \/>\n<meta property=\"article:published_time\" content=\"2025-06-27T18:47:36+00:00\" \/>\n<meta property=\"og:image\" content=\"https:\/\/thepueblatimes.mx\/wp-content\/uploads\/2025\/06\/91d894fe-a027-4a99-bfd2-684f503146d9-scaled.jpg\" \/>\n\t<meta property=\"og:image:width\" content=\"2560\" \/>\n\t<meta property=\"og:image:height\" content=\"1707\" \/>\n\t<meta property=\"og:image:type\" content=\"image\/jpeg\" \/>\n<meta name=\"author\" content=\"Sa\u00fal Hern\u00e1ndez\" \/>\n<meta name=\"twitter:card\" content=\"summary_large_image\" \/>\n<meta name=\"twitter:label1\" content=\"Escrito por\" \/>\n\t<meta name=\"twitter:data1\" content=\"Sa\u00fal Hern\u00e1ndez\" \/>\n\t<meta name=\"twitter:label2\" content=\"Tiempo de lectura\" \/>\n\t<meta name=\"twitter:data2\" content=\"3 minutos\" \/>\n<script type=\"application\/ld+json\" class=\"yoast-schema-graph\">{\"@context\":\"https:\/\/schema.org\",\"@graph\":[{\"@type\":\"WebPage\",\"@id\":\"https:\/\/thepueblatimes.mx\/index.php\/2025\/06\/27\/comision-del-congreso-avala-propuesta-para-promover-acciones-a-favor-de-mujeres-agraristas\/\",\"url\":\"https:\/\/thepueblatimes.mx\/index.php\/2025\/06\/27\/comision-del-congreso-avala-propuesta-para-promover-acciones-a-favor-de-mujeres-agraristas\/\",\"name\":\"Comisi\u00f3n del Congreso avala propuesta para promover acciones a favor de mujeres agraristas - The Puebla Times\",\"isPartOf\":{\"@id\":\"https:\/\/thepueblatimes.mx\/#website\"},\"datePublished\":\"2025-06-27T18:47:36+00:00\",\"dateModified\":\"2025-06-27T18:47:36+00:00\",\"author\":{\"@id\":\"https:\/\/thepueblatimes.mx\/#\/schema\/person\/1664894c2f65ce2c7a08d8f5f905c13c\"},\"breadcrumb\":{\"@id\":\"https:\/\/thepueblatimes.mx\/index.php\/2025\/06\/27\/comision-del-congreso-avala-propuesta-para-promover-acciones-a-favor-de-mujeres-agraristas\/#breadcrumb\"},\"inLanguage\":\"es\",\"potentialAction\":[{\"@type\":\"ReadAction\",\"target\":[\"https:\/\/thepueblatimes.mx\/index.php\/2025\/06\/27\/comision-del-congreso-avala-propuesta-para-promover-acciones-a-favor-de-mujeres-agraristas\/\"]}]},{\"@type\":\"BreadcrumbList\",\"@id\":\"https:\/\/thepueblatimes.mx\/index.php\/2025\/06\/27\/comision-del-congreso-avala-propuesta-para-promover-acciones-a-favor-de-mujeres-agraristas\/#breadcrumb\",\"itemListElement\":[{\"@type\":\"ListItem\",\"position\":1,\"name\":\"Portada\",\"item\":\"https:\/\/thepueblatimes.mx\/\"},{\"@type\":\"ListItem\",\"position\":2,\"name\":\"Comisi\u00f3n del Congreso avala propuesta para promover acciones a favor de mujeres agraristas\"}]},{\"@type\":\"WebSite\",\"@id\":\"https:\/\/thepueblatimes.mx\/#website\",\"url\":\"https:\/\/thepueblatimes.mx\/\",\"name\":\"The Puebla Times\",\"description\":\"Noticias del Estado de Puebla\",\"potentialAction\":[{\"@type\":\"SearchAction\",\"target\":{\"@type\":\"EntryPoint\",\"urlTemplate\":\"https:\/\/thepueblatimes.mx\/?s={search_term_string}\"},\"query-input\":\"required name=search_term_string\"}],\"inLanguage\":\"es\"},{\"@type\":\"Person\",\"@id\":\"https:\/\/thepueblatimes.mx\/#\/schema\/person\/1664894c2f65ce2c7a08d8f5f905c13c\",\"name\":\"Sa\u00fal Hern\u00e1ndez\",\"image\":{\"@type\":\"ImageObject\",\"inLanguage\":\"es\",\"@id\":\"https:\/\/thepueblatimes.mx\/#\/schema\/person\/image\/\",\"url\":\"https:\/\/secure.gravatar.com\/avatar\/11be338693f243309532caad8f10c930?s=96&d=mm&r=g\",\"contentUrl\":\"https:\/\/secure.gravatar.com\/avatar\/11be338693f243309532caad8f10c930?s=96&d=mm&r=g\",\"caption\":\"Sa\u00fal Hern\u00e1ndez\"},\"url\":\"https:\/\/thepueblatimes.mx\/index.php\/author\/saulhernandez\/\"}]}<\/script>\n<!-- \/ Yoast SEO plugin. -->","yoast_head_json":{"title":"Comisi\u00f3n del Congreso avala propuesta para promover acciones a favor de mujeres agraristas - The Puebla Times","robots":{"index":"index","follow":"follow","max-snippet":"max-snippet:-1","max-image-preview":"max-image-preview:large","max-video-preview":"max-video-preview:-1"},"canonical":"https:\/\/thepueblatimes.mx\/index.php\/2025\/06\/27\/comision-del-congreso-avala-propuesta-para-promover-acciones-a-favor-de-mujeres-agraristas\/","og_locale":"es_ES","og_type":"article","og_title":"Comisi\u00f3n del Congreso avala propuesta para promover acciones a favor de mujeres agraristas - The Puebla Times","og_description":"&#8211; Se pretende que este sector de la poblaci\u00f3n conozca y ejerza sus derechos en condiciones de igualdad e inclusi\u00f3n &nbsp; &nbsp; La Comisi\u00f3n de Desarrollo Rural del Congreso del Estado aval\u00f3 el acuerdo para exhortar a la Oficina de Representaci\u00f3n en Puebla de la Secretar\u00eda de Desarrollo Agrario, Territorial y Urbano a promover y...","og_url":"https:\/\/thepueblatimes.mx\/index.php\/2025\/06\/27\/comision-del-congreso-avala-propuesta-para-promover-acciones-a-favor-de-mujeres-agraristas\/","og_site_name":"The Puebla Times","article_published_time":"2025-06-27T18:47:36+00:00","og_image":[{"width":2560,"height":1707,"url":"https:\/\/thepueblatimes.mx\/wp-content\/uploads\/2025\/06\/91d894fe-a027-4a99-bfd2-684f503146d9-scaled.jpg","type":"image\/jpeg"}],"author":"Sa\u00fal Hern\u00e1ndez","twitter_card":"summary_large_image","twitter_misc":{"Escrito por":"Sa\u00fal Hern\u00e1ndez","Tiempo de lectura":"3 minutos"},"schema":{"@context":"https:\/\/schema.org","@graph":[{"@type":"WebPage","@id":"https:\/\/thepueblatimes.mx\/index.php\/2025\/06\/27\/comision-del-congreso-avala-propuesta-para-promover-acciones-a-favor-de-mujeres-agraristas\/","url":"https:\/\/thepueblatimes.mx\/index.php\/2025\/06\/27\/comision-del-congreso-avala-propuesta-para-promover-acciones-a-favor-de-mujeres-agraristas\/","name":"Comisi\u00f3n del Congreso avala propuesta para promover acciones a favor de mujeres agraristas - The Puebla Times","isPartOf":{"@id":"https:\/\/thepueblatimes.mx\/#website"},"datePublished":"2025-06-27T18:47:36+00:00","dateModified":"2025-06-27T18:47:36+00:00","author":{"@id":"https:\/\/thepueblatimes.mx\/#\/schema\/person\/1664894c2f65ce2c7a08d8f5f905c13c"},"breadcrumb":{"@id":"https:\/\/thepueblatimes.mx\/index.php\/2025\/06\/27\/comision-del-congreso-avala-propuesta-para-promover-acciones-a-favor-de-mujeres-agraristas\/#breadcrumb"},"inLanguage":"es","potentialAction":[{"@type":"ReadAction","target":["https:\/\/thepueblatimes.mx\/index.php\/2025\/06\/27\/comision-del-congreso-avala-propuesta-para-promover-acciones-a-favor-de-mujeres-agraristas\/"]}]},{"@type":"BreadcrumbList","@id":"https:\/\/thepueblatimes.mx\/index.php\/2025\/06\/27\/comision-del-congreso-avala-propuesta-para-promover-acciones-a-favor-de-mujeres-agraristas\/#breadcrumb","itemListElement":[{"@type":"ListItem","position":1,"name":"Portada","item":"https:\/\/thepueblatimes.mx\/"},{"@type":"ListItem","position":2,"name":"Comisi\u00f3n del Congreso avala propuesta para promover acciones a favor de mujeres agraristas"}]},{"@type":"WebSite","@id":"https:\/\/thepueblatimes.mx\/#website","url":"https:\/\/thepueblatimes.mx\/","name":"The Puebla Times","description":"Noticias del Estado de Puebla","potentialAction":[{"@type":"SearchAction","target":{"@type":"EntryPoint","urlTemplate":"https:\/\/thepueblatimes.mx\/?s={search_term_string}"},"query-input":"required name=search_term_string"}],"inLanguage":"es"},{"@type":"Person","@id":"https:\/\/thepueblatimes.mx\/#\/schema\/person\/1664894c2f65ce2c7a08d8f5f905c13c","name":"Sa\u00fal Hern\u00e1ndez","image":{"@type":"ImageObject","inLanguage":"es","@id":"https:\/\/thepueblatimes.mx\/#\/schema\/person\/image\/","url":"https:\/\/secure.gravatar.com\/avatar\/11be338693f243309532caad8f10c930?s=96&d=mm&r=g","contentUrl":"https:\/\/secure.gravatar.com\/avatar\/11be338693f243309532caad8f10c930?s=96&d=mm&r=g","caption":"Sa\u00fal Hern\u00e1ndez"},"url":"https:\/\/thepueblatimes.mx\/index.php\/author\/saulhernandez\/"}]}},"jetpack_featured_media_url":"https:\/\/thepueblatimes.mx\/wp-content\/uploads\/2025\/06\/91d894fe-a027-4a99-bfd2-684f503146d9-scaled.jpg","_links":{"self":[{"href":"https:\/\/thepueblatimes.mx\/index.php\/wp-json\/wp\/v2\/posts\/31351"}],"collection":[{"href":"https:\/\/thepueblatimes.mx\/index.php\/wp-json\/wp\/v2\/posts"}],"about":[{"href":"https:\/\/thepueblatimes.mx\/index.php\/wp-json\/wp\/v2\/types\/post"}],"author":[{"embeddable":true,"href":"https:\/\/thepueblatimes.mx\/index.php\/wp-json\/wp\/v2\/users\/16"}],"replies":[{"embeddable":true,"href":"https:\/\/thepueblatimes.mx\/index.php\/wp-json\/wp\/v2\/comments?post=31351"}],"version-history":[{"count":1,"href":"https:\/\/thepueblatimes.mx\/index.php\/wp-json\/wp\/v2\/posts\/31351\/revisions"}],"predecessor-version":[{"id":31353,"href":"https:\/\/thepueblatimes.mx\/index.php\/wp-json\/wp\/v2\/posts\/31351\/revisions\/31353"}],"wp:featuredmedia":[{"embeddable":true,"href":"https:\/\/thepueblatimes.mx\/index.php\/wp-json\/wp\/v2\/media\/31352"}],"wp:attachment":[{"href":"https:\/\/thepueblatimes.mx\/index.php\/wp-json\/wp\/v2\/media?parent=31351"}],"wp:term":[{"taxonomy":"category","embeddable":true,"href":"https:\/\/thepueblatimes.mx\/index.php\/wp-json\/wp\/v2\/categories?post=31351"},{"taxonomy":"post_tag","embeddable":true,"href":"https:\/\/thepueblatimes.mx\/index.php\/wp-json\/wp\/v2\/tags?post=31351"}],"curies":[{"name":"wp","href":"https:\/\/api.w.org\/{rel}","templated":true}]}}