{"id":31338,"date":"2025-06-26T17:02:01","date_gmt":"2025-06-26T23:02:01","guid":{"rendered":"https:\/\/thepueblatimes.mx\/?p=31338"},"modified":"2025-06-26T17:02:01","modified_gmt":"2025-06-26T23:02:01","slug":"realiza-congreso-ciclo-de-conferencias-unidos-por-la-proteccion-y-el-bienestar-animal","status":"publish","type":"post","link":"https:\/\/thepueblatimes.mx\/index.php\/2025\/06\/26\/realiza-congreso-ciclo-de-conferencias-unidos-por-la-proteccion-y-el-bienestar-animal\/","title":{"rendered":"Realiza Congreso ciclo de conferencias \u201cUnidos por la protecci\u00f3n y el bienestar animal\u201d"},"content":{"rendered":"<p>En el Congreso del Estado se llev\u00f3 a cabo un ciclo de conferencias denominado \u201cUnidos por la protecci\u00f3n y el bienestar animal\u201d, en el cual participaron representantes de instituciones p\u00fablicas, activistas y organizaciones.<\/p>\n<p>&nbsp;<\/p>\n<p>Durante su mensaje de bienvenida, la titular del Voluntariado, Minerva Garc\u00eda Ch\u00e1vez se\u00f1al\u00f3 que el prop\u00f3sito es reunir a especialistas, activistas y autoridades, para reflexionar y compartir propuestas que fortalezcan la cultura de respeto, cuidado y protecci\u00f3n de los animales.<\/p>\n<p>&nbsp;<\/p>\n<p>\u201cReconocer sus derechos y garantizar su bienestar es tambi\u00e9n apostar por una sociedad m\u00e1s emp\u00e1tica, justa y solidaria. Agradezco profundamente la participaci\u00f3n de nuestras y nuestros ponentes, quienes generosamente comparten su conocimiento y vocaci\u00f3n, y a todas las personas asistentes por ser parte activa de esta transformaci\u00f3n que empieza con la conciencia y se concreta con acciones\u201d, expuso.<\/p>\n<p>&nbsp;<\/p>\n<p>En su mensaje, la diputada Cinthya Gabriela Chumacero Rodr\u00edguez reconoci\u00f3 la apertura de este espacio de di\u00e1logo y reflexi\u00f3n sobre los derechos de los animales, adem\u00e1s, hizo un llamado para trabajar por una sociedad m\u00e1s emp\u00e1tica con los seres sintientes.<\/p>\n<p>&nbsp;<\/p>\n<p>Las conferencias y el panel estuvieron a cargo de representantes de la Fiscal\u00eda General del Estado y del Instituto de Bienestar Animal, activistas e integrantes del zool\u00f3gico Africam Safari.<\/p>\n","protected":false},"excerpt":{"rendered":"<p>En el Congreso del Estado se llev\u00f3 a cabo un ciclo de conferencias denominado \u201cUnidos por la protecci\u00f3n y el bienestar animal\u201d, en el cual participaron representantes de instituciones p\u00fablicas, activistas y organizaciones. &nbsp; Durante su mensaje de bienvenida, la titular del Voluntariado, Minerva Garc\u00eda Ch\u00e1vez se\u00f1al\u00f3 que el prop\u00f3sito es reunir a especialistas, activistas&#8230;<\/p>\n","protected":false},"author":16,"featured_media":31339,"comment_status":"closed","ping_status":"closed","sticky":false,"template":"","format":"standard","meta":[],"categories":[3],"tags":[1480,1271],"yoast_head":"<!-- This site is optimized with the Yoast SEO plugin v20.8 - https:\/\/yoast.com\/wordpress\/plugins\/seo\/ -->\n<title>Realiza Congreso ciclo de conferencias \u201cUnidos por la protecci\u00f3n y el bienestar animal\u201d - The Puebla Times<\/title>\n<meta name=\"robots\" content=\"index, follow, max-snippet:-1, max-image-preview:large, max-video-preview:-1\" \/>\n<link rel=\"canonical\" href=\"https:\/\/thepueblatimes.mx\/index.php\/2025\/06\/26\/realiza-congreso-ciclo-de-conferencias-unidos-por-la-proteccion-y-el-bienestar-animal\/\" \/>\n<meta property=\"og:locale\" content=\"es_ES\" \/>\n<meta property=\"og:type\" content=\"article\" \/>\n<meta property=\"og:title\" content=\"Realiza Congreso ciclo de conferencias \u201cUnidos por la protecci\u00f3n y el bienestar animal\u201d - The Puebla Times\" \/>\n<meta property=\"og:description\" content=\"En el Congreso del Estado se llev\u00f3 a cabo un ciclo de conferencias denominado \u201cUnidos por la protecci\u00f3n y el bienestar animal\u201d, en el cual participaron representantes de instituciones p\u00fablicas, activistas y organizaciones. &nbsp; Durante su mensaje de bienvenida, la titular del Voluntariado, Minerva Garc\u00eda Ch\u00e1vez se\u00f1al\u00f3 que el prop\u00f3sito es reunir a especialistas, activistas...\" \/>\n<meta property=\"og:url\" content=\"https:\/\/thepueblatimes.mx\/index.php\/2025\/06\/26\/realiza-congreso-ciclo-de-conferencias-unidos-por-la-proteccion-y-el-bienestar-animal\/\" \/>\n<meta property=\"og:site_name\" content=\"The Puebla Times\" \/>\n<meta property=\"article:published_time\" content=\"2025-06-26T23:02:01+00:00\" \/>\n<meta property=\"og:image\" content=\"https:\/\/thepueblatimes.mx\/wp-content\/uploads\/2025\/06\/36ef186b-b99c-4f42-84dc-2a9ddfd21c19.jpg\" \/>\n\t<meta property=\"og:image:width\" content=\"1600\" \/>\n\t<meta property=\"og:image:height\" content=\"1200\" \/>\n\t<meta property=\"og:image:type\" content=\"image\/jpeg\" \/>\n<meta name=\"author\" content=\"Sa\u00fal Hern\u00e1ndez\" \/>\n<meta name=\"twitter:card\" content=\"summary_large_image\" \/>\n<meta name=\"twitter:label1\" content=\"Escrito por\" \/>\n\t<meta name=\"twitter:data1\" content=\"Sa\u00fal Hern\u00e1ndez\" \/>\n\t<meta name=\"twitter:label2\" content=\"Tiempo de lectura\" \/>\n\t<meta name=\"twitter:data2\" content=\"1 minuto\" \/>\n<script type=\"application\/ld+json\" class=\"yoast-schema-graph\">{\"@context\":\"https:\/\/schema.org\",\"@graph\":[{\"@type\":\"WebPage\",\"@id\":\"https:\/\/thepueblatimes.mx\/index.php\/2025\/06\/26\/realiza-congreso-ciclo-de-conferencias-unidos-por-la-proteccion-y-el-bienestar-animal\/\",\"url\":\"https:\/\/thepueblatimes.mx\/index.php\/2025\/06\/26\/realiza-congreso-ciclo-de-conferencias-unidos-por-la-proteccion-y-el-bienestar-animal\/\",\"name\":\"Realiza Congreso ciclo de conferencias \u201cUnidos por la protecci\u00f3n y el bienestar animal\u201d - The Puebla Times\",\"isPartOf\":{\"@id\":\"https:\/\/thepueblatimes.mx\/#website\"},\"datePublished\":\"2025-06-26T23:02:01+00:00\",\"dateModified\":\"2025-06-26T23:02:01+00:00\",\"author\":{\"@id\":\"https:\/\/thepueblatimes.mx\/#\/schema\/person\/1664894c2f65ce2c7a08d8f5f905c13c\"},\"breadcrumb\":{\"@id\":\"https:\/\/thepueblatimes.mx\/index.php\/2025\/06\/26\/realiza-congreso-ciclo-de-conferencias-unidos-por-la-proteccion-y-el-bienestar-animal\/#breadcrumb\"},\"inLanguage\":\"es\",\"potentialAction\":[{\"@type\":\"ReadAction\",\"target\":[\"https:\/\/thepueblatimes.mx\/index.php\/2025\/06\/26\/realiza-congreso-ciclo-de-conferencias-unidos-por-la-proteccion-y-el-bienestar-animal\/\"]}]},{\"@type\":\"BreadcrumbList\",\"@id\":\"https:\/\/thepueblatimes.mx\/index.php\/2025\/06\/26\/realiza-congreso-ciclo-de-conferencias-unidos-por-la-proteccion-y-el-bienestar-animal\/#breadcrumb\",\"itemListElement\":[{\"@type\":\"ListItem\",\"position\":1,\"name\":\"Portada\",\"item\":\"https:\/\/thepueblatimes.mx\/\"},{\"@type\":\"ListItem\",\"position\":2,\"name\":\"Realiza Congreso ciclo de conferencias \u201cUnidos por la protecci\u00f3n y el bienestar animal\u201d\"}]},{\"@type\":\"WebSite\",\"@id\":\"https:\/\/thepueblatimes.mx\/#website\",\"url\":\"https:\/\/thepueblatimes.mx\/\",\"name\":\"The Puebla Times\",\"description\":\"Noticias del Estado de Puebla\",\"potentialAction\":[{\"@type\":\"SearchAction\",\"target\":{\"@type\":\"EntryPoint\",\"urlTemplate\":\"https:\/\/thepueblatimes.mx\/?s={search_term_string}\"},\"query-input\":\"required name=search_term_string\"}],\"inLanguage\":\"es\"},{\"@type\":\"Person\",\"@id\":\"https:\/\/thepueblatimes.mx\/#\/schema\/person\/1664894c2f65ce2c7a08d8f5f905c13c\",\"name\":\"Sa\u00fal Hern\u00e1ndez\",\"image\":{\"@type\":\"ImageObject\",\"inLanguage\":\"es\",\"@id\":\"https:\/\/thepueblatimes.mx\/#\/schema\/person\/image\/\",\"url\":\"https:\/\/secure.gravatar.com\/avatar\/11be338693f243309532caad8f10c930?s=96&d=mm&r=g\",\"contentUrl\":\"https:\/\/secure.gravatar.com\/avatar\/11be338693f243309532caad8f10c930?s=96&d=mm&r=g\",\"caption\":\"Sa\u00fal Hern\u00e1ndez\"},\"url\":\"https:\/\/thepueblatimes.mx\/index.php\/author\/saulhernandez\/\"}]}<\/script>\n<!-- \/ Yoast SEO plugin. -->","yoast_head_json":{"title":"Realiza Congreso ciclo de conferencias \u201cUnidos por la protecci\u00f3n y el bienestar animal\u201d - The Puebla Times","robots":{"index":"index","follow":"follow","max-snippet":"max-snippet:-1","max-image-preview":"max-image-preview:large","max-video-preview":"max-video-preview:-1"},"canonical":"https:\/\/thepueblatimes.mx\/index.php\/2025\/06\/26\/realiza-congreso-ciclo-de-conferencias-unidos-por-la-proteccion-y-el-bienestar-animal\/","og_locale":"es_ES","og_type":"article","og_title":"Realiza Congreso ciclo de conferencias \u201cUnidos por la protecci\u00f3n y el bienestar animal\u201d - The Puebla Times","og_description":"En el Congreso del Estado se llev\u00f3 a cabo un ciclo de conferencias denominado \u201cUnidos por la protecci\u00f3n y el bienestar animal\u201d, en el cual participaron representantes de instituciones p\u00fablicas, activistas y organizaciones. &nbsp; Durante su mensaje de bienvenida, la titular del Voluntariado, Minerva Garc\u00eda Ch\u00e1vez se\u00f1al\u00f3 que el prop\u00f3sito es reunir a especialistas, activistas...","og_url":"https:\/\/thepueblatimes.mx\/index.php\/2025\/06\/26\/realiza-congreso-ciclo-de-conferencias-unidos-por-la-proteccion-y-el-bienestar-animal\/","og_site_name":"The Puebla Times","article_published_time":"2025-06-26T23:02:01+00:00","og_image":[{"width":1600,"height":1200,"url":"https:\/\/thepueblatimes.mx\/wp-content\/uploads\/2025\/06\/36ef186b-b99c-4f42-84dc-2a9ddfd21c19.jpg","type":"image\/jpeg"}],"author":"Sa\u00fal Hern\u00e1ndez","twitter_card":"summary_large_image","twitter_misc":{"Escrito por":"Sa\u00fal Hern\u00e1ndez","Tiempo de lectura":"1 minuto"},"schema":{"@context":"https:\/\/schema.org","@graph":[{"@type":"WebPage","@id":"https:\/\/thepueblatimes.mx\/index.php\/2025\/06\/26\/realiza-congreso-ciclo-de-conferencias-unidos-por-la-proteccion-y-el-bienestar-animal\/","url":"https:\/\/thepueblatimes.mx\/index.php\/2025\/06\/26\/realiza-congreso-ciclo-de-conferencias-unidos-por-la-proteccion-y-el-bienestar-animal\/","name":"Realiza Congreso ciclo de conferencias \u201cUnidos por la protecci\u00f3n y el bienestar animal\u201d - The Puebla Times","isPartOf":{"@id":"https:\/\/thepueblatimes.mx\/#website"},"datePublished":"2025-06-26T23:02:01+00:00","dateModified":"2025-06-26T23:02:01+00:00","author":{"@id":"https:\/\/thepueblatimes.mx\/#\/schema\/person\/1664894c2f65ce2c7a08d8f5f905c13c"},"breadcrumb":{"@id":"https:\/\/thepueblatimes.mx\/index.php\/2025\/06\/26\/realiza-congreso-ciclo-de-conferencias-unidos-por-la-proteccion-y-el-bienestar-animal\/#breadcrumb"},"inLanguage":"es","potentialAction":[{"@type":"ReadAction","target":["https:\/\/thepueblatimes.mx\/index.php\/2025\/06\/26\/realiza-congreso-ciclo-de-conferencias-unidos-por-la-proteccion-y-el-bienestar-animal\/"]}]},{"@type":"BreadcrumbList","@id":"https:\/\/thepueblatimes.mx\/index.php\/2025\/06\/26\/realiza-congreso-ciclo-de-conferencias-unidos-por-la-proteccion-y-el-bienestar-animal\/#breadcrumb","itemListElement":[{"@type":"ListItem","position":1,"name":"Portada","item":"https:\/\/thepueblatimes.mx\/"},{"@type":"ListItem","position":2,"name":"Realiza Congreso ciclo de conferencias \u201cUnidos por la protecci\u00f3n y el bienestar animal\u201d"}]},{"@type":"WebSite","@id":"https:\/\/thepueblatimes.mx\/#website","url":"https:\/\/thepueblatimes.mx\/","name":"The Puebla Times","description":"Noticias del Estado de Puebla","potentialAction":[{"@type":"SearchAction","target":{"@type":"EntryPoint","urlTemplate":"https:\/\/thepueblatimes.mx\/?s={search_term_string}"},"query-input":"required name=search_term_string"}],"inLanguage":"es"},{"@type":"Person","@id":"https:\/\/thepueblatimes.mx\/#\/schema\/person\/1664894c2f65ce2c7a08d8f5f905c13c","name":"Sa\u00fal Hern\u00e1ndez","image":{"@type":"ImageObject","inLanguage":"es","@id":"https:\/\/thepueblatimes.mx\/#\/schema\/person\/image\/","url":"https:\/\/secure.gravatar.com\/avatar\/11be338693f243309532caad8f10c930?s=96&d=mm&r=g","contentUrl":"https:\/\/secure.gravatar.com\/avatar\/11be338693f243309532caad8f10c930?s=96&d=mm&r=g","caption":"Sa\u00fal Hern\u00e1ndez"},"url":"https:\/\/thepueblatimes.mx\/index.php\/author\/saulhernandez\/"}]}},"jetpack_featured_media_url":"https:\/\/thepueblatimes.mx\/wp-content\/uploads\/2025\/06\/36ef186b-b99c-4f42-84dc-2a9ddfd21c19.jpg","_links":{"self":[{"href":"https:\/\/thepueblatimes.mx\/index.php\/wp-json\/wp\/v2\/posts\/31338"}],"collection":[{"href":"https:\/\/thepueblatimes.mx\/index.php\/wp-json\/wp\/v2\/posts"}],"about":[{"href":"https:\/\/thepueblatimes.mx\/index.php\/wp-json\/wp\/v2\/types\/post"}],"author":[{"embeddable":true,"href":"https:\/\/thepueblatimes.mx\/index.php\/wp-json\/wp\/v2\/users\/16"}],"replies":[{"embeddable":true,"href":"https:\/\/thepueblatimes.mx\/index.php\/wp-json\/wp\/v2\/comments?post=31338"}],"version-history":[{"count":1,"href":"https:\/\/thepueblatimes.mx\/index.php\/wp-json\/wp\/v2\/posts\/31338\/revisions"}],"predecessor-version":[{"id":31340,"href":"https:\/\/thepueblatimes.mx\/index.php\/wp-json\/wp\/v2\/posts\/31338\/revisions\/31340"}],"wp:featuredmedia":[{"embeddable":true,"href":"https:\/\/thepueblatimes.mx\/index.php\/wp-json\/wp\/v2\/media\/31339"}],"wp:attachment":[{"href":"https:\/\/thepueblatimes.mx\/index.php\/wp-json\/wp\/v2\/media?parent=31338"}],"wp:term":[{"taxonomy":"category","embeddable":true,"href":"https:\/\/thepueblatimes.mx\/index.php\/wp-json\/wp\/v2\/categories?post=31338"},{"taxonomy":"post_tag","embeddable":true,"href":"https:\/\/thepueblatimes.mx\/index.php\/wp-json\/wp\/v2\/tags?post=31338"}],"curies":[{"name":"wp","href":"https:\/\/api.w.org\/{rel}","templated":true}]}}