{"id":31251,"date":"2025-06-25T17:22:54","date_gmt":"2025-06-25T23:22:54","guid":{"rendered":"https:\/\/thepueblatimes.mx\/?p=31251"},"modified":"2025-06-25T17:22:54","modified_gmt":"2025-06-25T23:22:54","slug":"refuerza-pepe-chedraui-campana-de-bacheo-en-la-capital","status":"publish","type":"post","link":"https:\/\/thepueblatimes.mx\/index.php\/2025\/06\/25\/refuerza-pepe-chedraui-campana-de-bacheo-en-la-capital\/","title":{"rendered":"Refuerza Pepe Chedraui Campa\u00f1a de Bacheo en la capital"},"content":{"rendered":"<p class=\"p1\"><em><span class=\"s1\" tabindex=\"0\">-De enero a la fecha, se han atendido m\u00e1s de 90 colonias de la capital y se han tapado m\u00e1s de 50 mil baches<\/span><\/em><\/p>\n<p class=\"p1\"><span class=\"s1\" tabindex=\"0\">Puebla, Pue., 04 de junio de 2025.- En el marco de la Campa\u00f1a Capitalina Bacheando Puebla, el presidente municipal, Pepe Chedraui Budib supervis\u00f3 el despliegue operativo de un total de 15 cuadrillas de bacheo en la colonia Bugambilias.<\/span><\/p>\n<p class=\"p1\"><span class=\"s1\" tabindex=\"0\">Al respecto el edil mencion\u00f3 que esta estrategia integral ha permitido intervenir m\u00e1s de 90 colonias de la capital y de enero a la fecha tapar m\u00e1s de 50 mil baches.<\/span><\/p>\n<p class=\"p1\"><span class=\"s1\" tabindex=\"0\">\u201cCon una inversi\u00f3n hist\u00f3rica de 110 millones de pesos estamos trabajando colonia por colonia, cerca de las y los poblanos\u201d, subray\u00f3.<\/span><\/p>\n<p class=\"p1\"><span class=\"s1\" tabindex=\"0\">Por su parte, el secretario de Movilidad e Infraestructura, David Aysa se\u00f1al\u00f3 que, este programa de bacheo contempla la atenci\u00f3n de vialidades principales, as\u00ed como<span class=\"Apple-converted-space\">\u00a0\u00a0<\/span>de calles y avenidas de las diferentes colonias de la ciudad.<\/span><\/p>\n<p class=\"p1\"><span class=\"s1\" tabindex=\"0\">\u201cQueremos trabajar con la ciudadan\u00eda. Por ello, estamos recorriendo las diferentes colonias, para atender sus reportes con eficiencia\u201d, puntualiz\u00f3.<\/span><\/p>\n<p class=\"p1\"><span class=\"s1\" tabindex=\"0\">Adicionalmente, el funcionario municipal agreg\u00f3 que se intervienen diferentes zonas con trabajos de mantenimiento vial y pavimentaci\u00f3n.<\/span><\/p>\n<p class=\"p1\"><span class=\"s1\" tabindex=\"0\">Cabe destacar que, para atenci\u00f3n de reportes los canales de comunicaci\u00f3n se encuentran abiertos, a trav\u00e9s del n\u00famero telef\u00f3nico 072 y v\u00eda redes sociales por medio de las cuentas oficiales @PueblaAyto e @InfraPue.<\/span><\/p>\n<p class=\"p1\"><span class=\"s1\" tabindex=\"0\">El Gobierno de la Ciudad encabezado por el alcalde Pepe Chedraui Budib refrenda su compromiso de fortalecer la infraestructura vial de la capital.<\/span><\/p>\n","protected":false},"excerpt":{"rendered":"<p>-De enero a la fecha, se han atendido m\u00e1s de 90 colonias de la capital y se han tapado m\u00e1s de 50 mil baches Puebla, Pue., 04 de junio de 2025.- En el marco de la Campa\u00f1a Capitalina Bacheando Puebla, el presidente municipal, Pepe Chedraui Budib supervis\u00f3 el despliegue operativo de un total de 15&#8230;<\/p>\n","protected":false},"author":16,"featured_media":31252,"comment_status":"closed","ping_status":"closed","sticky":false,"template":"","format":"standard","meta":[],"categories":[20],"tags":[],"yoast_head":"<!-- This site is optimized with the Yoast SEO plugin v20.8 - https:\/\/yoast.com\/wordpress\/plugins\/seo\/ -->\n<title>Refuerza Pepe Chedraui Campa\u00f1a de Bacheo en la capital - The Puebla Times<\/title>\n<meta name=\"robots\" content=\"index, follow, max-snippet:-1, max-image-preview:large, max-video-preview:-1\" \/>\n<link rel=\"canonical\" href=\"https:\/\/thepueblatimes.mx\/index.php\/2025\/06\/25\/refuerza-pepe-chedraui-campana-de-bacheo-en-la-capital\/\" \/>\n<meta property=\"og:locale\" content=\"es_ES\" \/>\n<meta property=\"og:type\" content=\"article\" \/>\n<meta property=\"og:title\" content=\"Refuerza Pepe Chedraui Campa\u00f1a de Bacheo en la capital - The Puebla Times\" \/>\n<meta property=\"og:description\" content=\"-De enero a la fecha, se han atendido m\u00e1s de 90 colonias de la capital y se han tapado m\u00e1s de 50 mil baches Puebla, Pue., 04 de junio de 2025.- En el marco de la Campa\u00f1a Capitalina Bacheando Puebla, el presidente municipal, Pepe Chedraui Budib supervis\u00f3 el despliegue operativo de un total de 15...\" \/>\n<meta property=\"og:url\" content=\"https:\/\/thepueblatimes.mx\/index.php\/2025\/06\/25\/refuerza-pepe-chedraui-campana-de-bacheo-en-la-capital\/\" \/>\n<meta property=\"og:site_name\" content=\"The Puebla Times\" \/>\n<meta property=\"article:published_time\" content=\"2025-06-25T23:22:54+00:00\" \/>\n<meta property=\"og:image\" content=\"https:\/\/thepueblatimes.mx\/wp-content\/uploads\/2025\/06\/7666e6c9-65a5-4b5f-8dde-2ebef4ca1edc-scaled.jpeg\" \/>\n\t<meta property=\"og:image:width\" content=\"2560\" \/>\n\t<meta property=\"og:image:height\" content=\"1706\" \/>\n\t<meta property=\"og:image:type\" content=\"image\/jpeg\" \/>\n<meta name=\"author\" content=\"Sa\u00fal Hern\u00e1ndez\" \/>\n<meta name=\"twitter:card\" content=\"summary_large_image\" \/>\n<meta name=\"twitter:label1\" content=\"Escrito por\" \/>\n\t<meta name=\"twitter:data1\" content=\"Sa\u00fal Hern\u00e1ndez\" \/>\n\t<meta name=\"twitter:label2\" content=\"Tiempo de lectura\" \/>\n\t<meta name=\"twitter:data2\" content=\"2 minutos\" \/>\n<script type=\"application\/ld+json\" class=\"yoast-schema-graph\">{\"@context\":\"https:\/\/schema.org\",\"@graph\":[{\"@type\":\"WebPage\",\"@id\":\"https:\/\/thepueblatimes.mx\/index.php\/2025\/06\/25\/refuerza-pepe-chedraui-campana-de-bacheo-en-la-capital\/\",\"url\":\"https:\/\/thepueblatimes.mx\/index.php\/2025\/06\/25\/refuerza-pepe-chedraui-campana-de-bacheo-en-la-capital\/\",\"name\":\"Refuerza Pepe Chedraui Campa\u00f1a de Bacheo en la capital - The Puebla Times\",\"isPartOf\":{\"@id\":\"https:\/\/thepueblatimes.mx\/#website\"},\"datePublished\":\"2025-06-25T23:22:54+00:00\",\"dateModified\":\"2025-06-25T23:22:54+00:00\",\"author\":{\"@id\":\"https:\/\/thepueblatimes.mx\/#\/schema\/person\/1664894c2f65ce2c7a08d8f5f905c13c\"},\"breadcrumb\":{\"@id\":\"https:\/\/thepueblatimes.mx\/index.php\/2025\/06\/25\/refuerza-pepe-chedraui-campana-de-bacheo-en-la-capital\/#breadcrumb\"},\"inLanguage\":\"es\",\"potentialAction\":[{\"@type\":\"ReadAction\",\"target\":[\"https:\/\/thepueblatimes.mx\/index.php\/2025\/06\/25\/refuerza-pepe-chedraui-campana-de-bacheo-en-la-capital\/\"]}]},{\"@type\":\"BreadcrumbList\",\"@id\":\"https:\/\/thepueblatimes.mx\/index.php\/2025\/06\/25\/refuerza-pepe-chedraui-campana-de-bacheo-en-la-capital\/#breadcrumb\",\"itemListElement\":[{\"@type\":\"ListItem\",\"position\":1,\"name\":\"Portada\",\"item\":\"https:\/\/thepueblatimes.mx\/\"},{\"@type\":\"ListItem\",\"position\":2,\"name\":\"Refuerza Pepe Chedraui Campa\u00f1a de Bacheo en la capital\"}]},{\"@type\":\"WebSite\",\"@id\":\"https:\/\/thepueblatimes.mx\/#website\",\"url\":\"https:\/\/thepueblatimes.mx\/\",\"name\":\"The Puebla Times\",\"description\":\"Noticias del Estado de Puebla\",\"potentialAction\":[{\"@type\":\"SearchAction\",\"target\":{\"@type\":\"EntryPoint\",\"urlTemplate\":\"https:\/\/thepueblatimes.mx\/?s={search_term_string}\"},\"query-input\":\"required name=search_term_string\"}],\"inLanguage\":\"es\"},{\"@type\":\"Person\",\"@id\":\"https:\/\/thepueblatimes.mx\/#\/schema\/person\/1664894c2f65ce2c7a08d8f5f905c13c\",\"name\":\"Sa\u00fal Hern\u00e1ndez\",\"image\":{\"@type\":\"ImageObject\",\"inLanguage\":\"es\",\"@id\":\"https:\/\/thepueblatimes.mx\/#\/schema\/person\/image\/\",\"url\":\"https:\/\/secure.gravatar.com\/avatar\/11be338693f243309532caad8f10c930?s=96&d=mm&r=g\",\"contentUrl\":\"https:\/\/secure.gravatar.com\/avatar\/11be338693f243309532caad8f10c930?s=96&d=mm&r=g\",\"caption\":\"Sa\u00fal Hern\u00e1ndez\"},\"url\":\"https:\/\/thepueblatimes.mx\/index.php\/author\/saulhernandez\/\"}]}<\/script>\n<!-- \/ Yoast SEO plugin. -->","yoast_head_json":{"title":"Refuerza Pepe Chedraui Campa\u00f1a de Bacheo en la capital - The Puebla Times","robots":{"index":"index","follow":"follow","max-snippet":"max-snippet:-1","max-image-preview":"max-image-preview:large","max-video-preview":"max-video-preview:-1"},"canonical":"https:\/\/thepueblatimes.mx\/index.php\/2025\/06\/25\/refuerza-pepe-chedraui-campana-de-bacheo-en-la-capital\/","og_locale":"es_ES","og_type":"article","og_title":"Refuerza Pepe Chedraui Campa\u00f1a de Bacheo en la capital - The Puebla Times","og_description":"-De enero a la fecha, se han atendido m\u00e1s de 90 colonias de la capital y se han tapado m\u00e1s de 50 mil baches Puebla, Pue., 04 de junio de 2025.- En el marco de la Campa\u00f1a Capitalina Bacheando Puebla, el presidente municipal, Pepe Chedraui Budib supervis\u00f3 el despliegue operativo de un total de 15...","og_url":"https:\/\/thepueblatimes.mx\/index.php\/2025\/06\/25\/refuerza-pepe-chedraui-campana-de-bacheo-en-la-capital\/","og_site_name":"The Puebla Times","article_published_time":"2025-06-25T23:22:54+00:00","og_image":[{"width":2560,"height":1706,"url":"https:\/\/thepueblatimes.mx\/wp-content\/uploads\/2025\/06\/7666e6c9-65a5-4b5f-8dde-2ebef4ca1edc-scaled.jpeg","type":"image\/jpeg"}],"author":"Sa\u00fal Hern\u00e1ndez","twitter_card":"summary_large_image","twitter_misc":{"Escrito por":"Sa\u00fal Hern\u00e1ndez","Tiempo de lectura":"2 minutos"},"schema":{"@context":"https:\/\/schema.org","@graph":[{"@type":"WebPage","@id":"https:\/\/thepueblatimes.mx\/index.php\/2025\/06\/25\/refuerza-pepe-chedraui-campana-de-bacheo-en-la-capital\/","url":"https:\/\/thepueblatimes.mx\/index.php\/2025\/06\/25\/refuerza-pepe-chedraui-campana-de-bacheo-en-la-capital\/","name":"Refuerza Pepe Chedraui Campa\u00f1a de Bacheo en la capital - The Puebla Times","isPartOf":{"@id":"https:\/\/thepueblatimes.mx\/#website"},"datePublished":"2025-06-25T23:22:54+00:00","dateModified":"2025-06-25T23:22:54+00:00","author":{"@id":"https:\/\/thepueblatimes.mx\/#\/schema\/person\/1664894c2f65ce2c7a08d8f5f905c13c"},"breadcrumb":{"@id":"https:\/\/thepueblatimes.mx\/index.php\/2025\/06\/25\/refuerza-pepe-chedraui-campana-de-bacheo-en-la-capital\/#breadcrumb"},"inLanguage":"es","potentialAction":[{"@type":"ReadAction","target":["https:\/\/thepueblatimes.mx\/index.php\/2025\/06\/25\/refuerza-pepe-chedraui-campana-de-bacheo-en-la-capital\/"]}]},{"@type":"BreadcrumbList","@id":"https:\/\/thepueblatimes.mx\/index.php\/2025\/06\/25\/refuerza-pepe-chedraui-campana-de-bacheo-en-la-capital\/#breadcrumb","itemListElement":[{"@type":"ListItem","position":1,"name":"Portada","item":"https:\/\/thepueblatimes.mx\/"},{"@type":"ListItem","position":2,"name":"Refuerza Pepe Chedraui Campa\u00f1a de Bacheo en la capital"}]},{"@type":"WebSite","@id":"https:\/\/thepueblatimes.mx\/#website","url":"https:\/\/thepueblatimes.mx\/","name":"The Puebla Times","description":"Noticias del Estado de Puebla","potentialAction":[{"@type":"SearchAction","target":{"@type":"EntryPoint","urlTemplate":"https:\/\/thepueblatimes.mx\/?s={search_term_string}"},"query-input":"required name=search_term_string"}],"inLanguage":"es"},{"@type":"Person","@id":"https:\/\/thepueblatimes.mx\/#\/schema\/person\/1664894c2f65ce2c7a08d8f5f905c13c","name":"Sa\u00fal Hern\u00e1ndez","image":{"@type":"ImageObject","inLanguage":"es","@id":"https:\/\/thepueblatimes.mx\/#\/schema\/person\/image\/","url":"https:\/\/secure.gravatar.com\/avatar\/11be338693f243309532caad8f10c930?s=96&d=mm&r=g","contentUrl":"https:\/\/secure.gravatar.com\/avatar\/11be338693f243309532caad8f10c930?s=96&d=mm&r=g","caption":"Sa\u00fal Hern\u00e1ndez"},"url":"https:\/\/thepueblatimes.mx\/index.php\/author\/saulhernandez\/"}]}},"jetpack_featured_media_url":"https:\/\/thepueblatimes.mx\/wp-content\/uploads\/2025\/06\/7666e6c9-65a5-4b5f-8dde-2ebef4ca1edc-scaled.jpeg","_links":{"self":[{"href":"https:\/\/thepueblatimes.mx\/index.php\/wp-json\/wp\/v2\/posts\/31251"}],"collection":[{"href":"https:\/\/thepueblatimes.mx\/index.php\/wp-json\/wp\/v2\/posts"}],"about":[{"href":"https:\/\/thepueblatimes.mx\/index.php\/wp-json\/wp\/v2\/types\/post"}],"author":[{"embeddable":true,"href":"https:\/\/thepueblatimes.mx\/index.php\/wp-json\/wp\/v2\/users\/16"}],"replies":[{"embeddable":true,"href":"https:\/\/thepueblatimes.mx\/index.php\/wp-json\/wp\/v2\/comments?post=31251"}],"version-history":[{"count":1,"href":"https:\/\/thepueblatimes.mx\/index.php\/wp-json\/wp\/v2\/posts\/31251\/revisions"}],"predecessor-version":[{"id":31253,"href":"https:\/\/thepueblatimes.mx\/index.php\/wp-json\/wp\/v2\/posts\/31251\/revisions\/31253"}],"wp:featuredmedia":[{"embeddable":true,"href":"https:\/\/thepueblatimes.mx\/index.php\/wp-json\/wp\/v2\/media\/31252"}],"wp:attachment":[{"href":"https:\/\/thepueblatimes.mx\/index.php\/wp-json\/wp\/v2\/media?parent=31251"}],"wp:term":[{"taxonomy":"category","embeddable":true,"href":"https:\/\/thepueblatimes.mx\/index.php\/wp-json\/wp\/v2\/categories?post=31251"},{"taxonomy":"post_tag","embeddable":true,"href":"https:\/\/thepueblatimes.mx\/index.php\/wp-json\/wp\/v2\/tags?post=31251"}],"curies":[{"name":"wp","href":"https:\/\/api.w.org\/{rel}","templated":true}]}}