{"id":31044,"date":"2025-06-19T12:16:49","date_gmt":"2025-06-19T18:16:49","guid":{"rendered":"https:\/\/thepueblatimes.mx\/?p=31044"},"modified":"2025-06-19T12:16:49","modified_gmt":"2025-06-19T18:16:49","slug":"promueve-pepe-chedraui-crecimiento-personal-y-economico-con-la-2da-feria-del-empleo","status":"publish","type":"post","link":"https:\/\/thepueblatimes.mx\/index.php\/2025\/06\/19\/promueve-pepe-chedraui-crecimiento-personal-y-economico-con-la-2da-feria-del-empleo\/","title":{"rendered":"Promueve Pepe Chedraui crecimiento personal y econ\u00f3mico con la 2da Feria del Empleo"},"content":{"rendered":"<h3><em>&#8211; Se ofertaron hasta 7 mil oportunidades para todos los sectores de la sociedad en esta edici\u00f3n<\/em><\/h3>\n<p>Puebla, Pue., 18 de junio de 2025.- Con la intenci\u00f3n de apoyar a las y los poblanos para que tengan estabilidad econ\u00f3mica, el Gobierno de la Ciudad llev\u00f3 a cabo la segunda Feria del Empleo de la Capital Imparable, con m\u00e1s de 7 mil ofertas laborales, incluyendo a personas de la tercera edad y con discapacidad.<\/p>\n<p>Para brindar estas oportunidades se reunieron m\u00e1s de 80 empresas asentadas en el municipio, las cuales ofrecieron contrataci\u00f3n con sueldos y prestaciones iguales o superiores a las establecidas por la ley. Fueron m\u00e1s de mil 100 plazas disponibles de forma presencial y seis mil a trav\u00e9s de las Bolsas de Trabajo municipal y estatal.<\/p>\n<p>Entre las oportunidades laborales, estuvieron disponibles plazas temporales y permanentes en todos los sectores econ\u00f3micos, tales como automotriz, industrial, de servicios y tur\u00edsticos.<\/p>\n<p>Al acudir a la puesta en marcha de esta segunda edici\u00f3n, el presidente municipal, Pepe Chedraui Budib, resalt\u00f3 la importancia de incluir espacios de trabajo para mujeres, personas de la tercera edad y con discapacidad, quienes d\u00eda a d\u00eda buscan crecer profesional y econ\u00f3micamente.<\/p>\n<p>Asimismo, destac\u00f3 que estas acciones se llevan de manera coordinada con la presidenta de la Rep\u00fablica, Claudia Sheinbaum y el gobernador del estado, Alejandro Armenta, quienes impulsan pol\u00edticas p\u00fablicas a favor de la ciudadan\u00eda.<\/p>\n<p>\u201cAgradecerles infinitamente por su tiempo, por su trabajo, y que cuenten con el municipio, para ser un facilitador, para que sus empresas crezcan y puedan dar m\u00e1s empleos, para que les vaya bien. Eso es lo que queremos\u201d, expres\u00f3 al dirigirse a las empresas que se dieron cita en el Centro de Convenciones en la 2da Feria del Empleo.<\/p>\n<p>Jaime Oropeza Casas, secretario de Econom\u00eda y Turismo, destac\u00f3 la participaci\u00f3n de empresas sensibles y abiertas que ofrecen vacantes inclusivas, pues buscan a adultos mayores, personas con discapacidad, mujeres y j\u00f3venes que postulan a su primer empleo, de modo que caracter\u00edsticas como la edad, no fueron impedimento para los y los aspirantes.<\/p>\n<p>Adem\u00e1s, resalt\u00f3, esta 2da Feria de Empleo tambi\u00e9n integr\u00f3 a empresas del sector tur\u00edstico, como hoteles, restaurantes y turoperadores que buscan a personal eventual y permanente para sus operaciones durante la pr\u00f3xima temporada vacacional de verano.<\/p>\n<p>En su mensaje la titular de la Secretar\u00eda para la Igualdad Sustantiva de G\u00e9nero, Zaira Gonz\u00e1lez G\u00f3mez, expres\u00f3 su compromiso para que cada vez haya m\u00e1s espacios donde las poblanas puedan buscar trabajo, como ocurri\u00f3 con la Feria del Empleo exclusiva para las mujeres.<\/p>\n<p>\u201cPara que m\u00e1s mujeres puedan encontrar oportunidades, que existan empresas incluyentes, como lo dijo nuestro secretario, Jaime Oropeza, para que todas las personas puedan encontrar un empleo\u201d, puntualiz\u00f3.<\/p>\n<p>Finalmente, Rodrigo Abdala<br \/>\nDartigues, delegado Federal de los Programas para el Desarrollo en el Estado de Puebla, agradeci\u00f3 la nueva edici\u00f3n de este evento y enfatiz\u00f3 la importancia de generar estos espacios para darle oportunidad laboral a la ciudadan\u00eda, especialmente para a las nuevas generaciones que buscan una vacante laboral.<\/p>\n<p>\u00abSon exactamente las experiencias que estas ferias, que atinadamente organiza el gobierno municipal que lidera el licenciado Jos\u00e9 Chedraui, buscan construir, buscan crear\u00bb, destac\u00f3.<br \/>\nTambi\u00e9n se cont\u00f3 con la participaci\u00f3n de Carlos Popoca Berm\u00fadez, director del Servicio Nacional de Empleo (SNE) en representaci\u00f3n del secretario de Econom\u00eda y Trabajo del Gobierno del estado, V\u00edctor Gabriel Chedraui; y Carlos M\u00e1rquez, de la Secretar\u00eda de Desarrollo Tur\u00edstico, quienes externaron su compromiso para seguir apoyando iniciativas del Gobierno de la Ciudad en beneficio de las poblanas y los poblanos.<\/p>\n","protected":false},"excerpt":{"rendered":"<p>&#8211; Se ofertaron hasta 7 mil oportunidades para todos los sectores de la sociedad en esta edici\u00f3n Puebla, Pue., 18 de junio de 2025.- Con la intenci\u00f3n de apoyar a las y los poblanos para que tengan estabilidad econ\u00f3mica, el Gobierno de la Ciudad llev\u00f3 a cabo la segunda Feria del Empleo de la Capital&#8230;<\/p>\n","protected":false},"author":16,"featured_media":31045,"comment_status":"closed","ping_status":"closed","sticky":false,"template":"","format":"standard","meta":[],"categories":[20],"tags":[1287,3074],"yoast_head":"<!-- This site is optimized with the Yoast SEO plugin v20.8 - https:\/\/yoast.com\/wordpress\/plugins\/seo\/ -->\n<title>Promueve Pepe Chedraui crecimiento personal y econ\u00f3mico con la 2da Feria del Empleo - The Puebla Times<\/title>\n<meta name=\"robots\" content=\"index, follow, max-snippet:-1, max-image-preview:large, max-video-preview:-1\" \/>\n<link rel=\"canonical\" href=\"https:\/\/thepueblatimes.mx\/index.php\/2025\/06\/19\/promueve-pepe-chedraui-crecimiento-personal-y-economico-con-la-2da-feria-del-empleo\/\" \/>\n<meta property=\"og:locale\" content=\"es_ES\" \/>\n<meta property=\"og:type\" content=\"article\" \/>\n<meta property=\"og:title\" content=\"Promueve Pepe Chedraui crecimiento personal y econ\u00f3mico con la 2da Feria del Empleo - The Puebla Times\" \/>\n<meta property=\"og:description\" content=\"&#8211; Se ofertaron hasta 7 mil oportunidades para todos los sectores de la sociedad en esta edici\u00f3n Puebla, Pue., 18 de junio de 2025.- Con la intenci\u00f3n de apoyar a las y los poblanos para que tengan estabilidad econ\u00f3mica, el Gobierno de la Ciudad llev\u00f3 a cabo la segunda Feria del Empleo de la Capital...\" \/>\n<meta property=\"og:url\" content=\"https:\/\/thepueblatimes.mx\/index.php\/2025\/06\/19\/promueve-pepe-chedraui-crecimiento-personal-y-economico-con-la-2da-feria-del-empleo\/\" \/>\n<meta property=\"og:site_name\" content=\"The Puebla Times\" \/>\n<meta property=\"article:published_time\" content=\"2025-06-19T18:16:49+00:00\" \/>\n<meta property=\"og:image\" content=\"https:\/\/thepueblatimes.mx\/wp-content\/uploads\/2025\/06\/159d3888-e654-4870-be96-535ba85cf0b8-scaled.jpg\" \/>\n\t<meta property=\"og:image:width\" content=\"2560\" \/>\n\t<meta property=\"og:image:height\" content=\"1447\" \/>\n\t<meta property=\"og:image:type\" content=\"image\/jpeg\" \/>\n<meta name=\"author\" content=\"Sa\u00fal Hern\u00e1ndez\" \/>\n<meta name=\"twitter:card\" content=\"summary_large_image\" \/>\n<meta name=\"twitter:label1\" content=\"Escrito por\" \/>\n\t<meta name=\"twitter:data1\" content=\"Sa\u00fal Hern\u00e1ndez\" \/>\n\t<meta name=\"twitter:label2\" content=\"Tiempo de lectura\" \/>\n\t<meta name=\"twitter:data2\" content=\"3 minutos\" \/>\n<script type=\"application\/ld+json\" class=\"yoast-schema-graph\">{\"@context\":\"https:\/\/schema.org\",\"@graph\":[{\"@type\":\"WebPage\",\"@id\":\"https:\/\/thepueblatimes.mx\/index.php\/2025\/06\/19\/promueve-pepe-chedraui-crecimiento-personal-y-economico-con-la-2da-feria-del-empleo\/\",\"url\":\"https:\/\/thepueblatimes.mx\/index.php\/2025\/06\/19\/promueve-pepe-chedraui-crecimiento-personal-y-economico-con-la-2da-feria-del-empleo\/\",\"name\":\"Promueve Pepe Chedraui crecimiento personal y econ\u00f3mico con la 2da Feria del Empleo - The Puebla Times\",\"isPartOf\":{\"@id\":\"https:\/\/thepueblatimes.mx\/#website\"},\"datePublished\":\"2025-06-19T18:16:49+00:00\",\"dateModified\":\"2025-06-19T18:16:49+00:00\",\"author\":{\"@id\":\"https:\/\/thepueblatimes.mx\/#\/schema\/person\/1664894c2f65ce2c7a08d8f5f905c13c\"},\"breadcrumb\":{\"@id\":\"https:\/\/thepueblatimes.mx\/index.php\/2025\/06\/19\/promueve-pepe-chedraui-crecimiento-personal-y-economico-con-la-2da-feria-del-empleo\/#breadcrumb\"},\"inLanguage\":\"es\",\"potentialAction\":[{\"@type\":\"ReadAction\",\"target\":[\"https:\/\/thepueblatimes.mx\/index.php\/2025\/06\/19\/promueve-pepe-chedraui-crecimiento-personal-y-economico-con-la-2da-feria-del-empleo\/\"]}]},{\"@type\":\"BreadcrumbList\",\"@id\":\"https:\/\/thepueblatimes.mx\/index.php\/2025\/06\/19\/promueve-pepe-chedraui-crecimiento-personal-y-economico-con-la-2da-feria-del-empleo\/#breadcrumb\",\"itemListElement\":[{\"@type\":\"ListItem\",\"position\":1,\"name\":\"Portada\",\"item\":\"https:\/\/thepueblatimes.mx\/\"},{\"@type\":\"ListItem\",\"position\":2,\"name\":\"Promueve Pepe Chedraui crecimiento personal y econ\u00f3mico con la 2da Feria del Empleo\"}]},{\"@type\":\"WebSite\",\"@id\":\"https:\/\/thepueblatimes.mx\/#website\",\"url\":\"https:\/\/thepueblatimes.mx\/\",\"name\":\"The Puebla Times\",\"description\":\"Noticias del Estado de Puebla\",\"potentialAction\":[{\"@type\":\"SearchAction\",\"target\":{\"@type\":\"EntryPoint\",\"urlTemplate\":\"https:\/\/thepueblatimes.mx\/?s={search_term_string}\"},\"query-input\":\"required name=search_term_string\"}],\"inLanguage\":\"es\"},{\"@type\":\"Person\",\"@id\":\"https:\/\/thepueblatimes.mx\/#\/schema\/person\/1664894c2f65ce2c7a08d8f5f905c13c\",\"name\":\"Sa\u00fal Hern\u00e1ndez\",\"image\":{\"@type\":\"ImageObject\",\"inLanguage\":\"es\",\"@id\":\"https:\/\/thepueblatimes.mx\/#\/schema\/person\/image\/\",\"url\":\"https:\/\/secure.gravatar.com\/avatar\/11be338693f243309532caad8f10c930?s=96&d=mm&r=g\",\"contentUrl\":\"https:\/\/secure.gravatar.com\/avatar\/11be338693f243309532caad8f10c930?s=96&d=mm&r=g\",\"caption\":\"Sa\u00fal Hern\u00e1ndez\"},\"url\":\"https:\/\/thepueblatimes.mx\/index.php\/author\/saulhernandez\/\"}]}<\/script>\n<!-- \/ Yoast SEO plugin. -->","yoast_head_json":{"title":"Promueve Pepe Chedraui crecimiento personal y econ\u00f3mico con la 2da Feria del Empleo - The Puebla Times","robots":{"index":"index","follow":"follow","max-snippet":"max-snippet:-1","max-image-preview":"max-image-preview:large","max-video-preview":"max-video-preview:-1"},"canonical":"https:\/\/thepueblatimes.mx\/index.php\/2025\/06\/19\/promueve-pepe-chedraui-crecimiento-personal-y-economico-con-la-2da-feria-del-empleo\/","og_locale":"es_ES","og_type":"article","og_title":"Promueve Pepe Chedraui crecimiento personal y econ\u00f3mico con la 2da Feria del Empleo - The Puebla Times","og_description":"&#8211; Se ofertaron hasta 7 mil oportunidades para todos los sectores de la sociedad en esta edici\u00f3n Puebla, Pue., 18 de junio de 2025.- Con la intenci\u00f3n de apoyar a las y los poblanos para que tengan estabilidad econ\u00f3mica, el Gobierno de la Ciudad llev\u00f3 a cabo la segunda Feria del Empleo de la Capital...","og_url":"https:\/\/thepueblatimes.mx\/index.php\/2025\/06\/19\/promueve-pepe-chedraui-crecimiento-personal-y-economico-con-la-2da-feria-del-empleo\/","og_site_name":"The Puebla Times","article_published_time":"2025-06-19T18:16:49+00:00","og_image":[{"width":2560,"height":1447,"url":"https:\/\/thepueblatimes.mx\/wp-content\/uploads\/2025\/06\/159d3888-e654-4870-be96-535ba85cf0b8-scaled.jpg","type":"image\/jpeg"}],"author":"Sa\u00fal Hern\u00e1ndez","twitter_card":"summary_large_image","twitter_misc":{"Escrito por":"Sa\u00fal Hern\u00e1ndez","Tiempo de lectura":"3 minutos"},"schema":{"@context":"https:\/\/schema.org","@graph":[{"@type":"WebPage","@id":"https:\/\/thepueblatimes.mx\/index.php\/2025\/06\/19\/promueve-pepe-chedraui-crecimiento-personal-y-economico-con-la-2da-feria-del-empleo\/","url":"https:\/\/thepueblatimes.mx\/index.php\/2025\/06\/19\/promueve-pepe-chedraui-crecimiento-personal-y-economico-con-la-2da-feria-del-empleo\/","name":"Promueve Pepe Chedraui crecimiento personal y econ\u00f3mico con la 2da Feria del Empleo - The Puebla Times","isPartOf":{"@id":"https:\/\/thepueblatimes.mx\/#website"},"datePublished":"2025-06-19T18:16:49+00:00","dateModified":"2025-06-19T18:16:49+00:00","author":{"@id":"https:\/\/thepueblatimes.mx\/#\/schema\/person\/1664894c2f65ce2c7a08d8f5f905c13c"},"breadcrumb":{"@id":"https:\/\/thepueblatimes.mx\/index.php\/2025\/06\/19\/promueve-pepe-chedraui-crecimiento-personal-y-economico-con-la-2da-feria-del-empleo\/#breadcrumb"},"inLanguage":"es","potentialAction":[{"@type":"ReadAction","target":["https:\/\/thepueblatimes.mx\/index.php\/2025\/06\/19\/promueve-pepe-chedraui-crecimiento-personal-y-economico-con-la-2da-feria-del-empleo\/"]}]},{"@type":"BreadcrumbList","@id":"https:\/\/thepueblatimes.mx\/index.php\/2025\/06\/19\/promueve-pepe-chedraui-crecimiento-personal-y-economico-con-la-2da-feria-del-empleo\/#breadcrumb","itemListElement":[{"@type":"ListItem","position":1,"name":"Portada","item":"https:\/\/thepueblatimes.mx\/"},{"@type":"ListItem","position":2,"name":"Promueve Pepe Chedraui crecimiento personal y econ\u00f3mico con la 2da Feria del Empleo"}]},{"@type":"WebSite","@id":"https:\/\/thepueblatimes.mx\/#website","url":"https:\/\/thepueblatimes.mx\/","name":"The Puebla Times","description":"Noticias del Estado de Puebla","potentialAction":[{"@type":"SearchAction","target":{"@type":"EntryPoint","urlTemplate":"https:\/\/thepueblatimes.mx\/?s={search_term_string}"},"query-input":"required name=search_term_string"}],"inLanguage":"es"},{"@type":"Person","@id":"https:\/\/thepueblatimes.mx\/#\/schema\/person\/1664894c2f65ce2c7a08d8f5f905c13c","name":"Sa\u00fal Hern\u00e1ndez","image":{"@type":"ImageObject","inLanguage":"es","@id":"https:\/\/thepueblatimes.mx\/#\/schema\/person\/image\/","url":"https:\/\/secure.gravatar.com\/avatar\/11be338693f243309532caad8f10c930?s=96&d=mm&r=g","contentUrl":"https:\/\/secure.gravatar.com\/avatar\/11be338693f243309532caad8f10c930?s=96&d=mm&r=g","caption":"Sa\u00fal Hern\u00e1ndez"},"url":"https:\/\/thepueblatimes.mx\/index.php\/author\/saulhernandez\/"}]}},"jetpack_featured_media_url":"https:\/\/thepueblatimes.mx\/wp-content\/uploads\/2025\/06\/159d3888-e654-4870-be96-535ba85cf0b8-scaled.jpg","_links":{"self":[{"href":"https:\/\/thepueblatimes.mx\/index.php\/wp-json\/wp\/v2\/posts\/31044"}],"collection":[{"href":"https:\/\/thepueblatimes.mx\/index.php\/wp-json\/wp\/v2\/posts"}],"about":[{"href":"https:\/\/thepueblatimes.mx\/index.php\/wp-json\/wp\/v2\/types\/post"}],"author":[{"embeddable":true,"href":"https:\/\/thepueblatimes.mx\/index.php\/wp-json\/wp\/v2\/users\/16"}],"replies":[{"embeddable":true,"href":"https:\/\/thepueblatimes.mx\/index.php\/wp-json\/wp\/v2\/comments?post=31044"}],"version-history":[{"count":1,"href":"https:\/\/thepueblatimes.mx\/index.php\/wp-json\/wp\/v2\/posts\/31044\/revisions"}],"predecessor-version":[{"id":31046,"href":"https:\/\/thepueblatimes.mx\/index.php\/wp-json\/wp\/v2\/posts\/31044\/revisions\/31046"}],"wp:featuredmedia":[{"embeddable":true,"href":"https:\/\/thepueblatimes.mx\/index.php\/wp-json\/wp\/v2\/media\/31045"}],"wp:attachment":[{"href":"https:\/\/thepueblatimes.mx\/index.php\/wp-json\/wp\/v2\/media?parent=31044"}],"wp:term":[{"taxonomy":"category","embeddable":true,"href":"https:\/\/thepueblatimes.mx\/index.php\/wp-json\/wp\/v2\/categories?post=31044"},{"taxonomy":"post_tag","embeddable":true,"href":"https:\/\/thepueblatimes.mx\/index.php\/wp-json\/wp\/v2\/tags?post=31044"}],"curies":[{"name":"wp","href":"https:\/\/api.w.org\/{rel}","templated":true}]}}