{"id":30766,"date":"2025-06-05T17:48:39","date_gmt":"2025-06-05T23:48:39","guid":{"rendered":"https:\/\/thepueblatimes.mx\/?p=30766"},"modified":"2025-06-05T17:52:26","modified_gmt":"2025-06-05T23:52:26","slug":"eleccion-judicial-puebla-responde","status":"publish","type":"post","link":"https:\/\/thepueblatimes.mx\/index.php\/2025\/06\/05\/eleccion-judicial-puebla-responde\/","title":{"rendered":"Elecci\u00f3n Judicial, Puebla responde"},"content":{"rendered":"<h3><em><strong>LA PASARELA\u00a0<\/strong><\/em><\/h3>\n<p>En la elecci\u00f3n judicial que defini\u00f3 qui\u00e9nes ocupar\u00e1n nuevos asientos en la Suprema Corte de Justicia de la Naci\u00f3n (SCJN), Puebla apareci\u00f3 como una de las entidades clave.<\/p>\n<p>As\u00ed ya fue documentado, al ubicarse al estado entre los cinco con mayor peso en la votaci\u00f3n nacional, aportando casi el 13% del total.<br \/>\nPero lo m\u00e1s importante no fue solo el n\u00famero, sino el c\u00f3mo.<\/p>\n<p>A diferencia de otras entidades donde la operaci\u00f3n pol\u00edtica se confunde con el acarreo, el resultado de Puebla obedece a algo m\u00e1s s\u00f3lido: el trabajo institucional y territorial que ha venido construyendo el gobernador Alejandro Armenta desde que asumi\u00f3 el cargo.<\/p>\n<p>As\u00ed se cosech\u00f3 lo que ha venido sembrando en meses recientes: cercan\u00eda con la gente, pol\u00edticas sociales activas, obras p\u00fablicas con impacto y un discurso de reconciliaci\u00f3n que ha permeado en distintos sectores.<\/p>\n<p>Un reportaje del peri\u00f3dico Reforma identifica a entidades como Guerrero, Tabasco, Oaxaca y Campeche como piezas del llamado \u201cacorde\u00f3n del sur\u201d, es decir, estados gobernados por el partido Movimiento Regeneraci\u00f3n Nacional (Morena) que operaron con fuerza para respaldar a Hugo Aguilar y Lenia Batres.<\/p>\n<p>En esa l\u00f3gica, Puebla se sum\u00f3 por m\u00e9ritos propios, por inercia pol\u00edtica.<\/p>\n<p>Aunque en CDMX y el Estado de M\u00e9xico, las dos entidades m\u00e1s pobladas del pa\u00eds, fall\u00f3 la aplanadora morenista, en Puebla se not\u00f3 la diferencia.<\/p>\n<p>La estructura funcion\u00f3, s\u00ed, pero sobre todo, hubo respaldo ciudadano real.<\/p>\n<p>Sin esc\u00e1ndalos, sin reflectores, sin presi\u00f3n sobre el electorado, solo organizaci\u00f3n, estructura y, sobre todo, confianza ciudadana.<br \/>\nArmenta no se excedi\u00f3, no presumi\u00f3 lo que no es.<\/p>\n<p>Pero hizo su parte y la hizo bien.<\/p>\n<p>En tiempos donde la operaci\u00f3n pol\u00edtica muchas veces se confunde con el acarreo vulgar, el gobierno poblano mostr\u00f3 que hay otra v\u00eda: trabajar y construir.<\/p>\n<p>Y as\u00ed fue.<\/p>\n<p>El proceso judicial fue, en el fondo, un term\u00f3metro pol\u00edtico.<\/p>\n<p>Y Puebla, con la seriedad que exige el momento, dej\u00f3 claro que est\u00e1 lista para jugar en las grandes ligas.<br \/>\nTiempo al tiempo.<\/p>\n<p>Adi\u00f3s al ITAIPUE \u00bfy la transparencia?<\/p>\n<p>El ITAIPUE fue \u00fatil en su momento.<\/p>\n<p>Gracias a ese organismo destapamos casos inc\u00f3modos del morenovallismo, como los helic\u00f3pteros Agusta, los despidos masivos, contratos opacos, entre otros.<\/p>\n<p>Tuvo dientes, hasta que se los limaron.<\/p>\n<p>Con el tiempo se volvi\u00f3 inerte, burocr\u00e1tico, una oficina m\u00e1s.<\/p>\n<p>Finalmente desaparece sin pena ni gloria y su lugar lo ocupar\u00e1 la Secretar\u00eda Anticorrupci\u00f3n, para fomentar la transparencia.<\/p>\n<p>\u00bfAdi\u00f3s a la opacidad?<\/p>\n<p>El armentismo tiene en sus manos la oportunidad.<\/p>\n<p>Puebla merece un \u00f3rgano que sirva, no que estorbe.<\/p>\n<p>Que vigile, no que adorne.<\/p>\n<p>Existe la posibilidad de que renazca la vigilancia real.<\/p>\n<p>Que esta vez no se archive la transparencia.<\/p>\n<p>Tiempo al tiempo.<\/p>\n","protected":false},"excerpt":{"rendered":"<p>LA PASARELA\u00a0 En la elecci\u00f3n judicial que defini\u00f3 qui\u00e9nes ocupar\u00e1n nuevos asientos en la Suprema Corte de Justicia de la Naci\u00f3n (SCJN), Puebla apareci\u00f3 como una de las entidades clave. As\u00ed ya fue documentado, al ubicarse al estado entre los cinco con mayor peso en la votaci\u00f3n nacional, aportando casi el 13% del total. Pero&#8230;<\/p>\n","protected":false},"author":16,"featured_media":30767,"comment_status":"closed","ping_status":"closed","sticky":false,"template":"","format":"standard","meta":[],"categories":[10],"tags":[248,2156,3768],"yoast_head":"<!-- This site is optimized with the Yoast SEO plugin v20.8 - https:\/\/yoast.com\/wordpress\/plugins\/seo\/ -->\n<title>Elecci\u00f3n Judicial, Puebla responde - The Puebla Times<\/title>\n<meta name=\"robots\" content=\"index, follow, max-snippet:-1, max-image-preview:large, max-video-preview:-1\" \/>\n<link rel=\"canonical\" href=\"https:\/\/thepueblatimes.mx\/index.php\/2025\/06\/05\/eleccion-judicial-puebla-responde\/\" \/>\n<meta property=\"og:locale\" content=\"es_ES\" \/>\n<meta property=\"og:type\" content=\"article\" \/>\n<meta property=\"og:title\" content=\"Elecci\u00f3n Judicial, Puebla responde - The Puebla Times\" \/>\n<meta property=\"og:description\" content=\"LA PASARELA\u00a0 En la elecci\u00f3n judicial que defini\u00f3 qui\u00e9nes ocupar\u00e1n nuevos asientos en la Suprema Corte de Justicia de la Naci\u00f3n (SCJN), Puebla apareci\u00f3 como una de las entidades clave. As\u00ed ya fue documentado, al ubicarse al estado entre los cinco con mayor peso en la votaci\u00f3n nacional, aportando casi el 13% del total. Pero...\" \/>\n<meta property=\"og:url\" content=\"https:\/\/thepueblatimes.mx\/index.php\/2025\/06\/05\/eleccion-judicial-puebla-responde\/\" \/>\n<meta property=\"og:site_name\" content=\"The Puebla Times\" \/>\n<meta property=\"article:published_time\" content=\"2025-06-05T23:48:39+00:00\" \/>\n<meta property=\"article:modified_time\" content=\"2025-06-05T23:52:26+00:00\" \/>\n<meta property=\"og:image\" content=\"https:\/\/thepueblatimes.mx\/wp-content\/uploads\/2025\/06\/eleccion-judicial-2025-671372.webp\" \/>\n\t<meta property=\"og:image:width\" content=\"1200\" \/>\n\t<meta property=\"og:image:height\" content=\"675\" \/>\n\t<meta property=\"og:image:type\" content=\"image\/webp\" \/>\n<meta name=\"author\" content=\"Sa\u00fal Hern\u00e1ndez\" \/>\n<meta name=\"twitter:card\" content=\"summary_large_image\" \/>\n<meta name=\"twitter:label1\" content=\"Escrito por\" \/>\n\t<meta name=\"twitter:data1\" content=\"Sa\u00fal Hern\u00e1ndez\" \/>\n\t<meta name=\"twitter:label2\" content=\"Tiempo de lectura\" \/>\n\t<meta name=\"twitter:data2\" content=\"3 minutos\" \/>\n<script type=\"application\/ld+json\" class=\"yoast-schema-graph\">{\"@context\":\"https:\/\/schema.org\",\"@graph\":[{\"@type\":\"WebPage\",\"@id\":\"https:\/\/thepueblatimes.mx\/index.php\/2025\/06\/05\/eleccion-judicial-puebla-responde\/\",\"url\":\"https:\/\/thepueblatimes.mx\/index.php\/2025\/06\/05\/eleccion-judicial-puebla-responde\/\",\"name\":\"Elecci\u00f3n Judicial, Puebla responde - The Puebla Times\",\"isPartOf\":{\"@id\":\"https:\/\/thepueblatimes.mx\/#website\"},\"datePublished\":\"2025-06-05T23:48:39+00:00\",\"dateModified\":\"2025-06-05T23:52:26+00:00\",\"author\":{\"@id\":\"https:\/\/thepueblatimes.mx\/#\/schema\/person\/1664894c2f65ce2c7a08d8f5f905c13c\"},\"breadcrumb\":{\"@id\":\"https:\/\/thepueblatimes.mx\/index.php\/2025\/06\/05\/eleccion-judicial-puebla-responde\/#breadcrumb\"},\"inLanguage\":\"es\",\"potentialAction\":[{\"@type\":\"ReadAction\",\"target\":[\"https:\/\/thepueblatimes.mx\/index.php\/2025\/06\/05\/eleccion-judicial-puebla-responde\/\"]}]},{\"@type\":\"BreadcrumbList\",\"@id\":\"https:\/\/thepueblatimes.mx\/index.php\/2025\/06\/05\/eleccion-judicial-puebla-responde\/#breadcrumb\",\"itemListElement\":[{\"@type\":\"ListItem\",\"position\":1,\"name\":\"Portada\",\"item\":\"https:\/\/thepueblatimes.mx\/\"},{\"@type\":\"ListItem\",\"position\":2,\"name\":\"Elecci\u00f3n Judicial, Puebla responde\"}]},{\"@type\":\"WebSite\",\"@id\":\"https:\/\/thepueblatimes.mx\/#website\",\"url\":\"https:\/\/thepueblatimes.mx\/\",\"name\":\"The Puebla Times\",\"description\":\"Noticias del Estado de Puebla\",\"potentialAction\":[{\"@type\":\"SearchAction\",\"target\":{\"@type\":\"EntryPoint\",\"urlTemplate\":\"https:\/\/thepueblatimes.mx\/?s={search_term_string}\"},\"query-input\":\"required name=search_term_string\"}],\"inLanguage\":\"es\"},{\"@type\":\"Person\",\"@id\":\"https:\/\/thepueblatimes.mx\/#\/schema\/person\/1664894c2f65ce2c7a08d8f5f905c13c\",\"name\":\"Sa\u00fal Hern\u00e1ndez\",\"image\":{\"@type\":\"ImageObject\",\"inLanguage\":\"es\",\"@id\":\"https:\/\/thepueblatimes.mx\/#\/schema\/person\/image\/\",\"url\":\"https:\/\/secure.gravatar.com\/avatar\/11be338693f243309532caad8f10c930?s=96&d=mm&r=g\",\"contentUrl\":\"https:\/\/secure.gravatar.com\/avatar\/11be338693f243309532caad8f10c930?s=96&d=mm&r=g\",\"caption\":\"Sa\u00fal Hern\u00e1ndez\"},\"url\":\"https:\/\/thepueblatimes.mx\/index.php\/author\/saulhernandez\/\"}]}<\/script>\n<!-- \/ Yoast SEO plugin. -->","yoast_head_json":{"title":"Elecci\u00f3n Judicial, Puebla responde - The Puebla Times","robots":{"index":"index","follow":"follow","max-snippet":"max-snippet:-1","max-image-preview":"max-image-preview:large","max-video-preview":"max-video-preview:-1"},"canonical":"https:\/\/thepueblatimes.mx\/index.php\/2025\/06\/05\/eleccion-judicial-puebla-responde\/","og_locale":"es_ES","og_type":"article","og_title":"Elecci\u00f3n Judicial, Puebla responde - The Puebla Times","og_description":"LA PASARELA\u00a0 En la elecci\u00f3n judicial que defini\u00f3 qui\u00e9nes ocupar\u00e1n nuevos asientos en la Suprema Corte de Justicia de la Naci\u00f3n (SCJN), Puebla apareci\u00f3 como una de las entidades clave. As\u00ed ya fue documentado, al ubicarse al estado entre los cinco con mayor peso en la votaci\u00f3n nacional, aportando casi el 13% del total. Pero...","og_url":"https:\/\/thepueblatimes.mx\/index.php\/2025\/06\/05\/eleccion-judicial-puebla-responde\/","og_site_name":"The Puebla Times","article_published_time":"2025-06-05T23:48:39+00:00","article_modified_time":"2025-06-05T23:52:26+00:00","og_image":[{"width":1200,"height":675,"url":"https:\/\/thepueblatimes.mx\/wp-content\/uploads\/2025\/06\/eleccion-judicial-2025-671372.webp","type":"image\/webp"}],"author":"Sa\u00fal Hern\u00e1ndez","twitter_card":"summary_large_image","twitter_misc":{"Escrito por":"Sa\u00fal Hern\u00e1ndez","Tiempo de lectura":"3 minutos"},"schema":{"@context":"https:\/\/schema.org","@graph":[{"@type":"WebPage","@id":"https:\/\/thepueblatimes.mx\/index.php\/2025\/06\/05\/eleccion-judicial-puebla-responde\/","url":"https:\/\/thepueblatimes.mx\/index.php\/2025\/06\/05\/eleccion-judicial-puebla-responde\/","name":"Elecci\u00f3n Judicial, Puebla responde - The Puebla Times","isPartOf":{"@id":"https:\/\/thepueblatimes.mx\/#website"},"datePublished":"2025-06-05T23:48:39+00:00","dateModified":"2025-06-05T23:52:26+00:00","author":{"@id":"https:\/\/thepueblatimes.mx\/#\/schema\/person\/1664894c2f65ce2c7a08d8f5f905c13c"},"breadcrumb":{"@id":"https:\/\/thepueblatimes.mx\/index.php\/2025\/06\/05\/eleccion-judicial-puebla-responde\/#breadcrumb"},"inLanguage":"es","potentialAction":[{"@type":"ReadAction","target":["https:\/\/thepueblatimes.mx\/index.php\/2025\/06\/05\/eleccion-judicial-puebla-responde\/"]}]},{"@type":"BreadcrumbList","@id":"https:\/\/thepueblatimes.mx\/index.php\/2025\/06\/05\/eleccion-judicial-puebla-responde\/#breadcrumb","itemListElement":[{"@type":"ListItem","position":1,"name":"Portada","item":"https:\/\/thepueblatimes.mx\/"},{"@type":"ListItem","position":2,"name":"Elecci\u00f3n Judicial, Puebla responde"}]},{"@type":"WebSite","@id":"https:\/\/thepueblatimes.mx\/#website","url":"https:\/\/thepueblatimes.mx\/","name":"The Puebla Times","description":"Noticias del Estado de Puebla","potentialAction":[{"@type":"SearchAction","target":{"@type":"EntryPoint","urlTemplate":"https:\/\/thepueblatimes.mx\/?s={search_term_string}"},"query-input":"required name=search_term_string"}],"inLanguage":"es"},{"@type":"Person","@id":"https:\/\/thepueblatimes.mx\/#\/schema\/person\/1664894c2f65ce2c7a08d8f5f905c13c","name":"Sa\u00fal Hern\u00e1ndez","image":{"@type":"ImageObject","inLanguage":"es","@id":"https:\/\/thepueblatimes.mx\/#\/schema\/person\/image\/","url":"https:\/\/secure.gravatar.com\/avatar\/11be338693f243309532caad8f10c930?s=96&d=mm&r=g","contentUrl":"https:\/\/secure.gravatar.com\/avatar\/11be338693f243309532caad8f10c930?s=96&d=mm&r=g","caption":"Sa\u00fal Hern\u00e1ndez"},"url":"https:\/\/thepueblatimes.mx\/index.php\/author\/saulhernandez\/"}]}},"jetpack_featured_media_url":"https:\/\/thepueblatimes.mx\/wp-content\/uploads\/2025\/06\/eleccion-judicial-2025-671372.webp","_links":{"self":[{"href":"https:\/\/thepueblatimes.mx\/index.php\/wp-json\/wp\/v2\/posts\/30766"}],"collection":[{"href":"https:\/\/thepueblatimes.mx\/index.php\/wp-json\/wp\/v2\/posts"}],"about":[{"href":"https:\/\/thepueblatimes.mx\/index.php\/wp-json\/wp\/v2\/types\/post"}],"author":[{"embeddable":true,"href":"https:\/\/thepueblatimes.mx\/index.php\/wp-json\/wp\/v2\/users\/16"}],"replies":[{"embeddable":true,"href":"https:\/\/thepueblatimes.mx\/index.php\/wp-json\/wp\/v2\/comments?post=30766"}],"version-history":[{"count":2,"href":"https:\/\/thepueblatimes.mx\/index.php\/wp-json\/wp\/v2\/posts\/30766\/revisions"}],"predecessor-version":[{"id":30769,"href":"https:\/\/thepueblatimes.mx\/index.php\/wp-json\/wp\/v2\/posts\/30766\/revisions\/30769"}],"wp:featuredmedia":[{"embeddable":true,"href":"https:\/\/thepueblatimes.mx\/index.php\/wp-json\/wp\/v2\/media\/30767"}],"wp:attachment":[{"href":"https:\/\/thepueblatimes.mx\/index.php\/wp-json\/wp\/v2\/media?parent=30766"}],"wp:term":[{"taxonomy":"category","embeddable":true,"href":"https:\/\/thepueblatimes.mx\/index.php\/wp-json\/wp\/v2\/categories?post=30766"},{"taxonomy":"post_tag","embeddable":true,"href":"https:\/\/thepueblatimes.mx\/index.php\/wp-json\/wp\/v2\/tags?post=30766"}],"curies":[{"name":"wp","href":"https:\/\/api.w.org\/{rel}","templated":true}]}}