{"id":30738,"date":"2025-06-05T08:12:28","date_gmt":"2025-06-05T14:12:28","guid":{"rendered":"https:\/\/thepueblatimes.mx\/?p=30738"},"modified":"2025-06-05T08:12:28","modified_gmt":"2025-06-05T14:12:28","slug":"dif-estatal-tendra-su-propio-programa-de-obra-comunitaria-compromiso-firme-con-las-familias-poblanas","status":"publish","type":"post","link":"https:\/\/thepueblatimes.mx\/index.php\/2025\/06\/05\/dif-estatal-tendra-su-propio-programa-de-obra-comunitaria-compromiso-firme-con-las-familias-poblanas\/","title":{"rendered":"DIF Estatal tendr\u00e1 su propio Programa de Obra Comunitaria: compromiso firme con las familias poblanas"},"content":{"rendered":"<p data-start=\"246\" data-end=\"578\">En el marco del Encuentro Estatal de Presidentas y Presidentes de los Sistemas Municipales DIF, el gobernador de Puebla, Alejandro Armenta, anunci\u00f3 una iniciativa sin precedentes que fortalecer\u00e1 el trabajo social en los municipios: a partir del pr\u00f3ximo a\u00f1o, el Sistema Estatal DIF contar\u00e1 con su propio Programa de Obra Comunitaria.<\/p>\n<p data-start=\"580\" data-end=\"979\">Durante el evento, al que asistieron m\u00e1s de 200 representantes de los voluntariados municipales, el mandatario destac\u00f3 el papel central que desempe\u00f1a el DIF en la atenci\u00f3n de las necesidades m\u00e1s sensibles de la poblaci\u00f3n. \u201cEl DIF es el coraz\u00f3n del Gobierno\u201d, expres\u00f3 Armenta, al reconocer el compromiso de quienes, desde cada rinc\u00f3n del estado, se dedican a mejorar la vida de las familias poblanas.<\/p>\n<p data-start=\"981\" data-end=\"1379\">El nuevo programa estar\u00e1 enfocado en mejorar y ampliar la infraestructura comunitaria en beneficio de los sectores m\u00e1s vulnerables, con proyectos que permitan brindar servicios de calidad, cercanos y dignos. Esta iniciativa busca respaldar de manera directa el trabajo de los Sistemas Municipales DIF, dot\u00e1ndolos de herramientas concretas para que sigan siendo agentes de cambio en sus comunidades.<\/p>\n<p data-start=\"1381\" data-end=\"1617\">\u201cEl compromiso es claro: respaldar con hechos a los municipios y a sus sistemas DIF. Su labor transforma realidades y dignifica vidas\u201d, afirm\u00f3 el gobernador, dejando en claro que la visi\u00f3n social ser\u00e1 una prioridad en su administraci\u00f3n.<\/p>\n<p data-start=\"1619\" data-end=\"1828\">Con este anuncio, el Gobierno del Estado reafirma su apuesta por una pol\u00edtica p\u00fablica centrada en la inclusi\u00f3n, la equidad y la solidaridad, donde el bienestar de las familias est\u00e9 en el centro de cada acci\u00f3n.<\/p>\n","protected":false},"excerpt":{"rendered":"<p>En el marco del Encuentro Estatal de Presidentas y Presidentes de los Sistemas Municipales DIF, el gobernador de Puebla, Alejandro Armenta, anunci\u00f3 una iniciativa sin precedentes que fortalecer\u00e1 el trabajo social en los municipios: a partir del pr\u00f3ximo a\u00f1o, el Sistema Estatal DIF contar\u00e1 con su propio Programa de Obra Comunitaria. Durante el evento, al&#8230;<\/p>\n","protected":false},"author":16,"featured_media":30739,"comment_status":"closed","ping_status":"closed","sticky":false,"template":"","format":"standard","meta":[],"categories":[3],"tags":[1273,3218,1341],"yoast_head":"<!-- This site is optimized with the Yoast SEO plugin v20.8 - https:\/\/yoast.com\/wordpress\/plugins\/seo\/ -->\n<title>DIF Estatal tendr\u00e1 su propio Programa de Obra Comunitaria: compromiso firme con las familias poblanas - The Puebla Times<\/title>\n<meta name=\"robots\" content=\"index, follow, max-snippet:-1, max-image-preview:large, max-video-preview:-1\" \/>\n<link rel=\"canonical\" href=\"https:\/\/thepueblatimes.mx\/index.php\/2025\/06\/05\/dif-estatal-tendra-su-propio-programa-de-obra-comunitaria-compromiso-firme-con-las-familias-poblanas\/\" \/>\n<meta property=\"og:locale\" content=\"es_ES\" \/>\n<meta property=\"og:type\" content=\"article\" \/>\n<meta property=\"og:title\" content=\"DIF Estatal tendr\u00e1 su propio Programa de Obra Comunitaria: compromiso firme con las familias poblanas - The Puebla Times\" \/>\n<meta property=\"og:description\" content=\"En el marco del Encuentro Estatal de Presidentas y Presidentes de los Sistemas Municipales DIF, el gobernador de Puebla, Alejandro Armenta, anunci\u00f3 una iniciativa sin precedentes que fortalecer\u00e1 el trabajo social en los municipios: a partir del pr\u00f3ximo a\u00f1o, el Sistema Estatal DIF contar\u00e1 con su propio Programa de Obra Comunitaria. Durante el evento, al...\" \/>\n<meta property=\"og:url\" content=\"https:\/\/thepueblatimes.mx\/index.php\/2025\/06\/05\/dif-estatal-tendra-su-propio-programa-de-obra-comunitaria-compromiso-firme-con-las-familias-poblanas\/\" \/>\n<meta property=\"og:site_name\" content=\"The Puebla Times\" \/>\n<meta property=\"article:published_time\" content=\"2025-06-05T14:12:28+00:00\" \/>\n<meta property=\"og:image\" content=\"https:\/\/thepueblatimes.mx\/wp-content\/uploads\/2025\/06\/493944225_1047310074246094_3295157148170237396_n.jpg\" \/>\n\t<meta property=\"og:image:width\" content=\"2048\" \/>\n\t<meta property=\"og:image:height\" content=\"1443\" \/>\n\t<meta property=\"og:image:type\" content=\"image\/jpeg\" \/>\n<meta name=\"author\" content=\"Sa\u00fal Hern\u00e1ndez\" \/>\n<meta name=\"twitter:card\" content=\"summary_large_image\" \/>\n<meta name=\"twitter:label1\" content=\"Escrito por\" \/>\n\t<meta name=\"twitter:data1\" content=\"Sa\u00fal Hern\u00e1ndez\" \/>\n\t<meta name=\"twitter:label2\" content=\"Tiempo de lectura\" \/>\n\t<meta name=\"twitter:data2\" content=\"2 minutos\" \/>\n<script type=\"application\/ld+json\" class=\"yoast-schema-graph\">{\"@context\":\"https:\/\/schema.org\",\"@graph\":[{\"@type\":\"WebPage\",\"@id\":\"https:\/\/thepueblatimes.mx\/index.php\/2025\/06\/05\/dif-estatal-tendra-su-propio-programa-de-obra-comunitaria-compromiso-firme-con-las-familias-poblanas\/\",\"url\":\"https:\/\/thepueblatimes.mx\/index.php\/2025\/06\/05\/dif-estatal-tendra-su-propio-programa-de-obra-comunitaria-compromiso-firme-con-las-familias-poblanas\/\",\"name\":\"DIF Estatal tendr\u00e1 su propio Programa de Obra Comunitaria: compromiso firme con las familias poblanas - The Puebla Times\",\"isPartOf\":{\"@id\":\"https:\/\/thepueblatimes.mx\/#website\"},\"datePublished\":\"2025-06-05T14:12:28+00:00\",\"dateModified\":\"2025-06-05T14:12:28+00:00\",\"author\":{\"@id\":\"https:\/\/thepueblatimes.mx\/#\/schema\/person\/1664894c2f65ce2c7a08d8f5f905c13c\"},\"breadcrumb\":{\"@id\":\"https:\/\/thepueblatimes.mx\/index.php\/2025\/06\/05\/dif-estatal-tendra-su-propio-programa-de-obra-comunitaria-compromiso-firme-con-las-familias-poblanas\/#breadcrumb\"},\"inLanguage\":\"es\",\"potentialAction\":[{\"@type\":\"ReadAction\",\"target\":[\"https:\/\/thepueblatimes.mx\/index.php\/2025\/06\/05\/dif-estatal-tendra-su-propio-programa-de-obra-comunitaria-compromiso-firme-con-las-familias-poblanas\/\"]}]},{\"@type\":\"BreadcrumbList\",\"@id\":\"https:\/\/thepueblatimes.mx\/index.php\/2025\/06\/05\/dif-estatal-tendra-su-propio-programa-de-obra-comunitaria-compromiso-firme-con-las-familias-poblanas\/#breadcrumb\",\"itemListElement\":[{\"@type\":\"ListItem\",\"position\":1,\"name\":\"Portada\",\"item\":\"https:\/\/thepueblatimes.mx\/\"},{\"@type\":\"ListItem\",\"position\":2,\"name\":\"DIF Estatal tendr\u00e1 su propio Programa de Obra Comunitaria: compromiso firme con las familias poblanas\"}]},{\"@type\":\"WebSite\",\"@id\":\"https:\/\/thepueblatimes.mx\/#website\",\"url\":\"https:\/\/thepueblatimes.mx\/\",\"name\":\"The Puebla Times\",\"description\":\"Noticias del Estado de Puebla\",\"potentialAction\":[{\"@type\":\"SearchAction\",\"target\":{\"@type\":\"EntryPoint\",\"urlTemplate\":\"https:\/\/thepueblatimes.mx\/?s={search_term_string}\"},\"query-input\":\"required name=search_term_string\"}],\"inLanguage\":\"es\"},{\"@type\":\"Person\",\"@id\":\"https:\/\/thepueblatimes.mx\/#\/schema\/person\/1664894c2f65ce2c7a08d8f5f905c13c\",\"name\":\"Sa\u00fal Hern\u00e1ndez\",\"image\":{\"@type\":\"ImageObject\",\"inLanguage\":\"es\",\"@id\":\"https:\/\/thepueblatimes.mx\/#\/schema\/person\/image\/\",\"url\":\"https:\/\/secure.gravatar.com\/avatar\/11be338693f243309532caad8f10c930?s=96&d=mm&r=g\",\"contentUrl\":\"https:\/\/secure.gravatar.com\/avatar\/11be338693f243309532caad8f10c930?s=96&d=mm&r=g\",\"caption\":\"Sa\u00fal Hern\u00e1ndez\"},\"url\":\"https:\/\/thepueblatimes.mx\/index.php\/author\/saulhernandez\/\"}]}<\/script>\n<!-- \/ Yoast SEO plugin. -->","yoast_head_json":{"title":"DIF Estatal tendr\u00e1 su propio Programa de Obra Comunitaria: compromiso firme con las familias poblanas - The Puebla Times","robots":{"index":"index","follow":"follow","max-snippet":"max-snippet:-1","max-image-preview":"max-image-preview:large","max-video-preview":"max-video-preview:-1"},"canonical":"https:\/\/thepueblatimes.mx\/index.php\/2025\/06\/05\/dif-estatal-tendra-su-propio-programa-de-obra-comunitaria-compromiso-firme-con-las-familias-poblanas\/","og_locale":"es_ES","og_type":"article","og_title":"DIF Estatal tendr\u00e1 su propio Programa de Obra Comunitaria: compromiso firme con las familias poblanas - The Puebla Times","og_description":"En el marco del Encuentro Estatal de Presidentas y Presidentes de los Sistemas Municipales DIF, el gobernador de Puebla, Alejandro Armenta, anunci\u00f3 una iniciativa sin precedentes que fortalecer\u00e1 el trabajo social en los municipios: a partir del pr\u00f3ximo a\u00f1o, el Sistema Estatal DIF contar\u00e1 con su propio Programa de Obra Comunitaria. Durante el evento, al...","og_url":"https:\/\/thepueblatimes.mx\/index.php\/2025\/06\/05\/dif-estatal-tendra-su-propio-programa-de-obra-comunitaria-compromiso-firme-con-las-familias-poblanas\/","og_site_name":"The Puebla Times","article_published_time":"2025-06-05T14:12:28+00:00","og_image":[{"width":2048,"height":1443,"url":"https:\/\/thepueblatimes.mx\/wp-content\/uploads\/2025\/06\/493944225_1047310074246094_3295157148170237396_n.jpg","type":"image\/jpeg"}],"author":"Sa\u00fal Hern\u00e1ndez","twitter_card":"summary_large_image","twitter_misc":{"Escrito por":"Sa\u00fal Hern\u00e1ndez","Tiempo de lectura":"2 minutos"},"schema":{"@context":"https:\/\/schema.org","@graph":[{"@type":"WebPage","@id":"https:\/\/thepueblatimes.mx\/index.php\/2025\/06\/05\/dif-estatal-tendra-su-propio-programa-de-obra-comunitaria-compromiso-firme-con-las-familias-poblanas\/","url":"https:\/\/thepueblatimes.mx\/index.php\/2025\/06\/05\/dif-estatal-tendra-su-propio-programa-de-obra-comunitaria-compromiso-firme-con-las-familias-poblanas\/","name":"DIF Estatal tendr\u00e1 su propio Programa de Obra Comunitaria: compromiso firme con las familias poblanas - The Puebla Times","isPartOf":{"@id":"https:\/\/thepueblatimes.mx\/#website"},"datePublished":"2025-06-05T14:12:28+00:00","dateModified":"2025-06-05T14:12:28+00:00","author":{"@id":"https:\/\/thepueblatimes.mx\/#\/schema\/person\/1664894c2f65ce2c7a08d8f5f905c13c"},"breadcrumb":{"@id":"https:\/\/thepueblatimes.mx\/index.php\/2025\/06\/05\/dif-estatal-tendra-su-propio-programa-de-obra-comunitaria-compromiso-firme-con-las-familias-poblanas\/#breadcrumb"},"inLanguage":"es","potentialAction":[{"@type":"ReadAction","target":["https:\/\/thepueblatimes.mx\/index.php\/2025\/06\/05\/dif-estatal-tendra-su-propio-programa-de-obra-comunitaria-compromiso-firme-con-las-familias-poblanas\/"]}]},{"@type":"BreadcrumbList","@id":"https:\/\/thepueblatimes.mx\/index.php\/2025\/06\/05\/dif-estatal-tendra-su-propio-programa-de-obra-comunitaria-compromiso-firme-con-las-familias-poblanas\/#breadcrumb","itemListElement":[{"@type":"ListItem","position":1,"name":"Portada","item":"https:\/\/thepueblatimes.mx\/"},{"@type":"ListItem","position":2,"name":"DIF Estatal tendr\u00e1 su propio Programa de Obra Comunitaria: compromiso firme con las familias poblanas"}]},{"@type":"WebSite","@id":"https:\/\/thepueblatimes.mx\/#website","url":"https:\/\/thepueblatimes.mx\/","name":"The Puebla Times","description":"Noticias del Estado de Puebla","potentialAction":[{"@type":"SearchAction","target":{"@type":"EntryPoint","urlTemplate":"https:\/\/thepueblatimes.mx\/?s={search_term_string}"},"query-input":"required name=search_term_string"}],"inLanguage":"es"},{"@type":"Person","@id":"https:\/\/thepueblatimes.mx\/#\/schema\/person\/1664894c2f65ce2c7a08d8f5f905c13c","name":"Sa\u00fal Hern\u00e1ndez","image":{"@type":"ImageObject","inLanguage":"es","@id":"https:\/\/thepueblatimes.mx\/#\/schema\/person\/image\/","url":"https:\/\/secure.gravatar.com\/avatar\/11be338693f243309532caad8f10c930?s=96&d=mm&r=g","contentUrl":"https:\/\/secure.gravatar.com\/avatar\/11be338693f243309532caad8f10c930?s=96&d=mm&r=g","caption":"Sa\u00fal Hern\u00e1ndez"},"url":"https:\/\/thepueblatimes.mx\/index.php\/author\/saulhernandez\/"}]}},"jetpack_featured_media_url":"https:\/\/thepueblatimes.mx\/wp-content\/uploads\/2025\/06\/493944225_1047310074246094_3295157148170237396_n.jpg","_links":{"self":[{"href":"https:\/\/thepueblatimes.mx\/index.php\/wp-json\/wp\/v2\/posts\/30738"}],"collection":[{"href":"https:\/\/thepueblatimes.mx\/index.php\/wp-json\/wp\/v2\/posts"}],"about":[{"href":"https:\/\/thepueblatimes.mx\/index.php\/wp-json\/wp\/v2\/types\/post"}],"author":[{"embeddable":true,"href":"https:\/\/thepueblatimes.mx\/index.php\/wp-json\/wp\/v2\/users\/16"}],"replies":[{"embeddable":true,"href":"https:\/\/thepueblatimes.mx\/index.php\/wp-json\/wp\/v2\/comments?post=30738"}],"version-history":[{"count":1,"href":"https:\/\/thepueblatimes.mx\/index.php\/wp-json\/wp\/v2\/posts\/30738\/revisions"}],"predecessor-version":[{"id":30740,"href":"https:\/\/thepueblatimes.mx\/index.php\/wp-json\/wp\/v2\/posts\/30738\/revisions\/30740"}],"wp:featuredmedia":[{"embeddable":true,"href":"https:\/\/thepueblatimes.mx\/index.php\/wp-json\/wp\/v2\/media\/30739"}],"wp:attachment":[{"href":"https:\/\/thepueblatimes.mx\/index.php\/wp-json\/wp\/v2\/media?parent=30738"}],"wp:term":[{"taxonomy":"category","embeddable":true,"href":"https:\/\/thepueblatimes.mx\/index.php\/wp-json\/wp\/v2\/categories?post=30738"},{"taxonomy":"post_tag","embeddable":true,"href":"https:\/\/thepueblatimes.mx\/index.php\/wp-json\/wp\/v2\/tags?post=30738"}],"curies":[{"name":"wp","href":"https:\/\/api.w.org\/{rel}","templated":true}]}}