{"id":30735,"date":"2025-06-05T07:59:37","date_gmt":"2025-06-05T13:59:37","guid":{"rendered":"https:\/\/thepueblatimes.mx\/?p=30735"},"modified":"2025-06-05T07:59:37","modified_gmt":"2025-06-05T13:59:37","slug":"avalan-en-el-congreso-mejoras-para-la-autopista-puebla-atlixco","status":"publish","type":"post","link":"https:\/\/thepueblatimes.mx\/index.php\/2025\/06\/05\/avalan-en-el-congreso-mejoras-para-la-autopista-puebla-atlixco\/","title":{"rendered":"Avalan en el Congreso mejoras para la autopista Puebla-Atlixco"},"content":{"rendered":"<p data-start=\"297\" data-end=\"723\">En un esfuerzo por garantizar una v\u00eda m\u00e1s segura y funcional para quienes transitan entre Puebla y Atlixco, la Comisi\u00f3n de Comunicaciones e Infraestructura del Congreso del Estado aprob\u00f3 un exhorto dirigido a Carreteras de Cuota Puebla, con el objetivo de dar continuidad a las labores de mantenimiento en esta importante autopista, particularmente en el tramo que conecta la Junta Auxiliar de Santa Ana Acozautla con Atlixco.<\/p>\n<p data-start=\"725\" data-end=\"1142\">La propuesta fue impulsada por la diputada Modesta Delgado Ju\u00e1rez, quien subray\u00f3 la necesidad de mejorar las condiciones de la carretera no solo para agilizar el tr\u00e1nsito, sino tambi\u00e9n para prevenir accidentes. Como parte de esta iniciativa, se contempla adem\u00e1s la instalaci\u00f3n de sanitarios en la caseta de cobro, con el fin de ofrecer servicios b\u00e1sicos adecuados a los usuarios y reducir posibles riesgos sanitarios.<\/p>\n<p data-start=\"1144\" data-end=\"1494\">Durante la sesi\u00f3n, la presidenta de la comisi\u00f3n, Norma Estela Pimentel M\u00e9ndez, llam\u00f3 a las autoridades municipales a sumarse a los esfuerzos de conservaci\u00f3n de infraestructura, destacando que el mantenimiento constante de las v\u00edas es clave para mejorar la calidad de vida de la poblaci\u00f3n y fortalecer el v\u00ednculo entre la obra p\u00fablica y la ciudadan\u00eda.<\/p>\n<p data-start=\"1496\" data-end=\"1816\">En el mismo encuentro, representantes de la Secretar\u00eda de Infraestructura del Gobierno del Estado dieron a conocer los avances del programa de M\u00f3dulos de Maquinaria, una estrategia operativa que desde 14 puntos del estado permite atender de manera eficiente la rehabilitaci\u00f3n de caminos y la ejecuci\u00f3n de obras p\u00fablicas.<\/p>\n<p data-start=\"1818\" data-end=\"2156\">Los legisladores Fedhra Isabel Suriano Corrales, \u00d3scar Mauricio C\u00e9spedes Peregrina, Jaime Alejandro Aurioles Barroeta y Roberto Zatar\u00e1in Leal participaron activamente con preguntas sobre el funcionamiento de estos m\u00f3dulos, el acompa\u00f1amiento t\u00e9cnico a los municipios y los mecanismos para garantizar la calidad de los proyectos ejecutados.<\/p>\n<p data-start=\"2158\" data-end=\"2431\">La sesi\u00f3n cont\u00f3 con la presencia de las y los diputados que integran la comisi\u00f3n, entre ellos Norma Estela Pimentel M\u00e9ndez, Fedhra Isabel Suriano Corrales, \u00d3scar Mauricio C\u00e9spedes Peregrina, Roberto Zatar\u00e1in Leal, Jaime Alejandro Aurioles Barroeta y Marcos Castro Mart\u00ednez.<\/p>\n","protected":false},"excerpt":{"rendered":"<p>En un esfuerzo por garantizar una v\u00eda m\u00e1s segura y funcional para quienes transitan entre Puebla y Atlixco, la Comisi\u00f3n de Comunicaciones e Infraestructura del Congreso del Estado aprob\u00f3 un exhorto dirigido a Carreteras de Cuota Puebla, con el objetivo de dar continuidad a las labores de mantenimiento en esta importante autopista, particularmente en el&#8230;<\/p>\n","protected":false},"author":16,"featured_media":30736,"comment_status":"closed","ping_status":"closed","sticky":false,"template":"","format":"standard","meta":[],"categories":[3],"tags":[3800,2694,49],"yoast_head":"<!-- This site is optimized with the Yoast SEO plugin v20.8 - https:\/\/yoast.com\/wordpress\/plugins\/seo\/ -->\n<title>Avalan en el Congreso mejoras para la autopista Puebla-Atlixco - The Puebla Times<\/title>\n<meta name=\"robots\" content=\"index, follow, max-snippet:-1, max-image-preview:large, max-video-preview:-1\" \/>\n<link rel=\"canonical\" href=\"https:\/\/thepueblatimes.mx\/index.php\/2025\/06\/05\/avalan-en-el-congreso-mejoras-para-la-autopista-puebla-atlixco\/\" \/>\n<meta property=\"og:locale\" content=\"es_ES\" \/>\n<meta property=\"og:type\" content=\"article\" \/>\n<meta property=\"og:title\" content=\"Avalan en el Congreso mejoras para la autopista Puebla-Atlixco - The Puebla Times\" \/>\n<meta property=\"og:description\" content=\"En un esfuerzo por garantizar una v\u00eda m\u00e1s segura y funcional para quienes transitan entre Puebla y Atlixco, la Comisi\u00f3n de Comunicaciones e Infraestructura del Congreso del Estado aprob\u00f3 un exhorto dirigido a Carreteras de Cuota Puebla, con el objetivo de dar continuidad a las labores de mantenimiento en esta importante autopista, particularmente en el...\" \/>\n<meta property=\"og:url\" content=\"https:\/\/thepueblatimes.mx\/index.php\/2025\/06\/05\/avalan-en-el-congreso-mejoras-para-la-autopista-puebla-atlixco\/\" \/>\n<meta property=\"og:site_name\" content=\"The Puebla Times\" \/>\n<meta property=\"article:published_time\" content=\"2025-06-05T13:59:37+00:00\" \/>\n<meta property=\"og:image\" content=\"https:\/\/thepueblatimes.mx\/wp-content\/uploads\/2025\/06\/489284654_1073373751492638_5074506395651935317_n.jpg\" \/>\n\t<meta property=\"og:image:width\" content=\"1600\" \/>\n\t<meta property=\"og:image:height\" content=\"1066\" \/>\n\t<meta property=\"og:image:type\" content=\"image\/jpeg\" \/>\n<meta name=\"author\" content=\"Sa\u00fal Hern\u00e1ndez\" \/>\n<meta name=\"twitter:card\" content=\"summary_large_image\" \/>\n<meta name=\"twitter:label1\" content=\"Escrito por\" \/>\n\t<meta name=\"twitter:data1\" content=\"Sa\u00fal Hern\u00e1ndez\" \/>\n\t<meta name=\"twitter:label2\" content=\"Tiempo de lectura\" \/>\n\t<meta name=\"twitter:data2\" content=\"2 minutos\" \/>\n<script type=\"application\/ld+json\" class=\"yoast-schema-graph\">{\"@context\":\"https:\/\/schema.org\",\"@graph\":[{\"@type\":\"WebPage\",\"@id\":\"https:\/\/thepueblatimes.mx\/index.php\/2025\/06\/05\/avalan-en-el-congreso-mejoras-para-la-autopista-puebla-atlixco\/\",\"url\":\"https:\/\/thepueblatimes.mx\/index.php\/2025\/06\/05\/avalan-en-el-congreso-mejoras-para-la-autopista-puebla-atlixco\/\",\"name\":\"Avalan en el Congreso mejoras para la autopista Puebla-Atlixco - The Puebla Times\",\"isPartOf\":{\"@id\":\"https:\/\/thepueblatimes.mx\/#website\"},\"datePublished\":\"2025-06-05T13:59:37+00:00\",\"dateModified\":\"2025-06-05T13:59:37+00:00\",\"author\":{\"@id\":\"https:\/\/thepueblatimes.mx\/#\/schema\/person\/1664894c2f65ce2c7a08d8f5f905c13c\"},\"breadcrumb\":{\"@id\":\"https:\/\/thepueblatimes.mx\/index.php\/2025\/06\/05\/avalan-en-el-congreso-mejoras-para-la-autopista-puebla-atlixco\/#breadcrumb\"},\"inLanguage\":\"es\",\"potentialAction\":[{\"@type\":\"ReadAction\",\"target\":[\"https:\/\/thepueblatimes.mx\/index.php\/2025\/06\/05\/avalan-en-el-congreso-mejoras-para-la-autopista-puebla-atlixco\/\"]}]},{\"@type\":\"BreadcrumbList\",\"@id\":\"https:\/\/thepueblatimes.mx\/index.php\/2025\/06\/05\/avalan-en-el-congreso-mejoras-para-la-autopista-puebla-atlixco\/#breadcrumb\",\"itemListElement\":[{\"@type\":\"ListItem\",\"position\":1,\"name\":\"Portada\",\"item\":\"https:\/\/thepueblatimes.mx\/\"},{\"@type\":\"ListItem\",\"position\":2,\"name\":\"Avalan en el Congreso mejoras para la autopista Puebla-Atlixco\"}]},{\"@type\":\"WebSite\",\"@id\":\"https:\/\/thepueblatimes.mx\/#website\",\"url\":\"https:\/\/thepueblatimes.mx\/\",\"name\":\"The Puebla Times\",\"description\":\"Noticias del Estado de Puebla\",\"potentialAction\":[{\"@type\":\"SearchAction\",\"target\":{\"@type\":\"EntryPoint\",\"urlTemplate\":\"https:\/\/thepueblatimes.mx\/?s={search_term_string}\"},\"query-input\":\"required name=search_term_string\"}],\"inLanguage\":\"es\"},{\"@type\":\"Person\",\"@id\":\"https:\/\/thepueblatimes.mx\/#\/schema\/person\/1664894c2f65ce2c7a08d8f5f905c13c\",\"name\":\"Sa\u00fal Hern\u00e1ndez\",\"image\":{\"@type\":\"ImageObject\",\"inLanguage\":\"es\",\"@id\":\"https:\/\/thepueblatimes.mx\/#\/schema\/person\/image\/\",\"url\":\"https:\/\/secure.gravatar.com\/avatar\/11be338693f243309532caad8f10c930?s=96&d=mm&r=g\",\"contentUrl\":\"https:\/\/secure.gravatar.com\/avatar\/11be338693f243309532caad8f10c930?s=96&d=mm&r=g\",\"caption\":\"Sa\u00fal Hern\u00e1ndez\"},\"url\":\"https:\/\/thepueblatimes.mx\/index.php\/author\/saulhernandez\/\"}]}<\/script>\n<!-- \/ Yoast SEO plugin. -->","yoast_head_json":{"title":"Avalan en el Congreso mejoras para la autopista Puebla-Atlixco - The Puebla Times","robots":{"index":"index","follow":"follow","max-snippet":"max-snippet:-1","max-image-preview":"max-image-preview:large","max-video-preview":"max-video-preview:-1"},"canonical":"https:\/\/thepueblatimes.mx\/index.php\/2025\/06\/05\/avalan-en-el-congreso-mejoras-para-la-autopista-puebla-atlixco\/","og_locale":"es_ES","og_type":"article","og_title":"Avalan en el Congreso mejoras para la autopista Puebla-Atlixco - The Puebla Times","og_description":"En un esfuerzo por garantizar una v\u00eda m\u00e1s segura y funcional para quienes transitan entre Puebla y Atlixco, la Comisi\u00f3n de Comunicaciones e Infraestructura del Congreso del Estado aprob\u00f3 un exhorto dirigido a Carreteras de Cuota Puebla, con el objetivo de dar continuidad a las labores de mantenimiento en esta importante autopista, particularmente en el...","og_url":"https:\/\/thepueblatimes.mx\/index.php\/2025\/06\/05\/avalan-en-el-congreso-mejoras-para-la-autopista-puebla-atlixco\/","og_site_name":"The Puebla Times","article_published_time":"2025-06-05T13:59:37+00:00","og_image":[{"width":1600,"height":1066,"url":"https:\/\/thepueblatimes.mx\/wp-content\/uploads\/2025\/06\/489284654_1073373751492638_5074506395651935317_n.jpg","type":"image\/jpeg"}],"author":"Sa\u00fal Hern\u00e1ndez","twitter_card":"summary_large_image","twitter_misc":{"Escrito por":"Sa\u00fal Hern\u00e1ndez","Tiempo de lectura":"2 minutos"},"schema":{"@context":"https:\/\/schema.org","@graph":[{"@type":"WebPage","@id":"https:\/\/thepueblatimes.mx\/index.php\/2025\/06\/05\/avalan-en-el-congreso-mejoras-para-la-autopista-puebla-atlixco\/","url":"https:\/\/thepueblatimes.mx\/index.php\/2025\/06\/05\/avalan-en-el-congreso-mejoras-para-la-autopista-puebla-atlixco\/","name":"Avalan en el Congreso mejoras para la autopista Puebla-Atlixco - The Puebla Times","isPartOf":{"@id":"https:\/\/thepueblatimes.mx\/#website"},"datePublished":"2025-06-05T13:59:37+00:00","dateModified":"2025-06-05T13:59:37+00:00","author":{"@id":"https:\/\/thepueblatimes.mx\/#\/schema\/person\/1664894c2f65ce2c7a08d8f5f905c13c"},"breadcrumb":{"@id":"https:\/\/thepueblatimes.mx\/index.php\/2025\/06\/05\/avalan-en-el-congreso-mejoras-para-la-autopista-puebla-atlixco\/#breadcrumb"},"inLanguage":"es","potentialAction":[{"@type":"ReadAction","target":["https:\/\/thepueblatimes.mx\/index.php\/2025\/06\/05\/avalan-en-el-congreso-mejoras-para-la-autopista-puebla-atlixco\/"]}]},{"@type":"BreadcrumbList","@id":"https:\/\/thepueblatimes.mx\/index.php\/2025\/06\/05\/avalan-en-el-congreso-mejoras-para-la-autopista-puebla-atlixco\/#breadcrumb","itemListElement":[{"@type":"ListItem","position":1,"name":"Portada","item":"https:\/\/thepueblatimes.mx\/"},{"@type":"ListItem","position":2,"name":"Avalan en el Congreso mejoras para la autopista Puebla-Atlixco"}]},{"@type":"WebSite","@id":"https:\/\/thepueblatimes.mx\/#website","url":"https:\/\/thepueblatimes.mx\/","name":"The Puebla Times","description":"Noticias del Estado de Puebla","potentialAction":[{"@type":"SearchAction","target":{"@type":"EntryPoint","urlTemplate":"https:\/\/thepueblatimes.mx\/?s={search_term_string}"},"query-input":"required name=search_term_string"}],"inLanguage":"es"},{"@type":"Person","@id":"https:\/\/thepueblatimes.mx\/#\/schema\/person\/1664894c2f65ce2c7a08d8f5f905c13c","name":"Sa\u00fal Hern\u00e1ndez","image":{"@type":"ImageObject","inLanguage":"es","@id":"https:\/\/thepueblatimes.mx\/#\/schema\/person\/image\/","url":"https:\/\/secure.gravatar.com\/avatar\/11be338693f243309532caad8f10c930?s=96&d=mm&r=g","contentUrl":"https:\/\/secure.gravatar.com\/avatar\/11be338693f243309532caad8f10c930?s=96&d=mm&r=g","caption":"Sa\u00fal Hern\u00e1ndez"},"url":"https:\/\/thepueblatimes.mx\/index.php\/author\/saulhernandez\/"}]}},"jetpack_featured_media_url":"https:\/\/thepueblatimes.mx\/wp-content\/uploads\/2025\/06\/489284654_1073373751492638_5074506395651935317_n.jpg","_links":{"self":[{"href":"https:\/\/thepueblatimes.mx\/index.php\/wp-json\/wp\/v2\/posts\/30735"}],"collection":[{"href":"https:\/\/thepueblatimes.mx\/index.php\/wp-json\/wp\/v2\/posts"}],"about":[{"href":"https:\/\/thepueblatimes.mx\/index.php\/wp-json\/wp\/v2\/types\/post"}],"author":[{"embeddable":true,"href":"https:\/\/thepueblatimes.mx\/index.php\/wp-json\/wp\/v2\/users\/16"}],"replies":[{"embeddable":true,"href":"https:\/\/thepueblatimes.mx\/index.php\/wp-json\/wp\/v2\/comments?post=30735"}],"version-history":[{"count":1,"href":"https:\/\/thepueblatimes.mx\/index.php\/wp-json\/wp\/v2\/posts\/30735\/revisions"}],"predecessor-version":[{"id":30737,"href":"https:\/\/thepueblatimes.mx\/index.php\/wp-json\/wp\/v2\/posts\/30735\/revisions\/30737"}],"wp:featuredmedia":[{"embeddable":true,"href":"https:\/\/thepueblatimes.mx\/index.php\/wp-json\/wp\/v2\/media\/30736"}],"wp:attachment":[{"href":"https:\/\/thepueblatimes.mx\/index.php\/wp-json\/wp\/v2\/media?parent=30735"}],"wp:term":[{"taxonomy":"category","embeddable":true,"href":"https:\/\/thepueblatimes.mx\/index.php\/wp-json\/wp\/v2\/categories?post=30735"},{"taxonomy":"post_tag","embeddable":true,"href":"https:\/\/thepueblatimes.mx\/index.php\/wp-json\/wp\/v2\/tags?post=30735"}],"curies":[{"name":"wp","href":"https:\/\/api.w.org\/{rel}","templated":true}]}}