{"id":30732,"date":"2025-06-04T16:32:51","date_gmt":"2025-06-04T22:32:51","guid":{"rendered":"https:\/\/thepueblatimes.mx\/?p=30732"},"modified":"2025-06-04T16:32:51","modified_gmt":"2025-06-04T22:32:51","slug":"celebra-gobierno-de-la-ciudad-conectate-emprendedor-para-fortalecer-a-emprendedores-y-microempresarios","status":"publish","type":"post","link":"https:\/\/thepueblatimes.mx\/index.php\/2025\/06\/04\/celebra-gobierno-de-la-ciudad-conectate-emprendedor-para-fortalecer-a-emprendedores-y-microempresarios\/","title":{"rendered":"Celebra Gobierno de la Ciudad Con\u00e9ctate Emprendedor para fortalecer a emprendedores y microempresarios"},"content":{"rendered":"<h3><em>&#8211; Se realiz\u00f3 la presentaci\u00f3n de la primera edici\u00f3n de una serie planeada para este sector, como parte de una estrategia de apoyo directo<\/em><\/h3>\n<p>Puebla, Pue., &#8211; Como parte de la estrategia para fortalecer a los microempresarios y emprendedores de la capital, el Gobierno de la Ciudad encabezado por el alcalde Pepe Chedraui, a trav\u00e9s de la Secretar\u00eda de Econom\u00eda y Turismo, a cargo de Jaime Oropeza Casas, present\u00f3 Con\u00e9ctate Emprendedor, una sesi\u00f3n interactiva con Adri\u00e1n Ladr\u00f3n de Guevara, CEO de HDM Design &amp; Learning, una empresa multifac\u00e9tica de comunicaci\u00f3n y cultura organizacional.<\/p>\n<p>Se dio la bienvenida a m\u00e1s de 50 creadores de nuevos productos y servicios. El secretario reconoci\u00f3 su tenacidad y empe\u00f1o por iniciar sus proyectos, enfrentar los desaf\u00edos y dificultades que implican los emprendimientos, pero tambi\u00e9n por haber encontrado soluciones y alternativas para superarlas.<\/p>\n<p>Con la asistencia de empresarios consolidados de sectores como el restaurantero y de servicios, se les extendi\u00f3 la invitaci\u00f3n a aprovechar la primera de varias sesiones mensuales planeadas a lo largo de la actual administraci\u00f3n, con diferentes tem\u00e1ticas, para intercambiar ideas y experiencias, incluso aquellas que no les hayan resultado positivas, pero que representaron lecciones para su proyecto profesional o su crecimiento personal.<\/p>\n<p>\u201cEmprender no es f\u00e1cil, emprender es duro, es cansado, tiene muchos retos y m\u00e1s en un pa\u00eds como M\u00e9xico, y siempre, la mano o el hombro de alguien nos cae cuando estamos emprendiendo, eso es lo que queremos desde el Gobierno de la Ciudad\u201d, explic\u00f3.<\/p>\n<p>Posteriormente, se realiz\u00f3 una charla en la Plataforma COMIC a cargo de Adri\u00e1n Ladr\u00f3n de Guevara, en la que comparti\u00f3 sus primeras experiencias dentro de la mercadotecnia, de la importancia de la apertura y sensibilidad como personas y profesionales a las percepciones de sus entornos, para adaptarse a ellos hasta lograr los prop\u00f3sitos deseados.<\/p>\n<p>Asimismo, reconoci\u00f3 a las y los asistentes por su audacia al atreverse a practicar lo que piensan o planean, a buscar aliados para lograr sus objetivos y a poner pasi\u00f3n a todos sus proyectos, pero sin perder su personalidad ante riesgos como el uso excesivo de la tecnolog\u00eda o las tendencias temporales de las redes sociales.<\/p>\n<p>Con estas acciones, el Gobierno de la Ciudad reafirma su compromiso con el con el impulso y apoyo a los emprendedores, generando espacios de intercambio y colaboraci\u00f3n entre las y los poblanos.<\/p>\n","protected":false},"excerpt":{"rendered":"<p>&#8211; Se realiz\u00f3 la presentaci\u00f3n de la primera edici\u00f3n de una serie planeada para este sector, como parte de una estrategia de apoyo directo Puebla, Pue., &#8211; Como parte de la estrategia para fortalecer a los microempresarios y emprendedores de la capital, el Gobierno de la Ciudad encabezado por el alcalde Pepe Chedraui, a trav\u00e9s&#8230;<\/p>\n","protected":false},"author":16,"featured_media":30733,"comment_status":"closed","ping_status":"closed","sticky":false,"template":"","format":"standard","meta":[],"categories":[20],"tags":[1287,3074],"yoast_head":"<!-- This site is optimized with the Yoast SEO plugin v20.8 - https:\/\/yoast.com\/wordpress\/plugins\/seo\/ -->\n<title>Celebra Gobierno de la Ciudad Con\u00e9ctate Emprendedor para fortalecer a emprendedores y microempresarios - The Puebla Times<\/title>\n<meta name=\"robots\" content=\"index, follow, max-snippet:-1, max-image-preview:large, max-video-preview:-1\" \/>\n<link rel=\"canonical\" href=\"https:\/\/thepueblatimes.mx\/index.php\/2025\/06\/04\/celebra-gobierno-de-la-ciudad-conectate-emprendedor-para-fortalecer-a-emprendedores-y-microempresarios\/\" \/>\n<meta property=\"og:locale\" content=\"es_ES\" \/>\n<meta property=\"og:type\" content=\"article\" \/>\n<meta property=\"og:title\" content=\"Celebra Gobierno de la Ciudad Con\u00e9ctate Emprendedor para fortalecer a emprendedores y microempresarios - The Puebla Times\" \/>\n<meta property=\"og:description\" content=\"&#8211; Se realiz\u00f3 la presentaci\u00f3n de la primera edici\u00f3n de una serie planeada para este sector, como parte de una estrategia de apoyo directo Puebla, Pue., &#8211; Como parte de la estrategia para fortalecer a los microempresarios y emprendedores de la capital, el Gobierno de la Ciudad encabezado por el alcalde Pepe Chedraui, a trav\u00e9s...\" \/>\n<meta property=\"og:url\" content=\"https:\/\/thepueblatimes.mx\/index.php\/2025\/06\/04\/celebra-gobierno-de-la-ciudad-conectate-emprendedor-para-fortalecer-a-emprendedores-y-microempresarios\/\" \/>\n<meta property=\"og:site_name\" content=\"The Puebla Times\" \/>\n<meta property=\"article:published_time\" content=\"2025-06-04T22:32:51+00:00\" \/>\n<meta property=\"og:image\" content=\"https:\/\/thepueblatimes.mx\/wp-content\/uploads\/2025\/06\/bf0ea6f6-1731-486d-b7b8-f1d69b0df75a.jpg\" \/>\n\t<meta property=\"og:image:width\" content=\"1080\" \/>\n\t<meta property=\"og:image:height\" content=\"720\" \/>\n\t<meta property=\"og:image:type\" content=\"image\/jpeg\" \/>\n<meta name=\"author\" content=\"Sa\u00fal Hern\u00e1ndez\" \/>\n<meta name=\"twitter:card\" content=\"summary_large_image\" \/>\n<meta name=\"twitter:label1\" content=\"Escrito por\" \/>\n\t<meta name=\"twitter:data1\" content=\"Sa\u00fal Hern\u00e1ndez\" \/>\n\t<meta name=\"twitter:label2\" content=\"Tiempo de lectura\" \/>\n\t<meta name=\"twitter:data2\" content=\"2 minutos\" \/>\n<script type=\"application\/ld+json\" class=\"yoast-schema-graph\">{\"@context\":\"https:\/\/schema.org\",\"@graph\":[{\"@type\":\"WebPage\",\"@id\":\"https:\/\/thepueblatimes.mx\/index.php\/2025\/06\/04\/celebra-gobierno-de-la-ciudad-conectate-emprendedor-para-fortalecer-a-emprendedores-y-microempresarios\/\",\"url\":\"https:\/\/thepueblatimes.mx\/index.php\/2025\/06\/04\/celebra-gobierno-de-la-ciudad-conectate-emprendedor-para-fortalecer-a-emprendedores-y-microempresarios\/\",\"name\":\"Celebra Gobierno de la Ciudad Con\u00e9ctate Emprendedor para fortalecer a emprendedores y microempresarios - The Puebla Times\",\"isPartOf\":{\"@id\":\"https:\/\/thepueblatimes.mx\/#website\"},\"datePublished\":\"2025-06-04T22:32:51+00:00\",\"dateModified\":\"2025-06-04T22:32:51+00:00\",\"author\":{\"@id\":\"https:\/\/thepueblatimes.mx\/#\/schema\/person\/1664894c2f65ce2c7a08d8f5f905c13c\"},\"breadcrumb\":{\"@id\":\"https:\/\/thepueblatimes.mx\/index.php\/2025\/06\/04\/celebra-gobierno-de-la-ciudad-conectate-emprendedor-para-fortalecer-a-emprendedores-y-microempresarios\/#breadcrumb\"},\"inLanguage\":\"es\",\"potentialAction\":[{\"@type\":\"ReadAction\",\"target\":[\"https:\/\/thepueblatimes.mx\/index.php\/2025\/06\/04\/celebra-gobierno-de-la-ciudad-conectate-emprendedor-para-fortalecer-a-emprendedores-y-microempresarios\/\"]}]},{\"@type\":\"BreadcrumbList\",\"@id\":\"https:\/\/thepueblatimes.mx\/index.php\/2025\/06\/04\/celebra-gobierno-de-la-ciudad-conectate-emprendedor-para-fortalecer-a-emprendedores-y-microempresarios\/#breadcrumb\",\"itemListElement\":[{\"@type\":\"ListItem\",\"position\":1,\"name\":\"Portada\",\"item\":\"https:\/\/thepueblatimes.mx\/\"},{\"@type\":\"ListItem\",\"position\":2,\"name\":\"Celebra Gobierno de la Ciudad Con\u00e9ctate Emprendedor para fortalecer a emprendedores y microempresarios\"}]},{\"@type\":\"WebSite\",\"@id\":\"https:\/\/thepueblatimes.mx\/#website\",\"url\":\"https:\/\/thepueblatimes.mx\/\",\"name\":\"The Puebla Times\",\"description\":\"Noticias del Estado de Puebla\",\"potentialAction\":[{\"@type\":\"SearchAction\",\"target\":{\"@type\":\"EntryPoint\",\"urlTemplate\":\"https:\/\/thepueblatimes.mx\/?s={search_term_string}\"},\"query-input\":\"required name=search_term_string\"}],\"inLanguage\":\"es\"},{\"@type\":\"Person\",\"@id\":\"https:\/\/thepueblatimes.mx\/#\/schema\/person\/1664894c2f65ce2c7a08d8f5f905c13c\",\"name\":\"Sa\u00fal Hern\u00e1ndez\",\"image\":{\"@type\":\"ImageObject\",\"inLanguage\":\"es\",\"@id\":\"https:\/\/thepueblatimes.mx\/#\/schema\/person\/image\/\",\"url\":\"https:\/\/secure.gravatar.com\/avatar\/11be338693f243309532caad8f10c930?s=96&d=mm&r=g\",\"contentUrl\":\"https:\/\/secure.gravatar.com\/avatar\/11be338693f243309532caad8f10c930?s=96&d=mm&r=g\",\"caption\":\"Sa\u00fal Hern\u00e1ndez\"},\"url\":\"https:\/\/thepueblatimes.mx\/index.php\/author\/saulhernandez\/\"}]}<\/script>\n<!-- \/ Yoast SEO plugin. -->","yoast_head_json":{"title":"Celebra Gobierno de la Ciudad Con\u00e9ctate Emprendedor para fortalecer a emprendedores y microempresarios - The Puebla Times","robots":{"index":"index","follow":"follow","max-snippet":"max-snippet:-1","max-image-preview":"max-image-preview:large","max-video-preview":"max-video-preview:-1"},"canonical":"https:\/\/thepueblatimes.mx\/index.php\/2025\/06\/04\/celebra-gobierno-de-la-ciudad-conectate-emprendedor-para-fortalecer-a-emprendedores-y-microempresarios\/","og_locale":"es_ES","og_type":"article","og_title":"Celebra Gobierno de la Ciudad Con\u00e9ctate Emprendedor para fortalecer a emprendedores y microempresarios - The Puebla Times","og_description":"&#8211; Se realiz\u00f3 la presentaci\u00f3n de la primera edici\u00f3n de una serie planeada para este sector, como parte de una estrategia de apoyo directo Puebla, Pue., &#8211; Como parte de la estrategia para fortalecer a los microempresarios y emprendedores de la capital, el Gobierno de la Ciudad encabezado por el alcalde Pepe Chedraui, a trav\u00e9s...","og_url":"https:\/\/thepueblatimes.mx\/index.php\/2025\/06\/04\/celebra-gobierno-de-la-ciudad-conectate-emprendedor-para-fortalecer-a-emprendedores-y-microempresarios\/","og_site_name":"The Puebla Times","article_published_time":"2025-06-04T22:32:51+00:00","og_image":[{"width":1080,"height":720,"url":"https:\/\/thepueblatimes.mx\/wp-content\/uploads\/2025\/06\/bf0ea6f6-1731-486d-b7b8-f1d69b0df75a.jpg","type":"image\/jpeg"}],"author":"Sa\u00fal Hern\u00e1ndez","twitter_card":"summary_large_image","twitter_misc":{"Escrito por":"Sa\u00fal Hern\u00e1ndez","Tiempo de lectura":"2 minutos"},"schema":{"@context":"https:\/\/schema.org","@graph":[{"@type":"WebPage","@id":"https:\/\/thepueblatimes.mx\/index.php\/2025\/06\/04\/celebra-gobierno-de-la-ciudad-conectate-emprendedor-para-fortalecer-a-emprendedores-y-microempresarios\/","url":"https:\/\/thepueblatimes.mx\/index.php\/2025\/06\/04\/celebra-gobierno-de-la-ciudad-conectate-emprendedor-para-fortalecer-a-emprendedores-y-microempresarios\/","name":"Celebra Gobierno de la Ciudad Con\u00e9ctate Emprendedor para fortalecer a emprendedores y microempresarios - The Puebla Times","isPartOf":{"@id":"https:\/\/thepueblatimes.mx\/#website"},"datePublished":"2025-06-04T22:32:51+00:00","dateModified":"2025-06-04T22:32:51+00:00","author":{"@id":"https:\/\/thepueblatimes.mx\/#\/schema\/person\/1664894c2f65ce2c7a08d8f5f905c13c"},"breadcrumb":{"@id":"https:\/\/thepueblatimes.mx\/index.php\/2025\/06\/04\/celebra-gobierno-de-la-ciudad-conectate-emprendedor-para-fortalecer-a-emprendedores-y-microempresarios\/#breadcrumb"},"inLanguage":"es","potentialAction":[{"@type":"ReadAction","target":["https:\/\/thepueblatimes.mx\/index.php\/2025\/06\/04\/celebra-gobierno-de-la-ciudad-conectate-emprendedor-para-fortalecer-a-emprendedores-y-microempresarios\/"]}]},{"@type":"BreadcrumbList","@id":"https:\/\/thepueblatimes.mx\/index.php\/2025\/06\/04\/celebra-gobierno-de-la-ciudad-conectate-emprendedor-para-fortalecer-a-emprendedores-y-microempresarios\/#breadcrumb","itemListElement":[{"@type":"ListItem","position":1,"name":"Portada","item":"https:\/\/thepueblatimes.mx\/"},{"@type":"ListItem","position":2,"name":"Celebra Gobierno de la Ciudad Con\u00e9ctate Emprendedor para fortalecer a emprendedores y microempresarios"}]},{"@type":"WebSite","@id":"https:\/\/thepueblatimes.mx\/#website","url":"https:\/\/thepueblatimes.mx\/","name":"The Puebla Times","description":"Noticias del Estado de Puebla","potentialAction":[{"@type":"SearchAction","target":{"@type":"EntryPoint","urlTemplate":"https:\/\/thepueblatimes.mx\/?s={search_term_string}"},"query-input":"required name=search_term_string"}],"inLanguage":"es"},{"@type":"Person","@id":"https:\/\/thepueblatimes.mx\/#\/schema\/person\/1664894c2f65ce2c7a08d8f5f905c13c","name":"Sa\u00fal Hern\u00e1ndez","image":{"@type":"ImageObject","inLanguage":"es","@id":"https:\/\/thepueblatimes.mx\/#\/schema\/person\/image\/","url":"https:\/\/secure.gravatar.com\/avatar\/11be338693f243309532caad8f10c930?s=96&d=mm&r=g","contentUrl":"https:\/\/secure.gravatar.com\/avatar\/11be338693f243309532caad8f10c930?s=96&d=mm&r=g","caption":"Sa\u00fal Hern\u00e1ndez"},"url":"https:\/\/thepueblatimes.mx\/index.php\/author\/saulhernandez\/"}]}},"jetpack_featured_media_url":"https:\/\/thepueblatimes.mx\/wp-content\/uploads\/2025\/06\/bf0ea6f6-1731-486d-b7b8-f1d69b0df75a.jpg","_links":{"self":[{"href":"https:\/\/thepueblatimes.mx\/index.php\/wp-json\/wp\/v2\/posts\/30732"}],"collection":[{"href":"https:\/\/thepueblatimes.mx\/index.php\/wp-json\/wp\/v2\/posts"}],"about":[{"href":"https:\/\/thepueblatimes.mx\/index.php\/wp-json\/wp\/v2\/types\/post"}],"author":[{"embeddable":true,"href":"https:\/\/thepueblatimes.mx\/index.php\/wp-json\/wp\/v2\/users\/16"}],"replies":[{"embeddable":true,"href":"https:\/\/thepueblatimes.mx\/index.php\/wp-json\/wp\/v2\/comments?post=30732"}],"version-history":[{"count":1,"href":"https:\/\/thepueblatimes.mx\/index.php\/wp-json\/wp\/v2\/posts\/30732\/revisions"}],"predecessor-version":[{"id":30734,"href":"https:\/\/thepueblatimes.mx\/index.php\/wp-json\/wp\/v2\/posts\/30732\/revisions\/30734"}],"wp:featuredmedia":[{"embeddable":true,"href":"https:\/\/thepueblatimes.mx\/index.php\/wp-json\/wp\/v2\/media\/30733"}],"wp:attachment":[{"href":"https:\/\/thepueblatimes.mx\/index.php\/wp-json\/wp\/v2\/media?parent=30732"}],"wp:term":[{"taxonomy":"category","embeddable":true,"href":"https:\/\/thepueblatimes.mx\/index.php\/wp-json\/wp\/v2\/categories?post=30732"},{"taxonomy":"post_tag","embeddable":true,"href":"https:\/\/thepueblatimes.mx\/index.php\/wp-json\/wp\/v2\/tags?post=30732"}],"curies":[{"name":"wp","href":"https:\/\/api.w.org\/{rel}","templated":true}]}}