{"id":30721,"date":"2025-06-04T16:08:14","date_gmt":"2025-06-04T22:08:14","guid":{"rendered":"https:\/\/thepueblatimes.mx\/?p=30721"},"modified":"2025-06-04T16:08:14","modified_gmt":"2025-06-04T22:08:14","slug":"fortalece-congreso-del-estado-coordinacion-con-areas-del-poder-ejecutivo-y-sociedad-civil","status":"publish","type":"post","link":"https:\/\/thepueblatimes.mx\/index.php\/2025\/06\/04\/fortalece-congreso-del-estado-coordinacion-con-areas-del-poder-ejecutivo-y-sociedad-civil\/","title":{"rendered":"Fortalece Congreso del Estado coordinaci\u00f3n con \u00e1reas del Poder Ejecutivo y sociedad civil"},"content":{"rendered":"<h3><em>&#8211; En sesi\u00f3n de diferentes Comisiones y Comit\u00e9s, se refrend\u00f3 el compromiso de trabajar para brindar mejores servicios<\/em><\/h3>\n<h3><em>\u00a0<\/em><em>&#8211; Declaran improcedentes diversas iniciativas presentadas en la Legislatura anterior <\/em><\/h3>\n<p>&nbsp;<\/p>\n<p>&nbsp;<\/p>\n<p>El Congreso del Estado mantiene y fortalece la coordinaci\u00f3n con diferentes \u00e1reas del Poder Ejecutivo y sociedad civil; en sesi\u00f3n de diferentes Comisiones y Comit\u00e9s, se refrend\u00f3 el compromiso de trabajar para brindar mejores servicios a la ciudadan\u00eda.<\/p>\n<p>&nbsp;<\/p>\n<p>Durante la sesi\u00f3n del Comit\u00e9 de Atenci\u00f3n Ciudadana, que preside la diputada Mar\u00eda Soledad Amieva Zamora, se present\u00f3 el proyecto \u00abCEPOSAMI: Un modelo de atenci\u00f3n comunitaria para la salud mental infantil y adolescente con enfoque institucional y humano\u00bb, por parte de Umi Choda Morales, directora del Centro de Salud Mental Integral para Ni\u00f1as, Ni\u00f1os y Adolescentes.<\/p>\n<p>&nbsp;<\/p>\n<p>La ponente explic\u00f3 que mediante el proyecto se pretende brindar atenci\u00f3n especializada y con enfoque humanista, pues es importante entender la relaci\u00f3n de la salud mental y la f\u00edsica, as\u00ed como el contexto en el que se desarrollan las personas.<\/p>\n<p>&nbsp;<\/p>\n<p>En sesi\u00f3n de la Comisi\u00f3n de Pueblos y Comunidades Ind\u00edgenas y Afromexicanas, que encabeza la diputada Esther Mart\u00ednez Romano, se present\u00f3 el programa Banca de la Mujer enfocado en Mujeres Ind\u00edgenas, por parte de Ernesto Antonio Aguilar Cabrera, director de Gesti\u00f3n Empresarial y Alberto Lastiri Yamal, director de Fomento Empresarial, ambos de la Secretar\u00eda de Desarrollo Econ\u00f3mico y Trabajo del Estado de Puebla.<\/p>\n<p>&nbsp;<\/p>\n<p>Los funcionarios destacaron la necesidad de construir pol\u00edticas p\u00fablicas justas, as\u00ed como impulsar la autonom\u00eda econ\u00f3mica de las mujeres poblanas y fortalecer sus comunidades.<\/p>\n<p>&nbsp;<\/p>\n<p>Por otra parte, en sesi\u00f3n de la Comisi\u00f3n de Migraci\u00f3n y Asuntos Internacionales, que preside a la diputada Araceli Celestino Rosas, se presentaron los programas de la Financiera para el Bienestar en favor de la comunidad migrante, a cargo de la gerente estatal, Marnne Alba Amaro.<\/p>\n<p>&nbsp;<\/p>\n<p>Dentro de los servicios que destac\u00f3 se encuentran las mesas internacionales, corresponsal\u00eda bancaria para la inclusi\u00f3n financiera, pago y cobranza de servicios, el env\u00edo de telegramas, entre otros.<\/p>\n<p>&nbsp;<\/p>\n<p>Las y los integrantes de la Comisi\u00f3n de Participaci\u00f3n Ciudadana y Combate a la Corrupci\u00f3n, que preside la diputada Kahya S\u00e1nchez Rodr\u00edguez, recibieron a Claudia Barbosa Rodr\u00edguez, acad\u00e9mica de la Escuela Libre de Derecho, quien expuso el tema \u201cLa importancia de contar con una Ley de Participaci\u00f3n Ciudadana eficaz\u201d.<\/p>\n<p>&nbsp;<\/p>\n<p>Adem\u00e1s, a Abraham Quiroz Palacios, subsecretario de Responsabilidad de la Secretar\u00eda Anticorrupci\u00f3n y Buen Gobierno, y a Raquel Medel Valencia, coordinadora general de Contralor\u00eda Social, Participaci\u00f3n y Evaluaci\u00f3n de la misma dependencia, para hablar de la importancia de la participaci\u00f3n ciudadana en el combate a la corrupci\u00f3n.<\/p>\n<p>&nbsp;<\/p>\n<p>APRUEBAN EXHORTO Y PRESENTAN RESULTADOS DE CAPACITACIONES<\/p>\n<p>&nbsp;<\/p>\n<p>En sesi\u00f3n de la Comisi\u00f3n de la Agenda 2030 y convenios o acuerdos que se determinen en el \u00e1mbito internacional para mejorar las necesidades de toda la poblaci\u00f3n, las y los diputados aprobaron el proyecto de acuerdo dirigido a los 217 municipios, para que lleven a cabo una evaluaci\u00f3n integral de sus administraciones, con el prop\u00f3sito de verificar que sus acciones y pol\u00edticas se encuentren alineadas con la Agenda 2030, as\u00ed como con los objetivos y metas establecidas en dicho plan de acci\u00f3n.<\/p>\n<p>&nbsp;<\/p>\n<p>Por otra parte, la Comisi\u00f3n de Atenci\u00f3n a Personas con Discapacidad de la LXII Legislatura del Congreso del Estado dio a conocer los primeros resultados de los talleres de sensibilizaci\u00f3n sobre discapacidad, que se llevaron a cabo en el mes de febrero y abril.<\/p>\n<p>&nbsp;<\/p>\n<p>La diputada presidenta del \u00f3rgano colegiado, Luana Armida Amador Vallejo destac\u00f3 que los talleres se realizaron con el objetivo de construir una sociedad inclusiva y respetuosa, adem\u00e1s de generar una mayor conciencia sobre los problemas que enfrentan las personas con discapacidad.<\/p>\n<p>&nbsp;<\/p>\n<p>En esta primera etapa los talleres se impartieron a representantes de medios de comunicaci\u00f3n y al personal del Poder Legislativo, en los meses de febrero y abril.<\/p>\n<p>&nbsp;<\/p>\n<p>Se prev\u00e9 que el 11 de junio se lleve a cabo un taller con diputadas y diputados, as\u00ed como con colaboradoras y colaboradores legislativos.<\/p>\n<p>&nbsp;<\/p>\n<p>COMISIONES DECLARAN IMPROCEDENTES ALGUNAS INICIATIVAS DE LEGISLATURA ANTERIOR<\/p>\n<p>&nbsp;<\/p>\n<p>La Comisi\u00f3n de la Familia y los Derechos de la Ni\u00f1ez aprob\u00f3 el acuerdo para declarar improcedentes y dejar sin efecto cuatro iniciativas presentadas durante la legislatura pasada, relacionadas con reformas a la Ley de Derechos de las Ni\u00f1as, Ni\u00f1os y Adolescentes, debido a que ya estaban reguladas o contempladas en la legislaci\u00f3n vigente.<\/p>\n<p>&nbsp;<\/p>\n<p>De igual manera, la Comisi\u00f3n de Grupos Vulnerables aval\u00f3 el acuerdo para declarar improcedente y dejar sin efecto cinco iniciativas presentadas durante la LXI legislatura del Congreso del Estado para reformar la Ley para Prevenir y Eliminar la Discriminaci\u00f3n del Estado de Puebla, as\u00ed como la Ley de Protecci\u00f3n a las Personas Adultas Mayores, debido a que ya se encontraban reguladas en alg\u00fan ordenamiento, tanto federal como local.<\/p>\n<p>&nbsp;<\/p>\n<p>Finalmente, la Comisi\u00f3n de Vivienda aprob\u00f3 el acuerdo para declarar improcedentes y dejar sin efecto dos iniciativas presentadas durante la pasada Legislatura, para reformar la Ley de Vivienda para el Estado de Puebla, debido a que ya se encontraban previstas en los ordenamientos legales.<\/p>\n","protected":false},"excerpt":{"rendered":"<p>&#8211; En sesi\u00f3n de diferentes Comisiones y Comit\u00e9s, se refrend\u00f3 el compromiso de trabajar para brindar mejores servicios \u00a0&#8211; Declaran improcedentes diversas iniciativas presentadas en la Legislatura anterior &nbsp; &nbsp; El Congreso del Estado mantiene y fortalece la coordinaci\u00f3n con diferentes \u00e1reas del Poder Ejecutivo y sociedad civil; en sesi\u00f3n de diferentes Comisiones y Comit\u00e9s,&#8230;<\/p>\n","protected":false},"author":16,"featured_media":30723,"comment_status":"closed","ping_status":"closed","sticky":false,"template":"","format":"standard","meta":[],"categories":[3],"tags":[1480,1271],"yoast_head":"<!-- This site is optimized with the Yoast SEO plugin v20.8 - https:\/\/yoast.com\/wordpress\/plugins\/seo\/ -->\n<title>Fortalece Congreso del Estado coordinaci\u00f3n con \u00e1reas del Poder Ejecutivo y sociedad civil - The Puebla Times<\/title>\n<meta name=\"robots\" content=\"index, follow, max-snippet:-1, max-image-preview:large, max-video-preview:-1\" \/>\n<link rel=\"canonical\" href=\"https:\/\/thepueblatimes.mx\/index.php\/2025\/06\/04\/fortalece-congreso-del-estado-coordinacion-con-areas-del-poder-ejecutivo-y-sociedad-civil\/\" \/>\n<meta property=\"og:locale\" content=\"es_ES\" \/>\n<meta property=\"og:type\" content=\"article\" \/>\n<meta property=\"og:title\" content=\"Fortalece Congreso del Estado coordinaci\u00f3n con \u00e1reas del Poder Ejecutivo y sociedad civil - The Puebla Times\" \/>\n<meta property=\"og:description\" content=\"&#8211; En sesi\u00f3n de diferentes Comisiones y Comit\u00e9s, se refrend\u00f3 el compromiso de trabajar para brindar mejores servicios \u00a0&#8211; Declaran improcedentes diversas iniciativas presentadas en la Legislatura anterior &nbsp; &nbsp; El Congreso del Estado mantiene y fortalece la coordinaci\u00f3n con diferentes \u00e1reas del Poder Ejecutivo y sociedad civil; en sesi\u00f3n de diferentes Comisiones y Comit\u00e9s,...\" \/>\n<meta property=\"og:url\" content=\"https:\/\/thepueblatimes.mx\/index.php\/2025\/06\/04\/fortalece-congreso-del-estado-coordinacion-con-areas-del-poder-ejecutivo-y-sociedad-civil\/\" \/>\n<meta property=\"og:site_name\" content=\"The Puebla Times\" \/>\n<meta property=\"article:published_time\" content=\"2025-06-04T22:08:14+00:00\" \/>\n<meta property=\"og:image\" content=\"https:\/\/thepueblatimes.mx\/wp-content\/uploads\/2025\/06\/a9d06174-3824-42a1-98cd-53d6b5272d6a.jpg\" \/>\n\t<meta property=\"og:image:width\" content=\"1600\" \/>\n\t<meta property=\"og:image:height\" content=\"1066\" \/>\n\t<meta property=\"og:image:type\" content=\"image\/jpeg\" \/>\n<meta name=\"author\" content=\"Sa\u00fal Hern\u00e1ndez\" \/>\n<meta name=\"twitter:card\" content=\"summary_large_image\" \/>\n<meta name=\"twitter:label1\" content=\"Escrito por\" \/>\n\t<meta name=\"twitter:data1\" content=\"Sa\u00fal Hern\u00e1ndez\" \/>\n\t<meta name=\"twitter:label2\" content=\"Tiempo de lectura\" \/>\n\t<meta name=\"twitter:data2\" content=\"4 minutos\" \/>\n<script type=\"application\/ld+json\" class=\"yoast-schema-graph\">{\"@context\":\"https:\/\/schema.org\",\"@graph\":[{\"@type\":\"WebPage\",\"@id\":\"https:\/\/thepueblatimes.mx\/index.php\/2025\/06\/04\/fortalece-congreso-del-estado-coordinacion-con-areas-del-poder-ejecutivo-y-sociedad-civil\/\",\"url\":\"https:\/\/thepueblatimes.mx\/index.php\/2025\/06\/04\/fortalece-congreso-del-estado-coordinacion-con-areas-del-poder-ejecutivo-y-sociedad-civil\/\",\"name\":\"Fortalece Congreso del Estado coordinaci\u00f3n con \u00e1reas del Poder Ejecutivo y sociedad civil - The Puebla Times\",\"isPartOf\":{\"@id\":\"https:\/\/thepueblatimes.mx\/#website\"},\"datePublished\":\"2025-06-04T22:08:14+00:00\",\"dateModified\":\"2025-06-04T22:08:14+00:00\",\"author\":{\"@id\":\"https:\/\/thepueblatimes.mx\/#\/schema\/person\/1664894c2f65ce2c7a08d8f5f905c13c\"},\"breadcrumb\":{\"@id\":\"https:\/\/thepueblatimes.mx\/index.php\/2025\/06\/04\/fortalece-congreso-del-estado-coordinacion-con-areas-del-poder-ejecutivo-y-sociedad-civil\/#breadcrumb\"},\"inLanguage\":\"es\",\"potentialAction\":[{\"@type\":\"ReadAction\",\"target\":[\"https:\/\/thepueblatimes.mx\/index.php\/2025\/06\/04\/fortalece-congreso-del-estado-coordinacion-con-areas-del-poder-ejecutivo-y-sociedad-civil\/\"]}]},{\"@type\":\"BreadcrumbList\",\"@id\":\"https:\/\/thepueblatimes.mx\/index.php\/2025\/06\/04\/fortalece-congreso-del-estado-coordinacion-con-areas-del-poder-ejecutivo-y-sociedad-civil\/#breadcrumb\",\"itemListElement\":[{\"@type\":\"ListItem\",\"position\":1,\"name\":\"Portada\",\"item\":\"https:\/\/thepueblatimes.mx\/\"},{\"@type\":\"ListItem\",\"position\":2,\"name\":\"Fortalece Congreso del Estado coordinaci\u00f3n con \u00e1reas del Poder Ejecutivo y sociedad civil\"}]},{\"@type\":\"WebSite\",\"@id\":\"https:\/\/thepueblatimes.mx\/#website\",\"url\":\"https:\/\/thepueblatimes.mx\/\",\"name\":\"The Puebla Times\",\"description\":\"Noticias del Estado de Puebla\",\"potentialAction\":[{\"@type\":\"SearchAction\",\"target\":{\"@type\":\"EntryPoint\",\"urlTemplate\":\"https:\/\/thepueblatimes.mx\/?s={search_term_string}\"},\"query-input\":\"required name=search_term_string\"}],\"inLanguage\":\"es\"},{\"@type\":\"Person\",\"@id\":\"https:\/\/thepueblatimes.mx\/#\/schema\/person\/1664894c2f65ce2c7a08d8f5f905c13c\",\"name\":\"Sa\u00fal Hern\u00e1ndez\",\"image\":{\"@type\":\"ImageObject\",\"inLanguage\":\"es\",\"@id\":\"https:\/\/thepueblatimes.mx\/#\/schema\/person\/image\/\",\"url\":\"https:\/\/secure.gravatar.com\/avatar\/11be338693f243309532caad8f10c930?s=96&d=mm&r=g\",\"contentUrl\":\"https:\/\/secure.gravatar.com\/avatar\/11be338693f243309532caad8f10c930?s=96&d=mm&r=g\",\"caption\":\"Sa\u00fal Hern\u00e1ndez\"},\"url\":\"https:\/\/thepueblatimes.mx\/index.php\/author\/saulhernandez\/\"}]}<\/script>\n<!-- \/ Yoast SEO plugin. -->","yoast_head_json":{"title":"Fortalece Congreso del Estado coordinaci\u00f3n con \u00e1reas del Poder Ejecutivo y sociedad civil - The Puebla Times","robots":{"index":"index","follow":"follow","max-snippet":"max-snippet:-1","max-image-preview":"max-image-preview:large","max-video-preview":"max-video-preview:-1"},"canonical":"https:\/\/thepueblatimes.mx\/index.php\/2025\/06\/04\/fortalece-congreso-del-estado-coordinacion-con-areas-del-poder-ejecutivo-y-sociedad-civil\/","og_locale":"es_ES","og_type":"article","og_title":"Fortalece Congreso del Estado coordinaci\u00f3n con \u00e1reas del Poder Ejecutivo y sociedad civil - The Puebla Times","og_description":"&#8211; En sesi\u00f3n de diferentes Comisiones y Comit\u00e9s, se refrend\u00f3 el compromiso de trabajar para brindar mejores servicios \u00a0&#8211; Declaran improcedentes diversas iniciativas presentadas en la Legislatura anterior &nbsp; &nbsp; El Congreso del Estado mantiene y fortalece la coordinaci\u00f3n con diferentes \u00e1reas del Poder Ejecutivo y sociedad civil; en sesi\u00f3n de diferentes Comisiones y Comit\u00e9s,...","og_url":"https:\/\/thepueblatimes.mx\/index.php\/2025\/06\/04\/fortalece-congreso-del-estado-coordinacion-con-areas-del-poder-ejecutivo-y-sociedad-civil\/","og_site_name":"The Puebla Times","article_published_time":"2025-06-04T22:08:14+00:00","og_image":[{"width":1600,"height":1066,"url":"https:\/\/thepueblatimes.mx\/wp-content\/uploads\/2025\/06\/a9d06174-3824-42a1-98cd-53d6b5272d6a.jpg","type":"image\/jpeg"}],"author":"Sa\u00fal Hern\u00e1ndez","twitter_card":"summary_large_image","twitter_misc":{"Escrito por":"Sa\u00fal Hern\u00e1ndez","Tiempo de lectura":"4 minutos"},"schema":{"@context":"https:\/\/schema.org","@graph":[{"@type":"WebPage","@id":"https:\/\/thepueblatimes.mx\/index.php\/2025\/06\/04\/fortalece-congreso-del-estado-coordinacion-con-areas-del-poder-ejecutivo-y-sociedad-civil\/","url":"https:\/\/thepueblatimes.mx\/index.php\/2025\/06\/04\/fortalece-congreso-del-estado-coordinacion-con-areas-del-poder-ejecutivo-y-sociedad-civil\/","name":"Fortalece Congreso del Estado coordinaci\u00f3n con \u00e1reas del Poder Ejecutivo y sociedad civil - The Puebla Times","isPartOf":{"@id":"https:\/\/thepueblatimes.mx\/#website"},"datePublished":"2025-06-04T22:08:14+00:00","dateModified":"2025-06-04T22:08:14+00:00","author":{"@id":"https:\/\/thepueblatimes.mx\/#\/schema\/person\/1664894c2f65ce2c7a08d8f5f905c13c"},"breadcrumb":{"@id":"https:\/\/thepueblatimes.mx\/index.php\/2025\/06\/04\/fortalece-congreso-del-estado-coordinacion-con-areas-del-poder-ejecutivo-y-sociedad-civil\/#breadcrumb"},"inLanguage":"es","potentialAction":[{"@type":"ReadAction","target":["https:\/\/thepueblatimes.mx\/index.php\/2025\/06\/04\/fortalece-congreso-del-estado-coordinacion-con-areas-del-poder-ejecutivo-y-sociedad-civil\/"]}]},{"@type":"BreadcrumbList","@id":"https:\/\/thepueblatimes.mx\/index.php\/2025\/06\/04\/fortalece-congreso-del-estado-coordinacion-con-areas-del-poder-ejecutivo-y-sociedad-civil\/#breadcrumb","itemListElement":[{"@type":"ListItem","position":1,"name":"Portada","item":"https:\/\/thepueblatimes.mx\/"},{"@type":"ListItem","position":2,"name":"Fortalece Congreso del Estado coordinaci\u00f3n con \u00e1reas del Poder Ejecutivo y sociedad civil"}]},{"@type":"WebSite","@id":"https:\/\/thepueblatimes.mx\/#website","url":"https:\/\/thepueblatimes.mx\/","name":"The Puebla Times","description":"Noticias del Estado de Puebla","potentialAction":[{"@type":"SearchAction","target":{"@type":"EntryPoint","urlTemplate":"https:\/\/thepueblatimes.mx\/?s={search_term_string}"},"query-input":"required name=search_term_string"}],"inLanguage":"es"},{"@type":"Person","@id":"https:\/\/thepueblatimes.mx\/#\/schema\/person\/1664894c2f65ce2c7a08d8f5f905c13c","name":"Sa\u00fal Hern\u00e1ndez","image":{"@type":"ImageObject","inLanguage":"es","@id":"https:\/\/thepueblatimes.mx\/#\/schema\/person\/image\/","url":"https:\/\/secure.gravatar.com\/avatar\/11be338693f243309532caad8f10c930?s=96&d=mm&r=g","contentUrl":"https:\/\/secure.gravatar.com\/avatar\/11be338693f243309532caad8f10c930?s=96&d=mm&r=g","caption":"Sa\u00fal Hern\u00e1ndez"},"url":"https:\/\/thepueblatimes.mx\/index.php\/author\/saulhernandez\/"}]}},"jetpack_featured_media_url":"https:\/\/thepueblatimes.mx\/wp-content\/uploads\/2025\/06\/a9d06174-3824-42a1-98cd-53d6b5272d6a.jpg","_links":{"self":[{"href":"https:\/\/thepueblatimes.mx\/index.php\/wp-json\/wp\/v2\/posts\/30721"}],"collection":[{"href":"https:\/\/thepueblatimes.mx\/index.php\/wp-json\/wp\/v2\/posts"}],"about":[{"href":"https:\/\/thepueblatimes.mx\/index.php\/wp-json\/wp\/v2\/types\/post"}],"author":[{"embeddable":true,"href":"https:\/\/thepueblatimes.mx\/index.php\/wp-json\/wp\/v2\/users\/16"}],"replies":[{"embeddable":true,"href":"https:\/\/thepueblatimes.mx\/index.php\/wp-json\/wp\/v2\/comments?post=30721"}],"version-history":[{"count":1,"href":"https:\/\/thepueblatimes.mx\/index.php\/wp-json\/wp\/v2\/posts\/30721\/revisions"}],"predecessor-version":[{"id":30724,"href":"https:\/\/thepueblatimes.mx\/index.php\/wp-json\/wp\/v2\/posts\/30721\/revisions\/30724"}],"wp:featuredmedia":[{"embeddable":true,"href":"https:\/\/thepueblatimes.mx\/index.php\/wp-json\/wp\/v2\/media\/30723"}],"wp:attachment":[{"href":"https:\/\/thepueblatimes.mx\/index.php\/wp-json\/wp\/v2\/media?parent=30721"}],"wp:term":[{"taxonomy":"category","embeddable":true,"href":"https:\/\/thepueblatimes.mx\/index.php\/wp-json\/wp\/v2\/categories?post=30721"},{"taxonomy":"post_tag","embeddable":true,"href":"https:\/\/thepueblatimes.mx\/index.php\/wp-json\/wp\/v2\/tags?post=30721"}],"curies":[{"name":"wp","href":"https:\/\/api.w.org\/{rel}","templated":true}]}}