{"id":30682,"date":"2025-06-04T08:14:42","date_gmt":"2025-06-04T14:14:42","guid":{"rendered":"https:\/\/thepueblatimes.mx\/?p=30682"},"modified":"2025-06-04T08:14:42","modified_gmt":"2025-06-04T14:14:42","slug":"motociclistas-de-puebla-no-estaran-obligados-a-portar-chaleco-rotulado-confirma-el-congreso","status":"publish","type":"post","link":"https:\/\/thepueblatimes.mx\/index.php\/2025\/06\/04\/motociclistas-de-puebla-no-estaran-obligados-a-portar-chaleco-rotulado-confirma-el-congreso\/","title":{"rendered":"Motociclistas de Puebla no estar\u00e1n obligados a portar chaleco rotulado, confirma el Congreso."},"content":{"rendered":"<p>La presidenta del Congreso del Estado de Puebla, Laura Artemisa Garc\u00eda Ch\u00e1vez, anunci\u00f3 que se dejar\u00e1 fuera la pol\u00e9mica propuesta que buscaba imponer el uso obligatorio de chalecos reflejantes con n\u00famero de matr\u00edcula para los motociclistas de la entidad.<\/p>\n<p>Tras una revisi\u00f3n conjunta con la Secretar\u00eda de Seguridad P\u00fablica estatal, se determin\u00f3 que la medida no era viable, principalmente porque es f\u00e1cil ocultar la matr\u00edcula en el chaleco, lo que limitar\u00eda su efectividad. En cambio, s\u00ed se mantendr\u00e1 como requisito el uso de casco con la placa visible, como parte de las modificaciones a la Ley de Movilidad y Seguridad Vial que se discutir\u00e1n y aprobar\u00e1n en los pr\u00f3ximos d\u00edas.<\/p>\n<p>Adem\u00e1s, la nueva normativa incluir\u00e1 sanciones penales para quienes circulen con permisos vencidos o alteraciones en sus placas, como el recorte de las mismas. Para facilitar el cumplimiento de estas disposiciones, se implementar\u00e1 un proceso de reemplacamiento gratuito con el fin de integrar un padr\u00f3n m\u00e1s preciso de motocicletas en circulaci\u00f3n.<\/p>\n<p>Esta decisi\u00f3n se da luego de las recientes protestas por parte de colectivos de motociclistas que se manifestaron en contra de lo que denominaron \u00abLey Chaleco\u00bb. Frente a estas acciones, Garc\u00eda Ch\u00e1vez asegur\u00f3 que el Congreso ha sido receptivo y ha incorporado diversas propuestas provenientes de los motociclistas, pero advirti\u00f3 que no permitir\u00e1 presiones ni bloqueos como los que se registraron en la Calzada Ignacio Zaragoza y en la caseta de Amozoc.<\/p>\n<p>\u201cEscuchamos lo que ten\u00edamos que escuchar. Muchas de sus aportaciones ya est\u00e1n contempladas, pero es nuestra responsabilidad legislar. El di\u00e1logo ha sido abierto, pero no permitiremos que se impongan a trav\u00e9s de actos de presi\u00f3n\u201d, declar\u00f3 la diputada.<\/p>\n<p>Con esta postura, el Congreso estatal busca equilibrar la seguridad vial con los derechos de los motociclistas, sin ceder a medidas que resulten poco pr\u00e1cticas o de dif\u00edcil aplicaci\u00f3n.<\/p>\n","protected":false},"excerpt":{"rendered":"<p>La presidenta del Congreso del Estado de Puebla, Laura Artemisa Garc\u00eda Ch\u00e1vez, anunci\u00f3 que se dejar\u00e1 fuera la pol\u00e9mica propuesta que buscaba imponer el uso obligatorio de chalecos reflejantes con n\u00famero de matr\u00edcula para los motociclistas de la entidad. Tras una revisi\u00f3n conjunta con la Secretar\u00eda de Seguridad P\u00fablica estatal, se determin\u00f3 que la medida&#8230;<\/p>\n","protected":false},"author":16,"featured_media":30683,"comment_status":"closed","ping_status":"closed","sticky":false,"template":"","format":"standard","meta":[],"categories":[3],"tags":[2694,1273,3790],"yoast_head":"<!-- This site is optimized with the Yoast SEO plugin v20.8 - https:\/\/yoast.com\/wordpress\/plugins\/seo\/ -->\n<title>Motociclistas de Puebla no estar\u00e1n obligados a portar chaleco rotulado, confirma el Congreso. - The Puebla Times<\/title>\n<meta name=\"robots\" content=\"index, follow, max-snippet:-1, max-image-preview:large, max-video-preview:-1\" \/>\n<link rel=\"canonical\" href=\"https:\/\/thepueblatimes.mx\/index.php\/2025\/06\/04\/motociclistas-de-puebla-no-estaran-obligados-a-portar-chaleco-rotulado-confirma-el-congreso\/\" \/>\n<meta property=\"og:locale\" content=\"es_ES\" \/>\n<meta property=\"og:type\" content=\"article\" \/>\n<meta property=\"og:title\" content=\"Motociclistas de Puebla no estar\u00e1n obligados a portar chaleco rotulado, confirma el Congreso. - The Puebla Times\" \/>\n<meta property=\"og:description\" content=\"La presidenta del Congreso del Estado de Puebla, Laura Artemisa Garc\u00eda Ch\u00e1vez, anunci\u00f3 que se dejar\u00e1 fuera la pol\u00e9mica propuesta que buscaba imponer el uso obligatorio de chalecos reflejantes con n\u00famero de matr\u00edcula para los motociclistas de la entidad. Tras una revisi\u00f3n conjunta con la Secretar\u00eda de Seguridad P\u00fablica estatal, se determin\u00f3 que la medida...\" \/>\n<meta property=\"og:url\" content=\"https:\/\/thepueblatimes.mx\/index.php\/2025\/06\/04\/motociclistas-de-puebla-no-estaran-obligados-a-portar-chaleco-rotulado-confirma-el-congreso\/\" \/>\n<meta property=\"og:site_name\" content=\"The Puebla Times\" \/>\n<meta property=\"article:published_time\" content=\"2025-06-04T14:14:42+00:00\" \/>\n<meta property=\"og:image\" content=\"https:\/\/thepueblatimes.mx\/wp-content\/uploads\/2025\/06\/ley-chaleco.webp\" \/>\n\t<meta property=\"og:image:width\" content=\"1200\" \/>\n\t<meta property=\"og:image:height\" content=\"675\" \/>\n\t<meta property=\"og:image:type\" content=\"image\/webp\" \/>\n<meta name=\"author\" content=\"Sa\u00fal Hern\u00e1ndez\" \/>\n<meta name=\"twitter:card\" content=\"summary_large_image\" \/>\n<meta name=\"twitter:label1\" content=\"Escrito por\" \/>\n\t<meta name=\"twitter:data1\" content=\"Sa\u00fal Hern\u00e1ndez\" \/>\n\t<meta name=\"twitter:label2\" content=\"Tiempo de lectura\" \/>\n\t<meta name=\"twitter:data2\" content=\"2 minutos\" \/>\n<script type=\"application\/ld+json\" class=\"yoast-schema-graph\">{\"@context\":\"https:\/\/schema.org\",\"@graph\":[{\"@type\":\"WebPage\",\"@id\":\"https:\/\/thepueblatimes.mx\/index.php\/2025\/06\/04\/motociclistas-de-puebla-no-estaran-obligados-a-portar-chaleco-rotulado-confirma-el-congreso\/\",\"url\":\"https:\/\/thepueblatimes.mx\/index.php\/2025\/06\/04\/motociclistas-de-puebla-no-estaran-obligados-a-portar-chaleco-rotulado-confirma-el-congreso\/\",\"name\":\"Motociclistas de Puebla no estar\u00e1n obligados a portar chaleco rotulado, confirma el Congreso. - The Puebla Times\",\"isPartOf\":{\"@id\":\"https:\/\/thepueblatimes.mx\/#website\"},\"datePublished\":\"2025-06-04T14:14:42+00:00\",\"dateModified\":\"2025-06-04T14:14:42+00:00\",\"author\":{\"@id\":\"https:\/\/thepueblatimes.mx\/#\/schema\/person\/1664894c2f65ce2c7a08d8f5f905c13c\"},\"breadcrumb\":{\"@id\":\"https:\/\/thepueblatimes.mx\/index.php\/2025\/06\/04\/motociclistas-de-puebla-no-estaran-obligados-a-portar-chaleco-rotulado-confirma-el-congreso\/#breadcrumb\"},\"inLanguage\":\"es\",\"potentialAction\":[{\"@type\":\"ReadAction\",\"target\":[\"https:\/\/thepueblatimes.mx\/index.php\/2025\/06\/04\/motociclistas-de-puebla-no-estaran-obligados-a-portar-chaleco-rotulado-confirma-el-congreso\/\"]}]},{\"@type\":\"BreadcrumbList\",\"@id\":\"https:\/\/thepueblatimes.mx\/index.php\/2025\/06\/04\/motociclistas-de-puebla-no-estaran-obligados-a-portar-chaleco-rotulado-confirma-el-congreso\/#breadcrumb\",\"itemListElement\":[{\"@type\":\"ListItem\",\"position\":1,\"name\":\"Portada\",\"item\":\"https:\/\/thepueblatimes.mx\/\"},{\"@type\":\"ListItem\",\"position\":2,\"name\":\"Motociclistas de Puebla no estar\u00e1n obligados a portar chaleco rotulado, confirma el Congreso.\"}]},{\"@type\":\"WebSite\",\"@id\":\"https:\/\/thepueblatimes.mx\/#website\",\"url\":\"https:\/\/thepueblatimes.mx\/\",\"name\":\"The Puebla Times\",\"description\":\"Noticias del Estado de Puebla\",\"potentialAction\":[{\"@type\":\"SearchAction\",\"target\":{\"@type\":\"EntryPoint\",\"urlTemplate\":\"https:\/\/thepueblatimes.mx\/?s={search_term_string}\"},\"query-input\":\"required name=search_term_string\"}],\"inLanguage\":\"es\"},{\"@type\":\"Person\",\"@id\":\"https:\/\/thepueblatimes.mx\/#\/schema\/person\/1664894c2f65ce2c7a08d8f5f905c13c\",\"name\":\"Sa\u00fal Hern\u00e1ndez\",\"image\":{\"@type\":\"ImageObject\",\"inLanguage\":\"es\",\"@id\":\"https:\/\/thepueblatimes.mx\/#\/schema\/person\/image\/\",\"url\":\"https:\/\/secure.gravatar.com\/avatar\/11be338693f243309532caad8f10c930?s=96&d=mm&r=g\",\"contentUrl\":\"https:\/\/secure.gravatar.com\/avatar\/11be338693f243309532caad8f10c930?s=96&d=mm&r=g\",\"caption\":\"Sa\u00fal Hern\u00e1ndez\"},\"url\":\"https:\/\/thepueblatimes.mx\/index.php\/author\/saulhernandez\/\"}]}<\/script>\n<!-- \/ Yoast SEO plugin. -->","yoast_head_json":{"title":"Motociclistas de Puebla no estar\u00e1n obligados a portar chaleco rotulado, confirma el Congreso. - The Puebla Times","robots":{"index":"index","follow":"follow","max-snippet":"max-snippet:-1","max-image-preview":"max-image-preview:large","max-video-preview":"max-video-preview:-1"},"canonical":"https:\/\/thepueblatimes.mx\/index.php\/2025\/06\/04\/motociclistas-de-puebla-no-estaran-obligados-a-portar-chaleco-rotulado-confirma-el-congreso\/","og_locale":"es_ES","og_type":"article","og_title":"Motociclistas de Puebla no estar\u00e1n obligados a portar chaleco rotulado, confirma el Congreso. - The Puebla Times","og_description":"La presidenta del Congreso del Estado de Puebla, Laura Artemisa Garc\u00eda Ch\u00e1vez, anunci\u00f3 que se dejar\u00e1 fuera la pol\u00e9mica propuesta que buscaba imponer el uso obligatorio de chalecos reflejantes con n\u00famero de matr\u00edcula para los motociclistas de la entidad. Tras una revisi\u00f3n conjunta con la Secretar\u00eda de Seguridad P\u00fablica estatal, se determin\u00f3 que la medida...","og_url":"https:\/\/thepueblatimes.mx\/index.php\/2025\/06\/04\/motociclistas-de-puebla-no-estaran-obligados-a-portar-chaleco-rotulado-confirma-el-congreso\/","og_site_name":"The Puebla Times","article_published_time":"2025-06-04T14:14:42+00:00","og_image":[{"width":1200,"height":675,"url":"https:\/\/thepueblatimes.mx\/wp-content\/uploads\/2025\/06\/ley-chaleco.webp","type":"image\/webp"}],"author":"Sa\u00fal Hern\u00e1ndez","twitter_card":"summary_large_image","twitter_misc":{"Escrito por":"Sa\u00fal Hern\u00e1ndez","Tiempo de lectura":"2 minutos"},"schema":{"@context":"https:\/\/schema.org","@graph":[{"@type":"WebPage","@id":"https:\/\/thepueblatimes.mx\/index.php\/2025\/06\/04\/motociclistas-de-puebla-no-estaran-obligados-a-portar-chaleco-rotulado-confirma-el-congreso\/","url":"https:\/\/thepueblatimes.mx\/index.php\/2025\/06\/04\/motociclistas-de-puebla-no-estaran-obligados-a-portar-chaleco-rotulado-confirma-el-congreso\/","name":"Motociclistas de Puebla no estar\u00e1n obligados a portar chaleco rotulado, confirma el Congreso. - The Puebla Times","isPartOf":{"@id":"https:\/\/thepueblatimes.mx\/#website"},"datePublished":"2025-06-04T14:14:42+00:00","dateModified":"2025-06-04T14:14:42+00:00","author":{"@id":"https:\/\/thepueblatimes.mx\/#\/schema\/person\/1664894c2f65ce2c7a08d8f5f905c13c"},"breadcrumb":{"@id":"https:\/\/thepueblatimes.mx\/index.php\/2025\/06\/04\/motociclistas-de-puebla-no-estaran-obligados-a-portar-chaleco-rotulado-confirma-el-congreso\/#breadcrumb"},"inLanguage":"es","potentialAction":[{"@type":"ReadAction","target":["https:\/\/thepueblatimes.mx\/index.php\/2025\/06\/04\/motociclistas-de-puebla-no-estaran-obligados-a-portar-chaleco-rotulado-confirma-el-congreso\/"]}]},{"@type":"BreadcrumbList","@id":"https:\/\/thepueblatimes.mx\/index.php\/2025\/06\/04\/motociclistas-de-puebla-no-estaran-obligados-a-portar-chaleco-rotulado-confirma-el-congreso\/#breadcrumb","itemListElement":[{"@type":"ListItem","position":1,"name":"Portada","item":"https:\/\/thepueblatimes.mx\/"},{"@type":"ListItem","position":2,"name":"Motociclistas de Puebla no estar\u00e1n obligados a portar chaleco rotulado, confirma el Congreso."}]},{"@type":"WebSite","@id":"https:\/\/thepueblatimes.mx\/#website","url":"https:\/\/thepueblatimes.mx\/","name":"The Puebla Times","description":"Noticias del Estado de Puebla","potentialAction":[{"@type":"SearchAction","target":{"@type":"EntryPoint","urlTemplate":"https:\/\/thepueblatimes.mx\/?s={search_term_string}"},"query-input":"required name=search_term_string"}],"inLanguage":"es"},{"@type":"Person","@id":"https:\/\/thepueblatimes.mx\/#\/schema\/person\/1664894c2f65ce2c7a08d8f5f905c13c","name":"Sa\u00fal Hern\u00e1ndez","image":{"@type":"ImageObject","inLanguage":"es","@id":"https:\/\/thepueblatimes.mx\/#\/schema\/person\/image\/","url":"https:\/\/secure.gravatar.com\/avatar\/11be338693f243309532caad8f10c930?s=96&d=mm&r=g","contentUrl":"https:\/\/secure.gravatar.com\/avatar\/11be338693f243309532caad8f10c930?s=96&d=mm&r=g","caption":"Sa\u00fal Hern\u00e1ndez"},"url":"https:\/\/thepueblatimes.mx\/index.php\/author\/saulhernandez\/"}]}},"jetpack_featured_media_url":"https:\/\/thepueblatimes.mx\/wp-content\/uploads\/2025\/06\/ley-chaleco.webp","_links":{"self":[{"href":"https:\/\/thepueblatimes.mx\/index.php\/wp-json\/wp\/v2\/posts\/30682"}],"collection":[{"href":"https:\/\/thepueblatimes.mx\/index.php\/wp-json\/wp\/v2\/posts"}],"about":[{"href":"https:\/\/thepueblatimes.mx\/index.php\/wp-json\/wp\/v2\/types\/post"}],"author":[{"embeddable":true,"href":"https:\/\/thepueblatimes.mx\/index.php\/wp-json\/wp\/v2\/users\/16"}],"replies":[{"embeddable":true,"href":"https:\/\/thepueblatimes.mx\/index.php\/wp-json\/wp\/v2\/comments?post=30682"}],"version-history":[{"count":1,"href":"https:\/\/thepueblatimes.mx\/index.php\/wp-json\/wp\/v2\/posts\/30682\/revisions"}],"predecessor-version":[{"id":30684,"href":"https:\/\/thepueblatimes.mx\/index.php\/wp-json\/wp\/v2\/posts\/30682\/revisions\/30684"}],"wp:featuredmedia":[{"embeddable":true,"href":"https:\/\/thepueblatimes.mx\/index.php\/wp-json\/wp\/v2\/media\/30683"}],"wp:attachment":[{"href":"https:\/\/thepueblatimes.mx\/index.php\/wp-json\/wp\/v2\/media?parent=30682"}],"wp:term":[{"taxonomy":"category","embeddable":true,"href":"https:\/\/thepueblatimes.mx\/index.php\/wp-json\/wp\/v2\/categories?post=30682"},{"taxonomy":"post_tag","embeddable":true,"href":"https:\/\/thepueblatimes.mx\/index.php\/wp-json\/wp\/v2\/tags?post=30682"}],"curies":[{"name":"wp","href":"https:\/\/api.w.org\/{rel}","templated":true}]}}