{"id":30679,"date":"2025-06-03T16:29:50","date_gmt":"2025-06-03T22:29:50","guid":{"rendered":"https:\/\/thepueblatimes.mx\/?p=30679"},"modified":"2025-06-03T16:29:50","modified_gmt":"2025-06-03T22:29:50","slug":"impulsa-smdif-paternidades-conscientes-mediante-nuevo-taller","status":"publish","type":"post","link":"https:\/\/thepueblatimes.mx\/index.php\/2025\/06\/03\/impulsa-smdif-paternidades-conscientes-mediante-nuevo-taller\/","title":{"rendered":"Impulsa SMDIF paternidades conscientes mediante nuevo taller"},"content":{"rendered":"<h3><strong><em>&#8211; La Unidad M\u00e9dica Integral tambi\u00e9n ofrece consultas psicol\u00f3gicas para las y los interesados en cuidar y procurar su salud mental de manera gratuita<\/em><\/strong><\/h3>\n<p>Puebla, Puebla. \u2013 En el marco del mes de Padre, el DIF Puebla Capital dio inicio al taller de \u201cPaternidades conscientes\u201d, dirigido principalmente a hombres interesados en fomentar lazos efectivos y afectivos de apego, comunicaci\u00f3n y armon\u00eda.<\/p>\n<p>El psic\u00f3logo Jorge Guzm\u00e1n, del departamento de Atenci\u00f3n Psicol\u00f3gica, ser\u00e1 el encargado de impartir este taller de acompa\u00f1amiento -a lo largo de 5 sesiones- en donde se abordar\u00e1n diferentes t\u00e9cnicas de crianza con el objetivo de identificar la forma en que influye la presencia de los pap\u00e1s en el desarrollo de las ni\u00f1as y ni\u00f1os, as\u00ed como la importancia de la comunicaci\u00f3n y valores que transmiten.<\/p>\n<p>\u201cEl taller de Paternidades Conscientes tiene el objetivo de que las personas, tanto pap\u00e1s como mam\u00e1s, puedan fomentar una crianza m\u00e1s saludable a la hora de tratar con sus hijos, haciendo una combinaci\u00f3n de l\u00edmites, reglas y disciplina, pero tambi\u00e9n con un componente afectivo muy importante\u201d, indic\u00f3 el especialista en salud mental.<\/p>\n<p>El taller se impartir\u00e1 los d\u00edas 10, 17 y 24 de junio, as\u00ed como el 1 y 8 de julio; en un horario de 13:00 a 14:00 horas, en la Unidad M\u00e9dica Integral de Servicios (UMI), ubicada en Av. Eduardo Cue Merlo 201, San Baltazar Campeche.<\/p>\n<p>\u201cLas personas que acudan al taller aprender\u00e1n a llevar una crianza enfocada en valores, aprender\u00e1n tambi\u00e9n a manejar los l\u00edmites y las reglas, a mejorar la comunicaci\u00f3n con sus hijos y tambi\u00e9n aprender\u00e1n a entender cu\u00e1les son los patrones de comportamiento que fallan a la hora de criar a los hijos\u201d, explic\u00f3 Jorge Guzm\u00e1n.<\/p>\n<p>Cabe se\u00f1alar que el SMDIF ofrece atenci\u00f3n y acompa\u00f1amiento psicol\u00f3gico en la UMI, de lunes a viernes, en un horario de 8:00 a 16:00 horas. Para mayores informes, se pueden comunicar al n\u00famero telef\u00f3nico 222 214 0000, ext. 220.<\/p>\n","protected":false},"excerpt":{"rendered":"<p>&#8211; La Unidad M\u00e9dica Integral tambi\u00e9n ofrece consultas psicol\u00f3gicas para las y los interesados en cuidar y procurar su salud mental de manera gratuita Puebla, Puebla. \u2013 En el marco del mes de Padre, el DIF Puebla Capital dio inicio al taller de \u201cPaternidades conscientes\u201d, dirigido principalmente a hombres interesados en fomentar lazos efectivos y&#8230;<\/p>\n","protected":false},"author":16,"featured_media":30680,"comment_status":"closed","ping_status":"closed","sticky":false,"template":"","format":"standard","meta":[],"categories":[20],"tags":[2425,3789,1616,3116],"yoast_head":"<!-- This site is optimized with the Yoast SEO plugin v20.8 - https:\/\/yoast.com\/wordpress\/plugins\/seo\/ -->\n<title>Impulsa SMDIF paternidades conscientes mediante nuevo taller - The Puebla Times<\/title>\n<meta name=\"robots\" content=\"index, follow, max-snippet:-1, max-image-preview:large, max-video-preview:-1\" \/>\n<link rel=\"canonical\" href=\"https:\/\/thepueblatimes.mx\/index.php\/2025\/06\/03\/impulsa-smdif-paternidades-conscientes-mediante-nuevo-taller\/\" \/>\n<meta property=\"og:locale\" content=\"es_ES\" \/>\n<meta property=\"og:type\" content=\"article\" \/>\n<meta property=\"og:title\" content=\"Impulsa SMDIF paternidades conscientes mediante nuevo taller - The Puebla Times\" \/>\n<meta property=\"og:description\" content=\"&#8211; La Unidad M\u00e9dica Integral tambi\u00e9n ofrece consultas psicol\u00f3gicas para las y los interesados en cuidar y procurar su salud mental de manera gratuita Puebla, Puebla. \u2013 En el marco del mes de Padre, el DIF Puebla Capital dio inicio al taller de \u201cPaternidades conscientes\u201d, dirigido principalmente a hombres interesados en fomentar lazos efectivos y...\" \/>\n<meta property=\"og:url\" content=\"https:\/\/thepueblatimes.mx\/index.php\/2025\/06\/03\/impulsa-smdif-paternidades-conscientes-mediante-nuevo-taller\/\" \/>\n<meta property=\"og:site_name\" content=\"The Puebla Times\" \/>\n<meta property=\"article:published_time\" content=\"2025-06-03T22:29:50+00:00\" \/>\n<meta property=\"og:image\" content=\"https:\/\/thepueblatimes.mx\/wp-content\/uploads\/2025\/06\/cdbd1826-77d9-4b77-8300-2a963832c643.jpg\" \/>\n\t<meta property=\"og:image:width\" content=\"1280\" \/>\n\t<meta property=\"og:image:height\" content=\"854\" \/>\n\t<meta property=\"og:image:type\" content=\"image\/jpeg\" \/>\n<meta name=\"author\" content=\"Sa\u00fal Hern\u00e1ndez\" \/>\n<meta name=\"twitter:card\" content=\"summary_large_image\" \/>\n<meta name=\"twitter:label1\" content=\"Escrito por\" \/>\n\t<meta name=\"twitter:data1\" content=\"Sa\u00fal Hern\u00e1ndez\" \/>\n\t<meta name=\"twitter:label2\" content=\"Tiempo de lectura\" \/>\n\t<meta name=\"twitter:data2\" content=\"2 minutos\" \/>\n<script type=\"application\/ld+json\" class=\"yoast-schema-graph\">{\"@context\":\"https:\/\/schema.org\",\"@graph\":[{\"@type\":\"WebPage\",\"@id\":\"https:\/\/thepueblatimes.mx\/index.php\/2025\/06\/03\/impulsa-smdif-paternidades-conscientes-mediante-nuevo-taller\/\",\"url\":\"https:\/\/thepueblatimes.mx\/index.php\/2025\/06\/03\/impulsa-smdif-paternidades-conscientes-mediante-nuevo-taller\/\",\"name\":\"Impulsa SMDIF paternidades conscientes mediante nuevo taller - The Puebla Times\",\"isPartOf\":{\"@id\":\"https:\/\/thepueblatimes.mx\/#website\"},\"datePublished\":\"2025-06-03T22:29:50+00:00\",\"dateModified\":\"2025-06-03T22:29:50+00:00\",\"author\":{\"@id\":\"https:\/\/thepueblatimes.mx\/#\/schema\/person\/1664894c2f65ce2c7a08d8f5f905c13c\"},\"breadcrumb\":{\"@id\":\"https:\/\/thepueblatimes.mx\/index.php\/2025\/06\/03\/impulsa-smdif-paternidades-conscientes-mediante-nuevo-taller\/#breadcrumb\"},\"inLanguage\":\"es\",\"potentialAction\":[{\"@type\":\"ReadAction\",\"target\":[\"https:\/\/thepueblatimes.mx\/index.php\/2025\/06\/03\/impulsa-smdif-paternidades-conscientes-mediante-nuevo-taller\/\"]}]},{\"@type\":\"BreadcrumbList\",\"@id\":\"https:\/\/thepueblatimes.mx\/index.php\/2025\/06\/03\/impulsa-smdif-paternidades-conscientes-mediante-nuevo-taller\/#breadcrumb\",\"itemListElement\":[{\"@type\":\"ListItem\",\"position\":1,\"name\":\"Portada\",\"item\":\"https:\/\/thepueblatimes.mx\/\"},{\"@type\":\"ListItem\",\"position\":2,\"name\":\"Impulsa SMDIF paternidades conscientes mediante nuevo taller\"}]},{\"@type\":\"WebSite\",\"@id\":\"https:\/\/thepueblatimes.mx\/#website\",\"url\":\"https:\/\/thepueblatimes.mx\/\",\"name\":\"The Puebla Times\",\"description\":\"Noticias del Estado de Puebla\",\"potentialAction\":[{\"@type\":\"SearchAction\",\"target\":{\"@type\":\"EntryPoint\",\"urlTemplate\":\"https:\/\/thepueblatimes.mx\/?s={search_term_string}\"},\"query-input\":\"required name=search_term_string\"}],\"inLanguage\":\"es\"},{\"@type\":\"Person\",\"@id\":\"https:\/\/thepueblatimes.mx\/#\/schema\/person\/1664894c2f65ce2c7a08d8f5f905c13c\",\"name\":\"Sa\u00fal Hern\u00e1ndez\",\"image\":{\"@type\":\"ImageObject\",\"inLanguage\":\"es\",\"@id\":\"https:\/\/thepueblatimes.mx\/#\/schema\/person\/image\/\",\"url\":\"https:\/\/secure.gravatar.com\/avatar\/11be338693f243309532caad8f10c930?s=96&d=mm&r=g\",\"contentUrl\":\"https:\/\/secure.gravatar.com\/avatar\/11be338693f243309532caad8f10c930?s=96&d=mm&r=g\",\"caption\":\"Sa\u00fal Hern\u00e1ndez\"},\"url\":\"https:\/\/thepueblatimes.mx\/index.php\/author\/saulhernandez\/\"}]}<\/script>\n<!-- \/ Yoast SEO plugin. -->","yoast_head_json":{"title":"Impulsa SMDIF paternidades conscientes mediante nuevo taller - The Puebla Times","robots":{"index":"index","follow":"follow","max-snippet":"max-snippet:-1","max-image-preview":"max-image-preview:large","max-video-preview":"max-video-preview:-1"},"canonical":"https:\/\/thepueblatimes.mx\/index.php\/2025\/06\/03\/impulsa-smdif-paternidades-conscientes-mediante-nuevo-taller\/","og_locale":"es_ES","og_type":"article","og_title":"Impulsa SMDIF paternidades conscientes mediante nuevo taller - The Puebla Times","og_description":"&#8211; La Unidad M\u00e9dica Integral tambi\u00e9n ofrece consultas psicol\u00f3gicas para las y los interesados en cuidar y procurar su salud mental de manera gratuita Puebla, Puebla. \u2013 En el marco del mes de Padre, el DIF Puebla Capital dio inicio al taller de \u201cPaternidades conscientes\u201d, dirigido principalmente a hombres interesados en fomentar lazos efectivos y...","og_url":"https:\/\/thepueblatimes.mx\/index.php\/2025\/06\/03\/impulsa-smdif-paternidades-conscientes-mediante-nuevo-taller\/","og_site_name":"The Puebla Times","article_published_time":"2025-06-03T22:29:50+00:00","og_image":[{"width":1280,"height":854,"url":"https:\/\/thepueblatimes.mx\/wp-content\/uploads\/2025\/06\/cdbd1826-77d9-4b77-8300-2a963832c643.jpg","type":"image\/jpeg"}],"author":"Sa\u00fal Hern\u00e1ndez","twitter_card":"summary_large_image","twitter_misc":{"Escrito por":"Sa\u00fal Hern\u00e1ndez","Tiempo de lectura":"2 minutos"},"schema":{"@context":"https:\/\/schema.org","@graph":[{"@type":"WebPage","@id":"https:\/\/thepueblatimes.mx\/index.php\/2025\/06\/03\/impulsa-smdif-paternidades-conscientes-mediante-nuevo-taller\/","url":"https:\/\/thepueblatimes.mx\/index.php\/2025\/06\/03\/impulsa-smdif-paternidades-conscientes-mediante-nuevo-taller\/","name":"Impulsa SMDIF paternidades conscientes mediante nuevo taller - The Puebla Times","isPartOf":{"@id":"https:\/\/thepueblatimes.mx\/#website"},"datePublished":"2025-06-03T22:29:50+00:00","dateModified":"2025-06-03T22:29:50+00:00","author":{"@id":"https:\/\/thepueblatimes.mx\/#\/schema\/person\/1664894c2f65ce2c7a08d8f5f905c13c"},"breadcrumb":{"@id":"https:\/\/thepueblatimes.mx\/index.php\/2025\/06\/03\/impulsa-smdif-paternidades-conscientes-mediante-nuevo-taller\/#breadcrumb"},"inLanguage":"es","potentialAction":[{"@type":"ReadAction","target":["https:\/\/thepueblatimes.mx\/index.php\/2025\/06\/03\/impulsa-smdif-paternidades-conscientes-mediante-nuevo-taller\/"]}]},{"@type":"BreadcrumbList","@id":"https:\/\/thepueblatimes.mx\/index.php\/2025\/06\/03\/impulsa-smdif-paternidades-conscientes-mediante-nuevo-taller\/#breadcrumb","itemListElement":[{"@type":"ListItem","position":1,"name":"Portada","item":"https:\/\/thepueblatimes.mx\/"},{"@type":"ListItem","position":2,"name":"Impulsa SMDIF paternidades conscientes mediante nuevo taller"}]},{"@type":"WebSite","@id":"https:\/\/thepueblatimes.mx\/#website","url":"https:\/\/thepueblatimes.mx\/","name":"The Puebla Times","description":"Noticias del Estado de Puebla","potentialAction":[{"@type":"SearchAction","target":{"@type":"EntryPoint","urlTemplate":"https:\/\/thepueblatimes.mx\/?s={search_term_string}"},"query-input":"required name=search_term_string"}],"inLanguage":"es"},{"@type":"Person","@id":"https:\/\/thepueblatimes.mx\/#\/schema\/person\/1664894c2f65ce2c7a08d8f5f905c13c","name":"Sa\u00fal Hern\u00e1ndez","image":{"@type":"ImageObject","inLanguage":"es","@id":"https:\/\/thepueblatimes.mx\/#\/schema\/person\/image\/","url":"https:\/\/secure.gravatar.com\/avatar\/11be338693f243309532caad8f10c930?s=96&d=mm&r=g","contentUrl":"https:\/\/secure.gravatar.com\/avatar\/11be338693f243309532caad8f10c930?s=96&d=mm&r=g","caption":"Sa\u00fal Hern\u00e1ndez"},"url":"https:\/\/thepueblatimes.mx\/index.php\/author\/saulhernandez\/"}]}},"jetpack_featured_media_url":"https:\/\/thepueblatimes.mx\/wp-content\/uploads\/2025\/06\/cdbd1826-77d9-4b77-8300-2a963832c643.jpg","_links":{"self":[{"href":"https:\/\/thepueblatimes.mx\/index.php\/wp-json\/wp\/v2\/posts\/30679"}],"collection":[{"href":"https:\/\/thepueblatimes.mx\/index.php\/wp-json\/wp\/v2\/posts"}],"about":[{"href":"https:\/\/thepueblatimes.mx\/index.php\/wp-json\/wp\/v2\/types\/post"}],"author":[{"embeddable":true,"href":"https:\/\/thepueblatimes.mx\/index.php\/wp-json\/wp\/v2\/users\/16"}],"replies":[{"embeddable":true,"href":"https:\/\/thepueblatimes.mx\/index.php\/wp-json\/wp\/v2\/comments?post=30679"}],"version-history":[{"count":1,"href":"https:\/\/thepueblatimes.mx\/index.php\/wp-json\/wp\/v2\/posts\/30679\/revisions"}],"predecessor-version":[{"id":30681,"href":"https:\/\/thepueblatimes.mx\/index.php\/wp-json\/wp\/v2\/posts\/30679\/revisions\/30681"}],"wp:featuredmedia":[{"embeddable":true,"href":"https:\/\/thepueblatimes.mx\/index.php\/wp-json\/wp\/v2\/media\/30680"}],"wp:attachment":[{"href":"https:\/\/thepueblatimes.mx\/index.php\/wp-json\/wp\/v2\/media?parent=30679"}],"wp:term":[{"taxonomy":"category","embeddable":true,"href":"https:\/\/thepueblatimes.mx\/index.php\/wp-json\/wp\/v2\/categories?post=30679"},{"taxonomy":"post_tag","embeddable":true,"href":"https:\/\/thepueblatimes.mx\/index.php\/wp-json\/wp\/v2\/tags?post=30679"}],"curies":[{"name":"wp","href":"https:\/\/api.w.org\/{rel}","templated":true}]}}