{"id":30642,"date":"2025-06-02T17:44:22","date_gmt":"2025-06-02T23:44:22","guid":{"rendered":"https:\/\/thepueblatimes.mx\/?p=30642"},"modified":"2025-06-02T17:44:22","modified_gmt":"2025-06-02T23:44:22","slug":"destaca-laura-artemisa-garcia-proceso-democratico-en-la-eleccion-del-poder-judicial","status":"publish","type":"post","link":"https:\/\/thepueblatimes.mx\/index.php\/2025\/06\/02\/destaca-laura-artemisa-garcia-proceso-democratico-en-la-eleccion-del-poder-judicial\/","title":{"rendered":"Destaca Laura Artemisa Garc\u00eda proceso democr\u00e1tico en la elecci\u00f3n del Poder Judicial"},"content":{"rendered":"<h3><em>&#8211; Pide a municipios ejercer recursos con total transparencia y en necesidades de la poblaci\u00f3n <\/em><\/h3>\n<p>La presidenta de la Junta de Gobierno y Coordinaci\u00f3n Pol\u00edtica del Congreso del Estado, Laura Artemisa Garc\u00eda Ch\u00e1vez destac\u00f3 la trascendencia de las recientes elecciones del Poder Judicial, pues fortalecen la democracia y la ciudan\u00eda contar\u00e1 con juzgadores cercanos a la gente.<\/p>\n<p>&nbsp;<\/p>\n<p>En rueda de prensa, acompa\u00f1ada del encargado de despacho de la Auditor\u00eda Superior del Estado, Francisco Fidel Teomitzi S\u00e1nchez, la diputada tambi\u00e9n exhort\u00f3 a las y los presidentes municipales a llevar a cabo un correcto ejercicio de los recursos, a que exista transparencia y planeaci\u00f3n de las acciones que se realizan en beneficio de la ciudadan\u00eda.<\/p>\n<p>&nbsp;<\/p>\n<p>\u201cEs muy importante puntualizar este ejercicio de revisi\u00f3n de recursos que se ocupan en cada uno de los municipios; debe existir total transparencia, pero sobre todo debe haber una planeaci\u00f3n que responda a las necesidades de la poblaci\u00f3n, no obras fara\u00f3nicas, en las que \u00fanicamente unos cuantos son beneficiados y no responden a una verdadera necesidad\u201d, expres\u00f3.<\/p>\n<p>&nbsp;<\/p>\n<p>Por lo anterior, la diputada presidenta del Congreso tambi\u00e9n hizo un llamado a fortalecer la seguridad, bacheo y limpieza en municipios, pues la ciudadan\u00eda requiere respuestas concretas a sus exigencias.<\/p>\n<p>&nbsp;<\/p>\n<p>Durante la rueda de prensa estuvieron presentes las diputadas Laura Guadalupe Vargas Vargas, Nayeli Salvatori Bojalil, P\u00e1vel Gaspar Ram\u00edrez, Julio Miguel Huerta G\u00f3mez y Andr\u00e9s Iv\u00e1n Villegas Mendoza.<\/p>\n","protected":false},"excerpt":{"rendered":"<p>&#8211; Pide a municipios ejercer recursos con total transparencia y en necesidades de la poblaci\u00f3n La presidenta de la Junta de Gobierno y Coordinaci\u00f3n Pol\u00edtica del Congreso del Estado, Laura Artemisa Garc\u00eda Ch\u00e1vez destac\u00f3 la trascendencia de las recientes elecciones del Poder Judicial, pues fortalecen la democracia y la ciudan\u00eda contar\u00e1 con juzgadores cercanos a&#8230;<\/p>\n","protected":false},"author":16,"featured_media":30644,"comment_status":"closed","ping_status":"closed","sticky":false,"template":"","format":"standard","meta":[],"categories":[3],"tags":[1480,1271],"yoast_head":"<!-- This site is optimized with the Yoast SEO plugin v20.8 - https:\/\/yoast.com\/wordpress\/plugins\/seo\/ -->\n<title>Destaca Laura Artemisa Garc\u00eda proceso democr\u00e1tico en la elecci\u00f3n del Poder Judicial - The Puebla Times<\/title>\n<meta name=\"robots\" content=\"index, follow, max-snippet:-1, max-image-preview:large, max-video-preview:-1\" \/>\n<link rel=\"canonical\" href=\"https:\/\/thepueblatimes.mx\/index.php\/2025\/06\/02\/destaca-laura-artemisa-garcia-proceso-democratico-en-la-eleccion-del-poder-judicial\/\" \/>\n<meta property=\"og:locale\" content=\"es_ES\" \/>\n<meta property=\"og:type\" content=\"article\" \/>\n<meta property=\"og:title\" content=\"Destaca Laura Artemisa Garc\u00eda proceso democr\u00e1tico en la elecci\u00f3n del Poder Judicial - The Puebla Times\" \/>\n<meta property=\"og:description\" content=\"&#8211; Pide a municipios ejercer recursos con total transparencia y en necesidades de la poblaci\u00f3n La presidenta de la Junta de Gobierno y Coordinaci\u00f3n Pol\u00edtica del Congreso del Estado, Laura Artemisa Garc\u00eda Ch\u00e1vez destac\u00f3 la trascendencia de las recientes elecciones del Poder Judicial, pues fortalecen la democracia y la ciudan\u00eda contar\u00e1 con juzgadores cercanos a...\" \/>\n<meta property=\"og:url\" content=\"https:\/\/thepueblatimes.mx\/index.php\/2025\/06\/02\/destaca-laura-artemisa-garcia-proceso-democratico-en-la-eleccion-del-poder-judicial\/\" \/>\n<meta property=\"og:site_name\" content=\"The Puebla Times\" \/>\n<meta property=\"article:published_time\" content=\"2025-06-02T23:44:22+00:00\" \/>\n<meta property=\"og:image\" content=\"https:\/\/thepueblatimes.mx\/wp-content\/uploads\/2025\/06\/decb0091-8fa9-4eae-8b4b-281c4b16c134.jpg\" \/>\n\t<meta property=\"og:image:width\" content=\"2560\" \/>\n\t<meta property=\"og:image:height\" content=\"1706\" \/>\n\t<meta property=\"og:image:type\" content=\"image\/jpeg\" \/>\n<meta name=\"author\" content=\"Sa\u00fal Hern\u00e1ndez\" \/>\n<meta name=\"twitter:card\" content=\"summary_large_image\" \/>\n<meta name=\"twitter:label1\" content=\"Escrito por\" \/>\n\t<meta name=\"twitter:data1\" content=\"Sa\u00fal Hern\u00e1ndez\" \/>\n\t<meta name=\"twitter:label2\" content=\"Tiempo de lectura\" \/>\n\t<meta name=\"twitter:data2\" content=\"2 minutos\" \/>\n<script type=\"application\/ld+json\" class=\"yoast-schema-graph\">{\"@context\":\"https:\/\/schema.org\",\"@graph\":[{\"@type\":\"WebPage\",\"@id\":\"https:\/\/thepueblatimes.mx\/index.php\/2025\/06\/02\/destaca-laura-artemisa-garcia-proceso-democratico-en-la-eleccion-del-poder-judicial\/\",\"url\":\"https:\/\/thepueblatimes.mx\/index.php\/2025\/06\/02\/destaca-laura-artemisa-garcia-proceso-democratico-en-la-eleccion-del-poder-judicial\/\",\"name\":\"Destaca Laura Artemisa Garc\u00eda proceso democr\u00e1tico en la elecci\u00f3n del Poder Judicial - The Puebla Times\",\"isPartOf\":{\"@id\":\"https:\/\/thepueblatimes.mx\/#website\"},\"datePublished\":\"2025-06-02T23:44:22+00:00\",\"dateModified\":\"2025-06-02T23:44:22+00:00\",\"author\":{\"@id\":\"https:\/\/thepueblatimes.mx\/#\/schema\/person\/1664894c2f65ce2c7a08d8f5f905c13c\"},\"breadcrumb\":{\"@id\":\"https:\/\/thepueblatimes.mx\/index.php\/2025\/06\/02\/destaca-laura-artemisa-garcia-proceso-democratico-en-la-eleccion-del-poder-judicial\/#breadcrumb\"},\"inLanguage\":\"es\",\"potentialAction\":[{\"@type\":\"ReadAction\",\"target\":[\"https:\/\/thepueblatimes.mx\/index.php\/2025\/06\/02\/destaca-laura-artemisa-garcia-proceso-democratico-en-la-eleccion-del-poder-judicial\/\"]}]},{\"@type\":\"BreadcrumbList\",\"@id\":\"https:\/\/thepueblatimes.mx\/index.php\/2025\/06\/02\/destaca-laura-artemisa-garcia-proceso-democratico-en-la-eleccion-del-poder-judicial\/#breadcrumb\",\"itemListElement\":[{\"@type\":\"ListItem\",\"position\":1,\"name\":\"Portada\",\"item\":\"https:\/\/thepueblatimes.mx\/\"},{\"@type\":\"ListItem\",\"position\":2,\"name\":\"Destaca Laura Artemisa Garc\u00eda proceso democr\u00e1tico en la elecci\u00f3n del Poder Judicial\"}]},{\"@type\":\"WebSite\",\"@id\":\"https:\/\/thepueblatimes.mx\/#website\",\"url\":\"https:\/\/thepueblatimes.mx\/\",\"name\":\"The Puebla Times\",\"description\":\"Noticias del Estado de Puebla\",\"potentialAction\":[{\"@type\":\"SearchAction\",\"target\":{\"@type\":\"EntryPoint\",\"urlTemplate\":\"https:\/\/thepueblatimes.mx\/?s={search_term_string}\"},\"query-input\":\"required name=search_term_string\"}],\"inLanguage\":\"es\"},{\"@type\":\"Person\",\"@id\":\"https:\/\/thepueblatimes.mx\/#\/schema\/person\/1664894c2f65ce2c7a08d8f5f905c13c\",\"name\":\"Sa\u00fal Hern\u00e1ndez\",\"image\":{\"@type\":\"ImageObject\",\"inLanguage\":\"es\",\"@id\":\"https:\/\/thepueblatimes.mx\/#\/schema\/person\/image\/\",\"url\":\"https:\/\/secure.gravatar.com\/avatar\/11be338693f243309532caad8f10c930?s=96&d=mm&r=g\",\"contentUrl\":\"https:\/\/secure.gravatar.com\/avatar\/11be338693f243309532caad8f10c930?s=96&d=mm&r=g\",\"caption\":\"Sa\u00fal Hern\u00e1ndez\"},\"url\":\"https:\/\/thepueblatimes.mx\/index.php\/author\/saulhernandez\/\"}]}<\/script>\n<!-- \/ Yoast SEO plugin. -->","yoast_head_json":{"title":"Destaca Laura Artemisa Garc\u00eda proceso democr\u00e1tico en la elecci\u00f3n del Poder Judicial - The Puebla Times","robots":{"index":"index","follow":"follow","max-snippet":"max-snippet:-1","max-image-preview":"max-image-preview:large","max-video-preview":"max-video-preview:-1"},"canonical":"https:\/\/thepueblatimes.mx\/index.php\/2025\/06\/02\/destaca-laura-artemisa-garcia-proceso-democratico-en-la-eleccion-del-poder-judicial\/","og_locale":"es_ES","og_type":"article","og_title":"Destaca Laura Artemisa Garc\u00eda proceso democr\u00e1tico en la elecci\u00f3n del Poder Judicial - The Puebla Times","og_description":"&#8211; Pide a municipios ejercer recursos con total transparencia y en necesidades de la poblaci\u00f3n La presidenta de la Junta de Gobierno y Coordinaci\u00f3n Pol\u00edtica del Congreso del Estado, Laura Artemisa Garc\u00eda Ch\u00e1vez destac\u00f3 la trascendencia de las recientes elecciones del Poder Judicial, pues fortalecen la democracia y la ciudan\u00eda contar\u00e1 con juzgadores cercanos a...","og_url":"https:\/\/thepueblatimes.mx\/index.php\/2025\/06\/02\/destaca-laura-artemisa-garcia-proceso-democratico-en-la-eleccion-del-poder-judicial\/","og_site_name":"The Puebla Times","article_published_time":"2025-06-02T23:44:22+00:00","og_image":[{"width":2560,"height":1706,"url":"https:\/\/thepueblatimes.mx\/wp-content\/uploads\/2025\/06\/decb0091-8fa9-4eae-8b4b-281c4b16c134.jpg","type":"image\/jpeg"}],"author":"Sa\u00fal Hern\u00e1ndez","twitter_card":"summary_large_image","twitter_misc":{"Escrito por":"Sa\u00fal Hern\u00e1ndez","Tiempo de lectura":"2 minutos"},"schema":{"@context":"https:\/\/schema.org","@graph":[{"@type":"WebPage","@id":"https:\/\/thepueblatimes.mx\/index.php\/2025\/06\/02\/destaca-laura-artemisa-garcia-proceso-democratico-en-la-eleccion-del-poder-judicial\/","url":"https:\/\/thepueblatimes.mx\/index.php\/2025\/06\/02\/destaca-laura-artemisa-garcia-proceso-democratico-en-la-eleccion-del-poder-judicial\/","name":"Destaca Laura Artemisa Garc\u00eda proceso democr\u00e1tico en la elecci\u00f3n del Poder Judicial - The Puebla Times","isPartOf":{"@id":"https:\/\/thepueblatimes.mx\/#website"},"datePublished":"2025-06-02T23:44:22+00:00","dateModified":"2025-06-02T23:44:22+00:00","author":{"@id":"https:\/\/thepueblatimes.mx\/#\/schema\/person\/1664894c2f65ce2c7a08d8f5f905c13c"},"breadcrumb":{"@id":"https:\/\/thepueblatimes.mx\/index.php\/2025\/06\/02\/destaca-laura-artemisa-garcia-proceso-democratico-en-la-eleccion-del-poder-judicial\/#breadcrumb"},"inLanguage":"es","potentialAction":[{"@type":"ReadAction","target":["https:\/\/thepueblatimes.mx\/index.php\/2025\/06\/02\/destaca-laura-artemisa-garcia-proceso-democratico-en-la-eleccion-del-poder-judicial\/"]}]},{"@type":"BreadcrumbList","@id":"https:\/\/thepueblatimes.mx\/index.php\/2025\/06\/02\/destaca-laura-artemisa-garcia-proceso-democratico-en-la-eleccion-del-poder-judicial\/#breadcrumb","itemListElement":[{"@type":"ListItem","position":1,"name":"Portada","item":"https:\/\/thepueblatimes.mx\/"},{"@type":"ListItem","position":2,"name":"Destaca Laura Artemisa Garc\u00eda proceso democr\u00e1tico en la elecci\u00f3n del Poder Judicial"}]},{"@type":"WebSite","@id":"https:\/\/thepueblatimes.mx\/#website","url":"https:\/\/thepueblatimes.mx\/","name":"The Puebla Times","description":"Noticias del Estado de Puebla","potentialAction":[{"@type":"SearchAction","target":{"@type":"EntryPoint","urlTemplate":"https:\/\/thepueblatimes.mx\/?s={search_term_string}"},"query-input":"required name=search_term_string"}],"inLanguage":"es"},{"@type":"Person","@id":"https:\/\/thepueblatimes.mx\/#\/schema\/person\/1664894c2f65ce2c7a08d8f5f905c13c","name":"Sa\u00fal Hern\u00e1ndez","image":{"@type":"ImageObject","inLanguage":"es","@id":"https:\/\/thepueblatimes.mx\/#\/schema\/person\/image\/","url":"https:\/\/secure.gravatar.com\/avatar\/11be338693f243309532caad8f10c930?s=96&d=mm&r=g","contentUrl":"https:\/\/secure.gravatar.com\/avatar\/11be338693f243309532caad8f10c930?s=96&d=mm&r=g","caption":"Sa\u00fal Hern\u00e1ndez"},"url":"https:\/\/thepueblatimes.mx\/index.php\/author\/saulhernandez\/"}]}},"jetpack_featured_media_url":"https:\/\/thepueblatimes.mx\/wp-content\/uploads\/2025\/06\/decb0091-8fa9-4eae-8b4b-281c4b16c134.jpg","_links":{"self":[{"href":"https:\/\/thepueblatimes.mx\/index.php\/wp-json\/wp\/v2\/posts\/30642"}],"collection":[{"href":"https:\/\/thepueblatimes.mx\/index.php\/wp-json\/wp\/v2\/posts"}],"about":[{"href":"https:\/\/thepueblatimes.mx\/index.php\/wp-json\/wp\/v2\/types\/post"}],"author":[{"embeddable":true,"href":"https:\/\/thepueblatimes.mx\/index.php\/wp-json\/wp\/v2\/users\/16"}],"replies":[{"embeddable":true,"href":"https:\/\/thepueblatimes.mx\/index.php\/wp-json\/wp\/v2\/comments?post=30642"}],"version-history":[{"count":1,"href":"https:\/\/thepueblatimes.mx\/index.php\/wp-json\/wp\/v2\/posts\/30642\/revisions"}],"predecessor-version":[{"id":30645,"href":"https:\/\/thepueblatimes.mx\/index.php\/wp-json\/wp\/v2\/posts\/30642\/revisions\/30645"}],"wp:featuredmedia":[{"embeddable":true,"href":"https:\/\/thepueblatimes.mx\/index.php\/wp-json\/wp\/v2\/media\/30644"}],"wp:attachment":[{"href":"https:\/\/thepueblatimes.mx\/index.php\/wp-json\/wp\/v2\/media?parent=30642"}],"wp:term":[{"taxonomy":"category","embeddable":true,"href":"https:\/\/thepueblatimes.mx\/index.php\/wp-json\/wp\/v2\/categories?post=30642"},{"taxonomy":"post_tag","embeddable":true,"href":"https:\/\/thepueblatimes.mx\/index.php\/wp-json\/wp\/v2\/tags?post=30642"}],"curies":[{"name":"wp","href":"https:\/\/api.w.org\/{rel}","templated":true}]}}