{"id":30627,"date":"2025-06-02T13:46:04","date_gmt":"2025-06-02T19:46:04","guid":{"rendered":"https:\/\/thepueblatimes.mx\/?p=30627"},"modified":"2025-06-02T13:46:04","modified_gmt":"2025-06-02T19:46:04","slug":"isaac-del-toro-orgullo-nacional-sheinbaum-celebra-su-historica-actuacion-en-el-giro-de-italia-2025","status":"publish","type":"post","link":"https:\/\/thepueblatimes.mx\/index.php\/2025\/06\/02\/isaac-del-toro-orgullo-nacional-sheinbaum-celebra-su-historica-actuacion-en-el-giro-de-italia-2025\/","title":{"rendered":"Isaac del Toro, orgullo nacional: Sheinbaum celebra su hist\u00f3rica actuaci\u00f3n en el Giro de Italia 2025"},"content":{"rendered":"<p data-start=\"214\" data-end=\"657\">Con palabras de admiraci\u00f3n y orgullo, la presidenta Claudia Sheinbaum felicit\u00f3 al joven ciclista mexicano Isaac del Toro, quien hizo historia al coronarse subcampe\u00f3n del Giro de Italia 2025. En su conferencia matutina de este lunes, la mandataria reconoci\u00f3 el esfuerzo del deportista bajacaliforniano, destacando su talento, determinaci\u00f3n y el impacto positivo que genera entre la juventud mexicana.<\/p>\n<p data-start=\"659\" data-end=\"905\">\u201cFelicitarle, tiene 21 a\u00f1os, nunca M\u00e9xico hab\u00eda estado en esa posici\u00f3n (\u2026) Un joven muy echado para adelante, mucho ejemplo a los j\u00f3venes de M\u00e9xico, a las j\u00f3venes\u201d, expres\u00f3 Sheinbaum durante \u201cLas ma\u00f1aneras del pueblo\u201d, desde Palacio Nacional.<\/p>\n<p data-start=\"907\" data-end=\"1256\">Isaac del Toro, quien con apenas 21 a\u00f1os logr\u00f3 posicionarse como uno de los mejores ciclistas del mundo, ha sido motivo de orgullo para todo el pa\u00eds. Su haza\u00f1a, in\u00e9dita para M\u00e9xico en esta emblem\u00e1tica competencia europea, fue reconocida por la jefa del Ejecutivo como un reflejo de lo que puede lograrse con disciplina, pasi\u00f3n y apoyo institucional.<\/p>\n<p data-start=\"1258\" data-end=\"1653\">Sheinbaum subray\u00f3 que su gobierno trabaja activamente en la promoci\u00f3n del deporte, especialmente desde un enfoque social, con el objetivo de descubrir y apoyar a nuevos talentos en distintas disciplinas. \u201cEstamos trabajando para impulsar el deporte en muchos sentidos, desde el deporte social, que es de donde tienen que surgir los semilleros para el deporte profesional y ol\u00edmpico\u201d, afirm\u00f3.<\/p>\n<p data-start=\"1655\" data-end=\"1875\">Finalmente, la presidenta reiter\u00f3 su felicitaci\u00f3n al joven ciclista y lo se\u00f1al\u00f3 como un modelo a seguir para las nuevas generaciones. \u201cMuchas felicidades a Isaac del Toro. Nos llena de orgullo y esperanza\u201d, concluy\u00f3.<\/p>\n","protected":false},"excerpt":{"rendered":"<p>Con palabras de admiraci\u00f3n y orgullo, la presidenta Claudia Sheinbaum felicit\u00f3 al joven ciclista mexicano Isaac del Toro, quien hizo historia al coronarse subcampe\u00f3n del Giro de Italia 2025. En su conferencia matutina de este lunes, la mandataria reconoci\u00f3 el esfuerzo del deportista bajacaliforniano, destacando su talento, determinaci\u00f3n y el impacto positivo que genera entre&#8230;<\/p>\n","protected":false},"author":16,"featured_media":30628,"comment_status":"closed","ping_status":"closed","sticky":false,"template":"","format":"standard","meta":[],"categories":[2],"tags":[1334,303,3733,3732],"yoast_head":"<!-- This site is optimized with the Yoast SEO plugin v20.8 - https:\/\/yoast.com\/wordpress\/plugins\/seo\/ -->\n<title>Isaac del Toro, orgullo nacional: Sheinbaum celebra su hist\u00f3rica actuaci\u00f3n en el Giro de Italia 2025 - The Puebla Times<\/title>\n<meta name=\"robots\" content=\"index, follow, max-snippet:-1, max-image-preview:large, max-video-preview:-1\" \/>\n<link rel=\"canonical\" href=\"https:\/\/thepueblatimes.mx\/index.php\/2025\/06\/02\/isaac-del-toro-orgullo-nacional-sheinbaum-celebra-su-historica-actuacion-en-el-giro-de-italia-2025\/\" \/>\n<meta property=\"og:locale\" content=\"es_ES\" \/>\n<meta property=\"og:type\" content=\"article\" \/>\n<meta property=\"og:title\" content=\"Isaac del Toro, orgullo nacional: Sheinbaum celebra su hist\u00f3rica actuaci\u00f3n en el Giro de Italia 2025 - The Puebla Times\" \/>\n<meta property=\"og:description\" content=\"Con palabras de admiraci\u00f3n y orgullo, la presidenta Claudia Sheinbaum felicit\u00f3 al joven ciclista mexicano Isaac del Toro, quien hizo historia al coronarse subcampe\u00f3n del Giro de Italia 2025. En su conferencia matutina de este lunes, la mandataria reconoci\u00f3 el esfuerzo del deportista bajacaliforniano, destacando su talento, determinaci\u00f3n y el impacto positivo que genera entre...\" \/>\n<meta property=\"og:url\" content=\"https:\/\/thepueblatimes.mx\/index.php\/2025\/06\/02\/isaac-del-toro-orgullo-nacional-sheinbaum-celebra-su-historica-actuacion-en-el-giro-de-italia-2025\/\" \/>\n<meta property=\"og:site_name\" content=\"The Puebla Times\" \/>\n<meta property=\"article:published_time\" content=\"2025-06-02T19:46:04+00:00\" \/>\n<meta property=\"og:image\" content=\"https:\/\/thepueblatimes.mx\/wp-content\/uploads\/2025\/06\/f776x436-643542_691893_4944.webp\" \/>\n\t<meta property=\"og:image:width\" content=\"776\" \/>\n\t<meta property=\"og:image:height\" content=\"436\" \/>\n\t<meta property=\"og:image:type\" content=\"image\/webp\" \/>\n<meta name=\"author\" content=\"Sa\u00fal Hern\u00e1ndez\" \/>\n<meta name=\"twitter:card\" content=\"summary_large_image\" \/>\n<meta name=\"twitter:label1\" content=\"Escrito por\" \/>\n\t<meta name=\"twitter:data1\" content=\"Sa\u00fal Hern\u00e1ndez\" \/>\n\t<meta name=\"twitter:label2\" content=\"Tiempo de lectura\" \/>\n\t<meta name=\"twitter:data2\" content=\"2 minutos\" \/>\n<script type=\"application\/ld+json\" class=\"yoast-schema-graph\">{\"@context\":\"https:\/\/schema.org\",\"@graph\":[{\"@type\":\"WebPage\",\"@id\":\"https:\/\/thepueblatimes.mx\/index.php\/2025\/06\/02\/isaac-del-toro-orgullo-nacional-sheinbaum-celebra-su-historica-actuacion-en-el-giro-de-italia-2025\/\",\"url\":\"https:\/\/thepueblatimes.mx\/index.php\/2025\/06\/02\/isaac-del-toro-orgullo-nacional-sheinbaum-celebra-su-historica-actuacion-en-el-giro-de-italia-2025\/\",\"name\":\"Isaac del Toro, orgullo nacional: Sheinbaum celebra su hist\u00f3rica actuaci\u00f3n en el Giro de Italia 2025 - The Puebla Times\",\"isPartOf\":{\"@id\":\"https:\/\/thepueblatimes.mx\/#website\"},\"datePublished\":\"2025-06-02T19:46:04+00:00\",\"dateModified\":\"2025-06-02T19:46:04+00:00\",\"author\":{\"@id\":\"https:\/\/thepueblatimes.mx\/#\/schema\/person\/1664894c2f65ce2c7a08d8f5f905c13c\"},\"breadcrumb\":{\"@id\":\"https:\/\/thepueblatimes.mx\/index.php\/2025\/06\/02\/isaac-del-toro-orgullo-nacional-sheinbaum-celebra-su-historica-actuacion-en-el-giro-de-italia-2025\/#breadcrumb\"},\"inLanguage\":\"es\",\"potentialAction\":[{\"@type\":\"ReadAction\",\"target\":[\"https:\/\/thepueblatimes.mx\/index.php\/2025\/06\/02\/isaac-del-toro-orgullo-nacional-sheinbaum-celebra-su-historica-actuacion-en-el-giro-de-italia-2025\/\"]}]},{\"@type\":\"BreadcrumbList\",\"@id\":\"https:\/\/thepueblatimes.mx\/index.php\/2025\/06\/02\/isaac-del-toro-orgullo-nacional-sheinbaum-celebra-su-historica-actuacion-en-el-giro-de-italia-2025\/#breadcrumb\",\"itemListElement\":[{\"@type\":\"ListItem\",\"position\":1,\"name\":\"Portada\",\"item\":\"https:\/\/thepueblatimes.mx\/\"},{\"@type\":\"ListItem\",\"position\":2,\"name\":\"Isaac del Toro, orgullo nacional: Sheinbaum celebra su hist\u00f3rica actuaci\u00f3n en el Giro de Italia 2025\"}]},{\"@type\":\"WebSite\",\"@id\":\"https:\/\/thepueblatimes.mx\/#website\",\"url\":\"https:\/\/thepueblatimes.mx\/\",\"name\":\"The Puebla Times\",\"description\":\"Noticias del Estado de Puebla\",\"potentialAction\":[{\"@type\":\"SearchAction\",\"target\":{\"@type\":\"EntryPoint\",\"urlTemplate\":\"https:\/\/thepueblatimes.mx\/?s={search_term_string}\"},\"query-input\":\"required name=search_term_string\"}],\"inLanguage\":\"es\"},{\"@type\":\"Person\",\"@id\":\"https:\/\/thepueblatimes.mx\/#\/schema\/person\/1664894c2f65ce2c7a08d8f5f905c13c\",\"name\":\"Sa\u00fal Hern\u00e1ndez\",\"image\":{\"@type\":\"ImageObject\",\"inLanguage\":\"es\",\"@id\":\"https:\/\/thepueblatimes.mx\/#\/schema\/person\/image\/\",\"url\":\"https:\/\/secure.gravatar.com\/avatar\/11be338693f243309532caad8f10c930?s=96&d=mm&r=g\",\"contentUrl\":\"https:\/\/secure.gravatar.com\/avatar\/11be338693f243309532caad8f10c930?s=96&d=mm&r=g\",\"caption\":\"Sa\u00fal Hern\u00e1ndez\"},\"url\":\"https:\/\/thepueblatimes.mx\/index.php\/author\/saulhernandez\/\"}]}<\/script>\n<!-- \/ Yoast SEO plugin. -->","yoast_head_json":{"title":"Isaac del Toro, orgullo nacional: Sheinbaum celebra su hist\u00f3rica actuaci\u00f3n en el Giro de Italia 2025 - The Puebla Times","robots":{"index":"index","follow":"follow","max-snippet":"max-snippet:-1","max-image-preview":"max-image-preview:large","max-video-preview":"max-video-preview:-1"},"canonical":"https:\/\/thepueblatimes.mx\/index.php\/2025\/06\/02\/isaac-del-toro-orgullo-nacional-sheinbaum-celebra-su-historica-actuacion-en-el-giro-de-italia-2025\/","og_locale":"es_ES","og_type":"article","og_title":"Isaac del Toro, orgullo nacional: Sheinbaum celebra su hist\u00f3rica actuaci\u00f3n en el Giro de Italia 2025 - The Puebla Times","og_description":"Con palabras de admiraci\u00f3n y orgullo, la presidenta Claudia Sheinbaum felicit\u00f3 al joven ciclista mexicano Isaac del Toro, quien hizo historia al coronarse subcampe\u00f3n del Giro de Italia 2025. En su conferencia matutina de este lunes, la mandataria reconoci\u00f3 el esfuerzo del deportista bajacaliforniano, destacando su talento, determinaci\u00f3n y el impacto positivo que genera entre...","og_url":"https:\/\/thepueblatimes.mx\/index.php\/2025\/06\/02\/isaac-del-toro-orgullo-nacional-sheinbaum-celebra-su-historica-actuacion-en-el-giro-de-italia-2025\/","og_site_name":"The Puebla Times","article_published_time":"2025-06-02T19:46:04+00:00","og_image":[{"width":776,"height":436,"url":"https:\/\/thepueblatimes.mx\/wp-content\/uploads\/2025\/06\/f776x436-643542_691893_4944.webp","type":"image\/webp"}],"author":"Sa\u00fal Hern\u00e1ndez","twitter_card":"summary_large_image","twitter_misc":{"Escrito por":"Sa\u00fal Hern\u00e1ndez","Tiempo de lectura":"2 minutos"},"schema":{"@context":"https:\/\/schema.org","@graph":[{"@type":"WebPage","@id":"https:\/\/thepueblatimes.mx\/index.php\/2025\/06\/02\/isaac-del-toro-orgullo-nacional-sheinbaum-celebra-su-historica-actuacion-en-el-giro-de-italia-2025\/","url":"https:\/\/thepueblatimes.mx\/index.php\/2025\/06\/02\/isaac-del-toro-orgullo-nacional-sheinbaum-celebra-su-historica-actuacion-en-el-giro-de-italia-2025\/","name":"Isaac del Toro, orgullo nacional: Sheinbaum celebra su hist\u00f3rica actuaci\u00f3n en el Giro de Italia 2025 - The Puebla Times","isPartOf":{"@id":"https:\/\/thepueblatimes.mx\/#website"},"datePublished":"2025-06-02T19:46:04+00:00","dateModified":"2025-06-02T19:46:04+00:00","author":{"@id":"https:\/\/thepueblatimes.mx\/#\/schema\/person\/1664894c2f65ce2c7a08d8f5f905c13c"},"breadcrumb":{"@id":"https:\/\/thepueblatimes.mx\/index.php\/2025\/06\/02\/isaac-del-toro-orgullo-nacional-sheinbaum-celebra-su-historica-actuacion-en-el-giro-de-italia-2025\/#breadcrumb"},"inLanguage":"es","potentialAction":[{"@type":"ReadAction","target":["https:\/\/thepueblatimes.mx\/index.php\/2025\/06\/02\/isaac-del-toro-orgullo-nacional-sheinbaum-celebra-su-historica-actuacion-en-el-giro-de-italia-2025\/"]}]},{"@type":"BreadcrumbList","@id":"https:\/\/thepueblatimes.mx\/index.php\/2025\/06\/02\/isaac-del-toro-orgullo-nacional-sheinbaum-celebra-su-historica-actuacion-en-el-giro-de-italia-2025\/#breadcrumb","itemListElement":[{"@type":"ListItem","position":1,"name":"Portada","item":"https:\/\/thepueblatimes.mx\/"},{"@type":"ListItem","position":2,"name":"Isaac del Toro, orgullo nacional: Sheinbaum celebra su hist\u00f3rica actuaci\u00f3n en el Giro de Italia 2025"}]},{"@type":"WebSite","@id":"https:\/\/thepueblatimes.mx\/#website","url":"https:\/\/thepueblatimes.mx\/","name":"The Puebla Times","description":"Noticias del Estado de Puebla","potentialAction":[{"@type":"SearchAction","target":{"@type":"EntryPoint","urlTemplate":"https:\/\/thepueblatimes.mx\/?s={search_term_string}"},"query-input":"required name=search_term_string"}],"inLanguage":"es"},{"@type":"Person","@id":"https:\/\/thepueblatimes.mx\/#\/schema\/person\/1664894c2f65ce2c7a08d8f5f905c13c","name":"Sa\u00fal Hern\u00e1ndez","image":{"@type":"ImageObject","inLanguage":"es","@id":"https:\/\/thepueblatimes.mx\/#\/schema\/person\/image\/","url":"https:\/\/secure.gravatar.com\/avatar\/11be338693f243309532caad8f10c930?s=96&d=mm&r=g","contentUrl":"https:\/\/secure.gravatar.com\/avatar\/11be338693f243309532caad8f10c930?s=96&d=mm&r=g","caption":"Sa\u00fal Hern\u00e1ndez"},"url":"https:\/\/thepueblatimes.mx\/index.php\/author\/saulhernandez\/"}]}},"jetpack_featured_media_url":"https:\/\/thepueblatimes.mx\/wp-content\/uploads\/2025\/06\/f776x436-643542_691893_4944.webp","_links":{"self":[{"href":"https:\/\/thepueblatimes.mx\/index.php\/wp-json\/wp\/v2\/posts\/30627"}],"collection":[{"href":"https:\/\/thepueblatimes.mx\/index.php\/wp-json\/wp\/v2\/posts"}],"about":[{"href":"https:\/\/thepueblatimes.mx\/index.php\/wp-json\/wp\/v2\/types\/post"}],"author":[{"embeddable":true,"href":"https:\/\/thepueblatimes.mx\/index.php\/wp-json\/wp\/v2\/users\/16"}],"replies":[{"embeddable":true,"href":"https:\/\/thepueblatimes.mx\/index.php\/wp-json\/wp\/v2\/comments?post=30627"}],"version-history":[{"count":1,"href":"https:\/\/thepueblatimes.mx\/index.php\/wp-json\/wp\/v2\/posts\/30627\/revisions"}],"predecessor-version":[{"id":30629,"href":"https:\/\/thepueblatimes.mx\/index.php\/wp-json\/wp\/v2\/posts\/30627\/revisions\/30629"}],"wp:featuredmedia":[{"embeddable":true,"href":"https:\/\/thepueblatimes.mx\/index.php\/wp-json\/wp\/v2\/media\/30628"}],"wp:attachment":[{"href":"https:\/\/thepueblatimes.mx\/index.php\/wp-json\/wp\/v2\/media?parent=30627"}],"wp:term":[{"taxonomy":"category","embeddable":true,"href":"https:\/\/thepueblatimes.mx\/index.php\/wp-json\/wp\/v2\/categories?post=30627"},{"taxonomy":"post_tag","embeddable":true,"href":"https:\/\/thepueblatimes.mx\/index.php\/wp-json\/wp\/v2\/tags?post=30627"}],"curies":[{"name":"wp","href":"https:\/\/api.w.org\/{rel}","templated":true}]}}