{"id":30623,"date":"2025-06-02T13:22:10","date_gmt":"2025-06-02T19:22:10","guid":{"rendered":"https:\/\/thepueblatimes.mx\/?p=30623"},"modified":"2025-06-02T13:22:10","modified_gmt":"2025-06-02T19:22:10","slug":"orgullo-tricolor-ella-bucio-conquista-el-oro-en-el-mundial-de-parkour-2025-y-es-reconocida-como-la-mejor-del-circuito","status":"publish","type":"post","link":"https:\/\/thepueblatimes.mx\/index.php\/2025\/06\/02\/orgullo-tricolor-ella-bucio-conquista-el-oro-en-el-mundial-de-parkour-2025-y-es-reconocida-como-la-mejor-del-circuito\/","title":{"rendered":"Orgullo tricolor: Ella Bucio conquista el oro en el Mundial de Parkour 2025 y es reconocida como la mejor del circuito"},"content":{"rendered":"<p data-start=\"254\" data-end=\"533\">M\u00e9xico vuelve a brillar en el escenario deportivo internacional gracias a Ella Bucio, quien este fin de semana firm\u00f3 una actuaci\u00f3n estelar al coronarse campeona en la prueba de estilo libre (freestyle) durante la Copa del Mundo de Parkour 2025, celebrada en Montpellier, Francia.<\/p>\n<p data-start=\"535\" data-end=\"816\">Con una puntuaci\u00f3n de 24.70, la atleta mexicana super\u00f3 con solvencia a la neerlandesa Noa Man (22.90) y a la checa Adela Merkova (20.70), consolid\u00e1ndose una vez m\u00e1s como una de las figuras m\u00e1s destacadas en esta disciplina urbana que mezcla agilidad, fuerza, t\u00e9cnica y creatividad.<\/p>\n<p data-start=\"818\" data-end=\"1214\">Pero su triunfo no se limit\u00f3 a subir a lo m\u00e1s alto del podio. Bucio tambi\u00e9n fue reconocida como la mejor atleta del circuito mundial, un galard\u00f3n que celebra su constancia y excelencia a lo largo de la temporada. Este reconocimiento es fruto de sus destacadas actuaciones, incluyendo la medalla de plata que obtuvo el pasado 18 de mayo en la Copa del Mundo de \u00c1msterdam, en la modalidad de speed.<\/p>\n<p data-start=\"1216\" data-end=\"1481\">Ella Bucio no es nueva en el podio. Ya en 2022 hab\u00eda conquistado el oro en estilo libre y en 2024 se coron\u00f3 en la modalidad de velocidad. Su trayectoria refleja no solo talento, sino una evoluci\u00f3n constante que la mantiene entre la \u00e9lite del parkour a nivel global.<\/p>\n<p data-start=\"1483\" data-end=\"1723\">Este nuevo logro no solo representa una victoria personal para Bucio, sino tambi\u00e9n un motivo de orgullo para el deporte mexicano, que sigue abri\u00e9ndose camino en disciplinas emergentes a trav\u00e9s del esfuerzo y la entrega de atletas como ella.<\/p>\n","protected":false},"excerpt":{"rendered":"<p>M\u00e9xico vuelve a brillar en el escenario deportivo internacional gracias a Ella Bucio, quien este fin de semana firm\u00f3 una actuaci\u00f3n estelar al coronarse campeona en la prueba de estilo libre (freestyle) durante la Copa del Mundo de Parkour 2025, celebrada en Montpellier, Francia. Con una puntuaci\u00f3n de 24.70, la atleta mexicana super\u00f3 con solvencia&#8230;<\/p>\n","protected":false},"author":16,"featured_media":30624,"comment_status":"closed","ping_status":"closed","sticky":false,"template":"","format":"standard","meta":[],"categories":[134],"tags":[3781,303,3779,3780],"yoast_head":"<!-- This site is optimized with the Yoast SEO plugin v20.8 - https:\/\/yoast.com\/wordpress\/plugins\/seo\/ -->\n<title>Orgullo tricolor: Ella Bucio conquista el oro en el Mundial de Parkour 2025 y es reconocida como la mejor del circuito - The Puebla Times<\/title>\n<meta name=\"robots\" content=\"index, follow, max-snippet:-1, max-image-preview:large, max-video-preview:-1\" \/>\n<link rel=\"canonical\" href=\"https:\/\/thepueblatimes.mx\/index.php\/2025\/06\/02\/orgullo-tricolor-ella-bucio-conquista-el-oro-en-el-mundial-de-parkour-2025-y-es-reconocida-como-la-mejor-del-circuito\/\" \/>\n<meta property=\"og:locale\" content=\"es_ES\" \/>\n<meta property=\"og:type\" content=\"article\" \/>\n<meta property=\"og:title\" content=\"Orgullo tricolor: Ella Bucio conquista el oro en el Mundial de Parkour 2025 y es reconocida como la mejor del circuito - The Puebla Times\" \/>\n<meta property=\"og:description\" content=\"M\u00e9xico vuelve a brillar en el escenario deportivo internacional gracias a Ella Bucio, quien este fin de semana firm\u00f3 una actuaci\u00f3n estelar al coronarse campeona en la prueba de estilo libre (freestyle) durante la Copa del Mundo de Parkour 2025, celebrada en Montpellier, Francia. Con una puntuaci\u00f3n de 24.70, la atleta mexicana super\u00f3 con solvencia...\" \/>\n<meta property=\"og:url\" content=\"https:\/\/thepueblatimes.mx\/index.php\/2025\/06\/02\/orgullo-tricolor-ella-bucio-conquista-el-oro-en-el-mundial-de-parkour-2025-y-es-reconocida-como-la-mejor-del-circuito\/\" \/>\n<meta property=\"og:site_name\" content=\"The Puebla Times\" \/>\n<meta property=\"article:published_time\" content=\"2025-06-02T19:22:10+00:00\" \/>\n<meta property=\"og:image\" content=\"https:\/\/thepueblatimes.mx\/wp-content\/uploads\/2025\/06\/GsckY6lXkAApW8H.jpg\" \/>\n\t<meta property=\"og:image:width\" content=\"662\" \/>\n\t<meta property=\"og:image:height\" content=\"680\" \/>\n\t<meta property=\"og:image:type\" content=\"image\/jpeg\" \/>\n<meta name=\"author\" content=\"Sa\u00fal Hern\u00e1ndez\" \/>\n<meta name=\"twitter:card\" content=\"summary_large_image\" \/>\n<meta name=\"twitter:label1\" content=\"Escrito por\" \/>\n\t<meta name=\"twitter:data1\" content=\"Sa\u00fal Hern\u00e1ndez\" \/>\n\t<meta name=\"twitter:label2\" content=\"Tiempo de lectura\" \/>\n\t<meta name=\"twitter:data2\" content=\"2 minutos\" \/>\n<script type=\"application\/ld+json\" class=\"yoast-schema-graph\">{\"@context\":\"https:\/\/schema.org\",\"@graph\":[{\"@type\":\"WebPage\",\"@id\":\"https:\/\/thepueblatimes.mx\/index.php\/2025\/06\/02\/orgullo-tricolor-ella-bucio-conquista-el-oro-en-el-mundial-de-parkour-2025-y-es-reconocida-como-la-mejor-del-circuito\/\",\"url\":\"https:\/\/thepueblatimes.mx\/index.php\/2025\/06\/02\/orgullo-tricolor-ella-bucio-conquista-el-oro-en-el-mundial-de-parkour-2025-y-es-reconocida-como-la-mejor-del-circuito\/\",\"name\":\"Orgullo tricolor: Ella Bucio conquista el oro en el Mundial de Parkour 2025 y es reconocida como la mejor del circuito - The Puebla Times\",\"isPartOf\":{\"@id\":\"https:\/\/thepueblatimes.mx\/#website\"},\"datePublished\":\"2025-06-02T19:22:10+00:00\",\"dateModified\":\"2025-06-02T19:22:10+00:00\",\"author\":{\"@id\":\"https:\/\/thepueblatimes.mx\/#\/schema\/person\/1664894c2f65ce2c7a08d8f5f905c13c\"},\"breadcrumb\":{\"@id\":\"https:\/\/thepueblatimes.mx\/index.php\/2025\/06\/02\/orgullo-tricolor-ella-bucio-conquista-el-oro-en-el-mundial-de-parkour-2025-y-es-reconocida-como-la-mejor-del-circuito\/#breadcrumb\"},\"inLanguage\":\"es\",\"potentialAction\":[{\"@type\":\"ReadAction\",\"target\":[\"https:\/\/thepueblatimes.mx\/index.php\/2025\/06\/02\/orgullo-tricolor-ella-bucio-conquista-el-oro-en-el-mundial-de-parkour-2025-y-es-reconocida-como-la-mejor-del-circuito\/\"]}]},{\"@type\":\"BreadcrumbList\",\"@id\":\"https:\/\/thepueblatimes.mx\/index.php\/2025\/06\/02\/orgullo-tricolor-ella-bucio-conquista-el-oro-en-el-mundial-de-parkour-2025-y-es-reconocida-como-la-mejor-del-circuito\/#breadcrumb\",\"itemListElement\":[{\"@type\":\"ListItem\",\"position\":1,\"name\":\"Portada\",\"item\":\"https:\/\/thepueblatimes.mx\/\"},{\"@type\":\"ListItem\",\"position\":2,\"name\":\"Orgullo tricolor: Ella Bucio conquista el oro en el Mundial de Parkour 2025 y es reconocida como la mejor del circuito\"}]},{\"@type\":\"WebSite\",\"@id\":\"https:\/\/thepueblatimes.mx\/#website\",\"url\":\"https:\/\/thepueblatimes.mx\/\",\"name\":\"The Puebla Times\",\"description\":\"Noticias del Estado de Puebla\",\"potentialAction\":[{\"@type\":\"SearchAction\",\"target\":{\"@type\":\"EntryPoint\",\"urlTemplate\":\"https:\/\/thepueblatimes.mx\/?s={search_term_string}\"},\"query-input\":\"required name=search_term_string\"}],\"inLanguage\":\"es\"},{\"@type\":\"Person\",\"@id\":\"https:\/\/thepueblatimes.mx\/#\/schema\/person\/1664894c2f65ce2c7a08d8f5f905c13c\",\"name\":\"Sa\u00fal Hern\u00e1ndez\",\"image\":{\"@type\":\"ImageObject\",\"inLanguage\":\"es\",\"@id\":\"https:\/\/thepueblatimes.mx\/#\/schema\/person\/image\/\",\"url\":\"https:\/\/secure.gravatar.com\/avatar\/11be338693f243309532caad8f10c930?s=96&d=mm&r=g\",\"contentUrl\":\"https:\/\/secure.gravatar.com\/avatar\/11be338693f243309532caad8f10c930?s=96&d=mm&r=g\",\"caption\":\"Sa\u00fal Hern\u00e1ndez\"},\"url\":\"https:\/\/thepueblatimes.mx\/index.php\/author\/saulhernandez\/\"}]}<\/script>\n<!-- \/ Yoast SEO plugin. -->","yoast_head_json":{"title":"Orgullo tricolor: Ella Bucio conquista el oro en el Mundial de Parkour 2025 y es reconocida como la mejor del circuito - The Puebla Times","robots":{"index":"index","follow":"follow","max-snippet":"max-snippet:-1","max-image-preview":"max-image-preview:large","max-video-preview":"max-video-preview:-1"},"canonical":"https:\/\/thepueblatimes.mx\/index.php\/2025\/06\/02\/orgullo-tricolor-ella-bucio-conquista-el-oro-en-el-mundial-de-parkour-2025-y-es-reconocida-como-la-mejor-del-circuito\/","og_locale":"es_ES","og_type":"article","og_title":"Orgullo tricolor: Ella Bucio conquista el oro en el Mundial de Parkour 2025 y es reconocida como la mejor del circuito - The Puebla Times","og_description":"M\u00e9xico vuelve a brillar en el escenario deportivo internacional gracias a Ella Bucio, quien este fin de semana firm\u00f3 una actuaci\u00f3n estelar al coronarse campeona en la prueba de estilo libre (freestyle) durante la Copa del Mundo de Parkour 2025, celebrada en Montpellier, Francia. Con una puntuaci\u00f3n de 24.70, la atleta mexicana super\u00f3 con solvencia...","og_url":"https:\/\/thepueblatimes.mx\/index.php\/2025\/06\/02\/orgullo-tricolor-ella-bucio-conquista-el-oro-en-el-mundial-de-parkour-2025-y-es-reconocida-como-la-mejor-del-circuito\/","og_site_name":"The Puebla Times","article_published_time":"2025-06-02T19:22:10+00:00","og_image":[{"width":662,"height":680,"url":"https:\/\/thepueblatimes.mx\/wp-content\/uploads\/2025\/06\/GsckY6lXkAApW8H.jpg","type":"image\/jpeg"}],"author":"Sa\u00fal Hern\u00e1ndez","twitter_card":"summary_large_image","twitter_misc":{"Escrito por":"Sa\u00fal Hern\u00e1ndez","Tiempo de lectura":"2 minutos"},"schema":{"@context":"https:\/\/schema.org","@graph":[{"@type":"WebPage","@id":"https:\/\/thepueblatimes.mx\/index.php\/2025\/06\/02\/orgullo-tricolor-ella-bucio-conquista-el-oro-en-el-mundial-de-parkour-2025-y-es-reconocida-como-la-mejor-del-circuito\/","url":"https:\/\/thepueblatimes.mx\/index.php\/2025\/06\/02\/orgullo-tricolor-ella-bucio-conquista-el-oro-en-el-mundial-de-parkour-2025-y-es-reconocida-como-la-mejor-del-circuito\/","name":"Orgullo tricolor: Ella Bucio conquista el oro en el Mundial de Parkour 2025 y es reconocida como la mejor del circuito - The Puebla Times","isPartOf":{"@id":"https:\/\/thepueblatimes.mx\/#website"},"datePublished":"2025-06-02T19:22:10+00:00","dateModified":"2025-06-02T19:22:10+00:00","author":{"@id":"https:\/\/thepueblatimes.mx\/#\/schema\/person\/1664894c2f65ce2c7a08d8f5f905c13c"},"breadcrumb":{"@id":"https:\/\/thepueblatimes.mx\/index.php\/2025\/06\/02\/orgullo-tricolor-ella-bucio-conquista-el-oro-en-el-mundial-de-parkour-2025-y-es-reconocida-como-la-mejor-del-circuito\/#breadcrumb"},"inLanguage":"es","potentialAction":[{"@type":"ReadAction","target":["https:\/\/thepueblatimes.mx\/index.php\/2025\/06\/02\/orgullo-tricolor-ella-bucio-conquista-el-oro-en-el-mundial-de-parkour-2025-y-es-reconocida-como-la-mejor-del-circuito\/"]}]},{"@type":"BreadcrumbList","@id":"https:\/\/thepueblatimes.mx\/index.php\/2025\/06\/02\/orgullo-tricolor-ella-bucio-conquista-el-oro-en-el-mundial-de-parkour-2025-y-es-reconocida-como-la-mejor-del-circuito\/#breadcrumb","itemListElement":[{"@type":"ListItem","position":1,"name":"Portada","item":"https:\/\/thepueblatimes.mx\/"},{"@type":"ListItem","position":2,"name":"Orgullo tricolor: Ella Bucio conquista el oro en el Mundial de Parkour 2025 y es reconocida como la mejor del circuito"}]},{"@type":"WebSite","@id":"https:\/\/thepueblatimes.mx\/#website","url":"https:\/\/thepueblatimes.mx\/","name":"The Puebla Times","description":"Noticias del Estado de Puebla","potentialAction":[{"@type":"SearchAction","target":{"@type":"EntryPoint","urlTemplate":"https:\/\/thepueblatimes.mx\/?s={search_term_string}"},"query-input":"required name=search_term_string"}],"inLanguage":"es"},{"@type":"Person","@id":"https:\/\/thepueblatimes.mx\/#\/schema\/person\/1664894c2f65ce2c7a08d8f5f905c13c","name":"Sa\u00fal Hern\u00e1ndez","image":{"@type":"ImageObject","inLanguage":"es","@id":"https:\/\/thepueblatimes.mx\/#\/schema\/person\/image\/","url":"https:\/\/secure.gravatar.com\/avatar\/11be338693f243309532caad8f10c930?s=96&d=mm&r=g","contentUrl":"https:\/\/secure.gravatar.com\/avatar\/11be338693f243309532caad8f10c930?s=96&d=mm&r=g","caption":"Sa\u00fal Hern\u00e1ndez"},"url":"https:\/\/thepueblatimes.mx\/index.php\/author\/saulhernandez\/"}]}},"jetpack_featured_media_url":"https:\/\/thepueblatimes.mx\/wp-content\/uploads\/2025\/06\/GsckY6lXkAApW8H.jpg","_links":{"self":[{"href":"https:\/\/thepueblatimes.mx\/index.php\/wp-json\/wp\/v2\/posts\/30623"}],"collection":[{"href":"https:\/\/thepueblatimes.mx\/index.php\/wp-json\/wp\/v2\/posts"}],"about":[{"href":"https:\/\/thepueblatimes.mx\/index.php\/wp-json\/wp\/v2\/types\/post"}],"author":[{"embeddable":true,"href":"https:\/\/thepueblatimes.mx\/index.php\/wp-json\/wp\/v2\/users\/16"}],"replies":[{"embeddable":true,"href":"https:\/\/thepueblatimes.mx\/index.php\/wp-json\/wp\/v2\/comments?post=30623"}],"version-history":[{"count":1,"href":"https:\/\/thepueblatimes.mx\/index.php\/wp-json\/wp\/v2\/posts\/30623\/revisions"}],"predecessor-version":[{"id":30625,"href":"https:\/\/thepueblatimes.mx\/index.php\/wp-json\/wp\/v2\/posts\/30623\/revisions\/30625"}],"wp:featuredmedia":[{"embeddable":true,"href":"https:\/\/thepueblatimes.mx\/index.php\/wp-json\/wp\/v2\/media\/30624"}],"wp:attachment":[{"href":"https:\/\/thepueblatimes.mx\/index.php\/wp-json\/wp\/v2\/media?parent=30623"}],"wp:term":[{"taxonomy":"category","embeddable":true,"href":"https:\/\/thepueblatimes.mx\/index.php\/wp-json\/wp\/v2\/categories?post=30623"},{"taxonomy":"post_tag","embeddable":true,"href":"https:\/\/thepueblatimes.mx\/index.php\/wp-json\/wp\/v2\/tags?post=30623"}],"curies":[{"name":"wp","href":"https:\/\/api.w.org\/{rel}","templated":true}]}}