{"id":30620,"date":"2025-06-02T12:53:15","date_gmt":"2025-06-02T18:53:15","guid":{"rendered":"https:\/\/thepueblatimes.mx\/?p=30620"},"modified":"2025-06-02T12:53:15","modified_gmt":"2025-06-02T18:53:15","slug":"el-etna-vuelve-a-rugir-poderosa-erupcion-sacude-sicilia","status":"publish","type":"post","link":"https:\/\/thepueblatimes.mx\/index.php\/2025\/06\/02\/el-etna-vuelve-a-rugir-poderosa-erupcion-sacude-sicilia\/","title":{"rendered":"El Etna vuelve a rugir: poderosa erupci\u00f3n sacude Sicilia."},"content":{"rendered":"<p data-start=\"209\" data-end=\"523\">El volc\u00e1n Etna, el m\u00e1s grande y activo de Europa, ha vuelto a despertar con fuerza. Situado en la isla de Sicilia, en el sur de Italia, el coloso lanz\u00f3 al cielo una imponente columna de humo y material incandescente, acompa\u00f1ada de potentes explosiones y una colada pirocl\u00e1stica que descendi\u00f3 por su ladera sureste.<\/p>\n<p data-start=\"525\" data-end=\"856\">Pese al espect\u00e1culo natural que ofreci\u00f3 incluso a simple vista desde la ciudad de Catania, las autoridades han descartado, por ahora, que represente un peligro directo para la poblaci\u00f3n. La actividad volc\u00e1nica no ha superado el Valle del Le\u00f3n, una depresi\u00f3n natural situada a 2.800 metros de altitud que act\u00faa como barrera natural.<\/p>\n<p data-start=\"858\" data-end=\"1179\">El Instituto Nacional de Geof\u00edsica y Vulcanolog\u00eda (INGV), que monitorea constantemente la monta\u00f1a, confirm\u00f3 a trav\u00e9s de c\u00e1maras t\u00e9rmicas la presencia de flujos de lava, gases y material pirocl\u00e1stico. Seg\u00fan los expertos, esta nueva fase eruptiva podr\u00eda haberse originado por el colapso parcial del cr\u00e1ter sureste del Etna.<\/p>\n<p data-start=\"1181\" data-end=\"1480\">En su \u00faltimo informe, el INGV se\u00f1al\u00f3 que el volc\u00e1n muestra un aumento considerable del tremor \u2014una vibraci\u00f3n s\u00edsmica constante relacionada con el movimiento de magma\u2014 y que la actividad explosiva ha generado flujos de lava que, hasta el momento, permanecen confinados dentro de la zona de seguridad.<\/p>\n<p data-start=\"1482\" data-end=\"1719\">El presidente de la regi\u00f3n de Sicilia, Renato Schifani, hizo un llamado a la calma: \u201cSeg\u00fan los primeros datos, el material no ha superado el borde del Valle del Le\u00f3n y, tal y como me aseguran, no hay peligros para la poblaci\u00f3n\u201d, declar\u00f3.<\/p>\n<p data-start=\"1721\" data-end=\"2033\">No obstante, desde la Protecci\u00f3n Civil se mantiene la vigilancia constante del fen\u00f3meno. Su responsable regional, Salvo Cocina, recomend\u00f3 evitar el ascenso al volc\u00e1n, especialmente en la zona de la cima, al menos \u00abhasta nuevo aviso\u00bb, debido a la posibilidad de una evoluci\u00f3n inesperada en la actividad volc\u00e1nica.<\/p>\n<p data-start=\"2035\" data-end=\"2330\">Mientras tanto, el aeropuerto de Catania contin\u00faa operativo, aunque las autoridades no descartan tomar medidas si las condiciones empeoran. Por ahora, el Etna sigue mostrando su fuerza milenaria, recordando a todos por qu\u00e9 sigue siendo uno de los gigantes m\u00e1s imponentes y vigilados del planeta.<\/p>\n","protected":false},"excerpt":{"rendered":"<p>El volc\u00e1n Etna, el m\u00e1s grande y activo de Europa, ha vuelto a despertar con fuerza. Situado en la isla de Sicilia, en el sur de Italia, el coloso lanz\u00f3 al cielo una imponente columna de humo y material incandescente, acompa\u00f1ada de potentes explosiones y una colada pirocl\u00e1stica que descendi\u00f3 por su ladera sureste. Pese&#8230;<\/p>\n","protected":false},"author":16,"featured_media":30621,"comment_status":"closed","ping_status":"closed","sticky":false,"template":"","format":"standard","meta":[],"categories":[6],"tags":[3778,3777,2239,3776],"yoast_head":"<!-- This site is optimized with the Yoast SEO plugin v20.8 - https:\/\/yoast.com\/wordpress\/plugins\/seo\/ -->\n<title>El Etna vuelve a rugir: poderosa erupci\u00f3n sacude Sicilia. - The Puebla Times<\/title>\n<meta name=\"robots\" content=\"index, follow, max-snippet:-1, max-image-preview:large, max-video-preview:-1\" \/>\n<link rel=\"canonical\" href=\"https:\/\/thepueblatimes.mx\/index.php\/2025\/06\/02\/el-etna-vuelve-a-rugir-poderosa-erupcion-sacude-sicilia\/\" \/>\n<meta property=\"og:locale\" content=\"es_ES\" \/>\n<meta property=\"og:type\" content=\"article\" \/>\n<meta property=\"og:title\" content=\"El Etna vuelve a rugir: poderosa erupci\u00f3n sacude Sicilia. - The Puebla Times\" \/>\n<meta property=\"og:description\" content=\"El volc\u00e1n Etna, el m\u00e1s grande y activo de Europa, ha vuelto a despertar con fuerza. Situado en la isla de Sicilia, en el sur de Italia, el coloso lanz\u00f3 al cielo una imponente columna de humo y material incandescente, acompa\u00f1ada de potentes explosiones y una colada pirocl\u00e1stica que descendi\u00f3 por su ladera sureste. Pese...\" \/>\n<meta property=\"og:url\" content=\"https:\/\/thepueblatimes.mx\/index.php\/2025\/06\/02\/el-etna-vuelve-a-rugir-poderosa-erupcion-sacude-sicilia\/\" \/>\n<meta property=\"og:site_name\" content=\"The Puebla Times\" \/>\n<meta property=\"article:published_time\" content=\"2025-06-02T18:53:15+00:00\" \/>\n<meta property=\"og:image\" content=\"https:\/\/thepueblatimes.mx\/wp-content\/uploads\/2025\/06\/GscOmvkW4AEII4i.jpg\" \/>\n\t<meta property=\"og:image:width\" content=\"1152\" \/>\n\t<meta property=\"og:image:height\" content=\"2048\" \/>\n\t<meta property=\"og:image:type\" content=\"image\/jpeg\" \/>\n<meta name=\"author\" content=\"Sa\u00fal Hern\u00e1ndez\" \/>\n<meta name=\"twitter:card\" content=\"summary_large_image\" \/>\n<meta name=\"twitter:label1\" content=\"Escrito por\" \/>\n\t<meta name=\"twitter:data1\" content=\"Sa\u00fal Hern\u00e1ndez\" \/>\n\t<meta name=\"twitter:label2\" content=\"Tiempo de lectura\" \/>\n\t<meta name=\"twitter:data2\" content=\"2 minutos\" \/>\n<script type=\"application\/ld+json\" class=\"yoast-schema-graph\">{\"@context\":\"https:\/\/schema.org\",\"@graph\":[{\"@type\":\"WebPage\",\"@id\":\"https:\/\/thepueblatimes.mx\/index.php\/2025\/06\/02\/el-etna-vuelve-a-rugir-poderosa-erupcion-sacude-sicilia\/\",\"url\":\"https:\/\/thepueblatimes.mx\/index.php\/2025\/06\/02\/el-etna-vuelve-a-rugir-poderosa-erupcion-sacude-sicilia\/\",\"name\":\"El Etna vuelve a rugir: poderosa erupci\u00f3n sacude Sicilia. - The Puebla Times\",\"isPartOf\":{\"@id\":\"https:\/\/thepueblatimes.mx\/#website\"},\"datePublished\":\"2025-06-02T18:53:15+00:00\",\"dateModified\":\"2025-06-02T18:53:15+00:00\",\"author\":{\"@id\":\"https:\/\/thepueblatimes.mx\/#\/schema\/person\/1664894c2f65ce2c7a08d8f5f905c13c\"},\"breadcrumb\":{\"@id\":\"https:\/\/thepueblatimes.mx\/index.php\/2025\/06\/02\/el-etna-vuelve-a-rugir-poderosa-erupcion-sacude-sicilia\/#breadcrumb\"},\"inLanguage\":\"es\",\"potentialAction\":[{\"@type\":\"ReadAction\",\"target\":[\"https:\/\/thepueblatimes.mx\/index.php\/2025\/06\/02\/el-etna-vuelve-a-rugir-poderosa-erupcion-sacude-sicilia\/\"]}]},{\"@type\":\"BreadcrumbList\",\"@id\":\"https:\/\/thepueblatimes.mx\/index.php\/2025\/06\/02\/el-etna-vuelve-a-rugir-poderosa-erupcion-sacude-sicilia\/#breadcrumb\",\"itemListElement\":[{\"@type\":\"ListItem\",\"position\":1,\"name\":\"Portada\",\"item\":\"https:\/\/thepueblatimes.mx\/\"},{\"@type\":\"ListItem\",\"position\":2,\"name\":\"El Etna vuelve a rugir: poderosa erupci\u00f3n sacude Sicilia.\"}]},{\"@type\":\"WebSite\",\"@id\":\"https:\/\/thepueblatimes.mx\/#website\",\"url\":\"https:\/\/thepueblatimes.mx\/\",\"name\":\"The Puebla Times\",\"description\":\"Noticias del Estado de Puebla\",\"potentialAction\":[{\"@type\":\"SearchAction\",\"target\":{\"@type\":\"EntryPoint\",\"urlTemplate\":\"https:\/\/thepueblatimes.mx\/?s={search_term_string}\"},\"query-input\":\"required name=search_term_string\"}],\"inLanguage\":\"es\"},{\"@type\":\"Person\",\"@id\":\"https:\/\/thepueblatimes.mx\/#\/schema\/person\/1664894c2f65ce2c7a08d8f5f905c13c\",\"name\":\"Sa\u00fal Hern\u00e1ndez\",\"image\":{\"@type\":\"ImageObject\",\"inLanguage\":\"es\",\"@id\":\"https:\/\/thepueblatimes.mx\/#\/schema\/person\/image\/\",\"url\":\"https:\/\/secure.gravatar.com\/avatar\/11be338693f243309532caad8f10c930?s=96&d=mm&r=g\",\"contentUrl\":\"https:\/\/secure.gravatar.com\/avatar\/11be338693f243309532caad8f10c930?s=96&d=mm&r=g\",\"caption\":\"Sa\u00fal Hern\u00e1ndez\"},\"url\":\"https:\/\/thepueblatimes.mx\/index.php\/author\/saulhernandez\/\"}]}<\/script>\n<!-- \/ Yoast SEO plugin. -->","yoast_head_json":{"title":"El Etna vuelve a rugir: poderosa erupci\u00f3n sacude Sicilia. - The Puebla Times","robots":{"index":"index","follow":"follow","max-snippet":"max-snippet:-1","max-image-preview":"max-image-preview:large","max-video-preview":"max-video-preview:-1"},"canonical":"https:\/\/thepueblatimes.mx\/index.php\/2025\/06\/02\/el-etna-vuelve-a-rugir-poderosa-erupcion-sacude-sicilia\/","og_locale":"es_ES","og_type":"article","og_title":"El Etna vuelve a rugir: poderosa erupci\u00f3n sacude Sicilia. - The Puebla Times","og_description":"El volc\u00e1n Etna, el m\u00e1s grande y activo de Europa, ha vuelto a despertar con fuerza. Situado en la isla de Sicilia, en el sur de Italia, el coloso lanz\u00f3 al cielo una imponente columna de humo y material incandescente, acompa\u00f1ada de potentes explosiones y una colada pirocl\u00e1stica que descendi\u00f3 por su ladera sureste. Pese...","og_url":"https:\/\/thepueblatimes.mx\/index.php\/2025\/06\/02\/el-etna-vuelve-a-rugir-poderosa-erupcion-sacude-sicilia\/","og_site_name":"The Puebla Times","article_published_time":"2025-06-02T18:53:15+00:00","og_image":[{"width":1152,"height":2048,"url":"https:\/\/thepueblatimes.mx\/wp-content\/uploads\/2025\/06\/GscOmvkW4AEII4i.jpg","type":"image\/jpeg"}],"author":"Sa\u00fal Hern\u00e1ndez","twitter_card":"summary_large_image","twitter_misc":{"Escrito por":"Sa\u00fal Hern\u00e1ndez","Tiempo de lectura":"2 minutos"},"schema":{"@context":"https:\/\/schema.org","@graph":[{"@type":"WebPage","@id":"https:\/\/thepueblatimes.mx\/index.php\/2025\/06\/02\/el-etna-vuelve-a-rugir-poderosa-erupcion-sacude-sicilia\/","url":"https:\/\/thepueblatimes.mx\/index.php\/2025\/06\/02\/el-etna-vuelve-a-rugir-poderosa-erupcion-sacude-sicilia\/","name":"El Etna vuelve a rugir: poderosa erupci\u00f3n sacude Sicilia. - The Puebla Times","isPartOf":{"@id":"https:\/\/thepueblatimes.mx\/#website"},"datePublished":"2025-06-02T18:53:15+00:00","dateModified":"2025-06-02T18:53:15+00:00","author":{"@id":"https:\/\/thepueblatimes.mx\/#\/schema\/person\/1664894c2f65ce2c7a08d8f5f905c13c"},"breadcrumb":{"@id":"https:\/\/thepueblatimes.mx\/index.php\/2025\/06\/02\/el-etna-vuelve-a-rugir-poderosa-erupcion-sacude-sicilia\/#breadcrumb"},"inLanguage":"es","potentialAction":[{"@type":"ReadAction","target":["https:\/\/thepueblatimes.mx\/index.php\/2025\/06\/02\/el-etna-vuelve-a-rugir-poderosa-erupcion-sacude-sicilia\/"]}]},{"@type":"BreadcrumbList","@id":"https:\/\/thepueblatimes.mx\/index.php\/2025\/06\/02\/el-etna-vuelve-a-rugir-poderosa-erupcion-sacude-sicilia\/#breadcrumb","itemListElement":[{"@type":"ListItem","position":1,"name":"Portada","item":"https:\/\/thepueblatimes.mx\/"},{"@type":"ListItem","position":2,"name":"El Etna vuelve a rugir: poderosa erupci\u00f3n sacude Sicilia."}]},{"@type":"WebSite","@id":"https:\/\/thepueblatimes.mx\/#website","url":"https:\/\/thepueblatimes.mx\/","name":"The Puebla Times","description":"Noticias del Estado de Puebla","potentialAction":[{"@type":"SearchAction","target":{"@type":"EntryPoint","urlTemplate":"https:\/\/thepueblatimes.mx\/?s={search_term_string}"},"query-input":"required name=search_term_string"}],"inLanguage":"es"},{"@type":"Person","@id":"https:\/\/thepueblatimes.mx\/#\/schema\/person\/1664894c2f65ce2c7a08d8f5f905c13c","name":"Sa\u00fal Hern\u00e1ndez","image":{"@type":"ImageObject","inLanguage":"es","@id":"https:\/\/thepueblatimes.mx\/#\/schema\/person\/image\/","url":"https:\/\/secure.gravatar.com\/avatar\/11be338693f243309532caad8f10c930?s=96&d=mm&r=g","contentUrl":"https:\/\/secure.gravatar.com\/avatar\/11be338693f243309532caad8f10c930?s=96&d=mm&r=g","caption":"Sa\u00fal Hern\u00e1ndez"},"url":"https:\/\/thepueblatimes.mx\/index.php\/author\/saulhernandez\/"}]}},"jetpack_featured_media_url":"https:\/\/thepueblatimes.mx\/wp-content\/uploads\/2025\/06\/GscOmvkW4AEII4i.jpg","_links":{"self":[{"href":"https:\/\/thepueblatimes.mx\/index.php\/wp-json\/wp\/v2\/posts\/30620"}],"collection":[{"href":"https:\/\/thepueblatimes.mx\/index.php\/wp-json\/wp\/v2\/posts"}],"about":[{"href":"https:\/\/thepueblatimes.mx\/index.php\/wp-json\/wp\/v2\/types\/post"}],"author":[{"embeddable":true,"href":"https:\/\/thepueblatimes.mx\/index.php\/wp-json\/wp\/v2\/users\/16"}],"replies":[{"embeddable":true,"href":"https:\/\/thepueblatimes.mx\/index.php\/wp-json\/wp\/v2\/comments?post=30620"}],"version-history":[{"count":1,"href":"https:\/\/thepueblatimes.mx\/index.php\/wp-json\/wp\/v2\/posts\/30620\/revisions"}],"predecessor-version":[{"id":30622,"href":"https:\/\/thepueblatimes.mx\/index.php\/wp-json\/wp\/v2\/posts\/30620\/revisions\/30622"}],"wp:featuredmedia":[{"embeddable":true,"href":"https:\/\/thepueblatimes.mx\/index.php\/wp-json\/wp\/v2\/media\/30621"}],"wp:attachment":[{"href":"https:\/\/thepueblatimes.mx\/index.php\/wp-json\/wp\/v2\/media?parent=30620"}],"wp:term":[{"taxonomy":"category","embeddable":true,"href":"https:\/\/thepueblatimes.mx\/index.php\/wp-json\/wp\/v2\/categories?post=30620"},{"taxonomy":"post_tag","embeddable":true,"href":"https:\/\/thepueblatimes.mx\/index.php\/wp-json\/wp\/v2\/tags?post=30620"}],"curies":[{"name":"wp","href":"https:\/\/api.w.org\/{rel}","templated":true}]}}