{"id":30603,"date":"2025-06-02T11:22:21","date_gmt":"2025-06-02T17:22:21","guid":{"rendered":"https:\/\/thepueblatimes.mx\/?p=30603"},"modified":"2025-06-02T11:22:21","modified_gmt":"2025-06-02T17:22:21","slug":"nuevo-caso-de-muerte-en-un-anexo-de-la-capital-poblana","status":"publish","type":"post","link":"https:\/\/thepueblatimes.mx\/index.php\/2025\/06\/02\/nuevo-caso-de-muerte-en-un-anexo-de-la-capital-poblana\/","title":{"rendered":"Nuevo caso de muerte en un anexo de la capital poblana"},"content":{"rendered":"<p>POR FRED ESTRADA<\/p>\n<p>De nueva cuenta los anexos, en la ciudad de Puebla, est\u00e1n en el centro de la atenci\u00f3n social por la violencia que enfrentan quienes se encuentran en ellos y que en el extremo en algunos casos llegan a la muerte.<\/p>\n<p>Roberto N., de 49 a\u00f1os, falleci\u00f3, luego de que presuntamente fue golpeado durante una ri\u00f1a en un centro de rehabilitaci\u00f3n ubicado en el Barrio de El Alto de la ciudad de Puebla.<\/p>\n<p>Los familiares de Roberto N. refirieron que fue trasladado a la Cruz Roja despu\u00e9s del altercado, pero arrib\u00f3 sin signos vitales.<\/p>\n<p>Tras el deceso, las autoridades iniciaron una investigaci\u00f3n para esclarecer las circunstancias del deceso y determinar si se trat\u00f3 de un homicidio.<\/p>\n<p>Pero lo evidente es que los anexos siguen en el foco de atenci\u00f3n de no pocos ciudadanos, mientras que la autoridades hacen mutis.<\/p>\n","protected":false},"excerpt":{"rendered":"<p>POR FRED ESTRADA De nueva cuenta los anexos, en la ciudad de Puebla, est\u00e1n en el centro de la atenci\u00f3n social por la violencia que enfrentan quienes se encuentran en ellos y que en el extremo en algunos casos llegan a la muerte. Roberto N., de 49 a\u00f1os, falleci\u00f3, luego de que presuntamente fue golpeado&#8230;<\/p>\n","protected":false},"author":16,"featured_media":30604,"comment_status":"closed","ping_status":"closed","sticky":false,"template":"","format":"standard","meta":[],"categories":[20],"tags":[548,2377,180],"yoast_head":"<!-- This site is optimized with the Yoast SEO plugin v20.8 - https:\/\/yoast.com\/wordpress\/plugins\/seo\/ -->\n<title>Nuevo caso de muerte en un anexo de la capital poblana - The Puebla Times<\/title>\n<meta name=\"robots\" content=\"index, follow, max-snippet:-1, max-image-preview:large, max-video-preview:-1\" \/>\n<link rel=\"canonical\" href=\"https:\/\/thepueblatimes.mx\/index.php\/2025\/06\/02\/nuevo-caso-de-muerte-en-un-anexo-de-la-capital-poblana\/\" \/>\n<meta property=\"og:locale\" content=\"es_ES\" \/>\n<meta property=\"og:type\" content=\"article\" \/>\n<meta property=\"og:title\" content=\"Nuevo caso de muerte en un anexo de la capital poblana - The Puebla Times\" \/>\n<meta property=\"og:description\" content=\"POR FRED ESTRADA De nueva cuenta los anexos, en la ciudad de Puebla, est\u00e1n en el centro de la atenci\u00f3n social por la violencia que enfrentan quienes se encuentran en ellos y que en el extremo en algunos casos llegan a la muerte. Roberto N., de 49 a\u00f1os, falleci\u00f3, luego de que presuntamente fue golpeado...\" \/>\n<meta property=\"og:url\" content=\"https:\/\/thepueblatimes.mx\/index.php\/2025\/06\/02\/nuevo-caso-de-muerte-en-un-anexo-de-la-capital-poblana\/\" \/>\n<meta property=\"og:site_name\" content=\"The Puebla Times\" \/>\n<meta property=\"article:published_time\" content=\"2025-06-02T17:22:21+00:00\" \/>\n<meta property=\"og:image\" content=\"https:\/\/thepueblatimes.mx\/wp-content\/uploads\/2025\/06\/muere-interno-anexo-puebla-agencia.webp\" \/>\n\t<meta property=\"og:image:width\" content=\"942\" \/>\n\t<meta property=\"og:image:height\" content=\"532\" \/>\n\t<meta property=\"og:image:type\" content=\"image\/webp\" \/>\n<meta name=\"author\" content=\"Sa\u00fal Hern\u00e1ndez\" \/>\n<meta name=\"twitter:card\" content=\"summary_large_image\" \/>\n<meta name=\"twitter:label1\" content=\"Escrito por\" \/>\n\t<meta name=\"twitter:data1\" content=\"Sa\u00fal Hern\u00e1ndez\" \/>\n\t<meta name=\"twitter:label2\" content=\"Tiempo de lectura\" \/>\n\t<meta name=\"twitter:data2\" content=\"1 minuto\" \/>\n<script type=\"application\/ld+json\" class=\"yoast-schema-graph\">{\"@context\":\"https:\/\/schema.org\",\"@graph\":[{\"@type\":\"WebPage\",\"@id\":\"https:\/\/thepueblatimes.mx\/index.php\/2025\/06\/02\/nuevo-caso-de-muerte-en-un-anexo-de-la-capital-poblana\/\",\"url\":\"https:\/\/thepueblatimes.mx\/index.php\/2025\/06\/02\/nuevo-caso-de-muerte-en-un-anexo-de-la-capital-poblana\/\",\"name\":\"Nuevo caso de muerte en un anexo de la capital poblana - The Puebla Times\",\"isPartOf\":{\"@id\":\"https:\/\/thepueblatimes.mx\/#website\"},\"datePublished\":\"2025-06-02T17:22:21+00:00\",\"dateModified\":\"2025-06-02T17:22:21+00:00\",\"author\":{\"@id\":\"https:\/\/thepueblatimes.mx\/#\/schema\/person\/1664894c2f65ce2c7a08d8f5f905c13c\"},\"breadcrumb\":{\"@id\":\"https:\/\/thepueblatimes.mx\/index.php\/2025\/06\/02\/nuevo-caso-de-muerte-en-un-anexo-de-la-capital-poblana\/#breadcrumb\"},\"inLanguage\":\"es\",\"potentialAction\":[{\"@type\":\"ReadAction\",\"target\":[\"https:\/\/thepueblatimes.mx\/index.php\/2025\/06\/02\/nuevo-caso-de-muerte-en-un-anexo-de-la-capital-poblana\/\"]}]},{\"@type\":\"BreadcrumbList\",\"@id\":\"https:\/\/thepueblatimes.mx\/index.php\/2025\/06\/02\/nuevo-caso-de-muerte-en-un-anexo-de-la-capital-poblana\/#breadcrumb\",\"itemListElement\":[{\"@type\":\"ListItem\",\"position\":1,\"name\":\"Portada\",\"item\":\"https:\/\/thepueblatimes.mx\/\"},{\"@type\":\"ListItem\",\"position\":2,\"name\":\"Nuevo caso de muerte en un anexo de la capital poblana\"}]},{\"@type\":\"WebSite\",\"@id\":\"https:\/\/thepueblatimes.mx\/#website\",\"url\":\"https:\/\/thepueblatimes.mx\/\",\"name\":\"The Puebla Times\",\"description\":\"Noticias del Estado de Puebla\",\"potentialAction\":[{\"@type\":\"SearchAction\",\"target\":{\"@type\":\"EntryPoint\",\"urlTemplate\":\"https:\/\/thepueblatimes.mx\/?s={search_term_string}\"},\"query-input\":\"required name=search_term_string\"}],\"inLanguage\":\"es\"},{\"@type\":\"Person\",\"@id\":\"https:\/\/thepueblatimes.mx\/#\/schema\/person\/1664894c2f65ce2c7a08d8f5f905c13c\",\"name\":\"Sa\u00fal Hern\u00e1ndez\",\"image\":{\"@type\":\"ImageObject\",\"inLanguage\":\"es\",\"@id\":\"https:\/\/thepueblatimes.mx\/#\/schema\/person\/image\/\",\"url\":\"https:\/\/secure.gravatar.com\/avatar\/11be338693f243309532caad8f10c930?s=96&d=mm&r=g\",\"contentUrl\":\"https:\/\/secure.gravatar.com\/avatar\/11be338693f243309532caad8f10c930?s=96&d=mm&r=g\",\"caption\":\"Sa\u00fal Hern\u00e1ndez\"},\"url\":\"https:\/\/thepueblatimes.mx\/index.php\/author\/saulhernandez\/\"}]}<\/script>\n<!-- \/ Yoast SEO plugin. -->","yoast_head_json":{"title":"Nuevo caso de muerte en un anexo de la capital poblana - The Puebla Times","robots":{"index":"index","follow":"follow","max-snippet":"max-snippet:-1","max-image-preview":"max-image-preview:large","max-video-preview":"max-video-preview:-1"},"canonical":"https:\/\/thepueblatimes.mx\/index.php\/2025\/06\/02\/nuevo-caso-de-muerte-en-un-anexo-de-la-capital-poblana\/","og_locale":"es_ES","og_type":"article","og_title":"Nuevo caso de muerte en un anexo de la capital poblana - The Puebla Times","og_description":"POR FRED ESTRADA De nueva cuenta los anexos, en la ciudad de Puebla, est\u00e1n en el centro de la atenci\u00f3n social por la violencia que enfrentan quienes se encuentran en ellos y que en el extremo en algunos casos llegan a la muerte. Roberto N., de 49 a\u00f1os, falleci\u00f3, luego de que presuntamente fue golpeado...","og_url":"https:\/\/thepueblatimes.mx\/index.php\/2025\/06\/02\/nuevo-caso-de-muerte-en-un-anexo-de-la-capital-poblana\/","og_site_name":"The Puebla Times","article_published_time":"2025-06-02T17:22:21+00:00","og_image":[{"width":942,"height":532,"url":"https:\/\/thepueblatimes.mx\/wp-content\/uploads\/2025\/06\/muere-interno-anexo-puebla-agencia.webp","type":"image\/webp"}],"author":"Sa\u00fal Hern\u00e1ndez","twitter_card":"summary_large_image","twitter_misc":{"Escrito por":"Sa\u00fal Hern\u00e1ndez","Tiempo de lectura":"1 minuto"},"schema":{"@context":"https:\/\/schema.org","@graph":[{"@type":"WebPage","@id":"https:\/\/thepueblatimes.mx\/index.php\/2025\/06\/02\/nuevo-caso-de-muerte-en-un-anexo-de-la-capital-poblana\/","url":"https:\/\/thepueblatimes.mx\/index.php\/2025\/06\/02\/nuevo-caso-de-muerte-en-un-anexo-de-la-capital-poblana\/","name":"Nuevo caso de muerte en un anexo de la capital poblana - The Puebla Times","isPartOf":{"@id":"https:\/\/thepueblatimes.mx\/#website"},"datePublished":"2025-06-02T17:22:21+00:00","dateModified":"2025-06-02T17:22:21+00:00","author":{"@id":"https:\/\/thepueblatimes.mx\/#\/schema\/person\/1664894c2f65ce2c7a08d8f5f905c13c"},"breadcrumb":{"@id":"https:\/\/thepueblatimes.mx\/index.php\/2025\/06\/02\/nuevo-caso-de-muerte-en-un-anexo-de-la-capital-poblana\/#breadcrumb"},"inLanguage":"es","potentialAction":[{"@type":"ReadAction","target":["https:\/\/thepueblatimes.mx\/index.php\/2025\/06\/02\/nuevo-caso-de-muerte-en-un-anexo-de-la-capital-poblana\/"]}]},{"@type":"BreadcrumbList","@id":"https:\/\/thepueblatimes.mx\/index.php\/2025\/06\/02\/nuevo-caso-de-muerte-en-un-anexo-de-la-capital-poblana\/#breadcrumb","itemListElement":[{"@type":"ListItem","position":1,"name":"Portada","item":"https:\/\/thepueblatimes.mx\/"},{"@type":"ListItem","position":2,"name":"Nuevo caso de muerte en un anexo de la capital poblana"}]},{"@type":"WebSite","@id":"https:\/\/thepueblatimes.mx\/#website","url":"https:\/\/thepueblatimes.mx\/","name":"The Puebla Times","description":"Noticias del Estado de Puebla","potentialAction":[{"@type":"SearchAction","target":{"@type":"EntryPoint","urlTemplate":"https:\/\/thepueblatimes.mx\/?s={search_term_string}"},"query-input":"required name=search_term_string"}],"inLanguage":"es"},{"@type":"Person","@id":"https:\/\/thepueblatimes.mx\/#\/schema\/person\/1664894c2f65ce2c7a08d8f5f905c13c","name":"Sa\u00fal Hern\u00e1ndez","image":{"@type":"ImageObject","inLanguage":"es","@id":"https:\/\/thepueblatimes.mx\/#\/schema\/person\/image\/","url":"https:\/\/secure.gravatar.com\/avatar\/11be338693f243309532caad8f10c930?s=96&d=mm&r=g","contentUrl":"https:\/\/secure.gravatar.com\/avatar\/11be338693f243309532caad8f10c930?s=96&d=mm&r=g","caption":"Sa\u00fal Hern\u00e1ndez"},"url":"https:\/\/thepueblatimes.mx\/index.php\/author\/saulhernandez\/"}]}},"jetpack_featured_media_url":"https:\/\/thepueblatimes.mx\/wp-content\/uploads\/2025\/06\/muere-interno-anexo-puebla-agencia.webp","_links":{"self":[{"href":"https:\/\/thepueblatimes.mx\/index.php\/wp-json\/wp\/v2\/posts\/30603"}],"collection":[{"href":"https:\/\/thepueblatimes.mx\/index.php\/wp-json\/wp\/v2\/posts"}],"about":[{"href":"https:\/\/thepueblatimes.mx\/index.php\/wp-json\/wp\/v2\/types\/post"}],"author":[{"embeddable":true,"href":"https:\/\/thepueblatimes.mx\/index.php\/wp-json\/wp\/v2\/users\/16"}],"replies":[{"embeddable":true,"href":"https:\/\/thepueblatimes.mx\/index.php\/wp-json\/wp\/v2\/comments?post=30603"}],"version-history":[{"count":1,"href":"https:\/\/thepueblatimes.mx\/index.php\/wp-json\/wp\/v2\/posts\/30603\/revisions"}],"predecessor-version":[{"id":30605,"href":"https:\/\/thepueblatimes.mx\/index.php\/wp-json\/wp\/v2\/posts\/30603\/revisions\/30605"}],"wp:featuredmedia":[{"embeddable":true,"href":"https:\/\/thepueblatimes.mx\/index.php\/wp-json\/wp\/v2\/media\/30604"}],"wp:attachment":[{"href":"https:\/\/thepueblatimes.mx\/index.php\/wp-json\/wp\/v2\/media?parent=30603"}],"wp:term":[{"taxonomy":"category","embeddable":true,"href":"https:\/\/thepueblatimes.mx\/index.php\/wp-json\/wp\/v2\/categories?post=30603"},{"taxonomy":"post_tag","embeddable":true,"href":"https:\/\/thepueblatimes.mx\/index.php\/wp-json\/wp\/v2\/tags?post=30603"}],"curies":[{"name":"wp","href":"https:\/\/api.w.org\/{rel}","templated":true}]}}