{"id":30552,"date":"2025-05-31T12:03:25","date_gmt":"2025-05-31T18:03:25","guid":{"rendered":"https:\/\/thepueblatimes.mx\/?p=30552"},"modified":"2025-05-31T12:03:25","modified_gmt":"2025-05-31T18:03:25","slug":"ssc-de-san-pedro-cholula-confirma-asesinato-de-un-hombre-en-el-infonavit-santiago","status":"publish","type":"post","link":"https:\/\/thepueblatimes.mx\/index.php\/2025\/05\/31\/ssc-de-san-pedro-cholula-confirma-asesinato-de-un-hombre-en-el-infonavit-santiago\/","title":{"rendered":"SSC de San Pedro Cholula confirma asesinato de un hombre en el Infonavit Santiago"},"content":{"rendered":"<p>POR FRED ESTRADA<\/p>\n<p>La Secretaria de Seguridad Ciudadana (SSC) de San Pedro Cholula confirm\u00f3 el asesinato de un hombre en inmediaciones del Infonavit.<\/p>\n<p>Santiago, con lo que se incrementa la percepci\u00f3n de inseguridad que prevalece entre los residentes del municipio gobernado por Tonantzin Fern\u00e1ndez.<\/p>\n<p>La SSC refiri\u00f3 que los hechos tuvieron lugar alrededor de la medianoche, cuando los residentes escucharon detonaciones de arma de fuego y dieron aviso a las autoridades.<\/p>\n<p>Al arribar los elementos de la polic\u00eda municipal encontraron a un hombre sobre la banqueta, aparentemente sin sentido, sin embargo, los param\u00e9dicos confirmaron que ya no contaba con signos vitales.<\/p>\n<p>Ante ello, procedieron a buscar al o los agresores.<\/p>\n<p>Posteriormente, la Fiscal\u00eda del Estado de Puebla, fue notificada y su personal llev\u00f3 a cabo el levantamiento del cad\u00e1ver.<\/p>\n<p>La SSC de San Pedro Cholula se\u00f1al\u00f3 que colaborar\u00e1 con las instancias correspondientes a fin de esclarecer los hechos.<\/p>\n","protected":false},"excerpt":{"rendered":"<p>POR FRED ESTRADA La Secretaria de Seguridad Ciudadana (SSC) de San Pedro Cholula confirm\u00f3 el asesinato de un hombre en inmediaciones del Infonavit. Santiago, con lo que se incrementa la percepci\u00f3n de inseguridad que prevalece entre los residentes del municipio gobernado por Tonantzin Fern\u00e1ndez. La SSC refiri\u00f3 que los hechos tuvieron lugar alrededor de la&#8230;<\/p>\n","protected":false},"author":16,"featured_media":30555,"comment_status":"closed","ping_status":"closed","sticky":false,"template":"","format":"standard","meta":[],"categories":[121],"tags":[2579,3763,1304,1278],"yoast_head":"<!-- This site is optimized with the Yoast SEO plugin v20.8 - https:\/\/yoast.com\/wordpress\/plugins\/seo\/ -->\n<title>SSC de San Pedro Cholula confirma asesinato de un hombre en el Infonavit Santiago - The Puebla Times<\/title>\n<meta name=\"robots\" content=\"index, follow, max-snippet:-1, max-image-preview:large, max-video-preview:-1\" \/>\n<link rel=\"canonical\" href=\"https:\/\/thepueblatimes.mx\/index.php\/2025\/05\/31\/ssc-de-san-pedro-cholula-confirma-asesinato-de-un-hombre-en-el-infonavit-santiago\/\" \/>\n<meta property=\"og:locale\" content=\"es_ES\" \/>\n<meta property=\"og:type\" content=\"article\" \/>\n<meta property=\"og:title\" content=\"SSC de San Pedro Cholula confirma asesinato de un hombre en el Infonavit Santiago - The Puebla Times\" \/>\n<meta property=\"og:description\" content=\"POR FRED ESTRADA La Secretaria de Seguridad Ciudadana (SSC) de San Pedro Cholula confirm\u00f3 el asesinato de un hombre en inmediaciones del Infonavit. Santiago, con lo que se incrementa la percepci\u00f3n de inseguridad que prevalece entre los residentes del municipio gobernado por Tonantzin Fern\u00e1ndez. La SSC refiri\u00f3 que los hechos tuvieron lugar alrededor de la...\" \/>\n<meta property=\"og:url\" content=\"https:\/\/thepueblatimes.mx\/index.php\/2025\/05\/31\/ssc-de-san-pedro-cholula-confirma-asesinato-de-un-hombre-en-el-infonavit-santiago\/\" \/>\n<meta property=\"og:site_name\" content=\"The Puebla Times\" \/>\n<meta property=\"article:published_time\" content=\"2025-05-31T18:03:25+00:00\" \/>\n<meta property=\"og:image\" content=\"https:\/\/thepueblatimes.mx\/wp-content\/uploads\/2025\/05\/Policia-de-San-Pedro-Cholula.webp\" \/>\n\t<meta property=\"og:image:width\" content=\"1600\" \/>\n\t<meta property=\"og:image:height\" content=\"1022\" \/>\n\t<meta property=\"og:image:type\" content=\"image\/webp\" \/>\n<meta name=\"author\" content=\"Sa\u00fal Hern\u00e1ndez\" \/>\n<meta name=\"twitter:card\" content=\"summary_large_image\" \/>\n<meta name=\"twitter:label1\" content=\"Escrito por\" \/>\n\t<meta name=\"twitter:data1\" content=\"Sa\u00fal Hern\u00e1ndez\" \/>\n\t<meta name=\"twitter:label2\" content=\"Tiempo de lectura\" \/>\n\t<meta name=\"twitter:data2\" content=\"1 minuto\" \/>\n<script type=\"application\/ld+json\" class=\"yoast-schema-graph\">{\"@context\":\"https:\/\/schema.org\",\"@graph\":[{\"@type\":\"WebPage\",\"@id\":\"https:\/\/thepueblatimes.mx\/index.php\/2025\/05\/31\/ssc-de-san-pedro-cholula-confirma-asesinato-de-un-hombre-en-el-infonavit-santiago\/\",\"url\":\"https:\/\/thepueblatimes.mx\/index.php\/2025\/05\/31\/ssc-de-san-pedro-cholula-confirma-asesinato-de-un-hombre-en-el-infonavit-santiago\/\",\"name\":\"SSC de San Pedro Cholula confirma asesinato de un hombre en el Infonavit Santiago - The Puebla Times\",\"isPartOf\":{\"@id\":\"https:\/\/thepueblatimes.mx\/#website\"},\"datePublished\":\"2025-05-31T18:03:25+00:00\",\"dateModified\":\"2025-05-31T18:03:25+00:00\",\"author\":{\"@id\":\"https:\/\/thepueblatimes.mx\/#\/schema\/person\/1664894c2f65ce2c7a08d8f5f905c13c\"},\"breadcrumb\":{\"@id\":\"https:\/\/thepueblatimes.mx\/index.php\/2025\/05\/31\/ssc-de-san-pedro-cholula-confirma-asesinato-de-un-hombre-en-el-infonavit-santiago\/#breadcrumb\"},\"inLanguage\":\"es\",\"potentialAction\":[{\"@type\":\"ReadAction\",\"target\":[\"https:\/\/thepueblatimes.mx\/index.php\/2025\/05\/31\/ssc-de-san-pedro-cholula-confirma-asesinato-de-un-hombre-en-el-infonavit-santiago\/\"]}]},{\"@type\":\"BreadcrumbList\",\"@id\":\"https:\/\/thepueblatimes.mx\/index.php\/2025\/05\/31\/ssc-de-san-pedro-cholula-confirma-asesinato-de-un-hombre-en-el-infonavit-santiago\/#breadcrumb\",\"itemListElement\":[{\"@type\":\"ListItem\",\"position\":1,\"name\":\"Portada\",\"item\":\"https:\/\/thepueblatimes.mx\/\"},{\"@type\":\"ListItem\",\"position\":2,\"name\":\"SSC de San Pedro Cholula confirma asesinato de un hombre en el Infonavit Santiago\"}]},{\"@type\":\"WebSite\",\"@id\":\"https:\/\/thepueblatimes.mx\/#website\",\"url\":\"https:\/\/thepueblatimes.mx\/\",\"name\":\"The Puebla Times\",\"description\":\"Noticias del Estado de Puebla\",\"potentialAction\":[{\"@type\":\"SearchAction\",\"target\":{\"@type\":\"EntryPoint\",\"urlTemplate\":\"https:\/\/thepueblatimes.mx\/?s={search_term_string}\"},\"query-input\":\"required name=search_term_string\"}],\"inLanguage\":\"es\"},{\"@type\":\"Person\",\"@id\":\"https:\/\/thepueblatimes.mx\/#\/schema\/person\/1664894c2f65ce2c7a08d8f5f905c13c\",\"name\":\"Sa\u00fal Hern\u00e1ndez\",\"image\":{\"@type\":\"ImageObject\",\"inLanguage\":\"es\",\"@id\":\"https:\/\/thepueblatimes.mx\/#\/schema\/person\/image\/\",\"url\":\"https:\/\/secure.gravatar.com\/avatar\/11be338693f243309532caad8f10c930?s=96&d=mm&r=g\",\"contentUrl\":\"https:\/\/secure.gravatar.com\/avatar\/11be338693f243309532caad8f10c930?s=96&d=mm&r=g\",\"caption\":\"Sa\u00fal Hern\u00e1ndez\"},\"url\":\"https:\/\/thepueblatimes.mx\/index.php\/author\/saulhernandez\/\"}]}<\/script>\n<!-- \/ Yoast SEO plugin. -->","yoast_head_json":{"title":"SSC de San Pedro Cholula confirma asesinato de un hombre en el Infonavit Santiago - The Puebla Times","robots":{"index":"index","follow":"follow","max-snippet":"max-snippet:-1","max-image-preview":"max-image-preview:large","max-video-preview":"max-video-preview:-1"},"canonical":"https:\/\/thepueblatimes.mx\/index.php\/2025\/05\/31\/ssc-de-san-pedro-cholula-confirma-asesinato-de-un-hombre-en-el-infonavit-santiago\/","og_locale":"es_ES","og_type":"article","og_title":"SSC de San Pedro Cholula confirma asesinato de un hombre en el Infonavit Santiago - The Puebla Times","og_description":"POR FRED ESTRADA La Secretaria de Seguridad Ciudadana (SSC) de San Pedro Cholula confirm\u00f3 el asesinato de un hombre en inmediaciones del Infonavit. Santiago, con lo que se incrementa la percepci\u00f3n de inseguridad que prevalece entre los residentes del municipio gobernado por Tonantzin Fern\u00e1ndez. La SSC refiri\u00f3 que los hechos tuvieron lugar alrededor de la...","og_url":"https:\/\/thepueblatimes.mx\/index.php\/2025\/05\/31\/ssc-de-san-pedro-cholula-confirma-asesinato-de-un-hombre-en-el-infonavit-santiago\/","og_site_name":"The Puebla Times","article_published_time":"2025-05-31T18:03:25+00:00","og_image":[{"width":1600,"height":1022,"url":"https:\/\/thepueblatimes.mx\/wp-content\/uploads\/2025\/05\/Policia-de-San-Pedro-Cholula.webp","type":"image\/webp"}],"author":"Sa\u00fal Hern\u00e1ndez","twitter_card":"summary_large_image","twitter_misc":{"Escrito por":"Sa\u00fal Hern\u00e1ndez","Tiempo de lectura":"1 minuto"},"schema":{"@context":"https:\/\/schema.org","@graph":[{"@type":"WebPage","@id":"https:\/\/thepueblatimes.mx\/index.php\/2025\/05\/31\/ssc-de-san-pedro-cholula-confirma-asesinato-de-un-hombre-en-el-infonavit-santiago\/","url":"https:\/\/thepueblatimes.mx\/index.php\/2025\/05\/31\/ssc-de-san-pedro-cholula-confirma-asesinato-de-un-hombre-en-el-infonavit-santiago\/","name":"SSC de San Pedro Cholula confirma asesinato de un hombre en el Infonavit Santiago - The Puebla Times","isPartOf":{"@id":"https:\/\/thepueblatimes.mx\/#website"},"datePublished":"2025-05-31T18:03:25+00:00","dateModified":"2025-05-31T18:03:25+00:00","author":{"@id":"https:\/\/thepueblatimes.mx\/#\/schema\/person\/1664894c2f65ce2c7a08d8f5f905c13c"},"breadcrumb":{"@id":"https:\/\/thepueblatimes.mx\/index.php\/2025\/05\/31\/ssc-de-san-pedro-cholula-confirma-asesinato-de-un-hombre-en-el-infonavit-santiago\/#breadcrumb"},"inLanguage":"es","potentialAction":[{"@type":"ReadAction","target":["https:\/\/thepueblatimes.mx\/index.php\/2025\/05\/31\/ssc-de-san-pedro-cholula-confirma-asesinato-de-un-hombre-en-el-infonavit-santiago\/"]}]},{"@type":"BreadcrumbList","@id":"https:\/\/thepueblatimes.mx\/index.php\/2025\/05\/31\/ssc-de-san-pedro-cholula-confirma-asesinato-de-un-hombre-en-el-infonavit-santiago\/#breadcrumb","itemListElement":[{"@type":"ListItem","position":1,"name":"Portada","item":"https:\/\/thepueblatimes.mx\/"},{"@type":"ListItem","position":2,"name":"SSC de San Pedro Cholula confirma asesinato de un hombre en el Infonavit Santiago"}]},{"@type":"WebSite","@id":"https:\/\/thepueblatimes.mx\/#website","url":"https:\/\/thepueblatimes.mx\/","name":"The Puebla Times","description":"Noticias del Estado de Puebla","potentialAction":[{"@type":"SearchAction","target":{"@type":"EntryPoint","urlTemplate":"https:\/\/thepueblatimes.mx\/?s={search_term_string}"},"query-input":"required name=search_term_string"}],"inLanguage":"es"},{"@type":"Person","@id":"https:\/\/thepueblatimes.mx\/#\/schema\/person\/1664894c2f65ce2c7a08d8f5f905c13c","name":"Sa\u00fal Hern\u00e1ndez","image":{"@type":"ImageObject","inLanguage":"es","@id":"https:\/\/thepueblatimes.mx\/#\/schema\/person\/image\/","url":"https:\/\/secure.gravatar.com\/avatar\/11be338693f243309532caad8f10c930?s=96&d=mm&r=g","contentUrl":"https:\/\/secure.gravatar.com\/avatar\/11be338693f243309532caad8f10c930?s=96&d=mm&r=g","caption":"Sa\u00fal Hern\u00e1ndez"},"url":"https:\/\/thepueblatimes.mx\/index.php\/author\/saulhernandez\/"}]}},"jetpack_featured_media_url":"https:\/\/thepueblatimes.mx\/wp-content\/uploads\/2025\/05\/Policia-de-San-Pedro-Cholula.webp","_links":{"self":[{"href":"https:\/\/thepueblatimes.mx\/index.php\/wp-json\/wp\/v2\/posts\/30552"}],"collection":[{"href":"https:\/\/thepueblatimes.mx\/index.php\/wp-json\/wp\/v2\/posts"}],"about":[{"href":"https:\/\/thepueblatimes.mx\/index.php\/wp-json\/wp\/v2\/types\/post"}],"author":[{"embeddable":true,"href":"https:\/\/thepueblatimes.mx\/index.php\/wp-json\/wp\/v2\/users\/16"}],"replies":[{"embeddable":true,"href":"https:\/\/thepueblatimes.mx\/index.php\/wp-json\/wp\/v2\/comments?post=30552"}],"version-history":[{"count":1,"href":"https:\/\/thepueblatimes.mx\/index.php\/wp-json\/wp\/v2\/posts\/30552\/revisions"}],"predecessor-version":[{"id":30556,"href":"https:\/\/thepueblatimes.mx\/index.php\/wp-json\/wp\/v2\/posts\/30552\/revisions\/30556"}],"wp:featuredmedia":[{"embeddable":true,"href":"https:\/\/thepueblatimes.mx\/index.php\/wp-json\/wp\/v2\/media\/30555"}],"wp:attachment":[{"href":"https:\/\/thepueblatimes.mx\/index.php\/wp-json\/wp\/v2\/media?parent=30552"}],"wp:term":[{"taxonomy":"category","embeddable":true,"href":"https:\/\/thepueblatimes.mx\/index.php\/wp-json\/wp\/v2\/categories?post=30552"},{"taxonomy":"post_tag","embeddable":true,"href":"https:\/\/thepueblatimes.mx\/index.php\/wp-json\/wp\/v2\/tags?post=30552"}],"curies":[{"name":"wp","href":"https:\/\/api.w.org\/{rel}","templated":true}]}}