{"id":30544,"date":"2025-05-31T10:15:20","date_gmt":"2025-05-31T16:15:20","guid":{"rendered":"https:\/\/thepueblatimes.mx\/?p=30544"},"modified":"2025-05-31T10:18:29","modified_gmt":"2025-05-31T16:18:29","slug":"fallece-ed-gale-el-hombre-que-dio-vida-al-temido-chucky-a-los-61-anos","status":"publish","type":"post","link":"https:\/\/thepueblatimes.mx\/index.php\/2025\/05\/31\/fallece-ed-gale-el-hombre-que-dio-vida-al-temido-chucky-a-los-61-anos\/","title":{"rendered":"Fallece Ed Gale, el hombre que dio vida al temido &#8216;Chucky&#8217;, a los 61 a\u00f1os"},"content":{"rendered":"<p data-start=\"243\" data-end=\"389\"><em data-start=\"243\" data-end=\"389\">*El actor que encarn\u00f3 f\u00edsicamente al ic\u00f3nico mu\u00f1eco diab\u00f3lico muri\u00f3 en Los \u00c1ngeles, dejando tras de s\u00ed una carrera de culto en el cine de terror.<\/em><\/p>\n<p data-start=\"391\" data-end=\"725\">El cine de terror perdi\u00f3 a una de sus figuras m\u00e1s peculiares y entra\u00f1ables. Ed Gale, actor recordado por interpretar a &#8216;Chucky&#8217; en varias de las primeras entregas de la saga <em data-start=\"569\" data-end=\"590\">El mu\u00f1eco diab\u00f3lico<\/em>, falleci\u00f3 el pasado martes 27 de mayo a los 61 a\u00f1os, seg\u00fan confirmaron medios estadounidenses y su sobrina a trav\u00e9s de redes sociales.<\/p>\n<p data-start=\"727\" data-end=\"1049\">La muerte del actor se produjo en un hospital de Los \u00c1ngeles, California. Aunque las causas exactas a\u00fan no han sido confirmadas, su partida deja un vac\u00edo entre los fan\u00e1ticos del cine de g\u00e9nero, donde Gale fue mucho m\u00e1s que un actor: fue una figura clave para dar vida a uno de los villanos m\u00e1s temidos de la gran pantalla.<\/p>\n<p data-start=\"1051\" data-end=\"1461\">Con una estatura de apenas 1,02 metros, Gale aport\u00f3 la dimensi\u00f3n f\u00edsica del mu\u00f1eco asesino en las escenas m\u00e1s complejas de las pel\u00edculas, convirti\u00e9ndose en el verdadero cuerpo detr\u00e1s de la marioneta maldita. Pero su talento no se limit\u00f3 a eso: tambi\u00e9n particip\u00f3 en otros filmes de culto como <em data-start=\"1343\" data-end=\"1360\">Howard, el pato<\/em> y <em data-start=\"1363\" data-end=\"1393\">Chopper Chicks in Zombietown<\/em>, consolidando una carrera marcada por la versatilidad y el carisma.<\/p>\n<p data-start=\"1463\" data-end=\"1832\">Su sobrina, Kayse Gale, le dedic\u00f3 un emotivo y humor\u00edstico homenaje en Facebook, donde record\u00f3 la determinaci\u00f3n de su t\u00edo desde sus inicios. \u201cSe fue a California haciendo dedo con 41 d\u00f3lares y un sue\u00f1o, y nunca mir\u00f3 atr\u00e1s\u201d, escribi\u00f3. Con esa misma determinaci\u00f3n, Ed se abri\u00f3 camino en Hollywood, convirti\u00e9ndose en una figura querida tanto por colegas como por los fans.<\/p>\n<p data-start=\"1834\" data-end=\"2107\">\u201cCon el coraz\u00f3n encogido anunciamos el repentino fallecimiento de nuestro t\u00edo, que ha hecho su \u00faltima reverencia y ahora es cabeza de cartel en el m\u00e1s all\u00e1\u201d, expres\u00f3 Kayse en una despedida que mezcla tristeza, orgullo y el mismo esp\u00edritu con el que su t\u00edo vivi\u00f3 su carrera.<\/p>\n<p data-start=\"2109\" data-end=\"2371\">Hoy, mientras las luces del cine se apagan en se\u00f1al de duelo, el terror rinde homenaje a una de sus estrellas menos visibles, pero m\u00e1s inolvidables. Ed Gale ya no est\u00e1, pero su legado seguir\u00e1 acechando en cada pasillo oscuro donde el eco de &#8216;Chucky&#8217; a\u00fan susurra.<\/p>\n","protected":false},"excerpt":{"rendered":"<p>*El actor que encarn\u00f3 f\u00edsicamente al ic\u00f3nico mu\u00f1eco diab\u00f3lico muri\u00f3 en Los \u00c1ngeles, dejando tras de s\u00ed una carrera de culto en el cine de terror. El cine de terror perdi\u00f3 a una de sus figuras m\u00e1s peculiares y entra\u00f1ables. Ed Gale, actor recordado por interpretar a &#8216;Chucky&#8217; en varias de las primeras entregas de&#8230;<\/p>\n","protected":false},"author":16,"featured_media":30545,"comment_status":"closed","ping_status":"closed","sticky":false,"template":"","format":"standard","meta":[],"categories":[6],"tags":[3760,3759,3761],"yoast_head":"<!-- This site is optimized with the Yoast SEO plugin v20.8 - https:\/\/yoast.com\/wordpress\/plugins\/seo\/ -->\n<title>Fallece Ed Gale, el hombre que dio vida al temido &#039;Chucky&#039;, a los 61 a\u00f1os - The Puebla Times<\/title>\n<meta name=\"robots\" content=\"index, follow, max-snippet:-1, max-image-preview:large, max-video-preview:-1\" \/>\n<link rel=\"canonical\" href=\"https:\/\/thepueblatimes.mx\/index.php\/2025\/05\/31\/fallece-ed-gale-el-hombre-que-dio-vida-al-temido-chucky-a-los-61-anos\/\" \/>\n<meta property=\"og:locale\" content=\"es_ES\" \/>\n<meta property=\"og:type\" content=\"article\" \/>\n<meta property=\"og:title\" content=\"Fallece Ed Gale, el hombre que dio vida al temido &#039;Chucky&#039;, a los 61 a\u00f1os - The Puebla Times\" \/>\n<meta property=\"og:description\" content=\"*El actor que encarn\u00f3 f\u00edsicamente al ic\u00f3nico mu\u00f1eco diab\u00f3lico muri\u00f3 en Los \u00c1ngeles, dejando tras de s\u00ed una carrera de culto en el cine de terror. El cine de terror perdi\u00f3 a una de sus figuras m\u00e1s peculiares y entra\u00f1ables. Ed Gale, actor recordado por interpretar a &#8216;Chucky&#8217; en varias de las primeras entregas de...\" \/>\n<meta property=\"og:url\" content=\"https:\/\/thepueblatimes.mx\/index.php\/2025\/05\/31\/fallece-ed-gale-el-hombre-que-dio-vida-al-temido-chucky-a-los-61-anos\/\" \/>\n<meta property=\"og:site_name\" content=\"The Puebla Times\" \/>\n<meta property=\"article:published_time\" content=\"2025-05-31T16:15:20+00:00\" \/>\n<meta property=\"article:modified_time\" content=\"2025-05-31T16:18:29+00:00\" \/>\n<meta property=\"og:image\" content=\"https:\/\/thepueblatimes.mx\/wp-content\/uploads\/2025\/05\/496663128_10171104810525425_6149095265286902688_n.jpg\" \/>\n\t<meta property=\"og:image:width\" content=\"720\" \/>\n\t<meta property=\"og:image:height\" content=\"576\" \/>\n\t<meta property=\"og:image:type\" content=\"image\/jpeg\" \/>\n<meta name=\"author\" content=\"Sa\u00fal Hern\u00e1ndez\" \/>\n<meta name=\"twitter:card\" content=\"summary_large_image\" \/>\n<meta name=\"twitter:label1\" content=\"Escrito por\" \/>\n\t<meta name=\"twitter:data1\" content=\"Sa\u00fal Hern\u00e1ndez\" \/>\n\t<meta name=\"twitter:label2\" content=\"Tiempo de lectura\" \/>\n\t<meta name=\"twitter:data2\" content=\"2 minutos\" \/>\n<script type=\"application\/ld+json\" class=\"yoast-schema-graph\">{\"@context\":\"https:\/\/schema.org\",\"@graph\":[{\"@type\":\"WebPage\",\"@id\":\"https:\/\/thepueblatimes.mx\/index.php\/2025\/05\/31\/fallece-ed-gale-el-hombre-que-dio-vida-al-temido-chucky-a-los-61-anos\/\",\"url\":\"https:\/\/thepueblatimes.mx\/index.php\/2025\/05\/31\/fallece-ed-gale-el-hombre-que-dio-vida-al-temido-chucky-a-los-61-anos\/\",\"name\":\"Fallece Ed Gale, el hombre que dio vida al temido 'Chucky', a los 61 a\u00f1os - The Puebla Times\",\"isPartOf\":{\"@id\":\"https:\/\/thepueblatimes.mx\/#website\"},\"datePublished\":\"2025-05-31T16:15:20+00:00\",\"dateModified\":\"2025-05-31T16:18:29+00:00\",\"author\":{\"@id\":\"https:\/\/thepueblatimes.mx\/#\/schema\/person\/1664894c2f65ce2c7a08d8f5f905c13c\"},\"breadcrumb\":{\"@id\":\"https:\/\/thepueblatimes.mx\/index.php\/2025\/05\/31\/fallece-ed-gale-el-hombre-que-dio-vida-al-temido-chucky-a-los-61-anos\/#breadcrumb\"},\"inLanguage\":\"es\",\"potentialAction\":[{\"@type\":\"ReadAction\",\"target\":[\"https:\/\/thepueblatimes.mx\/index.php\/2025\/05\/31\/fallece-ed-gale-el-hombre-que-dio-vida-al-temido-chucky-a-los-61-anos\/\"]}]},{\"@type\":\"BreadcrumbList\",\"@id\":\"https:\/\/thepueblatimes.mx\/index.php\/2025\/05\/31\/fallece-ed-gale-el-hombre-que-dio-vida-al-temido-chucky-a-los-61-anos\/#breadcrumb\",\"itemListElement\":[{\"@type\":\"ListItem\",\"position\":1,\"name\":\"Portada\",\"item\":\"https:\/\/thepueblatimes.mx\/\"},{\"@type\":\"ListItem\",\"position\":2,\"name\":\"Fallece Ed Gale, el hombre que dio vida al temido &#8216;Chucky&#8217;, a los 61 a\u00f1os\"}]},{\"@type\":\"WebSite\",\"@id\":\"https:\/\/thepueblatimes.mx\/#website\",\"url\":\"https:\/\/thepueblatimes.mx\/\",\"name\":\"The Puebla Times\",\"description\":\"Noticias del Estado de Puebla\",\"potentialAction\":[{\"@type\":\"SearchAction\",\"target\":{\"@type\":\"EntryPoint\",\"urlTemplate\":\"https:\/\/thepueblatimes.mx\/?s={search_term_string}\"},\"query-input\":\"required name=search_term_string\"}],\"inLanguage\":\"es\"},{\"@type\":\"Person\",\"@id\":\"https:\/\/thepueblatimes.mx\/#\/schema\/person\/1664894c2f65ce2c7a08d8f5f905c13c\",\"name\":\"Sa\u00fal Hern\u00e1ndez\",\"image\":{\"@type\":\"ImageObject\",\"inLanguage\":\"es\",\"@id\":\"https:\/\/thepueblatimes.mx\/#\/schema\/person\/image\/\",\"url\":\"https:\/\/secure.gravatar.com\/avatar\/11be338693f243309532caad8f10c930?s=96&d=mm&r=g\",\"contentUrl\":\"https:\/\/secure.gravatar.com\/avatar\/11be338693f243309532caad8f10c930?s=96&d=mm&r=g\",\"caption\":\"Sa\u00fal Hern\u00e1ndez\"},\"url\":\"https:\/\/thepueblatimes.mx\/index.php\/author\/saulhernandez\/\"}]}<\/script>\n<!-- \/ Yoast SEO plugin. -->","yoast_head_json":{"title":"Fallece Ed Gale, el hombre que dio vida al temido 'Chucky', a los 61 a\u00f1os - The Puebla Times","robots":{"index":"index","follow":"follow","max-snippet":"max-snippet:-1","max-image-preview":"max-image-preview:large","max-video-preview":"max-video-preview:-1"},"canonical":"https:\/\/thepueblatimes.mx\/index.php\/2025\/05\/31\/fallece-ed-gale-el-hombre-que-dio-vida-al-temido-chucky-a-los-61-anos\/","og_locale":"es_ES","og_type":"article","og_title":"Fallece Ed Gale, el hombre que dio vida al temido 'Chucky', a los 61 a\u00f1os - The Puebla Times","og_description":"*El actor que encarn\u00f3 f\u00edsicamente al ic\u00f3nico mu\u00f1eco diab\u00f3lico muri\u00f3 en Los \u00c1ngeles, dejando tras de s\u00ed una carrera de culto en el cine de terror. El cine de terror perdi\u00f3 a una de sus figuras m\u00e1s peculiares y entra\u00f1ables. Ed Gale, actor recordado por interpretar a &#8216;Chucky&#8217; en varias de las primeras entregas de...","og_url":"https:\/\/thepueblatimes.mx\/index.php\/2025\/05\/31\/fallece-ed-gale-el-hombre-que-dio-vida-al-temido-chucky-a-los-61-anos\/","og_site_name":"The Puebla Times","article_published_time":"2025-05-31T16:15:20+00:00","article_modified_time":"2025-05-31T16:18:29+00:00","og_image":[{"width":720,"height":576,"url":"https:\/\/thepueblatimes.mx\/wp-content\/uploads\/2025\/05\/496663128_10171104810525425_6149095265286902688_n.jpg","type":"image\/jpeg"}],"author":"Sa\u00fal Hern\u00e1ndez","twitter_card":"summary_large_image","twitter_misc":{"Escrito por":"Sa\u00fal Hern\u00e1ndez","Tiempo de lectura":"2 minutos"},"schema":{"@context":"https:\/\/schema.org","@graph":[{"@type":"WebPage","@id":"https:\/\/thepueblatimes.mx\/index.php\/2025\/05\/31\/fallece-ed-gale-el-hombre-que-dio-vida-al-temido-chucky-a-los-61-anos\/","url":"https:\/\/thepueblatimes.mx\/index.php\/2025\/05\/31\/fallece-ed-gale-el-hombre-que-dio-vida-al-temido-chucky-a-los-61-anos\/","name":"Fallece Ed Gale, el hombre que dio vida al temido 'Chucky', a los 61 a\u00f1os - The Puebla Times","isPartOf":{"@id":"https:\/\/thepueblatimes.mx\/#website"},"datePublished":"2025-05-31T16:15:20+00:00","dateModified":"2025-05-31T16:18:29+00:00","author":{"@id":"https:\/\/thepueblatimes.mx\/#\/schema\/person\/1664894c2f65ce2c7a08d8f5f905c13c"},"breadcrumb":{"@id":"https:\/\/thepueblatimes.mx\/index.php\/2025\/05\/31\/fallece-ed-gale-el-hombre-que-dio-vida-al-temido-chucky-a-los-61-anos\/#breadcrumb"},"inLanguage":"es","potentialAction":[{"@type":"ReadAction","target":["https:\/\/thepueblatimes.mx\/index.php\/2025\/05\/31\/fallece-ed-gale-el-hombre-que-dio-vida-al-temido-chucky-a-los-61-anos\/"]}]},{"@type":"BreadcrumbList","@id":"https:\/\/thepueblatimes.mx\/index.php\/2025\/05\/31\/fallece-ed-gale-el-hombre-que-dio-vida-al-temido-chucky-a-los-61-anos\/#breadcrumb","itemListElement":[{"@type":"ListItem","position":1,"name":"Portada","item":"https:\/\/thepueblatimes.mx\/"},{"@type":"ListItem","position":2,"name":"Fallece Ed Gale, el hombre que dio vida al temido &#8216;Chucky&#8217;, a los 61 a\u00f1os"}]},{"@type":"WebSite","@id":"https:\/\/thepueblatimes.mx\/#website","url":"https:\/\/thepueblatimes.mx\/","name":"The Puebla Times","description":"Noticias del Estado de Puebla","potentialAction":[{"@type":"SearchAction","target":{"@type":"EntryPoint","urlTemplate":"https:\/\/thepueblatimes.mx\/?s={search_term_string}"},"query-input":"required name=search_term_string"}],"inLanguage":"es"},{"@type":"Person","@id":"https:\/\/thepueblatimes.mx\/#\/schema\/person\/1664894c2f65ce2c7a08d8f5f905c13c","name":"Sa\u00fal Hern\u00e1ndez","image":{"@type":"ImageObject","inLanguage":"es","@id":"https:\/\/thepueblatimes.mx\/#\/schema\/person\/image\/","url":"https:\/\/secure.gravatar.com\/avatar\/11be338693f243309532caad8f10c930?s=96&d=mm&r=g","contentUrl":"https:\/\/secure.gravatar.com\/avatar\/11be338693f243309532caad8f10c930?s=96&d=mm&r=g","caption":"Sa\u00fal Hern\u00e1ndez"},"url":"https:\/\/thepueblatimes.mx\/index.php\/author\/saulhernandez\/"}]}},"jetpack_featured_media_url":"https:\/\/thepueblatimes.mx\/wp-content\/uploads\/2025\/05\/496663128_10171104810525425_6149095265286902688_n.jpg","_links":{"self":[{"href":"https:\/\/thepueblatimes.mx\/index.php\/wp-json\/wp\/v2\/posts\/30544"}],"collection":[{"href":"https:\/\/thepueblatimes.mx\/index.php\/wp-json\/wp\/v2\/posts"}],"about":[{"href":"https:\/\/thepueblatimes.mx\/index.php\/wp-json\/wp\/v2\/types\/post"}],"author":[{"embeddable":true,"href":"https:\/\/thepueblatimes.mx\/index.php\/wp-json\/wp\/v2\/users\/16"}],"replies":[{"embeddable":true,"href":"https:\/\/thepueblatimes.mx\/index.php\/wp-json\/wp\/v2\/comments?post=30544"}],"version-history":[{"count":2,"href":"https:\/\/thepueblatimes.mx\/index.php\/wp-json\/wp\/v2\/posts\/30544\/revisions"}],"predecessor-version":[{"id":30547,"href":"https:\/\/thepueblatimes.mx\/index.php\/wp-json\/wp\/v2\/posts\/30544\/revisions\/30547"}],"wp:featuredmedia":[{"embeddable":true,"href":"https:\/\/thepueblatimes.mx\/index.php\/wp-json\/wp\/v2\/media\/30545"}],"wp:attachment":[{"href":"https:\/\/thepueblatimes.mx\/index.php\/wp-json\/wp\/v2\/media?parent=30544"}],"wp:term":[{"taxonomy":"category","embeddable":true,"href":"https:\/\/thepueblatimes.mx\/index.php\/wp-json\/wp\/v2\/categories?post=30544"},{"taxonomy":"post_tag","embeddable":true,"href":"https:\/\/thepueblatimes.mx\/index.php\/wp-json\/wp\/v2\/tags?post=30544"}],"curies":[{"name":"wp","href":"https:\/\/api.w.org\/{rel}","templated":true}]}}