{"id":30466,"date":"2025-05-29T11:54:32","date_gmt":"2025-05-29T17:54:32","guid":{"rendered":"https:\/\/thepueblatimes.mx\/?p=30466"},"modified":"2025-05-29T11:54:32","modified_gmt":"2025-05-29T17:54:32","slug":"isaac-del-toro-hace-historia-el-primer-mexicano-en-liderar-el-giro-de-italia","status":"publish","type":"post","link":"https:\/\/thepueblatimes.mx\/index.php\/2025\/05\/29\/isaac-del-toro-hace-historia-el-primer-mexicano-en-liderar-el-giro-de-italia\/","title":{"rendered":"Isaac del Toro hace historia: el primer mexicano en liderar el Giro de Italia"},"content":{"rendered":"<p data-start=\"311\" data-end=\"675\">Con apenas 21 a\u00f1os, el ciclista mexicano Isaac del Toro est\u00e1 escribiendo su nombre con letras doradas en la historia del ciclismo internacional. El joven pedalista no solo est\u00e1 compitiendo entre los mejores del mundo, sino que ya se ha convertido en el primer mexicano en liderar el Giro de Italia, una de las tres grandes vueltas del ciclismo profesional.<\/p>\n<p data-start=\"677\" data-end=\"1007\">El pasado mi\u00e9rcoles, Del Toro dio una muestra de su fuerza y estrategia al conquistar una de las etapas m\u00e1s exigentes del certamen, correspondiente a la jornada 17. Con un cierre vibrante, super\u00f3 al franc\u00e9s Romain Bardet y al ecuatoriano Richard Carapaz, este \u00faltimo su principal rival en la lucha por el liderato general.<\/p>\n<p data-start=\"1009\" data-end=\"1318\">La victoria no solo le otorg\u00f3 la gloria del momento, sino tambi\u00e9n valiosos segundos de ventaja en la clasificaci\u00f3n. Gracias a su desempe\u00f1o, Isaac se enfund\u00f3 la emblem\u00e1tica maglia rosa, distintivo del l\u00edder general, convirti\u00e9ndose en el ciclista m\u00e1s joven en lograrlo desde el legendario Beppe Saronni.<\/p>\n<p data-start=\"1320\" data-end=\"1655\">\u201cHoy me di cuenta de que nunca me rendir\u00e9. Siempre intentar\u00e9 ganar. No tengo nada que perder\u201d, declar\u00f3 Del Toro al finalizar la etapa, reflejando la determinaci\u00f3n que lo ha llevado a lo m\u00e1s alto del podio. Tambi\u00e9n afirm\u00f3 que el Giro ha sido \u00abmuy bueno con \u00e9l hasta ahora\u00bb, y que luchar\u00e1 hasta el final por mantenerse entre los mejores.<\/p>\n<p data-start=\"1657\" data-end=\"2024\">El Giro de Italia entra ahora en su fase final. Las \u00faltimas etapas se disputar\u00e1n entre el jueves 29 de mayo y el domingo 2 de junio, con un cierre espectacular previsto en las calles de Roma. Los aficionados mexicanos ya se preparan para madrugar y seguir cada kil\u00f3metro de la competencia, con la esperanza de ver a su compatriota alcanzar la gloria absoluta.<\/p>\n<p data-start=\"101\" data-end=\"194\"><strong data-start=\"101\" data-end=\"194\">Los horarios para seguir a Isaac del Toro en el Giro de Italia (hora de la Ciudad de M\u00e9xico):<\/strong><\/p>\n<ul>\n<li data-start=\"198\" data-end=\"229\">Jueves 29 de mayo \u2013 5:50 a.m.<\/li>\n<li data-start=\"232\" data-end=\"264\">Viernes 30 de mayo \u2013 4:20 a.m.<\/li>\n<li data-start=\"267\" data-end=\"298\">S\u00e1bado 1 de junio \u2013 2:45 a.m.<\/li>\n<li data-start=\"301\" data-end=\"333\">Domingo 2 de junio \u2013 7:05 a.m.<\/li>\n<\/ul>\n","protected":false},"excerpt":{"rendered":"<p>Con apenas 21 a\u00f1os, el ciclista mexicano Isaac del Toro est\u00e1 escribiendo su nombre con letras doradas en la historia del ciclismo internacional. El joven pedalista no solo est\u00e1 compitiendo entre los mejores del mundo, sino que ya se ha convertido en el primer mexicano en liderar el Giro de Italia, una de las tres&#8230;<\/p>\n","protected":false},"author":16,"featured_media":30467,"comment_status":"closed","ping_status":"closed","sticky":false,"template":"","format":"standard","meta":[],"categories":[6],"tags":[3733,3732,3734],"yoast_head":"<!-- This site is optimized with the Yoast SEO plugin v20.8 - https:\/\/yoast.com\/wordpress\/plugins\/seo\/ -->\n<title>Isaac del Toro hace historia: el primer mexicano en liderar el Giro de Italia - The Puebla Times<\/title>\n<meta name=\"robots\" content=\"index, follow, max-snippet:-1, max-image-preview:large, max-video-preview:-1\" \/>\n<link rel=\"canonical\" href=\"https:\/\/thepueblatimes.mx\/index.php\/2025\/05\/29\/isaac-del-toro-hace-historia-el-primer-mexicano-en-liderar-el-giro-de-italia\/\" \/>\n<meta property=\"og:locale\" content=\"es_ES\" \/>\n<meta property=\"og:type\" content=\"article\" \/>\n<meta property=\"og:title\" content=\"Isaac del Toro hace historia: el primer mexicano en liderar el Giro de Italia - The Puebla Times\" \/>\n<meta property=\"og:description\" content=\"Con apenas 21 a\u00f1os, el ciclista mexicano Isaac del Toro est\u00e1 escribiendo su nombre con letras doradas en la historia del ciclismo internacional. El joven pedalista no solo est\u00e1 compitiendo entre los mejores del mundo, sino que ya se ha convertido en el primer mexicano en liderar el Giro de Italia, una de las tres...\" \/>\n<meta property=\"og:url\" content=\"https:\/\/thepueblatimes.mx\/index.php\/2025\/05\/29\/isaac-del-toro-hace-historia-el-primer-mexicano-en-liderar-el-giro-de-italia\/\" \/>\n<meta property=\"og:site_name\" content=\"The Puebla Times\" \/>\n<meta property=\"article:published_time\" content=\"2025-05-29T17:54:32+00:00\" \/>\n<meta property=\"og:image\" content=\"https:\/\/thepueblatimes.mx\/wp-content\/uploads\/2025\/05\/Isaac_del_Toro_2217500686.webp\" \/>\n\t<meta property=\"og:image:width\" content=\"2560\" \/>\n\t<meta property=\"og:image:height\" content=\"1439\" \/>\n\t<meta property=\"og:image:type\" content=\"image\/webp\" \/>\n<meta name=\"author\" content=\"Sa\u00fal Hern\u00e1ndez\" \/>\n<meta name=\"twitter:card\" content=\"summary_large_image\" \/>\n<meta name=\"twitter:label1\" content=\"Escrito por\" \/>\n\t<meta name=\"twitter:data1\" content=\"Sa\u00fal Hern\u00e1ndez\" \/>\n\t<meta name=\"twitter:label2\" content=\"Tiempo de lectura\" \/>\n\t<meta name=\"twitter:data2\" content=\"2 minutos\" \/>\n<script type=\"application\/ld+json\" class=\"yoast-schema-graph\">{\"@context\":\"https:\/\/schema.org\",\"@graph\":[{\"@type\":\"WebPage\",\"@id\":\"https:\/\/thepueblatimes.mx\/index.php\/2025\/05\/29\/isaac-del-toro-hace-historia-el-primer-mexicano-en-liderar-el-giro-de-italia\/\",\"url\":\"https:\/\/thepueblatimes.mx\/index.php\/2025\/05\/29\/isaac-del-toro-hace-historia-el-primer-mexicano-en-liderar-el-giro-de-italia\/\",\"name\":\"Isaac del Toro hace historia: el primer mexicano en liderar el Giro de Italia - The Puebla Times\",\"isPartOf\":{\"@id\":\"https:\/\/thepueblatimes.mx\/#website\"},\"datePublished\":\"2025-05-29T17:54:32+00:00\",\"dateModified\":\"2025-05-29T17:54:32+00:00\",\"author\":{\"@id\":\"https:\/\/thepueblatimes.mx\/#\/schema\/person\/1664894c2f65ce2c7a08d8f5f905c13c\"},\"breadcrumb\":{\"@id\":\"https:\/\/thepueblatimes.mx\/index.php\/2025\/05\/29\/isaac-del-toro-hace-historia-el-primer-mexicano-en-liderar-el-giro-de-italia\/#breadcrumb\"},\"inLanguage\":\"es\",\"potentialAction\":[{\"@type\":\"ReadAction\",\"target\":[\"https:\/\/thepueblatimes.mx\/index.php\/2025\/05\/29\/isaac-del-toro-hace-historia-el-primer-mexicano-en-liderar-el-giro-de-italia\/\"]}]},{\"@type\":\"BreadcrumbList\",\"@id\":\"https:\/\/thepueblatimes.mx\/index.php\/2025\/05\/29\/isaac-del-toro-hace-historia-el-primer-mexicano-en-liderar-el-giro-de-italia\/#breadcrumb\",\"itemListElement\":[{\"@type\":\"ListItem\",\"position\":1,\"name\":\"Portada\",\"item\":\"https:\/\/thepueblatimes.mx\/\"},{\"@type\":\"ListItem\",\"position\":2,\"name\":\"Isaac del Toro hace historia: el primer mexicano en liderar el Giro de Italia\"}]},{\"@type\":\"WebSite\",\"@id\":\"https:\/\/thepueblatimes.mx\/#website\",\"url\":\"https:\/\/thepueblatimes.mx\/\",\"name\":\"The Puebla Times\",\"description\":\"Noticias del Estado de Puebla\",\"potentialAction\":[{\"@type\":\"SearchAction\",\"target\":{\"@type\":\"EntryPoint\",\"urlTemplate\":\"https:\/\/thepueblatimes.mx\/?s={search_term_string}\"},\"query-input\":\"required name=search_term_string\"}],\"inLanguage\":\"es\"},{\"@type\":\"Person\",\"@id\":\"https:\/\/thepueblatimes.mx\/#\/schema\/person\/1664894c2f65ce2c7a08d8f5f905c13c\",\"name\":\"Sa\u00fal Hern\u00e1ndez\",\"image\":{\"@type\":\"ImageObject\",\"inLanguage\":\"es\",\"@id\":\"https:\/\/thepueblatimes.mx\/#\/schema\/person\/image\/\",\"url\":\"https:\/\/secure.gravatar.com\/avatar\/11be338693f243309532caad8f10c930?s=96&d=mm&r=g\",\"contentUrl\":\"https:\/\/secure.gravatar.com\/avatar\/11be338693f243309532caad8f10c930?s=96&d=mm&r=g\",\"caption\":\"Sa\u00fal Hern\u00e1ndez\"},\"url\":\"https:\/\/thepueblatimes.mx\/index.php\/author\/saulhernandez\/\"}]}<\/script>\n<!-- \/ Yoast SEO plugin. -->","yoast_head_json":{"title":"Isaac del Toro hace historia: el primer mexicano en liderar el Giro de Italia - The Puebla Times","robots":{"index":"index","follow":"follow","max-snippet":"max-snippet:-1","max-image-preview":"max-image-preview:large","max-video-preview":"max-video-preview:-1"},"canonical":"https:\/\/thepueblatimes.mx\/index.php\/2025\/05\/29\/isaac-del-toro-hace-historia-el-primer-mexicano-en-liderar-el-giro-de-italia\/","og_locale":"es_ES","og_type":"article","og_title":"Isaac del Toro hace historia: el primer mexicano en liderar el Giro de Italia - The Puebla Times","og_description":"Con apenas 21 a\u00f1os, el ciclista mexicano Isaac del Toro est\u00e1 escribiendo su nombre con letras doradas en la historia del ciclismo internacional. El joven pedalista no solo est\u00e1 compitiendo entre los mejores del mundo, sino que ya se ha convertido en el primer mexicano en liderar el Giro de Italia, una de las tres...","og_url":"https:\/\/thepueblatimes.mx\/index.php\/2025\/05\/29\/isaac-del-toro-hace-historia-el-primer-mexicano-en-liderar-el-giro-de-italia\/","og_site_name":"The Puebla Times","article_published_time":"2025-05-29T17:54:32+00:00","og_image":[{"width":2560,"height":1439,"url":"https:\/\/thepueblatimes.mx\/wp-content\/uploads\/2025\/05\/Isaac_del_Toro_2217500686.webp","type":"image\/webp"}],"author":"Sa\u00fal Hern\u00e1ndez","twitter_card":"summary_large_image","twitter_misc":{"Escrito por":"Sa\u00fal Hern\u00e1ndez","Tiempo de lectura":"2 minutos"},"schema":{"@context":"https:\/\/schema.org","@graph":[{"@type":"WebPage","@id":"https:\/\/thepueblatimes.mx\/index.php\/2025\/05\/29\/isaac-del-toro-hace-historia-el-primer-mexicano-en-liderar-el-giro-de-italia\/","url":"https:\/\/thepueblatimes.mx\/index.php\/2025\/05\/29\/isaac-del-toro-hace-historia-el-primer-mexicano-en-liderar-el-giro-de-italia\/","name":"Isaac del Toro hace historia: el primer mexicano en liderar el Giro de Italia - The Puebla Times","isPartOf":{"@id":"https:\/\/thepueblatimes.mx\/#website"},"datePublished":"2025-05-29T17:54:32+00:00","dateModified":"2025-05-29T17:54:32+00:00","author":{"@id":"https:\/\/thepueblatimes.mx\/#\/schema\/person\/1664894c2f65ce2c7a08d8f5f905c13c"},"breadcrumb":{"@id":"https:\/\/thepueblatimes.mx\/index.php\/2025\/05\/29\/isaac-del-toro-hace-historia-el-primer-mexicano-en-liderar-el-giro-de-italia\/#breadcrumb"},"inLanguage":"es","potentialAction":[{"@type":"ReadAction","target":["https:\/\/thepueblatimes.mx\/index.php\/2025\/05\/29\/isaac-del-toro-hace-historia-el-primer-mexicano-en-liderar-el-giro-de-italia\/"]}]},{"@type":"BreadcrumbList","@id":"https:\/\/thepueblatimes.mx\/index.php\/2025\/05\/29\/isaac-del-toro-hace-historia-el-primer-mexicano-en-liderar-el-giro-de-italia\/#breadcrumb","itemListElement":[{"@type":"ListItem","position":1,"name":"Portada","item":"https:\/\/thepueblatimes.mx\/"},{"@type":"ListItem","position":2,"name":"Isaac del Toro hace historia: el primer mexicano en liderar el Giro de Italia"}]},{"@type":"WebSite","@id":"https:\/\/thepueblatimes.mx\/#website","url":"https:\/\/thepueblatimes.mx\/","name":"The Puebla Times","description":"Noticias del Estado de Puebla","potentialAction":[{"@type":"SearchAction","target":{"@type":"EntryPoint","urlTemplate":"https:\/\/thepueblatimes.mx\/?s={search_term_string}"},"query-input":"required name=search_term_string"}],"inLanguage":"es"},{"@type":"Person","@id":"https:\/\/thepueblatimes.mx\/#\/schema\/person\/1664894c2f65ce2c7a08d8f5f905c13c","name":"Sa\u00fal Hern\u00e1ndez","image":{"@type":"ImageObject","inLanguage":"es","@id":"https:\/\/thepueblatimes.mx\/#\/schema\/person\/image\/","url":"https:\/\/secure.gravatar.com\/avatar\/11be338693f243309532caad8f10c930?s=96&d=mm&r=g","contentUrl":"https:\/\/secure.gravatar.com\/avatar\/11be338693f243309532caad8f10c930?s=96&d=mm&r=g","caption":"Sa\u00fal Hern\u00e1ndez"},"url":"https:\/\/thepueblatimes.mx\/index.php\/author\/saulhernandez\/"}]}},"jetpack_featured_media_url":"https:\/\/thepueblatimes.mx\/wp-content\/uploads\/2025\/05\/Isaac_del_Toro_2217500686.webp","_links":{"self":[{"href":"https:\/\/thepueblatimes.mx\/index.php\/wp-json\/wp\/v2\/posts\/30466"}],"collection":[{"href":"https:\/\/thepueblatimes.mx\/index.php\/wp-json\/wp\/v2\/posts"}],"about":[{"href":"https:\/\/thepueblatimes.mx\/index.php\/wp-json\/wp\/v2\/types\/post"}],"author":[{"embeddable":true,"href":"https:\/\/thepueblatimes.mx\/index.php\/wp-json\/wp\/v2\/users\/16"}],"replies":[{"embeddable":true,"href":"https:\/\/thepueblatimes.mx\/index.php\/wp-json\/wp\/v2\/comments?post=30466"}],"version-history":[{"count":1,"href":"https:\/\/thepueblatimes.mx\/index.php\/wp-json\/wp\/v2\/posts\/30466\/revisions"}],"predecessor-version":[{"id":30468,"href":"https:\/\/thepueblatimes.mx\/index.php\/wp-json\/wp\/v2\/posts\/30466\/revisions\/30468"}],"wp:featuredmedia":[{"embeddable":true,"href":"https:\/\/thepueblatimes.mx\/index.php\/wp-json\/wp\/v2\/media\/30467"}],"wp:attachment":[{"href":"https:\/\/thepueblatimes.mx\/index.php\/wp-json\/wp\/v2\/media?parent=30466"}],"wp:term":[{"taxonomy":"category","embeddable":true,"href":"https:\/\/thepueblatimes.mx\/index.php\/wp-json\/wp\/v2\/categories?post=30466"},{"taxonomy":"post_tag","embeddable":true,"href":"https:\/\/thepueblatimes.mx\/index.php\/wp-json\/wp\/v2\/tags?post=30466"}],"curies":[{"name":"wp","href":"https:\/\/api.w.org\/{rel}","templated":true}]}}