{"id":30413,"date":"2025-05-28T09:56:39","date_gmt":"2025-05-28T15:56:39","guid":{"rendered":"https:\/\/thepueblatimes.mx\/?p=30413"},"modified":"2025-05-28T09:56:39","modified_gmt":"2025-05-28T15:56:39","slug":"abaten-a-tiros-a-hombre-en-san-andres-cholula-en-ciudad-judicial","status":"publish","type":"post","link":"https:\/\/thepueblatimes.mx\/index.php\/2025\/05\/28\/abaten-a-tiros-a-hombre-en-san-andres-cholula-en-ciudad-judicial\/","title":{"rendered":"Abaten a tiros a hombre en San Andr\u00e9s Cholula, en Ciudad Judicial"},"content":{"rendered":"<p>POR FRED ESTRADA<\/p>\n<p>Un hombre fue asesinado a balazos por sujetos desconocidos cuando viajaba a bordo de su camioneta en el municipio de San Andr\u00e9s Cholula.<\/p>\n<p>El crimen se registr\u00f3 en las inmediaciones de Ciudad Judicial, sobre avenida del Jag\u00fcey.<\/p>\n<p>Las autoridades arribaron r\u00e1pidamente al lugar, donde fueron localizados varios casquillos de bala.<\/p>\n<p>El \u00e1rea fue acordonada a la espera del arribo de personal de la Fiscal\u00eda General del Estado para que llevara a cabo las diligencias correspondientes y el levantamiento del cad\u00e1ver.<\/p>\n<p>Aunque la identidad de la v\u00edctima a\u00fan se desconoce todo indica que se trat\u00f3 de un ataque directo.<\/p>\n","protected":false},"excerpt":{"rendered":"<p>POR FRED ESTRADA Un hombre fue asesinado a balazos por sujetos desconocidos cuando viajaba a bordo de su camioneta en el municipio de San Andr\u00e9s Cholula. El crimen se registr\u00f3 en las inmediaciones de Ciudad Judicial, sobre avenida del Jag\u00fcey. Las autoridades arribaron r\u00e1pidamente al lugar, donde fueron localizados varios casquillos de bala. El \u00e1rea&#8230;<\/p>\n","protected":false},"author":16,"featured_media":30415,"comment_status":"closed","ping_status":"closed","sticky":false,"template":"","format":"standard","meta":[],"categories":[121],"tags":[249,228],"yoast_head":"<!-- This site is optimized with the Yoast SEO plugin v20.8 - https:\/\/yoast.com\/wordpress\/plugins\/seo\/ -->\n<title>Abaten a tiros a hombre en San Andr\u00e9s Cholula, en Ciudad Judicial - The Puebla Times<\/title>\n<meta name=\"robots\" content=\"index, follow, max-snippet:-1, max-image-preview:large, max-video-preview:-1\" \/>\n<link rel=\"canonical\" href=\"https:\/\/thepueblatimes.mx\/index.php\/2025\/05\/28\/abaten-a-tiros-a-hombre-en-san-andres-cholula-en-ciudad-judicial\/\" \/>\n<meta property=\"og:locale\" content=\"es_ES\" \/>\n<meta property=\"og:type\" content=\"article\" \/>\n<meta property=\"og:title\" content=\"Abaten a tiros a hombre en San Andr\u00e9s Cholula, en Ciudad Judicial - The Puebla Times\" \/>\n<meta property=\"og:description\" content=\"POR FRED ESTRADA Un hombre fue asesinado a balazos por sujetos desconocidos cuando viajaba a bordo de su camioneta en el municipio de San Andr\u00e9s Cholula. El crimen se registr\u00f3 en las inmediaciones de Ciudad Judicial, sobre avenida del Jag\u00fcey. Las autoridades arribaron r\u00e1pidamente al lugar, donde fueron localizados varios casquillos de bala. El \u00e1rea...\" \/>\n<meta property=\"og:url\" content=\"https:\/\/thepueblatimes.mx\/index.php\/2025\/05\/28\/abaten-a-tiros-a-hombre-en-san-andres-cholula-en-ciudad-judicial\/\" \/>\n<meta property=\"og:site_name\" content=\"The Puebla Times\" \/>\n<meta property=\"article:published_time\" content=\"2025-05-28T15:56:39+00:00\" \/>\n<meta property=\"og:image\" content=\"https:\/\/thepueblatimes.mx\/wp-content\/uploads\/2025\/05\/homicidio-ciudad-judicial-670710-750x536.jpg.webp\" \/>\n\t<meta property=\"og:image:width\" content=\"750\" \/>\n\t<meta property=\"og:image:height\" content=\"536\" \/>\n\t<meta property=\"og:image:type\" content=\"image\/webp\" \/>\n<meta name=\"author\" content=\"Sa\u00fal Hern\u00e1ndez\" \/>\n<meta name=\"twitter:card\" content=\"summary_large_image\" \/>\n<meta name=\"twitter:label1\" content=\"Escrito por\" \/>\n\t<meta name=\"twitter:data1\" content=\"Sa\u00fal Hern\u00e1ndez\" \/>\n\t<meta name=\"twitter:label2\" content=\"Tiempo de lectura\" \/>\n\t<meta name=\"twitter:data2\" content=\"1 minuto\" \/>\n<script type=\"application\/ld+json\" class=\"yoast-schema-graph\">{\"@context\":\"https:\/\/schema.org\",\"@graph\":[{\"@type\":\"WebPage\",\"@id\":\"https:\/\/thepueblatimes.mx\/index.php\/2025\/05\/28\/abaten-a-tiros-a-hombre-en-san-andres-cholula-en-ciudad-judicial\/\",\"url\":\"https:\/\/thepueblatimes.mx\/index.php\/2025\/05\/28\/abaten-a-tiros-a-hombre-en-san-andres-cholula-en-ciudad-judicial\/\",\"name\":\"Abaten a tiros a hombre en San Andr\u00e9s Cholula, en Ciudad Judicial - The Puebla Times\",\"isPartOf\":{\"@id\":\"https:\/\/thepueblatimes.mx\/#website\"},\"datePublished\":\"2025-05-28T15:56:39+00:00\",\"dateModified\":\"2025-05-28T15:56:39+00:00\",\"author\":{\"@id\":\"https:\/\/thepueblatimes.mx\/#\/schema\/person\/1664894c2f65ce2c7a08d8f5f905c13c\"},\"breadcrumb\":{\"@id\":\"https:\/\/thepueblatimes.mx\/index.php\/2025\/05\/28\/abaten-a-tiros-a-hombre-en-san-andres-cholula-en-ciudad-judicial\/#breadcrumb\"},\"inLanguage\":\"es\",\"potentialAction\":[{\"@type\":\"ReadAction\",\"target\":[\"https:\/\/thepueblatimes.mx\/index.php\/2025\/05\/28\/abaten-a-tiros-a-hombre-en-san-andres-cholula-en-ciudad-judicial\/\"]}]},{\"@type\":\"BreadcrumbList\",\"@id\":\"https:\/\/thepueblatimes.mx\/index.php\/2025\/05\/28\/abaten-a-tiros-a-hombre-en-san-andres-cholula-en-ciudad-judicial\/#breadcrumb\",\"itemListElement\":[{\"@type\":\"ListItem\",\"position\":1,\"name\":\"Portada\",\"item\":\"https:\/\/thepueblatimes.mx\/\"},{\"@type\":\"ListItem\",\"position\":2,\"name\":\"Abaten a tiros a hombre en San Andr\u00e9s Cholula, en Ciudad Judicial\"}]},{\"@type\":\"WebSite\",\"@id\":\"https:\/\/thepueblatimes.mx\/#website\",\"url\":\"https:\/\/thepueblatimes.mx\/\",\"name\":\"The Puebla Times\",\"description\":\"Noticias del Estado de Puebla\",\"potentialAction\":[{\"@type\":\"SearchAction\",\"target\":{\"@type\":\"EntryPoint\",\"urlTemplate\":\"https:\/\/thepueblatimes.mx\/?s={search_term_string}\"},\"query-input\":\"required name=search_term_string\"}],\"inLanguage\":\"es\"},{\"@type\":\"Person\",\"@id\":\"https:\/\/thepueblatimes.mx\/#\/schema\/person\/1664894c2f65ce2c7a08d8f5f905c13c\",\"name\":\"Sa\u00fal Hern\u00e1ndez\",\"image\":{\"@type\":\"ImageObject\",\"inLanguage\":\"es\",\"@id\":\"https:\/\/thepueblatimes.mx\/#\/schema\/person\/image\/\",\"url\":\"https:\/\/secure.gravatar.com\/avatar\/11be338693f243309532caad8f10c930?s=96&d=mm&r=g\",\"contentUrl\":\"https:\/\/secure.gravatar.com\/avatar\/11be338693f243309532caad8f10c930?s=96&d=mm&r=g\",\"caption\":\"Sa\u00fal Hern\u00e1ndez\"},\"url\":\"https:\/\/thepueblatimes.mx\/index.php\/author\/saulhernandez\/\"}]}<\/script>\n<!-- \/ Yoast SEO plugin. -->","yoast_head_json":{"title":"Abaten a tiros a hombre en San Andr\u00e9s Cholula, en Ciudad Judicial - The Puebla Times","robots":{"index":"index","follow":"follow","max-snippet":"max-snippet:-1","max-image-preview":"max-image-preview:large","max-video-preview":"max-video-preview:-1"},"canonical":"https:\/\/thepueblatimes.mx\/index.php\/2025\/05\/28\/abaten-a-tiros-a-hombre-en-san-andres-cholula-en-ciudad-judicial\/","og_locale":"es_ES","og_type":"article","og_title":"Abaten a tiros a hombre en San Andr\u00e9s Cholula, en Ciudad Judicial - The Puebla Times","og_description":"POR FRED ESTRADA Un hombre fue asesinado a balazos por sujetos desconocidos cuando viajaba a bordo de su camioneta en el municipio de San Andr\u00e9s Cholula. El crimen se registr\u00f3 en las inmediaciones de Ciudad Judicial, sobre avenida del Jag\u00fcey. Las autoridades arribaron r\u00e1pidamente al lugar, donde fueron localizados varios casquillos de bala. El \u00e1rea...","og_url":"https:\/\/thepueblatimes.mx\/index.php\/2025\/05\/28\/abaten-a-tiros-a-hombre-en-san-andres-cholula-en-ciudad-judicial\/","og_site_name":"The Puebla Times","article_published_time":"2025-05-28T15:56:39+00:00","og_image":[{"width":750,"height":536,"url":"https:\/\/thepueblatimes.mx\/wp-content\/uploads\/2025\/05\/homicidio-ciudad-judicial-670710-750x536.jpg.webp","type":"image\/webp"}],"author":"Sa\u00fal Hern\u00e1ndez","twitter_card":"summary_large_image","twitter_misc":{"Escrito por":"Sa\u00fal Hern\u00e1ndez","Tiempo de lectura":"1 minuto"},"schema":{"@context":"https:\/\/schema.org","@graph":[{"@type":"WebPage","@id":"https:\/\/thepueblatimes.mx\/index.php\/2025\/05\/28\/abaten-a-tiros-a-hombre-en-san-andres-cholula-en-ciudad-judicial\/","url":"https:\/\/thepueblatimes.mx\/index.php\/2025\/05\/28\/abaten-a-tiros-a-hombre-en-san-andres-cholula-en-ciudad-judicial\/","name":"Abaten a tiros a hombre en San Andr\u00e9s Cholula, en Ciudad Judicial - The Puebla Times","isPartOf":{"@id":"https:\/\/thepueblatimes.mx\/#website"},"datePublished":"2025-05-28T15:56:39+00:00","dateModified":"2025-05-28T15:56:39+00:00","author":{"@id":"https:\/\/thepueblatimes.mx\/#\/schema\/person\/1664894c2f65ce2c7a08d8f5f905c13c"},"breadcrumb":{"@id":"https:\/\/thepueblatimes.mx\/index.php\/2025\/05\/28\/abaten-a-tiros-a-hombre-en-san-andres-cholula-en-ciudad-judicial\/#breadcrumb"},"inLanguage":"es","potentialAction":[{"@type":"ReadAction","target":["https:\/\/thepueblatimes.mx\/index.php\/2025\/05\/28\/abaten-a-tiros-a-hombre-en-san-andres-cholula-en-ciudad-judicial\/"]}]},{"@type":"BreadcrumbList","@id":"https:\/\/thepueblatimes.mx\/index.php\/2025\/05\/28\/abaten-a-tiros-a-hombre-en-san-andres-cholula-en-ciudad-judicial\/#breadcrumb","itemListElement":[{"@type":"ListItem","position":1,"name":"Portada","item":"https:\/\/thepueblatimes.mx\/"},{"@type":"ListItem","position":2,"name":"Abaten a tiros a hombre en San Andr\u00e9s Cholula, en Ciudad Judicial"}]},{"@type":"WebSite","@id":"https:\/\/thepueblatimes.mx\/#website","url":"https:\/\/thepueblatimes.mx\/","name":"The Puebla Times","description":"Noticias del Estado de Puebla","potentialAction":[{"@type":"SearchAction","target":{"@type":"EntryPoint","urlTemplate":"https:\/\/thepueblatimes.mx\/?s={search_term_string}"},"query-input":"required name=search_term_string"}],"inLanguage":"es"},{"@type":"Person","@id":"https:\/\/thepueblatimes.mx\/#\/schema\/person\/1664894c2f65ce2c7a08d8f5f905c13c","name":"Sa\u00fal Hern\u00e1ndez","image":{"@type":"ImageObject","inLanguage":"es","@id":"https:\/\/thepueblatimes.mx\/#\/schema\/person\/image\/","url":"https:\/\/secure.gravatar.com\/avatar\/11be338693f243309532caad8f10c930?s=96&d=mm&r=g","contentUrl":"https:\/\/secure.gravatar.com\/avatar\/11be338693f243309532caad8f10c930?s=96&d=mm&r=g","caption":"Sa\u00fal Hern\u00e1ndez"},"url":"https:\/\/thepueblatimes.mx\/index.php\/author\/saulhernandez\/"}]}},"jetpack_featured_media_url":"https:\/\/thepueblatimes.mx\/wp-content\/uploads\/2025\/05\/homicidio-ciudad-judicial-670710-750x536.jpg.webp","_links":{"self":[{"href":"https:\/\/thepueblatimes.mx\/index.php\/wp-json\/wp\/v2\/posts\/30413"}],"collection":[{"href":"https:\/\/thepueblatimes.mx\/index.php\/wp-json\/wp\/v2\/posts"}],"about":[{"href":"https:\/\/thepueblatimes.mx\/index.php\/wp-json\/wp\/v2\/types\/post"}],"author":[{"embeddable":true,"href":"https:\/\/thepueblatimes.mx\/index.php\/wp-json\/wp\/v2\/users\/16"}],"replies":[{"embeddable":true,"href":"https:\/\/thepueblatimes.mx\/index.php\/wp-json\/wp\/v2\/comments?post=30413"}],"version-history":[{"count":1,"href":"https:\/\/thepueblatimes.mx\/index.php\/wp-json\/wp\/v2\/posts\/30413\/revisions"}],"predecessor-version":[{"id":30416,"href":"https:\/\/thepueblatimes.mx\/index.php\/wp-json\/wp\/v2\/posts\/30413\/revisions\/30416"}],"wp:featuredmedia":[{"embeddable":true,"href":"https:\/\/thepueblatimes.mx\/index.php\/wp-json\/wp\/v2\/media\/30415"}],"wp:attachment":[{"href":"https:\/\/thepueblatimes.mx\/index.php\/wp-json\/wp\/v2\/media?parent=30413"}],"wp:term":[{"taxonomy":"category","embeddable":true,"href":"https:\/\/thepueblatimes.mx\/index.php\/wp-json\/wp\/v2\/categories?post=30413"},{"taxonomy":"post_tag","embeddable":true,"href":"https:\/\/thepueblatimes.mx\/index.php\/wp-json\/wp\/v2\/tags?post=30413"}],"curies":[{"name":"wp","href":"https:\/\/api.w.org\/{rel}","templated":true}]}}