{"id":30410,"date":"2025-05-28T09:53:11","date_gmt":"2025-05-28T15:53:11","guid":{"rendered":"https:\/\/thepueblatimes.mx\/?p=30410"},"modified":"2025-05-28T09:53:11","modified_gmt":"2025-05-28T15:53:11","slug":"gobierno-y-familias-de-ayotzinapa-acuerdan-abrir-nuevas-rutas-de-investigacion","status":"publish","type":"post","link":"https:\/\/thepueblatimes.mx\/index.php\/2025\/05\/28\/gobierno-y-familias-de-ayotzinapa-acuerdan-abrir-nuevas-rutas-de-investigacion\/","title":{"rendered":"Gobierno y familias de Ayotzinapa acuerdan abrir nuevas rutas de investigaci\u00f3n"},"content":{"rendered":"<p data-start=\"244\" data-end=\"586\">En un encuentro sostenido el pasado martes 27 de mayo en Palacio Nacional, el gobierno federal y los familiares de los 43 estudiantes desaparecidos de Ayotzinapa acordaron emprender nuevas rutas de investigaci\u00f3n que permitan avanzar en la b\u00fasqueda de la verdad y la justicia, a casi once a\u00f1os de los hechos ocurridos en Iguala, Guerrero.<\/p>\n<p data-start=\"588\" data-end=\"943\">La mandataria federal calific\u00f3 la reuni\u00f3n como un \u201cacercamiento necesario\u201d con las madres y padres de los normalistas, quienes han exigido por a\u00f1os respuestas claras y acciones efectivas. Durante el di\u00e1logo, se plante\u00f3 la necesidad de dejar atr\u00e1s los m\u00e9todos tradicionales que no han dado resultados concluyentes, para abrir paso a esquemas m\u00e1s efectivos.<\/p>\n<p data-start=\"945\" data-end=\"1347\">\u201cEstamos desarrollando nuevos esquemas de investigaci\u00f3n distintos a los que se han seguido hasta ahora\u201d, declar\u00f3 la presidenta al t\u00e9rmino de la reuni\u00f3n. \u201cA trav\u00e9s de la Secretar\u00eda de Seguridad y Protecci\u00f3n Ciudadana (SSPC) y la Fiscal\u00eda General de la Rep\u00fablica (FGR), buscamos herramientas que nos acerquen a la verdad, porque todos los mexicanos queremos lo mismo: justicia y encontrar a los j\u00f3venes\u201d.<\/p>\n<p data-start=\"1349\" data-end=\"1576\">Si bien reconoci\u00f3 que obtener certezas sigue siendo complejo, expres\u00f3 su esperanza de que este nuevo camino pueda arrojar luz sobre el paradero de los estudiantes y sobre lo ocurrido aquella noche del 26 de septiembre de 2014.<\/p>\n<p data-start=\"1578\" data-end=\"1927\">La mandataria subray\u00f3 que el gobierno mantiene una comunicaci\u00f3n directa con las familias, quienes, seg\u00fan dijo, est\u00e1n de acuerdo con seguir explorando estas nuevas v\u00edas. \u201cSe les ha explicado en qu\u00e9 consisten estos m\u00e9todos, se les est\u00e1 atendiendo, y nos est\u00e1 dando m\u00e1s informaci\u00f3n. Estoy convencida de que esta nueva v\u00eda nos puede llevar a la verdad\u201d.<\/p>\n<p data-start=\"1929\" data-end=\"2289\">El caso Ayotzinapa se ha convertido en uno de los emblemas de la lucha por los derechos humanos en M\u00e9xico, y contin\u00faa siendo una herida abierta para el pa\u00eds. La demanda de justicia no cesa, y con este nuevo giro en la estrategia de investigaci\u00f3n, las autoridades buscan reactivar un proceso que durante a\u00f1os ha estado marcado por la opacidad y la desconfianza.<\/p>\n","protected":false},"excerpt":{"rendered":"<p>En un encuentro sostenido el pasado martes 27 de mayo en Palacio Nacional, el gobierno federal y los familiares de los 43 estudiantes desaparecidos de Ayotzinapa acordaron emprender nuevas rutas de investigaci\u00f3n que permitan avanzar en la b\u00fasqueda de la verdad y la justicia, a casi once a\u00f1os de los hechos ocurridos en Iguala, Guerrero&#8230;.<\/p>\n","protected":false},"author":16,"featured_media":30411,"comment_status":"closed","ping_status":"closed","sticky":false,"template":"","format":"standard","meta":[],"categories":[2],"tags":[3726,1334,2917],"yoast_head":"<!-- This site is optimized with the Yoast SEO plugin v20.8 - https:\/\/yoast.com\/wordpress\/plugins\/seo\/ -->\n<title>Gobierno y familias de Ayotzinapa acuerdan abrir nuevas rutas de investigaci\u00f3n - The Puebla Times<\/title>\n<meta name=\"robots\" content=\"index, follow, max-snippet:-1, max-image-preview:large, max-video-preview:-1\" \/>\n<link rel=\"canonical\" href=\"https:\/\/thepueblatimes.mx\/index.php\/2025\/05\/28\/gobierno-y-familias-de-ayotzinapa-acuerdan-abrir-nuevas-rutas-de-investigacion\/\" \/>\n<meta property=\"og:locale\" content=\"es_ES\" \/>\n<meta property=\"og:type\" content=\"article\" \/>\n<meta property=\"og:title\" content=\"Gobierno y familias de Ayotzinapa acuerdan abrir nuevas rutas de investigaci\u00f3n - The Puebla Times\" \/>\n<meta property=\"og:description\" content=\"En un encuentro sostenido el pasado martes 27 de mayo en Palacio Nacional, el gobierno federal y los familiares de los 43 estudiantes desaparecidos de Ayotzinapa acordaron emprender nuevas rutas de investigaci\u00f3n que permitan avanzar en la b\u00fasqueda de la verdad y la justicia, a casi once a\u00f1os de los hechos ocurridos en Iguala, Guerrero....\" \/>\n<meta property=\"og:url\" content=\"https:\/\/thepueblatimes.mx\/index.php\/2025\/05\/28\/gobierno-y-familias-de-ayotzinapa-acuerdan-abrir-nuevas-rutas-de-investigacion\/\" \/>\n<meta property=\"og:site_name\" content=\"The Puebla Times\" \/>\n<meta property=\"article:published_time\" content=\"2025-05-28T15:53:11+00:00\" \/>\n<meta property=\"og:image\" content=\"https:\/\/thepueblatimes.mx\/wp-content\/uploads\/2025\/05\/primera-reunion-padres-ayotzinapa-sheinbaum.jpg\" \/>\n\t<meta property=\"og:image:width\" content=\"1920\" \/>\n\t<meta property=\"og:image:height\" content=\"1280\" \/>\n\t<meta property=\"og:image:type\" content=\"image\/jpeg\" \/>\n<meta name=\"author\" content=\"Sa\u00fal Hern\u00e1ndez\" \/>\n<meta name=\"twitter:card\" content=\"summary_large_image\" \/>\n<meta name=\"twitter:label1\" content=\"Escrito por\" \/>\n\t<meta name=\"twitter:data1\" content=\"Sa\u00fal Hern\u00e1ndez\" \/>\n\t<meta name=\"twitter:label2\" content=\"Tiempo de lectura\" \/>\n\t<meta name=\"twitter:data2\" content=\"2 minutos\" \/>\n<script type=\"application\/ld+json\" class=\"yoast-schema-graph\">{\"@context\":\"https:\/\/schema.org\",\"@graph\":[{\"@type\":\"WebPage\",\"@id\":\"https:\/\/thepueblatimes.mx\/index.php\/2025\/05\/28\/gobierno-y-familias-de-ayotzinapa-acuerdan-abrir-nuevas-rutas-de-investigacion\/\",\"url\":\"https:\/\/thepueblatimes.mx\/index.php\/2025\/05\/28\/gobierno-y-familias-de-ayotzinapa-acuerdan-abrir-nuevas-rutas-de-investigacion\/\",\"name\":\"Gobierno y familias de Ayotzinapa acuerdan abrir nuevas rutas de investigaci\u00f3n - The Puebla Times\",\"isPartOf\":{\"@id\":\"https:\/\/thepueblatimes.mx\/#website\"},\"datePublished\":\"2025-05-28T15:53:11+00:00\",\"dateModified\":\"2025-05-28T15:53:11+00:00\",\"author\":{\"@id\":\"https:\/\/thepueblatimes.mx\/#\/schema\/person\/1664894c2f65ce2c7a08d8f5f905c13c\"},\"breadcrumb\":{\"@id\":\"https:\/\/thepueblatimes.mx\/index.php\/2025\/05\/28\/gobierno-y-familias-de-ayotzinapa-acuerdan-abrir-nuevas-rutas-de-investigacion\/#breadcrumb\"},\"inLanguage\":\"es\",\"potentialAction\":[{\"@type\":\"ReadAction\",\"target\":[\"https:\/\/thepueblatimes.mx\/index.php\/2025\/05\/28\/gobierno-y-familias-de-ayotzinapa-acuerdan-abrir-nuevas-rutas-de-investigacion\/\"]}]},{\"@type\":\"BreadcrumbList\",\"@id\":\"https:\/\/thepueblatimes.mx\/index.php\/2025\/05\/28\/gobierno-y-familias-de-ayotzinapa-acuerdan-abrir-nuevas-rutas-de-investigacion\/#breadcrumb\",\"itemListElement\":[{\"@type\":\"ListItem\",\"position\":1,\"name\":\"Portada\",\"item\":\"https:\/\/thepueblatimes.mx\/\"},{\"@type\":\"ListItem\",\"position\":2,\"name\":\"Gobierno y familias de Ayotzinapa acuerdan abrir nuevas rutas de investigaci\u00f3n\"}]},{\"@type\":\"WebSite\",\"@id\":\"https:\/\/thepueblatimes.mx\/#website\",\"url\":\"https:\/\/thepueblatimes.mx\/\",\"name\":\"The Puebla Times\",\"description\":\"Noticias del Estado de Puebla\",\"potentialAction\":[{\"@type\":\"SearchAction\",\"target\":{\"@type\":\"EntryPoint\",\"urlTemplate\":\"https:\/\/thepueblatimes.mx\/?s={search_term_string}\"},\"query-input\":\"required name=search_term_string\"}],\"inLanguage\":\"es\"},{\"@type\":\"Person\",\"@id\":\"https:\/\/thepueblatimes.mx\/#\/schema\/person\/1664894c2f65ce2c7a08d8f5f905c13c\",\"name\":\"Sa\u00fal Hern\u00e1ndez\",\"image\":{\"@type\":\"ImageObject\",\"inLanguage\":\"es\",\"@id\":\"https:\/\/thepueblatimes.mx\/#\/schema\/person\/image\/\",\"url\":\"https:\/\/secure.gravatar.com\/avatar\/11be338693f243309532caad8f10c930?s=96&d=mm&r=g\",\"contentUrl\":\"https:\/\/secure.gravatar.com\/avatar\/11be338693f243309532caad8f10c930?s=96&d=mm&r=g\",\"caption\":\"Sa\u00fal Hern\u00e1ndez\"},\"url\":\"https:\/\/thepueblatimes.mx\/index.php\/author\/saulhernandez\/\"}]}<\/script>\n<!-- \/ Yoast SEO plugin. -->","yoast_head_json":{"title":"Gobierno y familias de Ayotzinapa acuerdan abrir nuevas rutas de investigaci\u00f3n - The Puebla Times","robots":{"index":"index","follow":"follow","max-snippet":"max-snippet:-1","max-image-preview":"max-image-preview:large","max-video-preview":"max-video-preview:-1"},"canonical":"https:\/\/thepueblatimes.mx\/index.php\/2025\/05\/28\/gobierno-y-familias-de-ayotzinapa-acuerdan-abrir-nuevas-rutas-de-investigacion\/","og_locale":"es_ES","og_type":"article","og_title":"Gobierno y familias de Ayotzinapa acuerdan abrir nuevas rutas de investigaci\u00f3n - The Puebla Times","og_description":"En un encuentro sostenido el pasado martes 27 de mayo en Palacio Nacional, el gobierno federal y los familiares de los 43 estudiantes desaparecidos de Ayotzinapa acordaron emprender nuevas rutas de investigaci\u00f3n que permitan avanzar en la b\u00fasqueda de la verdad y la justicia, a casi once a\u00f1os de los hechos ocurridos en Iguala, Guerrero....","og_url":"https:\/\/thepueblatimes.mx\/index.php\/2025\/05\/28\/gobierno-y-familias-de-ayotzinapa-acuerdan-abrir-nuevas-rutas-de-investigacion\/","og_site_name":"The Puebla Times","article_published_time":"2025-05-28T15:53:11+00:00","og_image":[{"width":1920,"height":1280,"url":"https:\/\/thepueblatimes.mx\/wp-content\/uploads\/2025\/05\/primera-reunion-padres-ayotzinapa-sheinbaum.jpg","type":"image\/jpeg"}],"author":"Sa\u00fal Hern\u00e1ndez","twitter_card":"summary_large_image","twitter_misc":{"Escrito por":"Sa\u00fal Hern\u00e1ndez","Tiempo de lectura":"2 minutos"},"schema":{"@context":"https:\/\/schema.org","@graph":[{"@type":"WebPage","@id":"https:\/\/thepueblatimes.mx\/index.php\/2025\/05\/28\/gobierno-y-familias-de-ayotzinapa-acuerdan-abrir-nuevas-rutas-de-investigacion\/","url":"https:\/\/thepueblatimes.mx\/index.php\/2025\/05\/28\/gobierno-y-familias-de-ayotzinapa-acuerdan-abrir-nuevas-rutas-de-investigacion\/","name":"Gobierno y familias de Ayotzinapa acuerdan abrir nuevas rutas de investigaci\u00f3n - The Puebla Times","isPartOf":{"@id":"https:\/\/thepueblatimes.mx\/#website"},"datePublished":"2025-05-28T15:53:11+00:00","dateModified":"2025-05-28T15:53:11+00:00","author":{"@id":"https:\/\/thepueblatimes.mx\/#\/schema\/person\/1664894c2f65ce2c7a08d8f5f905c13c"},"breadcrumb":{"@id":"https:\/\/thepueblatimes.mx\/index.php\/2025\/05\/28\/gobierno-y-familias-de-ayotzinapa-acuerdan-abrir-nuevas-rutas-de-investigacion\/#breadcrumb"},"inLanguage":"es","potentialAction":[{"@type":"ReadAction","target":["https:\/\/thepueblatimes.mx\/index.php\/2025\/05\/28\/gobierno-y-familias-de-ayotzinapa-acuerdan-abrir-nuevas-rutas-de-investigacion\/"]}]},{"@type":"BreadcrumbList","@id":"https:\/\/thepueblatimes.mx\/index.php\/2025\/05\/28\/gobierno-y-familias-de-ayotzinapa-acuerdan-abrir-nuevas-rutas-de-investigacion\/#breadcrumb","itemListElement":[{"@type":"ListItem","position":1,"name":"Portada","item":"https:\/\/thepueblatimes.mx\/"},{"@type":"ListItem","position":2,"name":"Gobierno y familias de Ayotzinapa acuerdan abrir nuevas rutas de investigaci\u00f3n"}]},{"@type":"WebSite","@id":"https:\/\/thepueblatimes.mx\/#website","url":"https:\/\/thepueblatimes.mx\/","name":"The Puebla Times","description":"Noticias del Estado de Puebla","potentialAction":[{"@type":"SearchAction","target":{"@type":"EntryPoint","urlTemplate":"https:\/\/thepueblatimes.mx\/?s={search_term_string}"},"query-input":"required name=search_term_string"}],"inLanguage":"es"},{"@type":"Person","@id":"https:\/\/thepueblatimes.mx\/#\/schema\/person\/1664894c2f65ce2c7a08d8f5f905c13c","name":"Sa\u00fal Hern\u00e1ndez","image":{"@type":"ImageObject","inLanguage":"es","@id":"https:\/\/thepueblatimes.mx\/#\/schema\/person\/image\/","url":"https:\/\/secure.gravatar.com\/avatar\/11be338693f243309532caad8f10c930?s=96&d=mm&r=g","contentUrl":"https:\/\/secure.gravatar.com\/avatar\/11be338693f243309532caad8f10c930?s=96&d=mm&r=g","caption":"Sa\u00fal Hern\u00e1ndez"},"url":"https:\/\/thepueblatimes.mx\/index.php\/author\/saulhernandez\/"}]}},"jetpack_featured_media_url":"https:\/\/thepueblatimes.mx\/wp-content\/uploads\/2025\/05\/primera-reunion-padres-ayotzinapa-sheinbaum.jpg","_links":{"self":[{"href":"https:\/\/thepueblatimes.mx\/index.php\/wp-json\/wp\/v2\/posts\/30410"}],"collection":[{"href":"https:\/\/thepueblatimes.mx\/index.php\/wp-json\/wp\/v2\/posts"}],"about":[{"href":"https:\/\/thepueblatimes.mx\/index.php\/wp-json\/wp\/v2\/types\/post"}],"author":[{"embeddable":true,"href":"https:\/\/thepueblatimes.mx\/index.php\/wp-json\/wp\/v2\/users\/16"}],"replies":[{"embeddable":true,"href":"https:\/\/thepueblatimes.mx\/index.php\/wp-json\/wp\/v2\/comments?post=30410"}],"version-history":[{"count":1,"href":"https:\/\/thepueblatimes.mx\/index.php\/wp-json\/wp\/v2\/posts\/30410\/revisions"}],"predecessor-version":[{"id":30414,"href":"https:\/\/thepueblatimes.mx\/index.php\/wp-json\/wp\/v2\/posts\/30410\/revisions\/30414"}],"wp:featuredmedia":[{"embeddable":true,"href":"https:\/\/thepueblatimes.mx\/index.php\/wp-json\/wp\/v2\/media\/30411"}],"wp:attachment":[{"href":"https:\/\/thepueblatimes.mx\/index.php\/wp-json\/wp\/v2\/media?parent=30410"}],"wp:term":[{"taxonomy":"category","embeddable":true,"href":"https:\/\/thepueblatimes.mx\/index.php\/wp-json\/wp\/v2\/categories?post=30410"},{"taxonomy":"post_tag","embeddable":true,"href":"https:\/\/thepueblatimes.mx\/index.php\/wp-json\/wp\/v2\/tags?post=30410"}],"curies":[{"name":"wp","href":"https:\/\/api.w.org\/{rel}","templated":true}]}}