{"id":30407,"date":"2025-05-27T17:29:34","date_gmt":"2025-05-27T23:29:34","guid":{"rendered":"https:\/\/thepueblatimes.mx\/?p=30407"},"modified":"2025-05-27T17:29:34","modified_gmt":"2025-05-27T23:29:34","slug":"avalan-en-comision-del-congreso-reformas-para-suprimir-edad-maxima-para-ocupar-direccion-del-cecyte","status":"publish","type":"post","link":"https:\/\/thepueblatimes.mx\/index.php\/2025\/05\/27\/avalan-en-comision-del-congreso-reformas-para-suprimir-edad-maxima-para-ocupar-direccion-del-cecyte\/","title":{"rendered":"Avalan en Comisi\u00f3n del Congreso reformas para suprimir edad m\u00e1xima para ocupar Direcci\u00f3n del CECyTE"},"content":{"rendered":"<h3><em>&#8211; Tambi\u00e9n se estableci\u00f3 lenguaje incluyente en la redacci\u00f3n del Decreto<\/em><\/h3>\n<p>&nbsp;<\/p>\n<p>&nbsp;<\/p>\n<p>Las y los integrantes de la Comisi\u00f3n de Ciencia y Tecnolog\u00eda del Congreso del Estado aprobaron el proyecto de dictamen por el que se reforma el ac\u00e1pite y la fracci\u00f3n II del art\u00edculo 11 del Decreto que crea el Colegio de Estudios Cient\u00edficos y Tecnol\u00f3gicos del Estado de Puebla (CECyTE), con la finalidad de suprimir la edad m\u00e1xima para ocupar la Direcci\u00f3n de este organismo.<\/p>\n<p>&nbsp;<\/p>\n<p>El proyecto de dictamen tiene como prop\u00f3sito establecer las condiciones necesarias para el pleno goce de los derechos de las y los ciudadanos, por ello, con las modificaciones, se suprime el m\u00e1ximo de edad para ocupar el cargo de persona titular de la Direcci\u00f3n General del Colegio de Estudios Cient\u00edficos y Tecnol\u00f3gicos del Estado de Puebla.<\/p>\n<p>&nbsp;<\/p>\n<p>Como parte de las modificaciones, enviadas por el Ejecutivo, tambi\u00e9n se estableci\u00f3 lenguaje incluyente en la redacci\u00f3n del Decreto.<\/p>\n<p>&nbsp;<\/p>\n<p>Al respecto, la diputada Xel Arianna Hern\u00e1ndez Garc\u00eda destac\u00f3 la importancia de garantizar la participaci\u00f3n de las personas de todas las edades, incluyendo las juventudes, as\u00ed como considerar los requisitos necesarios para quienes ocupen estos espacios.<\/p>\n<p>&nbsp;<\/p>\n<p>Durante la sesi\u00f3n de la Comisi\u00f3n estuvieron presentes las y los diputados Jaime Alejandro Aurioles Barroeta, Rosal\u00edo Zanatta Vidaurri, Mar\u00eda Soledad Amieva Zamora, Norma Estela Pimentel M\u00e9ndez, El\u00edas Lozada Ortega, Xel Arianna Hern\u00e1ndez Garc\u00eda y Roberto Zatar\u00e1in Leal.<\/p>\n","protected":false},"excerpt":{"rendered":"<p>&#8211; Tambi\u00e9n se estableci\u00f3 lenguaje incluyente en la redacci\u00f3n del Decreto &nbsp; &nbsp; Las y los integrantes de la Comisi\u00f3n de Ciencia y Tecnolog\u00eda del Congreso del Estado aprobaron el proyecto de dictamen por el que se reforma el ac\u00e1pite y la fracci\u00f3n II del art\u00edculo 11 del Decreto que crea el Colegio de Estudios&#8230;<\/p>\n","protected":false},"author":16,"featured_media":30408,"comment_status":"closed","ping_status":"closed","sticky":false,"template":"","format":"standard","meta":[],"categories":[3],"tags":[1480,1271],"yoast_head":"<!-- This site is optimized with the Yoast SEO plugin v20.8 - https:\/\/yoast.com\/wordpress\/plugins\/seo\/ -->\n<title>Avalan en Comisi\u00f3n del Congreso reformas para suprimir edad m\u00e1xima para ocupar Direcci\u00f3n del CECyTE - The Puebla Times<\/title>\n<meta name=\"robots\" content=\"index, follow, max-snippet:-1, max-image-preview:large, max-video-preview:-1\" \/>\n<link rel=\"canonical\" href=\"https:\/\/thepueblatimes.mx\/index.php\/2025\/05\/27\/avalan-en-comision-del-congreso-reformas-para-suprimir-edad-maxima-para-ocupar-direccion-del-cecyte\/\" \/>\n<meta property=\"og:locale\" content=\"es_ES\" \/>\n<meta property=\"og:type\" content=\"article\" \/>\n<meta property=\"og:title\" content=\"Avalan en Comisi\u00f3n del Congreso reformas para suprimir edad m\u00e1xima para ocupar Direcci\u00f3n del CECyTE - The Puebla Times\" \/>\n<meta property=\"og:description\" content=\"&#8211; Tambi\u00e9n se estableci\u00f3 lenguaje incluyente en la redacci\u00f3n del Decreto &nbsp; &nbsp; Las y los integrantes de la Comisi\u00f3n de Ciencia y Tecnolog\u00eda del Congreso del Estado aprobaron el proyecto de dictamen por el que se reforma el ac\u00e1pite y la fracci\u00f3n II del art\u00edculo 11 del Decreto que crea el Colegio de Estudios...\" \/>\n<meta property=\"og:url\" content=\"https:\/\/thepueblatimes.mx\/index.php\/2025\/05\/27\/avalan-en-comision-del-congreso-reformas-para-suprimir-edad-maxima-para-ocupar-direccion-del-cecyte\/\" \/>\n<meta property=\"og:site_name\" content=\"The Puebla Times\" \/>\n<meta property=\"article:published_time\" content=\"2025-05-27T23:29:34+00:00\" \/>\n<meta property=\"og:image\" content=\"https:\/\/thepueblatimes.mx\/wp-content\/uploads\/2025\/05\/195cf94a-f3b9-49e6-8c6c-d8378d3258a6.jpg\" \/>\n\t<meta property=\"og:image:width\" content=\"1600\" \/>\n\t<meta property=\"og:image:height\" content=\"882\" \/>\n\t<meta property=\"og:image:type\" content=\"image\/jpeg\" \/>\n<meta name=\"author\" content=\"Sa\u00fal Hern\u00e1ndez\" \/>\n<meta name=\"twitter:card\" content=\"summary_large_image\" \/>\n<meta name=\"twitter:label1\" content=\"Escrito por\" \/>\n\t<meta name=\"twitter:data1\" content=\"Sa\u00fal Hern\u00e1ndez\" \/>\n\t<meta name=\"twitter:label2\" content=\"Tiempo de lectura\" \/>\n\t<meta name=\"twitter:data2\" content=\"2 minutos\" \/>\n<script type=\"application\/ld+json\" class=\"yoast-schema-graph\">{\"@context\":\"https:\/\/schema.org\",\"@graph\":[{\"@type\":\"WebPage\",\"@id\":\"https:\/\/thepueblatimes.mx\/index.php\/2025\/05\/27\/avalan-en-comision-del-congreso-reformas-para-suprimir-edad-maxima-para-ocupar-direccion-del-cecyte\/\",\"url\":\"https:\/\/thepueblatimes.mx\/index.php\/2025\/05\/27\/avalan-en-comision-del-congreso-reformas-para-suprimir-edad-maxima-para-ocupar-direccion-del-cecyte\/\",\"name\":\"Avalan en Comisi\u00f3n del Congreso reformas para suprimir edad m\u00e1xima para ocupar Direcci\u00f3n del CECyTE - The Puebla Times\",\"isPartOf\":{\"@id\":\"https:\/\/thepueblatimes.mx\/#website\"},\"datePublished\":\"2025-05-27T23:29:34+00:00\",\"dateModified\":\"2025-05-27T23:29:34+00:00\",\"author\":{\"@id\":\"https:\/\/thepueblatimes.mx\/#\/schema\/person\/1664894c2f65ce2c7a08d8f5f905c13c\"},\"breadcrumb\":{\"@id\":\"https:\/\/thepueblatimes.mx\/index.php\/2025\/05\/27\/avalan-en-comision-del-congreso-reformas-para-suprimir-edad-maxima-para-ocupar-direccion-del-cecyte\/#breadcrumb\"},\"inLanguage\":\"es\",\"potentialAction\":[{\"@type\":\"ReadAction\",\"target\":[\"https:\/\/thepueblatimes.mx\/index.php\/2025\/05\/27\/avalan-en-comision-del-congreso-reformas-para-suprimir-edad-maxima-para-ocupar-direccion-del-cecyte\/\"]}]},{\"@type\":\"BreadcrumbList\",\"@id\":\"https:\/\/thepueblatimes.mx\/index.php\/2025\/05\/27\/avalan-en-comision-del-congreso-reformas-para-suprimir-edad-maxima-para-ocupar-direccion-del-cecyte\/#breadcrumb\",\"itemListElement\":[{\"@type\":\"ListItem\",\"position\":1,\"name\":\"Portada\",\"item\":\"https:\/\/thepueblatimes.mx\/\"},{\"@type\":\"ListItem\",\"position\":2,\"name\":\"Avalan en Comisi\u00f3n del Congreso reformas para suprimir edad m\u00e1xima para ocupar Direcci\u00f3n del CECyTE\"}]},{\"@type\":\"WebSite\",\"@id\":\"https:\/\/thepueblatimes.mx\/#website\",\"url\":\"https:\/\/thepueblatimes.mx\/\",\"name\":\"The Puebla Times\",\"description\":\"Noticias del Estado de Puebla\",\"potentialAction\":[{\"@type\":\"SearchAction\",\"target\":{\"@type\":\"EntryPoint\",\"urlTemplate\":\"https:\/\/thepueblatimes.mx\/?s={search_term_string}\"},\"query-input\":\"required name=search_term_string\"}],\"inLanguage\":\"es\"},{\"@type\":\"Person\",\"@id\":\"https:\/\/thepueblatimes.mx\/#\/schema\/person\/1664894c2f65ce2c7a08d8f5f905c13c\",\"name\":\"Sa\u00fal Hern\u00e1ndez\",\"image\":{\"@type\":\"ImageObject\",\"inLanguage\":\"es\",\"@id\":\"https:\/\/thepueblatimes.mx\/#\/schema\/person\/image\/\",\"url\":\"https:\/\/secure.gravatar.com\/avatar\/11be338693f243309532caad8f10c930?s=96&d=mm&r=g\",\"contentUrl\":\"https:\/\/secure.gravatar.com\/avatar\/11be338693f243309532caad8f10c930?s=96&d=mm&r=g\",\"caption\":\"Sa\u00fal Hern\u00e1ndez\"},\"url\":\"https:\/\/thepueblatimes.mx\/index.php\/author\/saulhernandez\/\"}]}<\/script>\n<!-- \/ Yoast SEO plugin. -->","yoast_head_json":{"title":"Avalan en Comisi\u00f3n del Congreso reformas para suprimir edad m\u00e1xima para ocupar Direcci\u00f3n del CECyTE - The Puebla Times","robots":{"index":"index","follow":"follow","max-snippet":"max-snippet:-1","max-image-preview":"max-image-preview:large","max-video-preview":"max-video-preview:-1"},"canonical":"https:\/\/thepueblatimes.mx\/index.php\/2025\/05\/27\/avalan-en-comision-del-congreso-reformas-para-suprimir-edad-maxima-para-ocupar-direccion-del-cecyte\/","og_locale":"es_ES","og_type":"article","og_title":"Avalan en Comisi\u00f3n del Congreso reformas para suprimir edad m\u00e1xima para ocupar Direcci\u00f3n del CECyTE - The Puebla Times","og_description":"&#8211; Tambi\u00e9n se estableci\u00f3 lenguaje incluyente en la redacci\u00f3n del Decreto &nbsp; &nbsp; Las y los integrantes de la Comisi\u00f3n de Ciencia y Tecnolog\u00eda del Congreso del Estado aprobaron el proyecto de dictamen por el que se reforma el ac\u00e1pite y la fracci\u00f3n II del art\u00edculo 11 del Decreto que crea el Colegio de Estudios...","og_url":"https:\/\/thepueblatimes.mx\/index.php\/2025\/05\/27\/avalan-en-comision-del-congreso-reformas-para-suprimir-edad-maxima-para-ocupar-direccion-del-cecyte\/","og_site_name":"The Puebla Times","article_published_time":"2025-05-27T23:29:34+00:00","og_image":[{"width":1600,"height":882,"url":"https:\/\/thepueblatimes.mx\/wp-content\/uploads\/2025\/05\/195cf94a-f3b9-49e6-8c6c-d8378d3258a6.jpg","type":"image\/jpeg"}],"author":"Sa\u00fal Hern\u00e1ndez","twitter_card":"summary_large_image","twitter_misc":{"Escrito por":"Sa\u00fal Hern\u00e1ndez","Tiempo de lectura":"2 minutos"},"schema":{"@context":"https:\/\/schema.org","@graph":[{"@type":"WebPage","@id":"https:\/\/thepueblatimes.mx\/index.php\/2025\/05\/27\/avalan-en-comision-del-congreso-reformas-para-suprimir-edad-maxima-para-ocupar-direccion-del-cecyte\/","url":"https:\/\/thepueblatimes.mx\/index.php\/2025\/05\/27\/avalan-en-comision-del-congreso-reformas-para-suprimir-edad-maxima-para-ocupar-direccion-del-cecyte\/","name":"Avalan en Comisi\u00f3n del Congreso reformas para suprimir edad m\u00e1xima para ocupar Direcci\u00f3n del CECyTE - The Puebla Times","isPartOf":{"@id":"https:\/\/thepueblatimes.mx\/#website"},"datePublished":"2025-05-27T23:29:34+00:00","dateModified":"2025-05-27T23:29:34+00:00","author":{"@id":"https:\/\/thepueblatimes.mx\/#\/schema\/person\/1664894c2f65ce2c7a08d8f5f905c13c"},"breadcrumb":{"@id":"https:\/\/thepueblatimes.mx\/index.php\/2025\/05\/27\/avalan-en-comision-del-congreso-reformas-para-suprimir-edad-maxima-para-ocupar-direccion-del-cecyte\/#breadcrumb"},"inLanguage":"es","potentialAction":[{"@type":"ReadAction","target":["https:\/\/thepueblatimes.mx\/index.php\/2025\/05\/27\/avalan-en-comision-del-congreso-reformas-para-suprimir-edad-maxima-para-ocupar-direccion-del-cecyte\/"]}]},{"@type":"BreadcrumbList","@id":"https:\/\/thepueblatimes.mx\/index.php\/2025\/05\/27\/avalan-en-comision-del-congreso-reformas-para-suprimir-edad-maxima-para-ocupar-direccion-del-cecyte\/#breadcrumb","itemListElement":[{"@type":"ListItem","position":1,"name":"Portada","item":"https:\/\/thepueblatimes.mx\/"},{"@type":"ListItem","position":2,"name":"Avalan en Comisi\u00f3n del Congreso reformas para suprimir edad m\u00e1xima para ocupar Direcci\u00f3n del CECyTE"}]},{"@type":"WebSite","@id":"https:\/\/thepueblatimes.mx\/#website","url":"https:\/\/thepueblatimes.mx\/","name":"The Puebla Times","description":"Noticias del Estado de Puebla","potentialAction":[{"@type":"SearchAction","target":{"@type":"EntryPoint","urlTemplate":"https:\/\/thepueblatimes.mx\/?s={search_term_string}"},"query-input":"required name=search_term_string"}],"inLanguage":"es"},{"@type":"Person","@id":"https:\/\/thepueblatimes.mx\/#\/schema\/person\/1664894c2f65ce2c7a08d8f5f905c13c","name":"Sa\u00fal Hern\u00e1ndez","image":{"@type":"ImageObject","inLanguage":"es","@id":"https:\/\/thepueblatimes.mx\/#\/schema\/person\/image\/","url":"https:\/\/secure.gravatar.com\/avatar\/11be338693f243309532caad8f10c930?s=96&d=mm&r=g","contentUrl":"https:\/\/secure.gravatar.com\/avatar\/11be338693f243309532caad8f10c930?s=96&d=mm&r=g","caption":"Sa\u00fal Hern\u00e1ndez"},"url":"https:\/\/thepueblatimes.mx\/index.php\/author\/saulhernandez\/"}]}},"jetpack_featured_media_url":"https:\/\/thepueblatimes.mx\/wp-content\/uploads\/2025\/05\/195cf94a-f3b9-49e6-8c6c-d8378d3258a6.jpg","_links":{"self":[{"href":"https:\/\/thepueblatimes.mx\/index.php\/wp-json\/wp\/v2\/posts\/30407"}],"collection":[{"href":"https:\/\/thepueblatimes.mx\/index.php\/wp-json\/wp\/v2\/posts"}],"about":[{"href":"https:\/\/thepueblatimes.mx\/index.php\/wp-json\/wp\/v2\/types\/post"}],"author":[{"embeddable":true,"href":"https:\/\/thepueblatimes.mx\/index.php\/wp-json\/wp\/v2\/users\/16"}],"replies":[{"embeddable":true,"href":"https:\/\/thepueblatimes.mx\/index.php\/wp-json\/wp\/v2\/comments?post=30407"}],"version-history":[{"count":1,"href":"https:\/\/thepueblatimes.mx\/index.php\/wp-json\/wp\/v2\/posts\/30407\/revisions"}],"predecessor-version":[{"id":30409,"href":"https:\/\/thepueblatimes.mx\/index.php\/wp-json\/wp\/v2\/posts\/30407\/revisions\/30409"}],"wp:featuredmedia":[{"embeddable":true,"href":"https:\/\/thepueblatimes.mx\/index.php\/wp-json\/wp\/v2\/media\/30408"}],"wp:attachment":[{"href":"https:\/\/thepueblatimes.mx\/index.php\/wp-json\/wp\/v2\/media?parent=30407"}],"wp:term":[{"taxonomy":"category","embeddable":true,"href":"https:\/\/thepueblatimes.mx\/index.php\/wp-json\/wp\/v2\/categories?post=30407"},{"taxonomy":"post_tag","embeddable":true,"href":"https:\/\/thepueblatimes.mx\/index.php\/wp-json\/wp\/v2\/tags?post=30407"}],"curies":[{"name":"wp","href":"https:\/\/api.w.org\/{rel}","templated":true}]}}