{"id":30374,"date":"2025-05-26T17:28:40","date_gmt":"2025-05-26T23:28:40","guid":{"rendered":"https:\/\/thepueblatimes.mx\/?p=30374"},"modified":"2025-05-26T17:28:40","modified_gmt":"2025-05-26T23:28:40","slug":"aprueba-comision-del-congreso-reformas-para-armonizar-la-constitucion-local-con-la-federal","status":"publish","type":"post","link":"https:\/\/thepueblatimes.mx\/index.php\/2025\/05\/26\/aprueba-comision-del-congreso-reformas-para-armonizar-la-constitucion-local-con-la-federal\/","title":{"rendered":"Aprueba Comisi\u00f3n del Congreso reformas para armonizar la Constituci\u00f3n local con la federal"},"content":{"rendered":"<h3><em>&#8211; Dictamen considera armonizaci\u00f3n en materia de transparencia, simplificaci\u00f3n administrativa, as\u00ed como nepotismo y no reelecci\u00f3n<\/em><\/h3>\n<p>&nbsp;<\/p>\n<p>&nbsp;<\/p>\n<p>La Comisi\u00f3n de Gobernaci\u00f3n y Puntos Constitucionales del Congreso del Estado aprob\u00f3 el proyecto de dictamen por el que se reforman, adicionan y derogan diversas disposiciones de la Constituci\u00f3n Pol\u00edtica del Estado Libre y Soberano de Puebla, a fin de armonizar el ordenamiento con la Constituci\u00f3n federal en materia de transparencia, simplificaci\u00f3n administrativa, as\u00ed como de nepotismo y no reelecci\u00f3n.<\/p>\n<p>&nbsp;<\/p>\n<p>Las y los integrantes del \u00f3rgano colegiado analizaron y discutieron el dictamen que fue elaborado con las iniciativas del diputado Miguel M\u00e1rquez R\u00edos, de las diputadas Azucena Rosas Tapia y Laura Artemisa Garc\u00eda Ch\u00e1vez, as\u00ed como del titular del Ejecutivo.<\/p>\n<p>&nbsp;<\/p>\n<p>Respecto a la propuesta del diputado Miguel M\u00e1rquez se incorpora como objeto de las Leyes el reconocimiento, fomento y preservaci\u00f3n de los saberes colectivos, as\u00ed como del patrimonio ling\u00fc\u00edstico, cultural y natural.<\/p>\n<p>&nbsp;<\/p>\n<p>Con a la propuesta de la diputada Azucena Rosas Tapia se reconoce como deber de los habitantes de Estado el recibir educaci\u00f3n superior, de conformidad con las Leyes y acciones impulsadas por el Gobierno.<\/p>\n<p>&nbsp;<\/p>\n<p>A partir de la iniciativa de la diputada Laura Artemisa Garc\u00eda Ch\u00e1vez se plantea una armonizaci\u00f3n en materia de nepotismo electoral y no reelecci\u00f3n, a fin de prohibir la reelecci\u00f3n inmediata de diputadas y diputados locales, as\u00ed como de miembros de Ayuntamientos.<\/p>\n<p>&nbsp;<\/p>\n<p>En el dictamen, se incorpora como impedimento para ser electo como titular del Poder Ejecutivo del Estado, diputada o diputado y miembro de un Ayuntamiento, que se tenga o haya tenido en los \u00faltimos tres a\u00f1os anteriores a la elecci\u00f3n un v\u00ednculo de matrimonio o concubinato, o uni\u00f3n de hecho, o de parentesco por consanguinidad\u00a0 o civil en l\u00ednea recta sin limitaci\u00f3n de grado y en l\u00ednea colateral hasta el cuarto grado o de afinidad hasta el segundo grado, con la persona que est\u00e9 ejerciendo la titularidad del cargo que corresponda.<\/p>\n<p>&nbsp;<\/p>\n<p>Tambi\u00e9n, como propuesta de armonizaci\u00f3n presentada por la diputada Laura Artemisa Garc\u00eda Ch\u00e1vez, se incorpora al dictamen la iniciativa para establecer que las autoridades deber\u00e1n implementar pol\u00edticas p\u00fablicas de simplificaci\u00f3n administrativa y digitalizaci\u00f3n de tr\u00e1mites y servicios, buenas pr\u00e1cticas regulatorias, desarrollo y fortalecimiento de capacidades tecnol\u00f3gicas p\u00fablicas y los dem\u00e1s objetivos que establezca la legislaci\u00f3n en la materia.<\/p>\n<p>&nbsp;<\/p>\n<p>En cuanto a la iniciativa enviada por el Ejecutivo, se establece la extinci\u00f3n del Instituto de Transparencia, Acceso a la Informaci\u00f3n P\u00fablica y Protecci\u00f3n de Datos Personales del Estado de Puebla.<\/p>\n<p>&nbsp;<\/p>\n<p>Adem\u00e1s, se reconocen como autoridades garantes en las materias a la Secretar\u00eda de Anticorrupci\u00f3n y Buen Gobierno en el caso de los Ayuntamientos; al Tribunal de Arbitraje del Estado para el Sindicato de Trabajadores al Servicio del Estado; al Instituto Electoral del Estado para los partidos pol\u00edticos; mientras que los \u00f3rganos internos de control de los Poderes Ejecutivo, Legislativo y Judicial ser\u00e1n las autoridades garantes de \u00e9stos.<\/p>\n<p>&nbsp;<\/p>\n<p>Previo a la votaci\u00f3n del dictamen, las diputadas Susana del Carmen Riestra Pi\u00f1a y Fedrha Isabel Suriano Corrales solicitaron que las iniciativas sean analizadas una a una, considerando que inciden en temas diferentes. Por su parte, la diputada Laura Artemisa Garc\u00eda Ch\u00e1vez expuso que se debe dar certeza de las reformas, mientras que el diputado Julio Miguel Huerta G\u00f3mez solicit\u00f3 que el dictamen se votara en lo general y lo particular.<\/p>\n<p>&nbsp;<\/p>\n<p>A la sesi\u00f3n de la Comisi\u00f3n acudieron las y los diputados Laura Artemisa Garc\u00eda Ch\u00e1vez, Susana del Carmen Riestra Pi\u00f1a, Fedrha Isabel Suriano Corrales, Julio Miguel Huerta G\u00f3mez, Jos\u00e9 Luis Figueroa Cort\u00e9s, Jaime Natale Uranga y P\u00e1vel Gaspar Ram\u00edrez.<\/p>\n","protected":false},"excerpt":{"rendered":"<p>&#8211; Dictamen considera armonizaci\u00f3n en materia de transparencia, simplificaci\u00f3n administrativa, as\u00ed como nepotismo y no reelecci\u00f3n &nbsp; &nbsp; La Comisi\u00f3n de Gobernaci\u00f3n y Puntos Constitucionales del Congreso del Estado aprob\u00f3 el proyecto de dictamen por el que se reforman, adicionan y derogan diversas disposiciones de la Constituci\u00f3n Pol\u00edtica del Estado Libre y Soberano de Puebla,&#8230;<\/p>\n","protected":false},"author":16,"featured_media":30375,"comment_status":"closed","ping_status":"closed","sticky":false,"template":"","format":"standard","meta":[],"categories":[3],"tags":[1480,1271,49],"yoast_head":"<!-- This site is optimized with the Yoast SEO plugin v20.8 - https:\/\/yoast.com\/wordpress\/plugins\/seo\/ -->\n<title>Aprueba Comisi\u00f3n del Congreso reformas para armonizar la Constituci\u00f3n local con la federal - The Puebla Times<\/title>\n<meta name=\"robots\" content=\"index, follow, max-snippet:-1, max-image-preview:large, max-video-preview:-1\" \/>\n<link rel=\"canonical\" href=\"https:\/\/thepueblatimes.mx\/index.php\/2025\/05\/26\/aprueba-comision-del-congreso-reformas-para-armonizar-la-constitucion-local-con-la-federal\/\" \/>\n<meta property=\"og:locale\" content=\"es_ES\" \/>\n<meta property=\"og:type\" content=\"article\" \/>\n<meta property=\"og:title\" content=\"Aprueba Comisi\u00f3n del Congreso reformas para armonizar la Constituci\u00f3n local con la federal - The Puebla Times\" \/>\n<meta property=\"og:description\" content=\"&#8211; Dictamen considera armonizaci\u00f3n en materia de transparencia, simplificaci\u00f3n administrativa, as\u00ed como nepotismo y no reelecci\u00f3n &nbsp; &nbsp; La Comisi\u00f3n de Gobernaci\u00f3n y Puntos Constitucionales del Congreso del Estado aprob\u00f3 el proyecto de dictamen por el que se reforman, adicionan y derogan diversas disposiciones de la Constituci\u00f3n Pol\u00edtica del Estado Libre y Soberano de Puebla,...\" \/>\n<meta property=\"og:url\" content=\"https:\/\/thepueblatimes.mx\/index.php\/2025\/05\/26\/aprueba-comision-del-congreso-reformas-para-armonizar-la-constitucion-local-con-la-federal\/\" \/>\n<meta property=\"og:site_name\" content=\"The Puebla Times\" \/>\n<meta property=\"article:published_time\" content=\"2025-05-26T23:28:40+00:00\" \/>\n<meta property=\"og:image\" content=\"https:\/\/thepueblatimes.mx\/wp-content\/uploads\/2025\/05\/97d7bcf0-799b-44c3-a0d7-078a556b51b7.jpg\" \/>\n\t<meta property=\"og:image:width\" content=\"1600\" \/>\n\t<meta property=\"og:image:height\" content=\"733\" \/>\n\t<meta property=\"og:image:type\" content=\"image\/jpeg\" \/>\n<meta name=\"author\" content=\"Sa\u00fal Hern\u00e1ndez\" \/>\n<meta name=\"twitter:card\" content=\"summary_large_image\" \/>\n<meta name=\"twitter:label1\" content=\"Escrito por\" \/>\n\t<meta name=\"twitter:data1\" content=\"Sa\u00fal Hern\u00e1ndez\" \/>\n\t<meta name=\"twitter:label2\" content=\"Tiempo de lectura\" \/>\n\t<meta name=\"twitter:data2\" content=\"3 minutos\" \/>\n<script type=\"application\/ld+json\" class=\"yoast-schema-graph\">{\"@context\":\"https:\/\/schema.org\",\"@graph\":[{\"@type\":\"WebPage\",\"@id\":\"https:\/\/thepueblatimes.mx\/index.php\/2025\/05\/26\/aprueba-comision-del-congreso-reformas-para-armonizar-la-constitucion-local-con-la-federal\/\",\"url\":\"https:\/\/thepueblatimes.mx\/index.php\/2025\/05\/26\/aprueba-comision-del-congreso-reformas-para-armonizar-la-constitucion-local-con-la-federal\/\",\"name\":\"Aprueba Comisi\u00f3n del Congreso reformas para armonizar la Constituci\u00f3n local con la federal - The Puebla Times\",\"isPartOf\":{\"@id\":\"https:\/\/thepueblatimes.mx\/#website\"},\"datePublished\":\"2025-05-26T23:28:40+00:00\",\"dateModified\":\"2025-05-26T23:28:40+00:00\",\"author\":{\"@id\":\"https:\/\/thepueblatimes.mx\/#\/schema\/person\/1664894c2f65ce2c7a08d8f5f905c13c\"},\"breadcrumb\":{\"@id\":\"https:\/\/thepueblatimes.mx\/index.php\/2025\/05\/26\/aprueba-comision-del-congreso-reformas-para-armonizar-la-constitucion-local-con-la-federal\/#breadcrumb\"},\"inLanguage\":\"es\",\"potentialAction\":[{\"@type\":\"ReadAction\",\"target\":[\"https:\/\/thepueblatimes.mx\/index.php\/2025\/05\/26\/aprueba-comision-del-congreso-reformas-para-armonizar-la-constitucion-local-con-la-federal\/\"]}]},{\"@type\":\"BreadcrumbList\",\"@id\":\"https:\/\/thepueblatimes.mx\/index.php\/2025\/05\/26\/aprueba-comision-del-congreso-reformas-para-armonizar-la-constitucion-local-con-la-federal\/#breadcrumb\",\"itemListElement\":[{\"@type\":\"ListItem\",\"position\":1,\"name\":\"Portada\",\"item\":\"https:\/\/thepueblatimes.mx\/\"},{\"@type\":\"ListItem\",\"position\":2,\"name\":\"Aprueba Comisi\u00f3n del Congreso reformas para armonizar la Constituci\u00f3n local con la federal\"}]},{\"@type\":\"WebSite\",\"@id\":\"https:\/\/thepueblatimes.mx\/#website\",\"url\":\"https:\/\/thepueblatimes.mx\/\",\"name\":\"The Puebla Times\",\"description\":\"Noticias del Estado de Puebla\",\"potentialAction\":[{\"@type\":\"SearchAction\",\"target\":{\"@type\":\"EntryPoint\",\"urlTemplate\":\"https:\/\/thepueblatimes.mx\/?s={search_term_string}\"},\"query-input\":\"required name=search_term_string\"}],\"inLanguage\":\"es\"},{\"@type\":\"Person\",\"@id\":\"https:\/\/thepueblatimes.mx\/#\/schema\/person\/1664894c2f65ce2c7a08d8f5f905c13c\",\"name\":\"Sa\u00fal Hern\u00e1ndez\",\"image\":{\"@type\":\"ImageObject\",\"inLanguage\":\"es\",\"@id\":\"https:\/\/thepueblatimes.mx\/#\/schema\/person\/image\/\",\"url\":\"https:\/\/secure.gravatar.com\/avatar\/11be338693f243309532caad8f10c930?s=96&d=mm&r=g\",\"contentUrl\":\"https:\/\/secure.gravatar.com\/avatar\/11be338693f243309532caad8f10c930?s=96&d=mm&r=g\",\"caption\":\"Sa\u00fal Hern\u00e1ndez\"},\"url\":\"https:\/\/thepueblatimes.mx\/index.php\/author\/saulhernandez\/\"}]}<\/script>\n<!-- \/ Yoast SEO plugin. -->","yoast_head_json":{"title":"Aprueba Comisi\u00f3n del Congreso reformas para armonizar la Constituci\u00f3n local con la federal - The Puebla Times","robots":{"index":"index","follow":"follow","max-snippet":"max-snippet:-1","max-image-preview":"max-image-preview:large","max-video-preview":"max-video-preview:-1"},"canonical":"https:\/\/thepueblatimes.mx\/index.php\/2025\/05\/26\/aprueba-comision-del-congreso-reformas-para-armonizar-la-constitucion-local-con-la-federal\/","og_locale":"es_ES","og_type":"article","og_title":"Aprueba Comisi\u00f3n del Congreso reformas para armonizar la Constituci\u00f3n local con la federal - The Puebla Times","og_description":"&#8211; Dictamen considera armonizaci\u00f3n en materia de transparencia, simplificaci\u00f3n administrativa, as\u00ed como nepotismo y no reelecci\u00f3n &nbsp; &nbsp; La Comisi\u00f3n de Gobernaci\u00f3n y Puntos Constitucionales del Congreso del Estado aprob\u00f3 el proyecto de dictamen por el que se reforman, adicionan y derogan diversas disposiciones de la Constituci\u00f3n Pol\u00edtica del Estado Libre y Soberano de Puebla,...","og_url":"https:\/\/thepueblatimes.mx\/index.php\/2025\/05\/26\/aprueba-comision-del-congreso-reformas-para-armonizar-la-constitucion-local-con-la-federal\/","og_site_name":"The Puebla Times","article_published_time":"2025-05-26T23:28:40+00:00","og_image":[{"width":1600,"height":733,"url":"https:\/\/thepueblatimes.mx\/wp-content\/uploads\/2025\/05\/97d7bcf0-799b-44c3-a0d7-078a556b51b7.jpg","type":"image\/jpeg"}],"author":"Sa\u00fal Hern\u00e1ndez","twitter_card":"summary_large_image","twitter_misc":{"Escrito por":"Sa\u00fal Hern\u00e1ndez","Tiempo de lectura":"3 minutos"},"schema":{"@context":"https:\/\/schema.org","@graph":[{"@type":"WebPage","@id":"https:\/\/thepueblatimes.mx\/index.php\/2025\/05\/26\/aprueba-comision-del-congreso-reformas-para-armonizar-la-constitucion-local-con-la-federal\/","url":"https:\/\/thepueblatimes.mx\/index.php\/2025\/05\/26\/aprueba-comision-del-congreso-reformas-para-armonizar-la-constitucion-local-con-la-federal\/","name":"Aprueba Comisi\u00f3n del Congreso reformas para armonizar la Constituci\u00f3n local con la federal - The Puebla Times","isPartOf":{"@id":"https:\/\/thepueblatimes.mx\/#website"},"datePublished":"2025-05-26T23:28:40+00:00","dateModified":"2025-05-26T23:28:40+00:00","author":{"@id":"https:\/\/thepueblatimes.mx\/#\/schema\/person\/1664894c2f65ce2c7a08d8f5f905c13c"},"breadcrumb":{"@id":"https:\/\/thepueblatimes.mx\/index.php\/2025\/05\/26\/aprueba-comision-del-congreso-reformas-para-armonizar-la-constitucion-local-con-la-federal\/#breadcrumb"},"inLanguage":"es","potentialAction":[{"@type":"ReadAction","target":["https:\/\/thepueblatimes.mx\/index.php\/2025\/05\/26\/aprueba-comision-del-congreso-reformas-para-armonizar-la-constitucion-local-con-la-federal\/"]}]},{"@type":"BreadcrumbList","@id":"https:\/\/thepueblatimes.mx\/index.php\/2025\/05\/26\/aprueba-comision-del-congreso-reformas-para-armonizar-la-constitucion-local-con-la-federal\/#breadcrumb","itemListElement":[{"@type":"ListItem","position":1,"name":"Portada","item":"https:\/\/thepueblatimes.mx\/"},{"@type":"ListItem","position":2,"name":"Aprueba Comisi\u00f3n del Congreso reformas para armonizar la Constituci\u00f3n local con la federal"}]},{"@type":"WebSite","@id":"https:\/\/thepueblatimes.mx\/#website","url":"https:\/\/thepueblatimes.mx\/","name":"The Puebla Times","description":"Noticias del Estado de Puebla","potentialAction":[{"@type":"SearchAction","target":{"@type":"EntryPoint","urlTemplate":"https:\/\/thepueblatimes.mx\/?s={search_term_string}"},"query-input":"required name=search_term_string"}],"inLanguage":"es"},{"@type":"Person","@id":"https:\/\/thepueblatimes.mx\/#\/schema\/person\/1664894c2f65ce2c7a08d8f5f905c13c","name":"Sa\u00fal Hern\u00e1ndez","image":{"@type":"ImageObject","inLanguage":"es","@id":"https:\/\/thepueblatimes.mx\/#\/schema\/person\/image\/","url":"https:\/\/secure.gravatar.com\/avatar\/11be338693f243309532caad8f10c930?s=96&d=mm&r=g","contentUrl":"https:\/\/secure.gravatar.com\/avatar\/11be338693f243309532caad8f10c930?s=96&d=mm&r=g","caption":"Sa\u00fal Hern\u00e1ndez"},"url":"https:\/\/thepueblatimes.mx\/index.php\/author\/saulhernandez\/"}]}},"jetpack_featured_media_url":"https:\/\/thepueblatimes.mx\/wp-content\/uploads\/2025\/05\/97d7bcf0-799b-44c3-a0d7-078a556b51b7.jpg","_links":{"self":[{"href":"https:\/\/thepueblatimes.mx\/index.php\/wp-json\/wp\/v2\/posts\/30374"}],"collection":[{"href":"https:\/\/thepueblatimes.mx\/index.php\/wp-json\/wp\/v2\/posts"}],"about":[{"href":"https:\/\/thepueblatimes.mx\/index.php\/wp-json\/wp\/v2\/types\/post"}],"author":[{"embeddable":true,"href":"https:\/\/thepueblatimes.mx\/index.php\/wp-json\/wp\/v2\/users\/16"}],"replies":[{"embeddable":true,"href":"https:\/\/thepueblatimes.mx\/index.php\/wp-json\/wp\/v2\/comments?post=30374"}],"version-history":[{"count":1,"href":"https:\/\/thepueblatimes.mx\/index.php\/wp-json\/wp\/v2\/posts\/30374\/revisions"}],"predecessor-version":[{"id":30376,"href":"https:\/\/thepueblatimes.mx\/index.php\/wp-json\/wp\/v2\/posts\/30374\/revisions\/30376"}],"wp:featuredmedia":[{"embeddable":true,"href":"https:\/\/thepueblatimes.mx\/index.php\/wp-json\/wp\/v2\/media\/30375"}],"wp:attachment":[{"href":"https:\/\/thepueblatimes.mx\/index.php\/wp-json\/wp\/v2\/media?parent=30374"}],"wp:term":[{"taxonomy":"category","embeddable":true,"href":"https:\/\/thepueblatimes.mx\/index.php\/wp-json\/wp\/v2\/categories?post=30374"},{"taxonomy":"post_tag","embeddable":true,"href":"https:\/\/thepueblatimes.mx\/index.php\/wp-json\/wp\/v2\/tags?post=30374"}],"curies":[{"name":"wp","href":"https:\/\/api.w.org\/{rel}","templated":true}]}}