{"id":30370,"date":"2025-05-26T17:10:17","date_gmt":"2025-05-26T23:10:17","guid":{"rendered":"https:\/\/thepueblatimes.mx\/?p=30370"},"modified":"2025-05-26T17:10:17","modified_gmt":"2025-05-26T23:10:17","slug":"avala-comision-del-congreso-acuerdo-para-impulsar-economia-circular-en-zona-metropolitana-de-puebla","status":"publish","type":"post","link":"https:\/\/thepueblatimes.mx\/index.php\/2025\/05\/26\/avala-comision-del-congreso-acuerdo-para-impulsar-economia-circular-en-zona-metropolitana-de-puebla\/","title":{"rendered":"Avala Comisi\u00f3n del Congreso, acuerdo para impulsar econom\u00eda circular en zona metropolitana de Puebla"},"content":{"rendered":"<p>&#8211; Se pretende dar prioridad a la gesti\u00f3n sostenible de recursos, el cuidado del agua, el reciclaje de recursos materiales y la regeneraci\u00f3n de residuos<\/p>\n<p>Con la finalidad de impulsar la econom\u00eda circular en la zona metropolitana de Puebla, la Comisi\u00f3n de Asuntos Metropolitanos del Congreso del Estado aprob\u00f3 el proyecto de acuerdo para exhortar a los 19 Ayuntamientos que integran esta zona, a que promuevan e implementen pol\u00edticas p\u00fablicas para impulsar este modelo de producci\u00f3n y consumo, que da prioridad a la gesti\u00f3n sostenible de recursos, el cuidado del agua, el reciclaje de recursos materiales y la regeneraci\u00f3n de residuos.<\/p>\n<p>La propuesta legislativa, presentada inicialmente por la diputada Fedrha Isabel Suriano Corrales, pretende impulsar la econom\u00eda circular en los municipios conurbados de la capital poblana con la finalidad de compartir, alquilar, reutilizar, reparar, renovar y reciclar materiales y productos existentes, todas las veces que sea posible para darle un valor a\u00f1adido.<\/p>\n<p>La propuesta establece que esta pr\u00e1ctica implica reducir los residuos al m\u00ednimo, ya que cuando un producto llega al final de su vida, sus materiales se mantienen dentro de la econom\u00eda siempre que sea posible a trav\u00e9s del reciclaje. Se trata de cumplir con tres principios b\u00e1sicos, que son: eliminar residuos y contaminaci\u00f3n, mantener productos y materiales en uso, as\u00ed como regenerar sistemas naturales.<\/p>\n<p>A la sesi\u00f3n de la Comisi\u00f3n de Asuntos Metropolitanos, asistieron las y los diputados Fedrha Isabel Suriano Corrales, Jaime Alejandro Aurioles Barroeta, Ang\u00e9lica Patricia Alvarado Ju\u00e1rez, \u00d3scar Mauricio C\u00e9spedes Peregrina y Celia Bonaga Ru\u00edz.<\/p>\n","protected":false},"excerpt":{"rendered":"<p>&#8211; Se pretende dar prioridad a la gesti\u00f3n sostenible de recursos, el cuidado del agua, el reciclaje de recursos materiales y la regeneraci\u00f3n de residuos Con la finalidad de impulsar la econom\u00eda circular en la zona metropolitana de Puebla, la Comisi\u00f3n de Asuntos Metropolitanos del Congreso del Estado aprob\u00f3 el proyecto de acuerdo para exhortar&#8230;<\/p>\n","protected":false},"author":16,"featured_media":30371,"comment_status":"closed","ping_status":"closed","sticky":false,"template":"","format":"standard","meta":[],"categories":[3],"tags":[1480,1271,49],"yoast_head":"<!-- This site is optimized with the Yoast SEO plugin v20.8 - https:\/\/yoast.com\/wordpress\/plugins\/seo\/ -->\n<title>Avala Comisi\u00f3n del Congreso, acuerdo para impulsar econom\u00eda circular en zona metropolitana de Puebla - The Puebla Times<\/title>\n<meta name=\"robots\" content=\"index, follow, max-snippet:-1, max-image-preview:large, max-video-preview:-1\" \/>\n<link rel=\"canonical\" href=\"https:\/\/thepueblatimes.mx\/index.php\/2025\/05\/26\/avala-comision-del-congreso-acuerdo-para-impulsar-economia-circular-en-zona-metropolitana-de-puebla\/\" \/>\n<meta property=\"og:locale\" content=\"es_ES\" \/>\n<meta property=\"og:type\" content=\"article\" \/>\n<meta property=\"og:title\" content=\"Avala Comisi\u00f3n del Congreso, acuerdo para impulsar econom\u00eda circular en zona metropolitana de Puebla - The Puebla Times\" \/>\n<meta property=\"og:description\" content=\"&#8211; Se pretende dar prioridad a la gesti\u00f3n sostenible de recursos, el cuidado del agua, el reciclaje de recursos materiales y la regeneraci\u00f3n de residuos Con la finalidad de impulsar la econom\u00eda circular en la zona metropolitana de Puebla, la Comisi\u00f3n de Asuntos Metropolitanos del Congreso del Estado aprob\u00f3 el proyecto de acuerdo para exhortar...\" \/>\n<meta property=\"og:url\" content=\"https:\/\/thepueblatimes.mx\/index.php\/2025\/05\/26\/avala-comision-del-congreso-acuerdo-para-impulsar-economia-circular-en-zona-metropolitana-de-puebla\/\" \/>\n<meta property=\"og:site_name\" content=\"The Puebla Times\" \/>\n<meta property=\"article:published_time\" content=\"2025-05-26T23:10:17+00:00\" \/>\n<meta property=\"og:image\" content=\"https:\/\/thepueblatimes.mx\/wp-content\/uploads\/2025\/05\/747027b5-a2d0-420f-b7e0-fc689cfb5918.jpg\" \/>\n\t<meta property=\"og:image:width\" content=\"1599\" \/>\n\t<meta property=\"og:image:height\" content=\"1066\" \/>\n\t<meta property=\"og:image:type\" content=\"image\/jpeg\" \/>\n<meta name=\"author\" content=\"Sa\u00fal Hern\u00e1ndez\" \/>\n<meta name=\"twitter:card\" content=\"summary_large_image\" \/>\n<meta name=\"twitter:label1\" content=\"Escrito por\" \/>\n\t<meta name=\"twitter:data1\" content=\"Sa\u00fal Hern\u00e1ndez\" \/>\n\t<meta name=\"twitter:label2\" content=\"Tiempo de lectura\" \/>\n\t<meta name=\"twitter:data2\" content=\"2 minutos\" \/>\n<script type=\"application\/ld+json\" class=\"yoast-schema-graph\">{\"@context\":\"https:\/\/schema.org\",\"@graph\":[{\"@type\":\"WebPage\",\"@id\":\"https:\/\/thepueblatimes.mx\/index.php\/2025\/05\/26\/avala-comision-del-congreso-acuerdo-para-impulsar-economia-circular-en-zona-metropolitana-de-puebla\/\",\"url\":\"https:\/\/thepueblatimes.mx\/index.php\/2025\/05\/26\/avala-comision-del-congreso-acuerdo-para-impulsar-economia-circular-en-zona-metropolitana-de-puebla\/\",\"name\":\"Avala Comisi\u00f3n del Congreso, acuerdo para impulsar econom\u00eda circular en zona metropolitana de Puebla - The Puebla Times\",\"isPartOf\":{\"@id\":\"https:\/\/thepueblatimes.mx\/#website\"},\"datePublished\":\"2025-05-26T23:10:17+00:00\",\"dateModified\":\"2025-05-26T23:10:17+00:00\",\"author\":{\"@id\":\"https:\/\/thepueblatimes.mx\/#\/schema\/person\/1664894c2f65ce2c7a08d8f5f905c13c\"},\"breadcrumb\":{\"@id\":\"https:\/\/thepueblatimes.mx\/index.php\/2025\/05\/26\/avala-comision-del-congreso-acuerdo-para-impulsar-economia-circular-en-zona-metropolitana-de-puebla\/#breadcrumb\"},\"inLanguage\":\"es\",\"potentialAction\":[{\"@type\":\"ReadAction\",\"target\":[\"https:\/\/thepueblatimes.mx\/index.php\/2025\/05\/26\/avala-comision-del-congreso-acuerdo-para-impulsar-economia-circular-en-zona-metropolitana-de-puebla\/\"]}]},{\"@type\":\"BreadcrumbList\",\"@id\":\"https:\/\/thepueblatimes.mx\/index.php\/2025\/05\/26\/avala-comision-del-congreso-acuerdo-para-impulsar-economia-circular-en-zona-metropolitana-de-puebla\/#breadcrumb\",\"itemListElement\":[{\"@type\":\"ListItem\",\"position\":1,\"name\":\"Portada\",\"item\":\"https:\/\/thepueblatimes.mx\/\"},{\"@type\":\"ListItem\",\"position\":2,\"name\":\"Avala Comisi\u00f3n del Congreso, acuerdo para impulsar econom\u00eda circular en zona metropolitana de Puebla\"}]},{\"@type\":\"WebSite\",\"@id\":\"https:\/\/thepueblatimes.mx\/#website\",\"url\":\"https:\/\/thepueblatimes.mx\/\",\"name\":\"The Puebla Times\",\"description\":\"Noticias del Estado de Puebla\",\"potentialAction\":[{\"@type\":\"SearchAction\",\"target\":{\"@type\":\"EntryPoint\",\"urlTemplate\":\"https:\/\/thepueblatimes.mx\/?s={search_term_string}\"},\"query-input\":\"required name=search_term_string\"}],\"inLanguage\":\"es\"},{\"@type\":\"Person\",\"@id\":\"https:\/\/thepueblatimes.mx\/#\/schema\/person\/1664894c2f65ce2c7a08d8f5f905c13c\",\"name\":\"Sa\u00fal Hern\u00e1ndez\",\"image\":{\"@type\":\"ImageObject\",\"inLanguage\":\"es\",\"@id\":\"https:\/\/thepueblatimes.mx\/#\/schema\/person\/image\/\",\"url\":\"https:\/\/secure.gravatar.com\/avatar\/11be338693f243309532caad8f10c930?s=96&d=mm&r=g\",\"contentUrl\":\"https:\/\/secure.gravatar.com\/avatar\/11be338693f243309532caad8f10c930?s=96&d=mm&r=g\",\"caption\":\"Sa\u00fal Hern\u00e1ndez\"},\"url\":\"https:\/\/thepueblatimes.mx\/index.php\/author\/saulhernandez\/\"}]}<\/script>\n<!-- \/ Yoast SEO plugin. -->","yoast_head_json":{"title":"Avala Comisi\u00f3n del Congreso, acuerdo para impulsar econom\u00eda circular en zona metropolitana de Puebla - The Puebla Times","robots":{"index":"index","follow":"follow","max-snippet":"max-snippet:-1","max-image-preview":"max-image-preview:large","max-video-preview":"max-video-preview:-1"},"canonical":"https:\/\/thepueblatimes.mx\/index.php\/2025\/05\/26\/avala-comision-del-congreso-acuerdo-para-impulsar-economia-circular-en-zona-metropolitana-de-puebla\/","og_locale":"es_ES","og_type":"article","og_title":"Avala Comisi\u00f3n del Congreso, acuerdo para impulsar econom\u00eda circular en zona metropolitana de Puebla - The Puebla Times","og_description":"&#8211; Se pretende dar prioridad a la gesti\u00f3n sostenible de recursos, el cuidado del agua, el reciclaje de recursos materiales y la regeneraci\u00f3n de residuos Con la finalidad de impulsar la econom\u00eda circular en la zona metropolitana de Puebla, la Comisi\u00f3n de Asuntos Metropolitanos del Congreso del Estado aprob\u00f3 el proyecto de acuerdo para exhortar...","og_url":"https:\/\/thepueblatimes.mx\/index.php\/2025\/05\/26\/avala-comision-del-congreso-acuerdo-para-impulsar-economia-circular-en-zona-metropolitana-de-puebla\/","og_site_name":"The Puebla Times","article_published_time":"2025-05-26T23:10:17+00:00","og_image":[{"width":1599,"height":1066,"url":"https:\/\/thepueblatimes.mx\/wp-content\/uploads\/2025\/05\/747027b5-a2d0-420f-b7e0-fc689cfb5918.jpg","type":"image\/jpeg"}],"author":"Sa\u00fal Hern\u00e1ndez","twitter_card":"summary_large_image","twitter_misc":{"Escrito por":"Sa\u00fal Hern\u00e1ndez","Tiempo de lectura":"2 minutos"},"schema":{"@context":"https:\/\/schema.org","@graph":[{"@type":"WebPage","@id":"https:\/\/thepueblatimes.mx\/index.php\/2025\/05\/26\/avala-comision-del-congreso-acuerdo-para-impulsar-economia-circular-en-zona-metropolitana-de-puebla\/","url":"https:\/\/thepueblatimes.mx\/index.php\/2025\/05\/26\/avala-comision-del-congreso-acuerdo-para-impulsar-economia-circular-en-zona-metropolitana-de-puebla\/","name":"Avala Comisi\u00f3n del Congreso, acuerdo para impulsar econom\u00eda circular en zona metropolitana de Puebla - The Puebla Times","isPartOf":{"@id":"https:\/\/thepueblatimes.mx\/#website"},"datePublished":"2025-05-26T23:10:17+00:00","dateModified":"2025-05-26T23:10:17+00:00","author":{"@id":"https:\/\/thepueblatimes.mx\/#\/schema\/person\/1664894c2f65ce2c7a08d8f5f905c13c"},"breadcrumb":{"@id":"https:\/\/thepueblatimes.mx\/index.php\/2025\/05\/26\/avala-comision-del-congreso-acuerdo-para-impulsar-economia-circular-en-zona-metropolitana-de-puebla\/#breadcrumb"},"inLanguage":"es","potentialAction":[{"@type":"ReadAction","target":["https:\/\/thepueblatimes.mx\/index.php\/2025\/05\/26\/avala-comision-del-congreso-acuerdo-para-impulsar-economia-circular-en-zona-metropolitana-de-puebla\/"]}]},{"@type":"BreadcrumbList","@id":"https:\/\/thepueblatimes.mx\/index.php\/2025\/05\/26\/avala-comision-del-congreso-acuerdo-para-impulsar-economia-circular-en-zona-metropolitana-de-puebla\/#breadcrumb","itemListElement":[{"@type":"ListItem","position":1,"name":"Portada","item":"https:\/\/thepueblatimes.mx\/"},{"@type":"ListItem","position":2,"name":"Avala Comisi\u00f3n del Congreso, acuerdo para impulsar econom\u00eda circular en zona metropolitana de Puebla"}]},{"@type":"WebSite","@id":"https:\/\/thepueblatimes.mx\/#website","url":"https:\/\/thepueblatimes.mx\/","name":"The Puebla Times","description":"Noticias del Estado de Puebla","potentialAction":[{"@type":"SearchAction","target":{"@type":"EntryPoint","urlTemplate":"https:\/\/thepueblatimes.mx\/?s={search_term_string}"},"query-input":"required name=search_term_string"}],"inLanguage":"es"},{"@type":"Person","@id":"https:\/\/thepueblatimes.mx\/#\/schema\/person\/1664894c2f65ce2c7a08d8f5f905c13c","name":"Sa\u00fal Hern\u00e1ndez","image":{"@type":"ImageObject","inLanguage":"es","@id":"https:\/\/thepueblatimes.mx\/#\/schema\/person\/image\/","url":"https:\/\/secure.gravatar.com\/avatar\/11be338693f243309532caad8f10c930?s=96&d=mm&r=g","contentUrl":"https:\/\/secure.gravatar.com\/avatar\/11be338693f243309532caad8f10c930?s=96&d=mm&r=g","caption":"Sa\u00fal Hern\u00e1ndez"},"url":"https:\/\/thepueblatimes.mx\/index.php\/author\/saulhernandez\/"}]}},"jetpack_featured_media_url":"https:\/\/thepueblatimes.mx\/wp-content\/uploads\/2025\/05\/747027b5-a2d0-420f-b7e0-fc689cfb5918.jpg","_links":{"self":[{"href":"https:\/\/thepueblatimes.mx\/index.php\/wp-json\/wp\/v2\/posts\/30370"}],"collection":[{"href":"https:\/\/thepueblatimes.mx\/index.php\/wp-json\/wp\/v2\/posts"}],"about":[{"href":"https:\/\/thepueblatimes.mx\/index.php\/wp-json\/wp\/v2\/types\/post"}],"author":[{"embeddable":true,"href":"https:\/\/thepueblatimes.mx\/index.php\/wp-json\/wp\/v2\/users\/16"}],"replies":[{"embeddable":true,"href":"https:\/\/thepueblatimes.mx\/index.php\/wp-json\/wp\/v2\/comments?post=30370"}],"version-history":[{"count":1,"href":"https:\/\/thepueblatimes.mx\/index.php\/wp-json\/wp\/v2\/posts\/30370\/revisions"}],"predecessor-version":[{"id":30372,"href":"https:\/\/thepueblatimes.mx\/index.php\/wp-json\/wp\/v2\/posts\/30370\/revisions\/30372"}],"wp:featuredmedia":[{"embeddable":true,"href":"https:\/\/thepueblatimes.mx\/index.php\/wp-json\/wp\/v2\/media\/30371"}],"wp:attachment":[{"href":"https:\/\/thepueblatimes.mx\/index.php\/wp-json\/wp\/v2\/media?parent=30370"}],"wp:term":[{"taxonomy":"category","embeddable":true,"href":"https:\/\/thepueblatimes.mx\/index.php\/wp-json\/wp\/v2\/categories?post=30370"},{"taxonomy":"post_tag","embeddable":true,"href":"https:\/\/thepueblatimes.mx\/index.php\/wp-json\/wp\/v2\/tags?post=30370"}],"curies":[{"name":"wp","href":"https:\/\/api.w.org\/{rel}","templated":true}]}}