{"id":30364,"date":"2025-05-26T16:41:39","date_gmt":"2025-05-26T22:41:39","guid":{"rendered":"https:\/\/thepueblatimes.mx\/?p=30364"},"modified":"2025-05-26T16:41:39","modified_gmt":"2025-05-26T22:41:39","slug":"firman-en-congreso-carta-de-compromisos-para-una-sana-convivencia-escolar-en-puebla","status":"publish","type":"post","link":"https:\/\/thepueblatimes.mx\/index.php\/2025\/05\/26\/firman-en-congreso-carta-de-compromisos-para-una-sana-convivencia-escolar-en-puebla\/","title":{"rendered":"Firman en Congreso Carta de Compromisos para una Sana Convivencia Escolar en Puebla"},"content":{"rendered":"<h3><em>&#8211; Diputada Laura Artemisa Garc\u00eda destaca la suma de esfuerzos y colaboraci\u00f3n de todos los sectores<\/em><\/h3>\n<h3><em>\u00a0<\/em><em>&#8211; Compromisos contemplan revisi\u00f3n del marco legal, capacitaci\u00f3n, elaboraci\u00f3n de una cartilla de salud y la implementaci\u00f3n de campa\u00f1as <\/em><\/h3>\n<p>Como resultado de los cinco foros regionales realizados entre marzo y abril, en el Congreso del Estado titulares y representantes de distintas instituciones y organizaciones firmaron la Carta de Compromisos para una Sana Convivencia Escolar en Puebla, documento en el que se plasman algunas acciones que permitir\u00e1n avanzar en la protecci\u00f3n y bienestar de ni\u00f1as, ni\u00f1os y adolescentes.<\/p>\n<p>&nbsp;<\/p>\n<p>La diputada presidenta de la Junta de Gobierno y Coordinaci\u00f3n Pol\u00edtica del Congreso del Estado, Laura Artemisa Garc\u00eda Ch\u00e1vez destac\u00f3 la colaboraci\u00f3n de todos los sectores para trabajar en favor de ni\u00f1as, ni\u00f1os y adolescentes, pues s\u00f3lo con la suma de esfuerzos es posible llegar a las diferentes regiones de la entidad.<\/p>\n<p>&nbsp;<\/p>\n<p>En representaci\u00f3n de la presidenta honoraria del Patronato del Sistema Estatal para el Desarrollo Integral de la Familia (SEDIF), Cecilia Arellano P\u00e9rez, el director general del organismo, Juan Carlos Valdez Zayas se\u00f1al\u00f3 que se adhieren a la firma de la carta de compromisos para dar seguimiento y acompa\u00f1amiento en las acciones que se impulsen en favor de la ni\u00f1ez.<\/p>\n<p>&nbsp;<\/p>\n<p>El titular de la Secretar\u00eda de Educaci\u00f3n, Manuel Viveros Narciso reconoci\u00f3 el compromiso de todos los sectores para transformar la convivencia escolar, as\u00ed como emprender acciones conjuntas para el bienestar de ni\u00f1as, ni\u00f1os y adolescentes.<\/p>\n<p>&nbsp;<\/p>\n<p>Al hacer uso de la palabra, la diputada Leonela Jazm\u00edn Mart\u00ednez Ayala record\u00f3 que los foros realizados en los municipios de Zacatl\u00e1n, Teziutl\u00e1n, Tehuac\u00e1n, Acatl\u00e1n y Puebla tuvieron la finalidad de escuchar a las y los estudiantes, docentes, directivos, madres y padres de familia, por lo que la firma de esta carta de compromisos no es s\u00f3lo un acto simb\u00f3lico, es el inicio de una serie de acciones de seguimiento y escucha constante en este sector.<\/p>\n<p>&nbsp;<\/p>\n<p>Por su parte, la diputada Mar\u00eda Soledad Amieva Zamora dio lectura a la Carta de Compromisos para una Sana Convivencia Escolar en Puebla, los cuales se detallan a continuaci\u00f3n:<\/p>\n<p>&nbsp;<\/p>\n<ol>\n<li>Creaci\u00f3n de una Comisi\u00f3n Interinstitucional para la revisi\u00f3n, actualizaci\u00f3n y adecuaci\u00f3n del marco legal existente en materia de convivencia escolar por parte del Poder Legislativo, respecto de la normatividad estatal y por parte del Poder Judicial del Estado, la Secretar\u00eda de Educaci\u00f3n, la Secretar\u00eda de Salud, la Fiscal\u00eda General y el Sistema Estatal DIF, de los protocolos, manuales, reglamentos y los diferentes lineamientos vigentes y que involucren a todas y todos los actores educativos.<\/li>\n<\/ol>\n<p>&nbsp;<\/p>\n<ol start=\"2\">\n<li>Capacitaci\u00f3n por parte de la Secretar\u00eda de Educaci\u00f3n sobre protocolos y manuales actualizados que conduzcan a una formaci\u00f3n continua del magisterio sobre la convivencia escolar, como un compromiso profesional que tambi\u00e9n asumen las y los maestros para proceder adecuadamente en esta materia.<\/li>\n<\/ol>\n<p>&nbsp;<\/p>\n<ol start=\"3\">\n<li>Establecimiento de instancias capacitadoras sobre la convivencia escolar, por parte de la propia Secretar\u00eda de Educaci\u00f3n y otras instancias.<\/li>\n<\/ol>\n<p>&nbsp;<\/p>\n<ol start=\"4\">\n<li>Elaborar una cartilla de salud integral en la inscripci\u00f3n de cada grado y nivel educativo de las y los alumnos al inicio de cada ciclo escolar. Dicha cartilla debe proseguir a partir del tr\u00e1nsito escolar que tienen las y los alumnos durante su proceso educativo y deber\u00e1 ser elaborada por la Secretar\u00eda de Salud y aplicada en coordinaci\u00f3n con la Secretar\u00eda de Educaci\u00f3n, en donde se establezcan par\u00e1metros que las y los docentes puedan conocer y observar, la cual deber\u00e1 ser autorizado voluntariamente y atendida corresponsablemente por los padres de familia o tutores.<\/li>\n<\/ol>\n<p>&nbsp;<\/p>\n<ol start=\"5\">\n<li>Revisi\u00f3n del Presupuesto que corresponde a la Secretar\u00eda de Educaci\u00f3n por parte del Honorable Congreso del Estado Libre y Soberano de Puebla, con el objeto de destinar recursos para la atenci\u00f3n psicopedag\u00f3gica de las y los alumnos.<\/li>\n<\/ol>\n<p>&nbsp;<\/p>\n<ol start=\"6\">\n<li>Implementaci\u00f3n de campa\u00f1as para la sana convivencia escolar que enriquezcan el fortalecimiento de los valores, la protecci\u00f3n de las ni\u00f1as y los ni\u00f1os, el rol y compromiso de los padres de familia, as\u00ed como de los diferentes actores educativos, por parte del Poder Legislativo, el Poder Judicial, la Fiscal\u00eda General del Estado, la Secretar\u00eda de Educaci\u00f3n, la Secretar\u00eda de Salud y el Sistema Estatal DIF.<\/li>\n<\/ol>\n<p>&nbsp;<\/p>\n<ol start=\"7\">\n<li>Integraci\u00f3n activa de los padres de familia en la promoci\u00f3n de la convivencia escolar, mediante su participaci\u00f3n en talleres formativos y actividades que los vinculen al seguimiento de la cartilla de salud integral, al cumplimiento de los protocolos escolares y a la construcci\u00f3n de ambientes seguros y respetuosos, dentro y fuera del entorno escolar, de manera corresponsable. Estas acciones deber\u00e1n ser coordinadas por la Secretar\u00eda de Educaci\u00f3n y las asociaciones de padres de familia.<\/li>\n<\/ol>\n<p>&nbsp;<\/p>\n<p>Las y los firmantes presentes en el acto protocolario fueron: las diputadas Laura Artemisa Garc\u00eda Ch\u00e1vez, Mar\u00eda Soledad Amieva Zamora, Leonela Jazm\u00edn Mart\u00ednez Ayala, Araceli Celestino Rosas y Ana Laura G\u00f3mez Ram\u00edrez; el secretario de Educaci\u00f3n, Manuel Viveros Narciso; el director general del SEDIF, Juan Carlos Valdez Zayas; as\u00ed como la presidenta del Tribunal Superior de Justicia, Mar\u00eda Belinda Aguilar D\u00edaz.<\/p>\n<p>&nbsp;<\/p>\n<p>De igual forma, el secretario general de la secci\u00f3n 51 del SNTE, Ra\u00fal Alfredo G\u00f3mez Palacios; el secretario general de la secci\u00f3n 23 del SNTE, Jos\u00e9 Luis Gonz\u00e1lez Morales; Jos\u00e9 Antonio Carrera Flores, secretario general del Sindicato Estatal de Trabajadores de la Educaci\u00f3n Puebla (SETEP); Carolina Reyes Arroyo, secretaria general del Sindicato Estatal de Trabajadores de la Educaci\u00f3n en Puebla Independiente y Democr\u00e1tico (SETEPID); Luc\u00eda Jovita P\u00e9rez L\u00f3pez, secretaria general del Sindicato Magisterial MAS; Juan Carlos Esquivel Bonilla, secretario general del Sindicato Independiente de Trabajadores de la Educaci\u00f3n de M\u00e9xico (SITEM); as\u00ed como integrantes del Comit\u00e9 de Padres de Familia.<\/p>\n","protected":false},"excerpt":{"rendered":"<p>&#8211; Diputada Laura Artemisa Garc\u00eda destaca la suma de esfuerzos y colaboraci\u00f3n de todos los sectores \u00a0&#8211; Compromisos contemplan revisi\u00f3n del marco legal, capacitaci\u00f3n, elaboraci\u00f3n de una cartilla de salud y la implementaci\u00f3n de campa\u00f1as Como resultado de los cinco foros regionales realizados entre marzo y abril, en el Congreso del Estado titulares y representantes&#8230;<\/p>\n","protected":false},"author":16,"featured_media":30365,"comment_status":"closed","ping_status":"closed","sticky":false,"template":"","format":"standard","meta":[],"categories":[3],"tags":[1480,1271,49],"yoast_head":"<!-- This site is optimized with the Yoast SEO plugin v20.8 - https:\/\/yoast.com\/wordpress\/plugins\/seo\/ -->\n<title>Firman en Congreso Carta de Compromisos para una Sana Convivencia Escolar en Puebla - The Puebla Times<\/title>\n<meta name=\"robots\" content=\"index, follow, max-snippet:-1, max-image-preview:large, max-video-preview:-1\" \/>\n<link rel=\"canonical\" href=\"https:\/\/thepueblatimes.mx\/index.php\/2025\/05\/26\/firman-en-congreso-carta-de-compromisos-para-una-sana-convivencia-escolar-en-puebla\/\" \/>\n<meta property=\"og:locale\" content=\"es_ES\" \/>\n<meta property=\"og:type\" content=\"article\" \/>\n<meta property=\"og:title\" content=\"Firman en Congreso Carta de Compromisos para una Sana Convivencia Escolar en Puebla - The Puebla Times\" \/>\n<meta property=\"og:description\" content=\"&#8211; Diputada Laura Artemisa Garc\u00eda destaca la suma de esfuerzos y colaboraci\u00f3n de todos los sectores \u00a0&#8211; Compromisos contemplan revisi\u00f3n del marco legal, capacitaci\u00f3n, elaboraci\u00f3n de una cartilla de salud y la implementaci\u00f3n de campa\u00f1as Como resultado de los cinco foros regionales realizados entre marzo y abril, en el Congreso del Estado titulares y representantes...\" \/>\n<meta property=\"og:url\" content=\"https:\/\/thepueblatimes.mx\/index.php\/2025\/05\/26\/firman-en-congreso-carta-de-compromisos-para-una-sana-convivencia-escolar-en-puebla\/\" \/>\n<meta property=\"og:site_name\" content=\"The Puebla Times\" \/>\n<meta property=\"article:published_time\" content=\"2025-05-26T22:41:39+00:00\" \/>\n<meta property=\"og:image\" content=\"https:\/\/thepueblatimes.mx\/wp-content\/uploads\/2025\/05\/b4023504-48d5-4eae-93c6-84ea04dbad0a.jpg\" \/>\n\t<meta property=\"og:image:width\" content=\"1600\" \/>\n\t<meta property=\"og:image:height\" content=\"840\" \/>\n\t<meta property=\"og:image:type\" content=\"image\/jpeg\" \/>\n<meta name=\"author\" content=\"Sa\u00fal Hern\u00e1ndez\" \/>\n<meta name=\"twitter:card\" content=\"summary_large_image\" \/>\n<meta name=\"twitter:label1\" content=\"Escrito por\" \/>\n\t<meta name=\"twitter:data1\" content=\"Sa\u00fal Hern\u00e1ndez\" \/>\n\t<meta name=\"twitter:label2\" content=\"Tiempo de lectura\" \/>\n\t<meta name=\"twitter:data2\" content=\"5 minutos\" \/>\n<script type=\"application\/ld+json\" class=\"yoast-schema-graph\">{\"@context\":\"https:\/\/schema.org\",\"@graph\":[{\"@type\":\"WebPage\",\"@id\":\"https:\/\/thepueblatimes.mx\/index.php\/2025\/05\/26\/firman-en-congreso-carta-de-compromisos-para-una-sana-convivencia-escolar-en-puebla\/\",\"url\":\"https:\/\/thepueblatimes.mx\/index.php\/2025\/05\/26\/firman-en-congreso-carta-de-compromisos-para-una-sana-convivencia-escolar-en-puebla\/\",\"name\":\"Firman en Congreso Carta de Compromisos para una Sana Convivencia Escolar en Puebla - The Puebla Times\",\"isPartOf\":{\"@id\":\"https:\/\/thepueblatimes.mx\/#website\"},\"datePublished\":\"2025-05-26T22:41:39+00:00\",\"dateModified\":\"2025-05-26T22:41:39+00:00\",\"author\":{\"@id\":\"https:\/\/thepueblatimes.mx\/#\/schema\/person\/1664894c2f65ce2c7a08d8f5f905c13c\"},\"breadcrumb\":{\"@id\":\"https:\/\/thepueblatimes.mx\/index.php\/2025\/05\/26\/firman-en-congreso-carta-de-compromisos-para-una-sana-convivencia-escolar-en-puebla\/#breadcrumb\"},\"inLanguage\":\"es\",\"potentialAction\":[{\"@type\":\"ReadAction\",\"target\":[\"https:\/\/thepueblatimes.mx\/index.php\/2025\/05\/26\/firman-en-congreso-carta-de-compromisos-para-una-sana-convivencia-escolar-en-puebla\/\"]}]},{\"@type\":\"BreadcrumbList\",\"@id\":\"https:\/\/thepueblatimes.mx\/index.php\/2025\/05\/26\/firman-en-congreso-carta-de-compromisos-para-una-sana-convivencia-escolar-en-puebla\/#breadcrumb\",\"itemListElement\":[{\"@type\":\"ListItem\",\"position\":1,\"name\":\"Portada\",\"item\":\"https:\/\/thepueblatimes.mx\/\"},{\"@type\":\"ListItem\",\"position\":2,\"name\":\"Firman en Congreso Carta de Compromisos para una Sana Convivencia Escolar en Puebla\"}]},{\"@type\":\"WebSite\",\"@id\":\"https:\/\/thepueblatimes.mx\/#website\",\"url\":\"https:\/\/thepueblatimes.mx\/\",\"name\":\"The Puebla Times\",\"description\":\"Noticias del Estado de Puebla\",\"potentialAction\":[{\"@type\":\"SearchAction\",\"target\":{\"@type\":\"EntryPoint\",\"urlTemplate\":\"https:\/\/thepueblatimes.mx\/?s={search_term_string}\"},\"query-input\":\"required name=search_term_string\"}],\"inLanguage\":\"es\"},{\"@type\":\"Person\",\"@id\":\"https:\/\/thepueblatimes.mx\/#\/schema\/person\/1664894c2f65ce2c7a08d8f5f905c13c\",\"name\":\"Sa\u00fal Hern\u00e1ndez\",\"image\":{\"@type\":\"ImageObject\",\"inLanguage\":\"es\",\"@id\":\"https:\/\/thepueblatimes.mx\/#\/schema\/person\/image\/\",\"url\":\"https:\/\/secure.gravatar.com\/avatar\/11be338693f243309532caad8f10c930?s=96&d=mm&r=g\",\"contentUrl\":\"https:\/\/secure.gravatar.com\/avatar\/11be338693f243309532caad8f10c930?s=96&d=mm&r=g\",\"caption\":\"Sa\u00fal Hern\u00e1ndez\"},\"url\":\"https:\/\/thepueblatimes.mx\/index.php\/author\/saulhernandez\/\"}]}<\/script>\n<!-- \/ Yoast SEO plugin. -->","yoast_head_json":{"title":"Firman en Congreso Carta de Compromisos para una Sana Convivencia Escolar en Puebla - The Puebla Times","robots":{"index":"index","follow":"follow","max-snippet":"max-snippet:-1","max-image-preview":"max-image-preview:large","max-video-preview":"max-video-preview:-1"},"canonical":"https:\/\/thepueblatimes.mx\/index.php\/2025\/05\/26\/firman-en-congreso-carta-de-compromisos-para-una-sana-convivencia-escolar-en-puebla\/","og_locale":"es_ES","og_type":"article","og_title":"Firman en Congreso Carta de Compromisos para una Sana Convivencia Escolar en Puebla - The Puebla Times","og_description":"&#8211; Diputada Laura Artemisa Garc\u00eda destaca la suma de esfuerzos y colaboraci\u00f3n de todos los sectores \u00a0&#8211; Compromisos contemplan revisi\u00f3n del marco legal, capacitaci\u00f3n, elaboraci\u00f3n de una cartilla de salud y la implementaci\u00f3n de campa\u00f1as Como resultado de los cinco foros regionales realizados entre marzo y abril, en el Congreso del Estado titulares y representantes...","og_url":"https:\/\/thepueblatimes.mx\/index.php\/2025\/05\/26\/firman-en-congreso-carta-de-compromisos-para-una-sana-convivencia-escolar-en-puebla\/","og_site_name":"The Puebla Times","article_published_time":"2025-05-26T22:41:39+00:00","og_image":[{"width":1600,"height":840,"url":"https:\/\/thepueblatimes.mx\/wp-content\/uploads\/2025\/05\/b4023504-48d5-4eae-93c6-84ea04dbad0a.jpg","type":"image\/jpeg"}],"author":"Sa\u00fal Hern\u00e1ndez","twitter_card":"summary_large_image","twitter_misc":{"Escrito por":"Sa\u00fal Hern\u00e1ndez","Tiempo de lectura":"5 minutos"},"schema":{"@context":"https:\/\/schema.org","@graph":[{"@type":"WebPage","@id":"https:\/\/thepueblatimes.mx\/index.php\/2025\/05\/26\/firman-en-congreso-carta-de-compromisos-para-una-sana-convivencia-escolar-en-puebla\/","url":"https:\/\/thepueblatimes.mx\/index.php\/2025\/05\/26\/firman-en-congreso-carta-de-compromisos-para-una-sana-convivencia-escolar-en-puebla\/","name":"Firman en Congreso Carta de Compromisos para una Sana Convivencia Escolar en Puebla - The Puebla Times","isPartOf":{"@id":"https:\/\/thepueblatimes.mx\/#website"},"datePublished":"2025-05-26T22:41:39+00:00","dateModified":"2025-05-26T22:41:39+00:00","author":{"@id":"https:\/\/thepueblatimes.mx\/#\/schema\/person\/1664894c2f65ce2c7a08d8f5f905c13c"},"breadcrumb":{"@id":"https:\/\/thepueblatimes.mx\/index.php\/2025\/05\/26\/firman-en-congreso-carta-de-compromisos-para-una-sana-convivencia-escolar-en-puebla\/#breadcrumb"},"inLanguage":"es","potentialAction":[{"@type":"ReadAction","target":["https:\/\/thepueblatimes.mx\/index.php\/2025\/05\/26\/firman-en-congreso-carta-de-compromisos-para-una-sana-convivencia-escolar-en-puebla\/"]}]},{"@type":"BreadcrumbList","@id":"https:\/\/thepueblatimes.mx\/index.php\/2025\/05\/26\/firman-en-congreso-carta-de-compromisos-para-una-sana-convivencia-escolar-en-puebla\/#breadcrumb","itemListElement":[{"@type":"ListItem","position":1,"name":"Portada","item":"https:\/\/thepueblatimes.mx\/"},{"@type":"ListItem","position":2,"name":"Firman en Congreso Carta de Compromisos para una Sana Convivencia Escolar en Puebla"}]},{"@type":"WebSite","@id":"https:\/\/thepueblatimes.mx\/#website","url":"https:\/\/thepueblatimes.mx\/","name":"The Puebla Times","description":"Noticias del Estado de Puebla","potentialAction":[{"@type":"SearchAction","target":{"@type":"EntryPoint","urlTemplate":"https:\/\/thepueblatimes.mx\/?s={search_term_string}"},"query-input":"required name=search_term_string"}],"inLanguage":"es"},{"@type":"Person","@id":"https:\/\/thepueblatimes.mx\/#\/schema\/person\/1664894c2f65ce2c7a08d8f5f905c13c","name":"Sa\u00fal Hern\u00e1ndez","image":{"@type":"ImageObject","inLanguage":"es","@id":"https:\/\/thepueblatimes.mx\/#\/schema\/person\/image\/","url":"https:\/\/secure.gravatar.com\/avatar\/11be338693f243309532caad8f10c930?s=96&d=mm&r=g","contentUrl":"https:\/\/secure.gravatar.com\/avatar\/11be338693f243309532caad8f10c930?s=96&d=mm&r=g","caption":"Sa\u00fal Hern\u00e1ndez"},"url":"https:\/\/thepueblatimes.mx\/index.php\/author\/saulhernandez\/"}]}},"jetpack_featured_media_url":"https:\/\/thepueblatimes.mx\/wp-content\/uploads\/2025\/05\/b4023504-48d5-4eae-93c6-84ea04dbad0a.jpg","_links":{"self":[{"href":"https:\/\/thepueblatimes.mx\/index.php\/wp-json\/wp\/v2\/posts\/30364"}],"collection":[{"href":"https:\/\/thepueblatimes.mx\/index.php\/wp-json\/wp\/v2\/posts"}],"about":[{"href":"https:\/\/thepueblatimes.mx\/index.php\/wp-json\/wp\/v2\/types\/post"}],"author":[{"embeddable":true,"href":"https:\/\/thepueblatimes.mx\/index.php\/wp-json\/wp\/v2\/users\/16"}],"replies":[{"embeddable":true,"href":"https:\/\/thepueblatimes.mx\/index.php\/wp-json\/wp\/v2\/comments?post=30364"}],"version-history":[{"count":1,"href":"https:\/\/thepueblatimes.mx\/index.php\/wp-json\/wp\/v2\/posts\/30364\/revisions"}],"predecessor-version":[{"id":30366,"href":"https:\/\/thepueblatimes.mx\/index.php\/wp-json\/wp\/v2\/posts\/30364\/revisions\/30366"}],"wp:featuredmedia":[{"embeddable":true,"href":"https:\/\/thepueblatimes.mx\/index.php\/wp-json\/wp\/v2\/media\/30365"}],"wp:attachment":[{"href":"https:\/\/thepueblatimes.mx\/index.php\/wp-json\/wp\/v2\/media?parent=30364"}],"wp:term":[{"taxonomy":"category","embeddable":true,"href":"https:\/\/thepueblatimes.mx\/index.php\/wp-json\/wp\/v2\/categories?post=30364"},{"taxonomy":"post_tag","embeddable":true,"href":"https:\/\/thepueblatimes.mx\/index.php\/wp-json\/wp\/v2\/tags?post=30364"}],"curies":[{"name":"wp","href":"https:\/\/api.w.org\/{rel}","templated":true}]}}