{"id":30221,"date":"2025-05-22T11:24:27","date_gmt":"2025-05-22T17:24:27","guid":{"rendered":"https:\/\/thepueblatimes.mx\/?p=30221"},"modified":"2025-05-22T11:24:27","modified_gmt":"2025-05-22T17:24:27","slug":"por-la-crisis-de-agua-en-cuautlancingo-destituyen-a-la-titular","status":"publish","type":"post","link":"https:\/\/thepueblatimes.mx\/index.php\/2025\/05\/22\/por-la-crisis-de-agua-en-cuautlancingo-destituyen-a-la-titular\/","title":{"rendered":"Por la crisis de agua en Cuautlancingo destituyen a la titular"},"content":{"rendered":"<p>POR FRED ESTRADA<\/p>\n<p>Omar Mu\u00f1oz enfrenta la crisis del agua que padecen los habitantes de Cuautlancingo, pero en lugar de solucionarla de fondo, opt\u00f3 por una v\u00e1lvula de escape al m\u00e1s puro estilo de la pol\u00edtica tradicional.<\/p>\n<p>El consejo de administraci\u00f3n del Sistema Operador de Agua Potable y Alcantarillado de Cuautlancingo decidi\u00f3 remover de su cargo a la titular del sistema, Guadalupe Daniel Hern\u00e1ndez.<\/p>\n<p>Con ello se convierte en uno de los ajustes del equipo de colaboradores de Omar Mu\u00f1oz Alfaro que se realizan de manera obligada con el prop\u00f3sito de lavar su imagen.<\/p>\n<p>La remoci\u00f3n tiene como sustento las quejas recurrentes por la falta del l\u00edquido vital, por parte de los habitantes de Cuautlancingo.<\/p>\n<p>La remoci\u00f3n est\u00e1 lejos de solucionar la problem\u00e1tica que debi\u00f3 atenderse desde el inicio de la actual gesti\u00f3n hace m\u00e1s de siete meses.<\/p>\n<p>Sin embargo, las recurrentes quejas, la auditor\u00eda al organismo y una denuncia por actos de corrupci\u00f3n, llevaron a la administraci\u00f3n de Omar Mu\u00f1oz a buscar una v\u00e1lvula de escape.<\/p>\n","protected":false},"excerpt":{"rendered":"<p>POR FRED ESTRADA Omar Mu\u00f1oz enfrenta la crisis del agua que padecen los habitantes de Cuautlancingo, pero en lugar de solucionarla de fondo, opt\u00f3 por una v\u00e1lvula de escape al m\u00e1s puro estilo de la pol\u00edtica tradicional. El consejo de administraci\u00f3n del Sistema Operador de Agua Potable y Alcantarillado de Cuautlancingo decidi\u00f3 remover de su&#8230;<\/p>\n","protected":false},"author":16,"featured_media":30222,"comment_status":"closed","ping_status":"closed","sticky":false,"template":"","format":"standard","meta":[],"categories":[542],"tags":[553,343,3331,2541],"yoast_head":"<!-- This site is optimized with the Yoast SEO plugin v20.8 - https:\/\/yoast.com\/wordpress\/plugins\/seo\/ -->\n<title>Por la crisis de agua en Cuautlancingo destituyen a la titular - The Puebla Times<\/title>\n<meta name=\"robots\" content=\"index, follow, max-snippet:-1, max-image-preview:large, max-video-preview:-1\" \/>\n<link rel=\"canonical\" href=\"https:\/\/thepueblatimes.mx\/index.php\/2025\/05\/22\/por-la-crisis-de-agua-en-cuautlancingo-destituyen-a-la-titular\/\" \/>\n<meta property=\"og:locale\" content=\"es_ES\" \/>\n<meta property=\"og:type\" content=\"article\" \/>\n<meta property=\"og:title\" content=\"Por la crisis de agua en Cuautlancingo destituyen a la titular - The Puebla Times\" \/>\n<meta property=\"og:description\" content=\"POR FRED ESTRADA Omar Mu\u00f1oz enfrenta la crisis del agua que padecen los habitantes de Cuautlancingo, pero en lugar de solucionarla de fondo, opt\u00f3 por una v\u00e1lvula de escape al m\u00e1s puro estilo de la pol\u00edtica tradicional. El consejo de administraci\u00f3n del Sistema Operador de Agua Potable y Alcantarillado de Cuautlancingo decidi\u00f3 remover de su...\" \/>\n<meta property=\"og:url\" content=\"https:\/\/thepueblatimes.mx\/index.php\/2025\/05\/22\/por-la-crisis-de-agua-en-cuautlancingo-destituyen-a-la-titular\/\" \/>\n<meta property=\"og:site_name\" content=\"The Puebla Times\" \/>\n<meta property=\"article:published_time\" content=\"2025-05-22T17:24:27+00:00\" \/>\n<meta property=\"og:image\" content=\"https:\/\/thepueblatimes.mx\/wp-content\/uploads\/2025\/05\/cuautlancingo-guadalupe-daniel-357888-e1680638271150.jpg\" \/>\n\t<meta property=\"og:image:width\" content=\"1280\" \/>\n\t<meta property=\"og:image:height\" content=\"852\" \/>\n\t<meta property=\"og:image:type\" content=\"image\/jpeg\" \/>\n<meta name=\"author\" content=\"Sa\u00fal Hern\u00e1ndez\" \/>\n<meta name=\"twitter:card\" content=\"summary_large_image\" \/>\n<meta name=\"twitter:label1\" content=\"Escrito por\" \/>\n\t<meta name=\"twitter:data1\" content=\"Sa\u00fal Hern\u00e1ndez\" \/>\n\t<meta name=\"twitter:label2\" content=\"Tiempo de lectura\" \/>\n\t<meta name=\"twitter:data2\" content=\"1 minuto\" \/>\n<script type=\"application\/ld+json\" class=\"yoast-schema-graph\">{\"@context\":\"https:\/\/schema.org\",\"@graph\":[{\"@type\":\"WebPage\",\"@id\":\"https:\/\/thepueblatimes.mx\/index.php\/2025\/05\/22\/por-la-crisis-de-agua-en-cuautlancingo-destituyen-a-la-titular\/\",\"url\":\"https:\/\/thepueblatimes.mx\/index.php\/2025\/05\/22\/por-la-crisis-de-agua-en-cuautlancingo-destituyen-a-la-titular\/\",\"name\":\"Por la crisis de agua en Cuautlancingo destituyen a la titular - The Puebla Times\",\"isPartOf\":{\"@id\":\"https:\/\/thepueblatimes.mx\/#website\"},\"datePublished\":\"2025-05-22T17:24:27+00:00\",\"dateModified\":\"2025-05-22T17:24:27+00:00\",\"author\":{\"@id\":\"https:\/\/thepueblatimes.mx\/#\/schema\/person\/1664894c2f65ce2c7a08d8f5f905c13c\"},\"breadcrumb\":{\"@id\":\"https:\/\/thepueblatimes.mx\/index.php\/2025\/05\/22\/por-la-crisis-de-agua-en-cuautlancingo-destituyen-a-la-titular\/#breadcrumb\"},\"inLanguage\":\"es\",\"potentialAction\":[{\"@type\":\"ReadAction\",\"target\":[\"https:\/\/thepueblatimes.mx\/index.php\/2025\/05\/22\/por-la-crisis-de-agua-en-cuautlancingo-destituyen-a-la-titular\/\"]}]},{\"@type\":\"BreadcrumbList\",\"@id\":\"https:\/\/thepueblatimes.mx\/index.php\/2025\/05\/22\/por-la-crisis-de-agua-en-cuautlancingo-destituyen-a-la-titular\/#breadcrumb\",\"itemListElement\":[{\"@type\":\"ListItem\",\"position\":1,\"name\":\"Portada\",\"item\":\"https:\/\/thepueblatimes.mx\/\"},{\"@type\":\"ListItem\",\"position\":2,\"name\":\"Por la crisis de agua en Cuautlancingo destituyen a la titular\"}]},{\"@type\":\"WebSite\",\"@id\":\"https:\/\/thepueblatimes.mx\/#website\",\"url\":\"https:\/\/thepueblatimes.mx\/\",\"name\":\"The Puebla Times\",\"description\":\"Noticias del Estado de Puebla\",\"potentialAction\":[{\"@type\":\"SearchAction\",\"target\":{\"@type\":\"EntryPoint\",\"urlTemplate\":\"https:\/\/thepueblatimes.mx\/?s={search_term_string}\"},\"query-input\":\"required name=search_term_string\"}],\"inLanguage\":\"es\"},{\"@type\":\"Person\",\"@id\":\"https:\/\/thepueblatimes.mx\/#\/schema\/person\/1664894c2f65ce2c7a08d8f5f905c13c\",\"name\":\"Sa\u00fal Hern\u00e1ndez\",\"image\":{\"@type\":\"ImageObject\",\"inLanguage\":\"es\",\"@id\":\"https:\/\/thepueblatimes.mx\/#\/schema\/person\/image\/\",\"url\":\"https:\/\/secure.gravatar.com\/avatar\/11be338693f243309532caad8f10c930?s=96&d=mm&r=g\",\"contentUrl\":\"https:\/\/secure.gravatar.com\/avatar\/11be338693f243309532caad8f10c930?s=96&d=mm&r=g\",\"caption\":\"Sa\u00fal Hern\u00e1ndez\"},\"url\":\"https:\/\/thepueblatimes.mx\/index.php\/author\/saulhernandez\/\"}]}<\/script>\n<!-- \/ Yoast SEO plugin. -->","yoast_head_json":{"title":"Por la crisis de agua en Cuautlancingo destituyen a la titular - The Puebla Times","robots":{"index":"index","follow":"follow","max-snippet":"max-snippet:-1","max-image-preview":"max-image-preview:large","max-video-preview":"max-video-preview:-1"},"canonical":"https:\/\/thepueblatimes.mx\/index.php\/2025\/05\/22\/por-la-crisis-de-agua-en-cuautlancingo-destituyen-a-la-titular\/","og_locale":"es_ES","og_type":"article","og_title":"Por la crisis de agua en Cuautlancingo destituyen a la titular - The Puebla Times","og_description":"POR FRED ESTRADA Omar Mu\u00f1oz enfrenta la crisis del agua que padecen los habitantes de Cuautlancingo, pero en lugar de solucionarla de fondo, opt\u00f3 por una v\u00e1lvula de escape al m\u00e1s puro estilo de la pol\u00edtica tradicional. El consejo de administraci\u00f3n del Sistema Operador de Agua Potable y Alcantarillado de Cuautlancingo decidi\u00f3 remover de su...","og_url":"https:\/\/thepueblatimes.mx\/index.php\/2025\/05\/22\/por-la-crisis-de-agua-en-cuautlancingo-destituyen-a-la-titular\/","og_site_name":"The Puebla Times","article_published_time":"2025-05-22T17:24:27+00:00","og_image":[{"width":1280,"height":852,"url":"https:\/\/thepueblatimes.mx\/wp-content\/uploads\/2025\/05\/cuautlancingo-guadalupe-daniel-357888-e1680638271150.jpg","type":"image\/jpeg"}],"author":"Sa\u00fal Hern\u00e1ndez","twitter_card":"summary_large_image","twitter_misc":{"Escrito por":"Sa\u00fal Hern\u00e1ndez","Tiempo de lectura":"1 minuto"},"schema":{"@context":"https:\/\/schema.org","@graph":[{"@type":"WebPage","@id":"https:\/\/thepueblatimes.mx\/index.php\/2025\/05\/22\/por-la-crisis-de-agua-en-cuautlancingo-destituyen-a-la-titular\/","url":"https:\/\/thepueblatimes.mx\/index.php\/2025\/05\/22\/por-la-crisis-de-agua-en-cuautlancingo-destituyen-a-la-titular\/","name":"Por la crisis de agua en Cuautlancingo destituyen a la titular - The Puebla Times","isPartOf":{"@id":"https:\/\/thepueblatimes.mx\/#website"},"datePublished":"2025-05-22T17:24:27+00:00","dateModified":"2025-05-22T17:24:27+00:00","author":{"@id":"https:\/\/thepueblatimes.mx\/#\/schema\/person\/1664894c2f65ce2c7a08d8f5f905c13c"},"breadcrumb":{"@id":"https:\/\/thepueblatimes.mx\/index.php\/2025\/05\/22\/por-la-crisis-de-agua-en-cuautlancingo-destituyen-a-la-titular\/#breadcrumb"},"inLanguage":"es","potentialAction":[{"@type":"ReadAction","target":["https:\/\/thepueblatimes.mx\/index.php\/2025\/05\/22\/por-la-crisis-de-agua-en-cuautlancingo-destituyen-a-la-titular\/"]}]},{"@type":"BreadcrumbList","@id":"https:\/\/thepueblatimes.mx\/index.php\/2025\/05\/22\/por-la-crisis-de-agua-en-cuautlancingo-destituyen-a-la-titular\/#breadcrumb","itemListElement":[{"@type":"ListItem","position":1,"name":"Portada","item":"https:\/\/thepueblatimes.mx\/"},{"@type":"ListItem","position":2,"name":"Por la crisis de agua en Cuautlancingo destituyen a la titular"}]},{"@type":"WebSite","@id":"https:\/\/thepueblatimes.mx\/#website","url":"https:\/\/thepueblatimes.mx\/","name":"The Puebla Times","description":"Noticias del Estado de Puebla","potentialAction":[{"@type":"SearchAction","target":{"@type":"EntryPoint","urlTemplate":"https:\/\/thepueblatimes.mx\/?s={search_term_string}"},"query-input":"required name=search_term_string"}],"inLanguage":"es"},{"@type":"Person","@id":"https:\/\/thepueblatimes.mx\/#\/schema\/person\/1664894c2f65ce2c7a08d8f5f905c13c","name":"Sa\u00fal Hern\u00e1ndez","image":{"@type":"ImageObject","inLanguage":"es","@id":"https:\/\/thepueblatimes.mx\/#\/schema\/person\/image\/","url":"https:\/\/secure.gravatar.com\/avatar\/11be338693f243309532caad8f10c930?s=96&d=mm&r=g","contentUrl":"https:\/\/secure.gravatar.com\/avatar\/11be338693f243309532caad8f10c930?s=96&d=mm&r=g","caption":"Sa\u00fal Hern\u00e1ndez"},"url":"https:\/\/thepueblatimes.mx\/index.php\/author\/saulhernandez\/"}]}},"jetpack_featured_media_url":"https:\/\/thepueblatimes.mx\/wp-content\/uploads\/2025\/05\/cuautlancingo-guadalupe-daniel-357888-e1680638271150.jpg","_links":{"self":[{"href":"https:\/\/thepueblatimes.mx\/index.php\/wp-json\/wp\/v2\/posts\/30221"}],"collection":[{"href":"https:\/\/thepueblatimes.mx\/index.php\/wp-json\/wp\/v2\/posts"}],"about":[{"href":"https:\/\/thepueblatimes.mx\/index.php\/wp-json\/wp\/v2\/types\/post"}],"author":[{"embeddable":true,"href":"https:\/\/thepueblatimes.mx\/index.php\/wp-json\/wp\/v2\/users\/16"}],"replies":[{"embeddable":true,"href":"https:\/\/thepueblatimes.mx\/index.php\/wp-json\/wp\/v2\/comments?post=30221"}],"version-history":[{"count":1,"href":"https:\/\/thepueblatimes.mx\/index.php\/wp-json\/wp\/v2\/posts\/30221\/revisions"}],"predecessor-version":[{"id":30223,"href":"https:\/\/thepueblatimes.mx\/index.php\/wp-json\/wp\/v2\/posts\/30221\/revisions\/30223"}],"wp:featuredmedia":[{"embeddable":true,"href":"https:\/\/thepueblatimes.mx\/index.php\/wp-json\/wp\/v2\/media\/30222"}],"wp:attachment":[{"href":"https:\/\/thepueblatimes.mx\/index.php\/wp-json\/wp\/v2\/media?parent=30221"}],"wp:term":[{"taxonomy":"category","embeddable":true,"href":"https:\/\/thepueblatimes.mx\/index.php\/wp-json\/wp\/v2\/categories?post=30221"},{"taxonomy":"post_tag","embeddable":true,"href":"https:\/\/thepueblatimes.mx\/index.php\/wp-json\/wp\/v2\/tags?post=30221"}],"curies":[{"name":"wp","href":"https:\/\/api.w.org\/{rel}","templated":true}]}}