{"id":30165,"date":"2025-05-21T10:16:38","date_gmt":"2025-05-21T16:16:38","guid":{"rendered":"https:\/\/thepueblatimes.mx\/?p=30165"},"modified":"2025-05-21T10:16:38","modified_gmt":"2025-05-21T16:16:38","slug":"exponen-en-congreso-transformacion-de-puebla-la-ciudad-en-pequeno-la-historia-en-grande","status":"publish","type":"post","link":"https:\/\/thepueblatimes.mx\/index.php\/2025\/05\/21\/exponen-en-congreso-transformacion-de-puebla-la-ciudad-en-pequeno-la-historia-en-grande\/","title":{"rendered":"Exponen en Congreso \u201cTransformaci\u00f3n de Puebla: la ciudad en peque\u00f1o, la historia en grande\u201d"},"content":{"rendered":"<p>Con la exposici\u00f3n de maquetas de edificios emblem\u00e1ticos de la capital, denominada \u201cTransformaci\u00f3n de Puebla: la ciudad en peque\u00f1o, la historia en grande\u201d, en el Congreso contin\u00faan las actividades conmemorativas por el Bicentenario de la Constituci\u00f3n Pol\u00edtica del Estado Libre y Soberado de Puebla de 1825.<\/p>\n<p>&nbsp;<\/p>\n<p>Durante el acto inaugural, la presidenta de la Junta de Gobierno y Coordinaci\u00f3n Pol\u00edtica del Congreso del Estado, Laura Artemisa Garc\u00eda Ch\u00e1vez destac\u00f3 la riqueza hist\u00f3rica y cultural de Puebla que albergan los diferentes edificios emblem\u00e1ticos y que fueron clave en la transformaci\u00f3n de la entidad.<\/p>\n<p>&nbsp;<\/p>\n<p>Adem\u00e1s, la diputada presidenta se\u00f1al\u00f3 que continuar\u00e1n las actividades conmemorativas del Bicentenario de la Constituci\u00f3n, por lo que las aportaciones y participaci\u00f3n de las diferentes instituciones es de vital importancia para rememorar la historia.<\/p>\n<p>&nbsp;<\/p>\n<p>En su momento, la diputada Cinthya Gabriela Chumacero Rodr\u00edguez, presidenta del Comit\u00e9 de Diario de Debates, Cr\u00f3nica Legislativa y Asuntos Editoriales, resalt\u00f3 las modificaciones a la legislaci\u00f3n para garantizar los derechos humanos y la igualdad, una de las principales transformaciones en Puebla.<\/p>\n<p>&nbsp;<\/p>\n<p>El titular de la Direcci\u00f3n de Archivo del Congreso, Irvin Baltazar Garc\u00eda Ram\u00edrez destac\u00f3 que cada una de las actividades conmemorativas del Bicentenario de la Constituci\u00f3n testificar\u00e1 los procesos transformadores que se han vivido en Puebla; tambi\u00e9n hizo un llamado a recordar el proceso hist\u00f3rico y social a lo largo de los a\u00f1os.<\/p>\n<p>&nbsp;<\/p>\n<p>En tanto, la directora del Archivo General del Estado, J\u00e9ssica Pliego Alejandro indic\u00f3 que esta exposici\u00f3n representa una gran oportunidad para hablar del patrimonio hist\u00f3rico arquitect\u00f3nico de Puebla, pues las maquetas representan sucesos, personajes y lugares emblem\u00e1ticos, tales como el ex Palacio de Justicia, el monumento al general Ignacio Zaragoza, el Museo Universitario Casa de los Mu\u00f1ecos, los Fuertes de Loreto y Guadalupe, la Casa de los Hermanos Serd\u00e1n, el Palacio Municipal, entre otras.<\/p>\n<p>&nbsp;<\/p>\n<p>Al evento tambi\u00e9n acudieron las diputadas Azucena Rosas Tapia, Ana Laura G\u00f3mez Ram\u00edrez y Esther Mart\u00ednez Romano, as\u00ed como el diputado Oscar Mauricio C\u00e9spedes Peregrina, titulares e integrantes de los \u00f3rganos t\u00e9cnico-administrativos.<\/p>\n<p>&nbsp;<\/p>\n","protected":false},"excerpt":{"rendered":"<p>Con la exposici\u00f3n de maquetas de edificios emblem\u00e1ticos de la capital, denominada \u201cTransformaci\u00f3n de Puebla: la ciudad en peque\u00f1o, la historia en grande\u201d, en el Congreso contin\u00faan las actividades conmemorativas por el Bicentenario de la Constituci\u00f3n Pol\u00edtica del Estado Libre y Soberado de Puebla de 1825. &nbsp; Durante el acto inaugural, la presidenta de la&#8230;<\/p>\n","protected":false},"author":16,"featured_media":30166,"comment_status":"closed","ping_status":"closed","sticky":false,"template":"","format":"standard","meta":[],"categories":[3],"tags":[1480,1271],"yoast_head":"<!-- This site is optimized with the Yoast SEO plugin v20.8 - https:\/\/yoast.com\/wordpress\/plugins\/seo\/ -->\n<title>Exponen en Congreso \u201cTransformaci\u00f3n de Puebla: la ciudad en peque\u00f1o, la historia en grande\u201d - The Puebla Times<\/title>\n<meta name=\"robots\" content=\"index, follow, max-snippet:-1, max-image-preview:large, max-video-preview:-1\" \/>\n<link rel=\"canonical\" href=\"https:\/\/thepueblatimes.mx\/index.php\/2025\/05\/21\/exponen-en-congreso-transformacion-de-puebla-la-ciudad-en-pequeno-la-historia-en-grande\/\" \/>\n<meta property=\"og:locale\" content=\"es_ES\" \/>\n<meta property=\"og:type\" content=\"article\" \/>\n<meta property=\"og:title\" content=\"Exponen en Congreso \u201cTransformaci\u00f3n de Puebla: la ciudad en peque\u00f1o, la historia en grande\u201d - The Puebla Times\" \/>\n<meta property=\"og:description\" content=\"Con la exposici\u00f3n de maquetas de edificios emblem\u00e1ticos de la capital, denominada \u201cTransformaci\u00f3n de Puebla: la ciudad en peque\u00f1o, la historia en grande\u201d, en el Congreso contin\u00faan las actividades conmemorativas por el Bicentenario de la Constituci\u00f3n Pol\u00edtica del Estado Libre y Soberado de Puebla de 1825. &nbsp; Durante el acto inaugural, la presidenta de la...\" \/>\n<meta property=\"og:url\" content=\"https:\/\/thepueblatimes.mx\/index.php\/2025\/05\/21\/exponen-en-congreso-transformacion-de-puebla-la-ciudad-en-pequeno-la-historia-en-grande\/\" \/>\n<meta property=\"og:site_name\" content=\"The Puebla Times\" \/>\n<meta property=\"article:published_time\" content=\"2025-05-21T16:16:38+00:00\" \/>\n<meta property=\"og:image\" content=\"https:\/\/thepueblatimes.mx\/wp-content\/uploads\/2025\/05\/7a848996-7270-4f06-ac00-5caea52d86ae.jpg\" \/>\n\t<meta property=\"og:image:width\" content=\"1600\" \/>\n\t<meta property=\"og:image:height\" content=\"1066\" \/>\n\t<meta property=\"og:image:type\" content=\"image\/jpeg\" \/>\n<meta name=\"author\" content=\"Sa\u00fal Hern\u00e1ndez\" \/>\n<meta name=\"twitter:card\" content=\"summary_large_image\" \/>\n<meta name=\"twitter:label1\" content=\"Escrito por\" \/>\n\t<meta name=\"twitter:data1\" content=\"Sa\u00fal Hern\u00e1ndez\" \/>\n\t<meta name=\"twitter:label2\" content=\"Tiempo de lectura\" \/>\n\t<meta name=\"twitter:data2\" content=\"2 minutos\" \/>\n<script type=\"application\/ld+json\" class=\"yoast-schema-graph\">{\"@context\":\"https:\/\/schema.org\",\"@graph\":[{\"@type\":\"WebPage\",\"@id\":\"https:\/\/thepueblatimes.mx\/index.php\/2025\/05\/21\/exponen-en-congreso-transformacion-de-puebla-la-ciudad-en-pequeno-la-historia-en-grande\/\",\"url\":\"https:\/\/thepueblatimes.mx\/index.php\/2025\/05\/21\/exponen-en-congreso-transformacion-de-puebla-la-ciudad-en-pequeno-la-historia-en-grande\/\",\"name\":\"Exponen en Congreso \u201cTransformaci\u00f3n de Puebla: la ciudad en peque\u00f1o, la historia en grande\u201d - The Puebla Times\",\"isPartOf\":{\"@id\":\"https:\/\/thepueblatimes.mx\/#website\"},\"datePublished\":\"2025-05-21T16:16:38+00:00\",\"dateModified\":\"2025-05-21T16:16:38+00:00\",\"author\":{\"@id\":\"https:\/\/thepueblatimes.mx\/#\/schema\/person\/1664894c2f65ce2c7a08d8f5f905c13c\"},\"breadcrumb\":{\"@id\":\"https:\/\/thepueblatimes.mx\/index.php\/2025\/05\/21\/exponen-en-congreso-transformacion-de-puebla-la-ciudad-en-pequeno-la-historia-en-grande\/#breadcrumb\"},\"inLanguage\":\"es\",\"potentialAction\":[{\"@type\":\"ReadAction\",\"target\":[\"https:\/\/thepueblatimes.mx\/index.php\/2025\/05\/21\/exponen-en-congreso-transformacion-de-puebla-la-ciudad-en-pequeno-la-historia-en-grande\/\"]}]},{\"@type\":\"BreadcrumbList\",\"@id\":\"https:\/\/thepueblatimes.mx\/index.php\/2025\/05\/21\/exponen-en-congreso-transformacion-de-puebla-la-ciudad-en-pequeno-la-historia-en-grande\/#breadcrumb\",\"itemListElement\":[{\"@type\":\"ListItem\",\"position\":1,\"name\":\"Portada\",\"item\":\"https:\/\/thepueblatimes.mx\/\"},{\"@type\":\"ListItem\",\"position\":2,\"name\":\"Exponen en Congreso \u201cTransformaci\u00f3n de Puebla: la ciudad en peque\u00f1o, la historia en grande\u201d\"}]},{\"@type\":\"WebSite\",\"@id\":\"https:\/\/thepueblatimes.mx\/#website\",\"url\":\"https:\/\/thepueblatimes.mx\/\",\"name\":\"The Puebla Times\",\"description\":\"Noticias del Estado de Puebla\",\"potentialAction\":[{\"@type\":\"SearchAction\",\"target\":{\"@type\":\"EntryPoint\",\"urlTemplate\":\"https:\/\/thepueblatimes.mx\/?s={search_term_string}\"},\"query-input\":\"required name=search_term_string\"}],\"inLanguage\":\"es\"},{\"@type\":\"Person\",\"@id\":\"https:\/\/thepueblatimes.mx\/#\/schema\/person\/1664894c2f65ce2c7a08d8f5f905c13c\",\"name\":\"Sa\u00fal Hern\u00e1ndez\",\"image\":{\"@type\":\"ImageObject\",\"inLanguage\":\"es\",\"@id\":\"https:\/\/thepueblatimes.mx\/#\/schema\/person\/image\/\",\"url\":\"https:\/\/secure.gravatar.com\/avatar\/11be338693f243309532caad8f10c930?s=96&d=mm&r=g\",\"contentUrl\":\"https:\/\/secure.gravatar.com\/avatar\/11be338693f243309532caad8f10c930?s=96&d=mm&r=g\",\"caption\":\"Sa\u00fal Hern\u00e1ndez\"},\"url\":\"https:\/\/thepueblatimes.mx\/index.php\/author\/saulhernandez\/\"}]}<\/script>\n<!-- \/ Yoast SEO plugin. -->","yoast_head_json":{"title":"Exponen en Congreso \u201cTransformaci\u00f3n de Puebla: la ciudad en peque\u00f1o, la historia en grande\u201d - The Puebla Times","robots":{"index":"index","follow":"follow","max-snippet":"max-snippet:-1","max-image-preview":"max-image-preview:large","max-video-preview":"max-video-preview:-1"},"canonical":"https:\/\/thepueblatimes.mx\/index.php\/2025\/05\/21\/exponen-en-congreso-transformacion-de-puebla-la-ciudad-en-pequeno-la-historia-en-grande\/","og_locale":"es_ES","og_type":"article","og_title":"Exponen en Congreso \u201cTransformaci\u00f3n de Puebla: la ciudad en peque\u00f1o, la historia en grande\u201d - The Puebla Times","og_description":"Con la exposici\u00f3n de maquetas de edificios emblem\u00e1ticos de la capital, denominada \u201cTransformaci\u00f3n de Puebla: la ciudad en peque\u00f1o, la historia en grande\u201d, en el Congreso contin\u00faan las actividades conmemorativas por el Bicentenario de la Constituci\u00f3n Pol\u00edtica del Estado Libre y Soberado de Puebla de 1825. &nbsp; Durante el acto inaugural, la presidenta de la...","og_url":"https:\/\/thepueblatimes.mx\/index.php\/2025\/05\/21\/exponen-en-congreso-transformacion-de-puebla-la-ciudad-en-pequeno-la-historia-en-grande\/","og_site_name":"The Puebla Times","article_published_time":"2025-05-21T16:16:38+00:00","og_image":[{"width":1600,"height":1066,"url":"https:\/\/thepueblatimes.mx\/wp-content\/uploads\/2025\/05\/7a848996-7270-4f06-ac00-5caea52d86ae.jpg","type":"image\/jpeg"}],"author":"Sa\u00fal Hern\u00e1ndez","twitter_card":"summary_large_image","twitter_misc":{"Escrito por":"Sa\u00fal Hern\u00e1ndez","Tiempo de lectura":"2 minutos"},"schema":{"@context":"https:\/\/schema.org","@graph":[{"@type":"WebPage","@id":"https:\/\/thepueblatimes.mx\/index.php\/2025\/05\/21\/exponen-en-congreso-transformacion-de-puebla-la-ciudad-en-pequeno-la-historia-en-grande\/","url":"https:\/\/thepueblatimes.mx\/index.php\/2025\/05\/21\/exponen-en-congreso-transformacion-de-puebla-la-ciudad-en-pequeno-la-historia-en-grande\/","name":"Exponen en Congreso \u201cTransformaci\u00f3n de Puebla: la ciudad en peque\u00f1o, la historia en grande\u201d - The Puebla Times","isPartOf":{"@id":"https:\/\/thepueblatimes.mx\/#website"},"datePublished":"2025-05-21T16:16:38+00:00","dateModified":"2025-05-21T16:16:38+00:00","author":{"@id":"https:\/\/thepueblatimes.mx\/#\/schema\/person\/1664894c2f65ce2c7a08d8f5f905c13c"},"breadcrumb":{"@id":"https:\/\/thepueblatimes.mx\/index.php\/2025\/05\/21\/exponen-en-congreso-transformacion-de-puebla-la-ciudad-en-pequeno-la-historia-en-grande\/#breadcrumb"},"inLanguage":"es","potentialAction":[{"@type":"ReadAction","target":["https:\/\/thepueblatimes.mx\/index.php\/2025\/05\/21\/exponen-en-congreso-transformacion-de-puebla-la-ciudad-en-pequeno-la-historia-en-grande\/"]}]},{"@type":"BreadcrumbList","@id":"https:\/\/thepueblatimes.mx\/index.php\/2025\/05\/21\/exponen-en-congreso-transformacion-de-puebla-la-ciudad-en-pequeno-la-historia-en-grande\/#breadcrumb","itemListElement":[{"@type":"ListItem","position":1,"name":"Portada","item":"https:\/\/thepueblatimes.mx\/"},{"@type":"ListItem","position":2,"name":"Exponen en Congreso \u201cTransformaci\u00f3n de Puebla: la ciudad en peque\u00f1o, la historia en grande\u201d"}]},{"@type":"WebSite","@id":"https:\/\/thepueblatimes.mx\/#website","url":"https:\/\/thepueblatimes.mx\/","name":"The Puebla Times","description":"Noticias del Estado de Puebla","potentialAction":[{"@type":"SearchAction","target":{"@type":"EntryPoint","urlTemplate":"https:\/\/thepueblatimes.mx\/?s={search_term_string}"},"query-input":"required name=search_term_string"}],"inLanguage":"es"},{"@type":"Person","@id":"https:\/\/thepueblatimes.mx\/#\/schema\/person\/1664894c2f65ce2c7a08d8f5f905c13c","name":"Sa\u00fal Hern\u00e1ndez","image":{"@type":"ImageObject","inLanguage":"es","@id":"https:\/\/thepueblatimes.mx\/#\/schema\/person\/image\/","url":"https:\/\/secure.gravatar.com\/avatar\/11be338693f243309532caad8f10c930?s=96&d=mm&r=g","contentUrl":"https:\/\/secure.gravatar.com\/avatar\/11be338693f243309532caad8f10c930?s=96&d=mm&r=g","caption":"Sa\u00fal Hern\u00e1ndez"},"url":"https:\/\/thepueblatimes.mx\/index.php\/author\/saulhernandez\/"}]}},"jetpack_featured_media_url":"https:\/\/thepueblatimes.mx\/wp-content\/uploads\/2025\/05\/7a848996-7270-4f06-ac00-5caea52d86ae.jpg","_links":{"self":[{"href":"https:\/\/thepueblatimes.mx\/index.php\/wp-json\/wp\/v2\/posts\/30165"}],"collection":[{"href":"https:\/\/thepueblatimes.mx\/index.php\/wp-json\/wp\/v2\/posts"}],"about":[{"href":"https:\/\/thepueblatimes.mx\/index.php\/wp-json\/wp\/v2\/types\/post"}],"author":[{"embeddable":true,"href":"https:\/\/thepueblatimes.mx\/index.php\/wp-json\/wp\/v2\/users\/16"}],"replies":[{"embeddable":true,"href":"https:\/\/thepueblatimes.mx\/index.php\/wp-json\/wp\/v2\/comments?post=30165"}],"version-history":[{"count":1,"href":"https:\/\/thepueblatimes.mx\/index.php\/wp-json\/wp\/v2\/posts\/30165\/revisions"}],"predecessor-version":[{"id":30167,"href":"https:\/\/thepueblatimes.mx\/index.php\/wp-json\/wp\/v2\/posts\/30165\/revisions\/30167"}],"wp:featuredmedia":[{"embeddable":true,"href":"https:\/\/thepueblatimes.mx\/index.php\/wp-json\/wp\/v2\/media\/30166"}],"wp:attachment":[{"href":"https:\/\/thepueblatimes.mx\/index.php\/wp-json\/wp\/v2\/media?parent=30165"}],"wp:term":[{"taxonomy":"category","embeddable":true,"href":"https:\/\/thepueblatimes.mx\/index.php\/wp-json\/wp\/v2\/categories?post=30165"},{"taxonomy":"post_tag","embeddable":true,"href":"https:\/\/thepueblatimes.mx\/index.php\/wp-json\/wp\/v2\/tags?post=30165"}],"curies":[{"name":"wp","href":"https:\/\/api.w.org\/{rel}","templated":true}]}}