{"id":30094,"date":"2025-05-19T12:07:44","date_gmt":"2025-05-19T18:07:44","guid":{"rendered":"https:\/\/thepueblatimes.mx\/?p=30094"},"modified":"2025-05-19T12:10:11","modified_gmt":"2025-05-19T18:10:11","slug":"elementos-de-la-policia-estatal-que-fueron-abatidos-custodiaban-un-local-en-el-que-se-localizo-huachicoll","status":"publish","type":"post","link":"https:\/\/thepueblatimes.mx\/index.php\/2025\/05\/19\/elementos-de-la-policia-estatal-que-fueron-abatidos-custodiaban-un-local-en-el-que-se-localizo-huachicoll\/","title":{"rendered":"Elementos de la polic\u00eda estatal abatidos custodiaban un local con huachicol"},"content":{"rendered":"<p>POR FRED ESTRADA<\/p>\n<p>Los elementos de la Secretar\u00eda de Seguridad P\u00fablica (SSP) que perdieron la vida en la zona lim\u00edtrofe entre Puebla y Amozoc, resguardaban un inmueble dedicado al huachicol.<\/p>\n<p>El secretario de Gobernaci\u00f3n, Samuel Aguilar Pala, se\u00f1al\u00f3 que alrededor de las 4:30 horas de hoy, domingo 18 de mayo, los elementos de la polic\u00eda estatal fueron sorprendidas por un grupo de delincuentes.<\/p>\n<p>Los abatieron, pero los dem\u00e1s elementos que participaban en la labor de vigilancia lograron salir librados el ataque.<\/p>\n<p>El gobernador de Puebla, Alejandro Armenta Mier, dijo que otorgar\u00e1n un mill\u00f3n de pesos a los familiares, correspondientes al seguro de vida, adem\u00e1s de que recibir\u00e1n especial atenci\u00f3n.<\/p>\n<p>Expres\u00f3 \u00abno repara el da\u00f1o un mill\u00f3n de pesos, pero sin duda ayuda a la familia para la atenci\u00f3n y esas familias son las primeras casas que vamos a dar\u00bb.<\/p>\n<p>Por su parte, la Secretar\u00eda de Seguridad P\u00fablica emiti\u00f3 un comunicado en el que inform\u00f3 los decesos de Julio C\u00e9sar Flores Guerrero y Jos\u00e9 Antonio Valerio Rodr\u00edguez, en el cumplimiento de su deber.<\/p>\n","protected":false},"excerpt":{"rendered":"<p>POR FRED ESTRADA Los elementos de la Secretar\u00eda de Seguridad P\u00fablica (SSP) que perdieron la vida en la zona lim\u00edtrofe entre Puebla y Amozoc, resguardaban un inmueble dedicado al huachicol. El secretario de Gobernaci\u00f3n, Samuel Aguilar Pala, se\u00f1al\u00f3 que alrededor de las 4:30 horas de hoy, domingo 18 de mayo, los elementos de la polic\u00eda&#8230;<\/p>\n","protected":false},"author":16,"featured_media":30095,"comment_status":"closed","ping_status":"closed","sticky":false,"template":"","format":"standard","meta":[],"categories":[121],"tags":[3349,3674,3675,2830],"yoast_head":"<!-- This site is optimized with the Yoast SEO plugin v20.8 - https:\/\/yoast.com\/wordpress\/plugins\/seo\/ -->\n<title>Elementos de la polic\u00eda estatal abatidos custodiaban un local con huachicol - The Puebla Times<\/title>\n<meta name=\"robots\" content=\"index, follow, max-snippet:-1, max-image-preview:large, max-video-preview:-1\" \/>\n<link rel=\"canonical\" href=\"https:\/\/thepueblatimes.mx\/index.php\/2025\/05\/19\/elementos-de-la-policia-estatal-que-fueron-abatidos-custodiaban-un-local-en-el-que-se-localizo-huachicoll\/\" \/>\n<meta property=\"og:locale\" content=\"es_ES\" \/>\n<meta property=\"og:type\" content=\"article\" \/>\n<meta property=\"og:title\" content=\"Elementos de la polic\u00eda estatal abatidos custodiaban un local con huachicol - The Puebla Times\" \/>\n<meta property=\"og:description\" content=\"POR FRED ESTRADA Los elementos de la Secretar\u00eda de Seguridad P\u00fablica (SSP) que perdieron la vida en la zona lim\u00edtrofe entre Puebla y Amozoc, resguardaban un inmueble dedicado al huachicol. El secretario de Gobernaci\u00f3n, Samuel Aguilar Pala, se\u00f1al\u00f3 que alrededor de las 4:30 horas de hoy, domingo 18 de mayo, los elementos de la polic\u00eda...\" \/>\n<meta property=\"og:url\" content=\"https:\/\/thepueblatimes.mx\/index.php\/2025\/05\/19\/elementos-de-la-policia-estatal-que-fueron-abatidos-custodiaban-un-local-en-el-que-se-localizo-huachicoll\/\" \/>\n<meta property=\"og:site_name\" content=\"The Puebla Times\" \/>\n<meta property=\"article:published_time\" content=\"2025-05-19T18:07:44+00:00\" \/>\n<meta property=\"article:modified_time\" content=\"2025-05-19T18:10:11+00:00\" \/>\n<meta property=\"og:image\" content=\"https:\/\/thepueblatimes.mx\/wp-content\/uploads\/2025\/05\/Balean-a-dos-policias-que-custodiaban-un-inmueble-en-el-que-encontraron-huachicol-1.webp\" \/>\n\t<meta property=\"og:image:width\" content=\"1200\" \/>\n\t<meta property=\"og:image:height\" content=\"800\" \/>\n\t<meta property=\"og:image:type\" content=\"image\/webp\" \/>\n<meta name=\"author\" content=\"Sa\u00fal Hern\u00e1ndez\" \/>\n<meta name=\"twitter:card\" content=\"summary_large_image\" \/>\n<meta name=\"twitter:label1\" content=\"Escrito por\" \/>\n\t<meta name=\"twitter:data1\" content=\"Sa\u00fal Hern\u00e1ndez\" \/>\n\t<meta name=\"twitter:label2\" content=\"Tiempo de lectura\" \/>\n\t<meta name=\"twitter:data2\" content=\"1 minuto\" \/>\n<script type=\"application\/ld+json\" class=\"yoast-schema-graph\">{\"@context\":\"https:\/\/schema.org\",\"@graph\":[{\"@type\":\"WebPage\",\"@id\":\"https:\/\/thepueblatimes.mx\/index.php\/2025\/05\/19\/elementos-de-la-policia-estatal-que-fueron-abatidos-custodiaban-un-local-en-el-que-se-localizo-huachicoll\/\",\"url\":\"https:\/\/thepueblatimes.mx\/index.php\/2025\/05\/19\/elementos-de-la-policia-estatal-que-fueron-abatidos-custodiaban-un-local-en-el-que-se-localizo-huachicoll\/\",\"name\":\"Elementos de la polic\u00eda estatal abatidos custodiaban un local con huachicol - The Puebla Times\",\"isPartOf\":{\"@id\":\"https:\/\/thepueblatimes.mx\/#website\"},\"datePublished\":\"2025-05-19T18:07:44+00:00\",\"dateModified\":\"2025-05-19T18:10:11+00:00\",\"author\":{\"@id\":\"https:\/\/thepueblatimes.mx\/#\/schema\/person\/1664894c2f65ce2c7a08d8f5f905c13c\"},\"breadcrumb\":{\"@id\":\"https:\/\/thepueblatimes.mx\/index.php\/2025\/05\/19\/elementos-de-la-policia-estatal-que-fueron-abatidos-custodiaban-un-local-en-el-que-se-localizo-huachicoll\/#breadcrumb\"},\"inLanguage\":\"es\",\"potentialAction\":[{\"@type\":\"ReadAction\",\"target\":[\"https:\/\/thepueblatimes.mx\/index.php\/2025\/05\/19\/elementos-de-la-policia-estatal-que-fueron-abatidos-custodiaban-un-local-en-el-que-se-localizo-huachicoll\/\"]}]},{\"@type\":\"BreadcrumbList\",\"@id\":\"https:\/\/thepueblatimes.mx\/index.php\/2025\/05\/19\/elementos-de-la-policia-estatal-que-fueron-abatidos-custodiaban-un-local-en-el-que-se-localizo-huachicoll\/#breadcrumb\",\"itemListElement\":[{\"@type\":\"ListItem\",\"position\":1,\"name\":\"Portada\",\"item\":\"https:\/\/thepueblatimes.mx\/\"},{\"@type\":\"ListItem\",\"position\":2,\"name\":\"Elementos de la polic\u00eda estatal abatidos custodiaban un local con huachicol\"}]},{\"@type\":\"WebSite\",\"@id\":\"https:\/\/thepueblatimes.mx\/#website\",\"url\":\"https:\/\/thepueblatimes.mx\/\",\"name\":\"The Puebla Times\",\"description\":\"Noticias del Estado de Puebla\",\"potentialAction\":[{\"@type\":\"SearchAction\",\"target\":{\"@type\":\"EntryPoint\",\"urlTemplate\":\"https:\/\/thepueblatimes.mx\/?s={search_term_string}\"},\"query-input\":\"required name=search_term_string\"}],\"inLanguage\":\"es\"},{\"@type\":\"Person\",\"@id\":\"https:\/\/thepueblatimes.mx\/#\/schema\/person\/1664894c2f65ce2c7a08d8f5f905c13c\",\"name\":\"Sa\u00fal Hern\u00e1ndez\",\"image\":{\"@type\":\"ImageObject\",\"inLanguage\":\"es\",\"@id\":\"https:\/\/thepueblatimes.mx\/#\/schema\/person\/image\/\",\"url\":\"https:\/\/secure.gravatar.com\/avatar\/11be338693f243309532caad8f10c930?s=96&d=mm&r=g\",\"contentUrl\":\"https:\/\/secure.gravatar.com\/avatar\/11be338693f243309532caad8f10c930?s=96&d=mm&r=g\",\"caption\":\"Sa\u00fal Hern\u00e1ndez\"},\"url\":\"https:\/\/thepueblatimes.mx\/index.php\/author\/saulhernandez\/\"}]}<\/script>\n<!-- \/ Yoast SEO plugin. -->","yoast_head_json":{"title":"Elementos de la polic\u00eda estatal abatidos custodiaban un local con huachicol - The Puebla Times","robots":{"index":"index","follow":"follow","max-snippet":"max-snippet:-1","max-image-preview":"max-image-preview:large","max-video-preview":"max-video-preview:-1"},"canonical":"https:\/\/thepueblatimes.mx\/index.php\/2025\/05\/19\/elementos-de-la-policia-estatal-que-fueron-abatidos-custodiaban-un-local-en-el-que-se-localizo-huachicoll\/","og_locale":"es_ES","og_type":"article","og_title":"Elementos de la polic\u00eda estatal abatidos custodiaban un local con huachicol - The Puebla Times","og_description":"POR FRED ESTRADA Los elementos de la Secretar\u00eda de Seguridad P\u00fablica (SSP) que perdieron la vida en la zona lim\u00edtrofe entre Puebla y Amozoc, resguardaban un inmueble dedicado al huachicol. El secretario de Gobernaci\u00f3n, Samuel Aguilar Pala, se\u00f1al\u00f3 que alrededor de las 4:30 horas de hoy, domingo 18 de mayo, los elementos de la polic\u00eda...","og_url":"https:\/\/thepueblatimes.mx\/index.php\/2025\/05\/19\/elementos-de-la-policia-estatal-que-fueron-abatidos-custodiaban-un-local-en-el-que-se-localizo-huachicoll\/","og_site_name":"The Puebla Times","article_published_time":"2025-05-19T18:07:44+00:00","article_modified_time":"2025-05-19T18:10:11+00:00","og_image":[{"width":1200,"height":800,"url":"https:\/\/thepueblatimes.mx\/wp-content\/uploads\/2025\/05\/Balean-a-dos-policias-que-custodiaban-un-inmueble-en-el-que-encontraron-huachicol-1.webp","type":"image\/webp"}],"author":"Sa\u00fal Hern\u00e1ndez","twitter_card":"summary_large_image","twitter_misc":{"Escrito por":"Sa\u00fal Hern\u00e1ndez","Tiempo de lectura":"1 minuto"},"schema":{"@context":"https:\/\/schema.org","@graph":[{"@type":"WebPage","@id":"https:\/\/thepueblatimes.mx\/index.php\/2025\/05\/19\/elementos-de-la-policia-estatal-que-fueron-abatidos-custodiaban-un-local-en-el-que-se-localizo-huachicoll\/","url":"https:\/\/thepueblatimes.mx\/index.php\/2025\/05\/19\/elementos-de-la-policia-estatal-que-fueron-abatidos-custodiaban-un-local-en-el-que-se-localizo-huachicoll\/","name":"Elementos de la polic\u00eda estatal abatidos custodiaban un local con huachicol - The Puebla Times","isPartOf":{"@id":"https:\/\/thepueblatimes.mx\/#website"},"datePublished":"2025-05-19T18:07:44+00:00","dateModified":"2025-05-19T18:10:11+00:00","author":{"@id":"https:\/\/thepueblatimes.mx\/#\/schema\/person\/1664894c2f65ce2c7a08d8f5f905c13c"},"breadcrumb":{"@id":"https:\/\/thepueblatimes.mx\/index.php\/2025\/05\/19\/elementos-de-la-policia-estatal-que-fueron-abatidos-custodiaban-un-local-en-el-que-se-localizo-huachicoll\/#breadcrumb"},"inLanguage":"es","potentialAction":[{"@type":"ReadAction","target":["https:\/\/thepueblatimes.mx\/index.php\/2025\/05\/19\/elementos-de-la-policia-estatal-que-fueron-abatidos-custodiaban-un-local-en-el-que-se-localizo-huachicoll\/"]}]},{"@type":"BreadcrumbList","@id":"https:\/\/thepueblatimes.mx\/index.php\/2025\/05\/19\/elementos-de-la-policia-estatal-que-fueron-abatidos-custodiaban-un-local-en-el-que-se-localizo-huachicoll\/#breadcrumb","itemListElement":[{"@type":"ListItem","position":1,"name":"Portada","item":"https:\/\/thepueblatimes.mx\/"},{"@type":"ListItem","position":2,"name":"Elementos de la polic\u00eda estatal abatidos custodiaban un local con huachicol"}]},{"@type":"WebSite","@id":"https:\/\/thepueblatimes.mx\/#website","url":"https:\/\/thepueblatimes.mx\/","name":"The Puebla Times","description":"Noticias del Estado de Puebla","potentialAction":[{"@type":"SearchAction","target":{"@type":"EntryPoint","urlTemplate":"https:\/\/thepueblatimes.mx\/?s={search_term_string}"},"query-input":"required name=search_term_string"}],"inLanguage":"es"},{"@type":"Person","@id":"https:\/\/thepueblatimes.mx\/#\/schema\/person\/1664894c2f65ce2c7a08d8f5f905c13c","name":"Sa\u00fal Hern\u00e1ndez","image":{"@type":"ImageObject","inLanguage":"es","@id":"https:\/\/thepueblatimes.mx\/#\/schema\/person\/image\/","url":"https:\/\/secure.gravatar.com\/avatar\/11be338693f243309532caad8f10c930?s=96&d=mm&r=g","contentUrl":"https:\/\/secure.gravatar.com\/avatar\/11be338693f243309532caad8f10c930?s=96&d=mm&r=g","caption":"Sa\u00fal Hern\u00e1ndez"},"url":"https:\/\/thepueblatimes.mx\/index.php\/author\/saulhernandez\/"}]}},"jetpack_featured_media_url":"https:\/\/thepueblatimes.mx\/wp-content\/uploads\/2025\/05\/Balean-a-dos-policias-que-custodiaban-un-inmueble-en-el-que-encontraron-huachicol-1.webp","_links":{"self":[{"href":"https:\/\/thepueblatimes.mx\/index.php\/wp-json\/wp\/v2\/posts\/30094"}],"collection":[{"href":"https:\/\/thepueblatimes.mx\/index.php\/wp-json\/wp\/v2\/posts"}],"about":[{"href":"https:\/\/thepueblatimes.mx\/index.php\/wp-json\/wp\/v2\/types\/post"}],"author":[{"embeddable":true,"href":"https:\/\/thepueblatimes.mx\/index.php\/wp-json\/wp\/v2\/users\/16"}],"replies":[{"embeddable":true,"href":"https:\/\/thepueblatimes.mx\/index.php\/wp-json\/wp\/v2\/comments?post=30094"}],"version-history":[{"count":3,"href":"https:\/\/thepueblatimes.mx\/index.php\/wp-json\/wp\/v2\/posts\/30094\/revisions"}],"predecessor-version":[{"id":30098,"href":"https:\/\/thepueblatimes.mx\/index.php\/wp-json\/wp\/v2\/posts\/30094\/revisions\/30098"}],"wp:featuredmedia":[{"embeddable":true,"href":"https:\/\/thepueblatimes.mx\/index.php\/wp-json\/wp\/v2\/media\/30095"}],"wp:attachment":[{"href":"https:\/\/thepueblatimes.mx\/index.php\/wp-json\/wp\/v2\/media?parent=30094"}],"wp:term":[{"taxonomy":"category","embeddable":true,"href":"https:\/\/thepueblatimes.mx\/index.php\/wp-json\/wp\/v2\/categories?post=30094"},{"taxonomy":"post_tag","embeddable":true,"href":"https:\/\/thepueblatimes.mx\/index.php\/wp-json\/wp\/v2\/tags?post=30094"}],"curies":[{"name":"wp","href":"https:\/\/api.w.org\/{rel}","templated":true}]}}