{"id":29977,"date":"2025-05-14T09:14:30","date_gmt":"2025-05-14T15:14:30","guid":{"rendered":"https:\/\/thepueblatimes.mx\/?p=29977"},"modified":"2025-05-14T09:14:30","modified_gmt":"2025-05-14T15:14:30","slug":"en-san-pedro-cholula-tonanzint-fernandez-no-pone-orden-en-los-restaurantes","status":"publish","type":"post","link":"https:\/\/thepueblatimes.mx\/index.php\/2025\/05\/14\/en-san-pedro-cholula-tonanzint-fernandez-no-pone-orden-en-los-restaurantes\/","title":{"rendered":"En San Pedro Cholula, Tonanzint Fern\u00e1ndez no pone orden en los restaurantes"},"content":{"rendered":"<p>POR FRED ESTRADA<\/p>\n<p>Los restaurantes que recientemente fueron clausurados por la Profeco, tras documentarse el cobro obligatorio de propinas en San Pedro Cholula reabrieron sus puertas.<\/p>\n<p>Un elemento que pone en tela de juicio la capacidad de control que tiene la administraci\u00f3n de Tonantzin Fern\u00e1ndez sobre los restaurantes que operan la zona de los portales y que son frecuentados por habitantes y visitantes.<\/p>\n<p>Los restaurantes Mostaza, Los Jarrones, la franquicia Las Duyas y Caf\u00e9-tal, reanudaron sus operaciones, una vez que resolvieron su situaci\u00f3n.<\/p>\n<p>Esos establecimientos fueron sancionados por la Profeco, el 28 de abril de 2025, por lo que no pod\u00edan operar mientras no resolvieran su situaci\u00f3n.<\/p>\n<p>Luego de atender los requerimientos, los restaurantes reabrieron sus puertas.<\/p>\n<p>Lo que queda claro, a pesar de diversas denuncias previas, sobre la situaci\u00f3n, ante la indiferencia de la autoridad municipal, tuvo que intervenir la Profeco.<\/p>\n","protected":false},"excerpt":{"rendered":"<p>POR FRED ESTRADA Los restaurantes que recientemente fueron clausurados por la Profeco, tras documentarse el cobro obligatorio de propinas en San Pedro Cholula reabrieron sus puertas. Un elemento que pone en tela de juicio la capacidad de control que tiene la administraci\u00f3n de Tonantzin Fern\u00e1ndez sobre los restaurantes que operan la zona de los portales&#8230;<\/p>\n","protected":false},"author":16,"featured_media":29978,"comment_status":"closed","ping_status":"closed","sticky":false,"template":"","format":"standard","meta":[],"categories":[15,11],"tags":[1304,3161],"yoast_head":"<!-- This site is optimized with the Yoast SEO plugin v20.8 - https:\/\/yoast.com\/wordpress\/plugins\/seo\/ -->\n<title>En San Pedro Cholula, Tonanzint Fern\u00e1ndez no pone orden en los restaurantes - The Puebla Times<\/title>\n<meta name=\"robots\" content=\"index, follow, max-snippet:-1, max-image-preview:large, max-video-preview:-1\" \/>\n<link rel=\"canonical\" href=\"https:\/\/thepueblatimes.mx\/index.php\/2025\/05\/14\/en-san-pedro-cholula-tonanzint-fernandez-no-pone-orden-en-los-restaurantes\/\" \/>\n<meta property=\"og:locale\" content=\"es_ES\" \/>\n<meta property=\"og:type\" content=\"article\" \/>\n<meta property=\"og:title\" content=\"En San Pedro Cholula, Tonanzint Fern\u00e1ndez no pone orden en los restaurantes - The Puebla Times\" \/>\n<meta property=\"og:description\" content=\"POR FRED ESTRADA Los restaurantes que recientemente fueron clausurados por la Profeco, tras documentarse el cobro obligatorio de propinas en San Pedro Cholula reabrieron sus puertas. Un elemento que pone en tela de juicio la capacidad de control que tiene la administraci\u00f3n de Tonantzin Fern\u00e1ndez sobre los restaurantes que operan la zona de los portales...\" \/>\n<meta property=\"og:url\" content=\"https:\/\/thepueblatimes.mx\/index.php\/2025\/05\/14\/en-san-pedro-cholula-tonanzint-fernandez-no-pone-orden-en-los-restaurantes\/\" \/>\n<meta property=\"og:site_name\" content=\"The Puebla Times\" \/>\n<meta property=\"article:published_time\" content=\"2025-05-14T15:14:30+00:00\" \/>\n<meta property=\"og:image\" content=\"https:\/\/thepueblatimes.mx\/wp-content\/uploads\/2025\/05\/terrazas-cholula.jpg\" \/>\n\t<meta property=\"og:image:width\" content=\"1021\" \/>\n\t<meta property=\"og:image:height\" content=\"680\" \/>\n\t<meta property=\"og:image:type\" content=\"image\/jpeg\" \/>\n<meta name=\"author\" content=\"Sa\u00fal Hern\u00e1ndez\" \/>\n<meta name=\"twitter:card\" content=\"summary_large_image\" \/>\n<meta name=\"twitter:label1\" content=\"Escrito por\" \/>\n\t<meta name=\"twitter:data1\" content=\"Sa\u00fal Hern\u00e1ndez\" \/>\n\t<meta name=\"twitter:label2\" content=\"Tiempo de lectura\" \/>\n\t<meta name=\"twitter:data2\" content=\"1 minuto\" \/>\n<script type=\"application\/ld+json\" class=\"yoast-schema-graph\">{\"@context\":\"https:\/\/schema.org\",\"@graph\":[{\"@type\":\"WebPage\",\"@id\":\"https:\/\/thepueblatimes.mx\/index.php\/2025\/05\/14\/en-san-pedro-cholula-tonanzint-fernandez-no-pone-orden-en-los-restaurantes\/\",\"url\":\"https:\/\/thepueblatimes.mx\/index.php\/2025\/05\/14\/en-san-pedro-cholula-tonanzint-fernandez-no-pone-orden-en-los-restaurantes\/\",\"name\":\"En San Pedro Cholula, Tonanzint Fern\u00e1ndez no pone orden en los restaurantes - The Puebla Times\",\"isPartOf\":{\"@id\":\"https:\/\/thepueblatimes.mx\/#website\"},\"datePublished\":\"2025-05-14T15:14:30+00:00\",\"dateModified\":\"2025-05-14T15:14:30+00:00\",\"author\":{\"@id\":\"https:\/\/thepueblatimes.mx\/#\/schema\/person\/1664894c2f65ce2c7a08d8f5f905c13c\"},\"breadcrumb\":{\"@id\":\"https:\/\/thepueblatimes.mx\/index.php\/2025\/05\/14\/en-san-pedro-cholula-tonanzint-fernandez-no-pone-orden-en-los-restaurantes\/#breadcrumb\"},\"inLanguage\":\"es\",\"potentialAction\":[{\"@type\":\"ReadAction\",\"target\":[\"https:\/\/thepueblatimes.mx\/index.php\/2025\/05\/14\/en-san-pedro-cholula-tonanzint-fernandez-no-pone-orden-en-los-restaurantes\/\"]}]},{\"@type\":\"BreadcrumbList\",\"@id\":\"https:\/\/thepueblatimes.mx\/index.php\/2025\/05\/14\/en-san-pedro-cholula-tonanzint-fernandez-no-pone-orden-en-los-restaurantes\/#breadcrumb\",\"itemListElement\":[{\"@type\":\"ListItem\",\"position\":1,\"name\":\"Portada\",\"item\":\"https:\/\/thepueblatimes.mx\/\"},{\"@type\":\"ListItem\",\"position\":2,\"name\":\"En San Pedro Cholula, Tonanzint Fern\u00e1ndez no pone orden en los restaurantes\"}]},{\"@type\":\"WebSite\",\"@id\":\"https:\/\/thepueblatimes.mx\/#website\",\"url\":\"https:\/\/thepueblatimes.mx\/\",\"name\":\"The Puebla Times\",\"description\":\"Noticias del Estado de Puebla\",\"potentialAction\":[{\"@type\":\"SearchAction\",\"target\":{\"@type\":\"EntryPoint\",\"urlTemplate\":\"https:\/\/thepueblatimes.mx\/?s={search_term_string}\"},\"query-input\":\"required name=search_term_string\"}],\"inLanguage\":\"es\"},{\"@type\":\"Person\",\"@id\":\"https:\/\/thepueblatimes.mx\/#\/schema\/person\/1664894c2f65ce2c7a08d8f5f905c13c\",\"name\":\"Sa\u00fal Hern\u00e1ndez\",\"image\":{\"@type\":\"ImageObject\",\"inLanguage\":\"es\",\"@id\":\"https:\/\/thepueblatimes.mx\/#\/schema\/person\/image\/\",\"url\":\"https:\/\/secure.gravatar.com\/avatar\/11be338693f243309532caad8f10c930?s=96&d=mm&r=g\",\"contentUrl\":\"https:\/\/secure.gravatar.com\/avatar\/11be338693f243309532caad8f10c930?s=96&d=mm&r=g\",\"caption\":\"Sa\u00fal Hern\u00e1ndez\"},\"url\":\"https:\/\/thepueblatimes.mx\/index.php\/author\/saulhernandez\/\"}]}<\/script>\n<!-- \/ Yoast SEO plugin. -->","yoast_head_json":{"title":"En San Pedro Cholula, Tonanzint Fern\u00e1ndez no pone orden en los restaurantes - The Puebla Times","robots":{"index":"index","follow":"follow","max-snippet":"max-snippet:-1","max-image-preview":"max-image-preview:large","max-video-preview":"max-video-preview:-1"},"canonical":"https:\/\/thepueblatimes.mx\/index.php\/2025\/05\/14\/en-san-pedro-cholula-tonanzint-fernandez-no-pone-orden-en-los-restaurantes\/","og_locale":"es_ES","og_type":"article","og_title":"En San Pedro Cholula, Tonanzint Fern\u00e1ndez no pone orden en los restaurantes - The Puebla Times","og_description":"POR FRED ESTRADA Los restaurantes que recientemente fueron clausurados por la Profeco, tras documentarse el cobro obligatorio de propinas en San Pedro Cholula reabrieron sus puertas. Un elemento que pone en tela de juicio la capacidad de control que tiene la administraci\u00f3n de Tonantzin Fern\u00e1ndez sobre los restaurantes que operan la zona de los portales...","og_url":"https:\/\/thepueblatimes.mx\/index.php\/2025\/05\/14\/en-san-pedro-cholula-tonanzint-fernandez-no-pone-orden-en-los-restaurantes\/","og_site_name":"The Puebla Times","article_published_time":"2025-05-14T15:14:30+00:00","og_image":[{"width":1021,"height":680,"url":"https:\/\/thepueblatimes.mx\/wp-content\/uploads\/2025\/05\/terrazas-cholula.jpg","type":"image\/jpeg"}],"author":"Sa\u00fal Hern\u00e1ndez","twitter_card":"summary_large_image","twitter_misc":{"Escrito por":"Sa\u00fal Hern\u00e1ndez","Tiempo de lectura":"1 minuto"},"schema":{"@context":"https:\/\/schema.org","@graph":[{"@type":"WebPage","@id":"https:\/\/thepueblatimes.mx\/index.php\/2025\/05\/14\/en-san-pedro-cholula-tonanzint-fernandez-no-pone-orden-en-los-restaurantes\/","url":"https:\/\/thepueblatimes.mx\/index.php\/2025\/05\/14\/en-san-pedro-cholula-tonanzint-fernandez-no-pone-orden-en-los-restaurantes\/","name":"En San Pedro Cholula, Tonanzint Fern\u00e1ndez no pone orden en los restaurantes - The Puebla Times","isPartOf":{"@id":"https:\/\/thepueblatimes.mx\/#website"},"datePublished":"2025-05-14T15:14:30+00:00","dateModified":"2025-05-14T15:14:30+00:00","author":{"@id":"https:\/\/thepueblatimes.mx\/#\/schema\/person\/1664894c2f65ce2c7a08d8f5f905c13c"},"breadcrumb":{"@id":"https:\/\/thepueblatimes.mx\/index.php\/2025\/05\/14\/en-san-pedro-cholula-tonanzint-fernandez-no-pone-orden-en-los-restaurantes\/#breadcrumb"},"inLanguage":"es","potentialAction":[{"@type":"ReadAction","target":["https:\/\/thepueblatimes.mx\/index.php\/2025\/05\/14\/en-san-pedro-cholula-tonanzint-fernandez-no-pone-orden-en-los-restaurantes\/"]}]},{"@type":"BreadcrumbList","@id":"https:\/\/thepueblatimes.mx\/index.php\/2025\/05\/14\/en-san-pedro-cholula-tonanzint-fernandez-no-pone-orden-en-los-restaurantes\/#breadcrumb","itemListElement":[{"@type":"ListItem","position":1,"name":"Portada","item":"https:\/\/thepueblatimes.mx\/"},{"@type":"ListItem","position":2,"name":"En San Pedro Cholula, Tonanzint Fern\u00e1ndez no pone orden en los restaurantes"}]},{"@type":"WebSite","@id":"https:\/\/thepueblatimes.mx\/#website","url":"https:\/\/thepueblatimes.mx\/","name":"The Puebla Times","description":"Noticias del Estado de Puebla","potentialAction":[{"@type":"SearchAction","target":{"@type":"EntryPoint","urlTemplate":"https:\/\/thepueblatimes.mx\/?s={search_term_string}"},"query-input":"required name=search_term_string"}],"inLanguage":"es"},{"@type":"Person","@id":"https:\/\/thepueblatimes.mx\/#\/schema\/person\/1664894c2f65ce2c7a08d8f5f905c13c","name":"Sa\u00fal Hern\u00e1ndez","image":{"@type":"ImageObject","inLanguage":"es","@id":"https:\/\/thepueblatimes.mx\/#\/schema\/person\/image\/","url":"https:\/\/secure.gravatar.com\/avatar\/11be338693f243309532caad8f10c930?s=96&d=mm&r=g","contentUrl":"https:\/\/secure.gravatar.com\/avatar\/11be338693f243309532caad8f10c930?s=96&d=mm&r=g","caption":"Sa\u00fal Hern\u00e1ndez"},"url":"https:\/\/thepueblatimes.mx\/index.php\/author\/saulhernandez\/"}]}},"jetpack_featured_media_url":"https:\/\/thepueblatimes.mx\/wp-content\/uploads\/2025\/05\/terrazas-cholula.jpg","_links":{"self":[{"href":"https:\/\/thepueblatimes.mx\/index.php\/wp-json\/wp\/v2\/posts\/29977"}],"collection":[{"href":"https:\/\/thepueblatimes.mx\/index.php\/wp-json\/wp\/v2\/posts"}],"about":[{"href":"https:\/\/thepueblatimes.mx\/index.php\/wp-json\/wp\/v2\/types\/post"}],"author":[{"embeddable":true,"href":"https:\/\/thepueblatimes.mx\/index.php\/wp-json\/wp\/v2\/users\/16"}],"replies":[{"embeddable":true,"href":"https:\/\/thepueblatimes.mx\/index.php\/wp-json\/wp\/v2\/comments?post=29977"}],"version-history":[{"count":1,"href":"https:\/\/thepueblatimes.mx\/index.php\/wp-json\/wp\/v2\/posts\/29977\/revisions"}],"predecessor-version":[{"id":29979,"href":"https:\/\/thepueblatimes.mx\/index.php\/wp-json\/wp\/v2\/posts\/29977\/revisions\/29979"}],"wp:featuredmedia":[{"embeddable":true,"href":"https:\/\/thepueblatimes.mx\/index.php\/wp-json\/wp\/v2\/media\/29978"}],"wp:attachment":[{"href":"https:\/\/thepueblatimes.mx\/index.php\/wp-json\/wp\/v2\/media?parent=29977"}],"wp:term":[{"taxonomy":"category","embeddable":true,"href":"https:\/\/thepueblatimes.mx\/index.php\/wp-json\/wp\/v2\/categories?post=29977"},{"taxonomy":"post_tag","embeddable":true,"href":"https:\/\/thepueblatimes.mx\/index.php\/wp-json\/wp\/v2\/tags?post=29977"}],"curies":[{"name":"wp","href":"https:\/\/api.w.org\/{rel}","templated":true}]}}