{"id":29972,"date":"2025-05-14T09:09:23","date_gmt":"2025-05-14T15:09:23","guid":{"rendered":"https:\/\/thepueblatimes.mx\/?p=29972"},"modified":"2025-05-14T09:09:23","modified_gmt":"2025-05-14T15:09:23","slug":"sheinbaum-rechaza-posible-impuesto-a-remesas-es-una-medida-injusta-y-discriminatoria","status":"publish","type":"post","link":"https:\/\/thepueblatimes.mx\/index.php\/2025\/05\/14\/sheinbaum-rechaza-posible-impuesto-a-remesas-es-una-medida-injusta-y-discriminatoria\/","title":{"rendered":"Sheinbaum rechaza posible impuesto a remesas: \u201cEs una medida injusta y discriminatoria\u201d"},"content":{"rendered":"<p class=\"\" data-start=\"198\" data-end=\"573\">Durante su conferencia de prensa, la presidenta M\u00e9xico, Claudia Sheinbaum, se pronunci\u00f3 en contra de la propuesta en Estados Unidos que busca imponer un impuesto del 5% a las remesas enviadas desde ese pa\u00eds. Calific\u00f3 la iniciativa como \u201cuna injusticia discriminatoria\u201d que afectar\u00eda directamente a millones de familias mexicanas que dependen de ese ingreso.<\/p>\n<p class=\"\" data-start=\"575\" data-end=\"890\">Sheinbaum respald\u00f3 su postura con la lectura de un comunicado firmado por legisladores de diversos partidos pol\u00edticos mexicanos, quienes coincidieron en rechazar cualquier intento de gravar las remesas, por considerar que atenta contra los derechos de los migrantes y representa una pol\u00edtica con tintes xenof\u00f3bicos.<\/p>\n<p class=\"\" data-start=\"892\" data-end=\"1249\">\u201cLos mexicanos que viven y trabajan en Estados Unidos hacen una enorme contribuci\u00f3n, no s\u00f3lo a sus familias en M\u00e9xico, sino tambi\u00e9n a la econom\u00eda estadounidense. Penalizar sus env\u00edos es una medida inaceptable\u201d, se\u00f1al\u00f3 Sheinbaum, subrayando que el tema debe abordarse desde la cooperaci\u00f3n bilateral y el respeto a los derechos humanos, no desde la exclusi\u00f3n.<\/p>\n<p class=\"\" data-start=\"1251\" data-end=\"1522\">Las remesas, que alcanzaron cifras r\u00e9cord en los \u00faltimos a\u00f1os, se han convertido en una fuente crucial de ingresos para muchas comunidades en M\u00e9xico. Ante este panorama, la posibilidad de que se aplique un impuesto podr\u00eda tener un impacto social y econ\u00f3mico considerable.<\/p>\n<p class=\"\" data-start=\"1524\" data-end=\"1854\">La propuesta ha sido impulsada por sectores conservadores en Estados Unidos con el argumento de que estos recursos deber\u00edan contribuir a reforzar la seguridad fronteriza. Sin embargo, organizaciones defensoras de migrantes y diversos l\u00edderes pol\u00edticos, tanto en M\u00e9xico como en el pa\u00eds vecino, han manifestado su oposici\u00f3n rotunda.<\/p>\n<p class=\"\" data-start=\"1856\" data-end=\"2091\">Sheinbaum reiter\u00f3 su compromiso de defender los derechos de los connacionales en el exterior y de trabajar con el gobierno estadounidense para encontrar soluciones que fortalezcan la relaci\u00f3n bilateral sin recurrir a medidas punitivas.<\/p>\n","protected":false},"excerpt":{"rendered":"<p>Durante su conferencia de prensa, la presidenta M\u00e9xico, Claudia Sheinbaum, se pronunci\u00f3 en contra de la propuesta en Estados Unidos que busca imponer un impuesto del 5% a las remesas enviadas desde ese pa\u00eds. Calific\u00f3 la iniciativa como \u201cuna injusticia discriminatoria\u201d que afectar\u00eda directamente a millones de familias mexicanas que dependen de ese ingreso. Sheinbaum&#8230;<\/p>\n","protected":false},"author":16,"featured_media":29975,"comment_status":"closed","ping_status":"closed","sticky":false,"template":"","format":"standard","meta":[],"categories":[2],"tags":[1334,1498,2012],"yoast_head":"<!-- This site is optimized with the Yoast SEO plugin v20.8 - https:\/\/yoast.com\/wordpress\/plugins\/seo\/ -->\n<title>Sheinbaum rechaza posible impuesto a remesas: \u201cEs una medida injusta y discriminatoria\u201d - The Puebla Times<\/title>\n<meta name=\"robots\" content=\"index, follow, max-snippet:-1, max-image-preview:large, max-video-preview:-1\" \/>\n<link rel=\"canonical\" href=\"https:\/\/thepueblatimes.mx\/index.php\/2025\/05\/14\/sheinbaum-rechaza-posible-impuesto-a-remesas-es-una-medida-injusta-y-discriminatoria\/\" \/>\n<meta property=\"og:locale\" content=\"es_ES\" \/>\n<meta property=\"og:type\" content=\"article\" \/>\n<meta property=\"og:title\" content=\"Sheinbaum rechaza posible impuesto a remesas: \u201cEs una medida injusta y discriminatoria\u201d - The Puebla Times\" \/>\n<meta property=\"og:description\" content=\"Durante su conferencia de prensa, la presidenta M\u00e9xico, Claudia Sheinbaum, se pronunci\u00f3 en contra de la propuesta en Estados Unidos que busca imponer un impuesto del 5% a las remesas enviadas desde ese pa\u00eds. Calific\u00f3 la iniciativa como \u201cuna injusticia discriminatoria\u201d que afectar\u00eda directamente a millones de familias mexicanas que dependen de ese ingreso. Sheinbaum...\" \/>\n<meta property=\"og:url\" content=\"https:\/\/thepueblatimes.mx\/index.php\/2025\/05\/14\/sheinbaum-rechaza-posible-impuesto-a-remesas-es-una-medida-injusta-y-discriminatoria\/\" \/>\n<meta property=\"og:site_name\" content=\"The Puebla Times\" \/>\n<meta property=\"article:published_time\" content=\"2025-05-14T15:09:23+00:00\" \/>\n<meta property=\"og:image\" content=\"https:\/\/thepueblatimes.mx\/wp-content\/uploads\/2025\/05\/sheinbaum-14-mayopng.webp\" \/>\n\t<meta property=\"og:image:width\" content=\"993\" \/>\n\t<meta property=\"og:image:height\" content=\"559\" \/>\n\t<meta property=\"og:image:type\" content=\"image\/webp\" \/>\n<meta name=\"author\" content=\"Sa\u00fal Hern\u00e1ndez\" \/>\n<meta name=\"twitter:card\" content=\"summary_large_image\" \/>\n<meta name=\"twitter:label1\" content=\"Escrito por\" \/>\n\t<meta name=\"twitter:data1\" content=\"Sa\u00fal Hern\u00e1ndez\" \/>\n\t<meta name=\"twitter:label2\" content=\"Tiempo de lectura\" \/>\n\t<meta name=\"twitter:data2\" content=\"2 minutos\" \/>\n<script type=\"application\/ld+json\" class=\"yoast-schema-graph\">{\"@context\":\"https:\/\/schema.org\",\"@graph\":[{\"@type\":\"WebPage\",\"@id\":\"https:\/\/thepueblatimes.mx\/index.php\/2025\/05\/14\/sheinbaum-rechaza-posible-impuesto-a-remesas-es-una-medida-injusta-y-discriminatoria\/\",\"url\":\"https:\/\/thepueblatimes.mx\/index.php\/2025\/05\/14\/sheinbaum-rechaza-posible-impuesto-a-remesas-es-una-medida-injusta-y-discriminatoria\/\",\"name\":\"Sheinbaum rechaza posible impuesto a remesas: \u201cEs una medida injusta y discriminatoria\u201d - The Puebla Times\",\"isPartOf\":{\"@id\":\"https:\/\/thepueblatimes.mx\/#website\"},\"datePublished\":\"2025-05-14T15:09:23+00:00\",\"dateModified\":\"2025-05-14T15:09:23+00:00\",\"author\":{\"@id\":\"https:\/\/thepueblatimes.mx\/#\/schema\/person\/1664894c2f65ce2c7a08d8f5f905c13c\"},\"breadcrumb\":{\"@id\":\"https:\/\/thepueblatimes.mx\/index.php\/2025\/05\/14\/sheinbaum-rechaza-posible-impuesto-a-remesas-es-una-medida-injusta-y-discriminatoria\/#breadcrumb\"},\"inLanguage\":\"es\",\"potentialAction\":[{\"@type\":\"ReadAction\",\"target\":[\"https:\/\/thepueblatimes.mx\/index.php\/2025\/05\/14\/sheinbaum-rechaza-posible-impuesto-a-remesas-es-una-medida-injusta-y-discriminatoria\/\"]}]},{\"@type\":\"BreadcrumbList\",\"@id\":\"https:\/\/thepueblatimes.mx\/index.php\/2025\/05\/14\/sheinbaum-rechaza-posible-impuesto-a-remesas-es-una-medida-injusta-y-discriminatoria\/#breadcrumb\",\"itemListElement\":[{\"@type\":\"ListItem\",\"position\":1,\"name\":\"Portada\",\"item\":\"https:\/\/thepueblatimes.mx\/\"},{\"@type\":\"ListItem\",\"position\":2,\"name\":\"Sheinbaum rechaza posible impuesto a remesas: \u201cEs una medida injusta y discriminatoria\u201d\"}]},{\"@type\":\"WebSite\",\"@id\":\"https:\/\/thepueblatimes.mx\/#website\",\"url\":\"https:\/\/thepueblatimes.mx\/\",\"name\":\"The Puebla Times\",\"description\":\"Noticias del Estado de Puebla\",\"potentialAction\":[{\"@type\":\"SearchAction\",\"target\":{\"@type\":\"EntryPoint\",\"urlTemplate\":\"https:\/\/thepueblatimes.mx\/?s={search_term_string}\"},\"query-input\":\"required name=search_term_string\"}],\"inLanguage\":\"es\"},{\"@type\":\"Person\",\"@id\":\"https:\/\/thepueblatimes.mx\/#\/schema\/person\/1664894c2f65ce2c7a08d8f5f905c13c\",\"name\":\"Sa\u00fal Hern\u00e1ndez\",\"image\":{\"@type\":\"ImageObject\",\"inLanguage\":\"es\",\"@id\":\"https:\/\/thepueblatimes.mx\/#\/schema\/person\/image\/\",\"url\":\"https:\/\/secure.gravatar.com\/avatar\/11be338693f243309532caad8f10c930?s=96&d=mm&r=g\",\"contentUrl\":\"https:\/\/secure.gravatar.com\/avatar\/11be338693f243309532caad8f10c930?s=96&d=mm&r=g\",\"caption\":\"Sa\u00fal Hern\u00e1ndez\"},\"url\":\"https:\/\/thepueblatimes.mx\/index.php\/author\/saulhernandez\/\"}]}<\/script>\n<!-- \/ Yoast SEO plugin. -->","yoast_head_json":{"title":"Sheinbaum rechaza posible impuesto a remesas: \u201cEs una medida injusta y discriminatoria\u201d - The Puebla Times","robots":{"index":"index","follow":"follow","max-snippet":"max-snippet:-1","max-image-preview":"max-image-preview:large","max-video-preview":"max-video-preview:-1"},"canonical":"https:\/\/thepueblatimes.mx\/index.php\/2025\/05\/14\/sheinbaum-rechaza-posible-impuesto-a-remesas-es-una-medida-injusta-y-discriminatoria\/","og_locale":"es_ES","og_type":"article","og_title":"Sheinbaum rechaza posible impuesto a remesas: \u201cEs una medida injusta y discriminatoria\u201d - The Puebla Times","og_description":"Durante su conferencia de prensa, la presidenta M\u00e9xico, Claudia Sheinbaum, se pronunci\u00f3 en contra de la propuesta en Estados Unidos que busca imponer un impuesto del 5% a las remesas enviadas desde ese pa\u00eds. Calific\u00f3 la iniciativa como \u201cuna injusticia discriminatoria\u201d que afectar\u00eda directamente a millones de familias mexicanas que dependen de ese ingreso. Sheinbaum...","og_url":"https:\/\/thepueblatimes.mx\/index.php\/2025\/05\/14\/sheinbaum-rechaza-posible-impuesto-a-remesas-es-una-medida-injusta-y-discriminatoria\/","og_site_name":"The Puebla Times","article_published_time":"2025-05-14T15:09:23+00:00","og_image":[{"width":993,"height":559,"url":"https:\/\/thepueblatimes.mx\/wp-content\/uploads\/2025\/05\/sheinbaum-14-mayopng.webp","type":"image\/webp"}],"author":"Sa\u00fal Hern\u00e1ndez","twitter_card":"summary_large_image","twitter_misc":{"Escrito por":"Sa\u00fal Hern\u00e1ndez","Tiempo de lectura":"2 minutos"},"schema":{"@context":"https:\/\/schema.org","@graph":[{"@type":"WebPage","@id":"https:\/\/thepueblatimes.mx\/index.php\/2025\/05\/14\/sheinbaum-rechaza-posible-impuesto-a-remesas-es-una-medida-injusta-y-discriminatoria\/","url":"https:\/\/thepueblatimes.mx\/index.php\/2025\/05\/14\/sheinbaum-rechaza-posible-impuesto-a-remesas-es-una-medida-injusta-y-discriminatoria\/","name":"Sheinbaum rechaza posible impuesto a remesas: \u201cEs una medida injusta y discriminatoria\u201d - The Puebla Times","isPartOf":{"@id":"https:\/\/thepueblatimes.mx\/#website"},"datePublished":"2025-05-14T15:09:23+00:00","dateModified":"2025-05-14T15:09:23+00:00","author":{"@id":"https:\/\/thepueblatimes.mx\/#\/schema\/person\/1664894c2f65ce2c7a08d8f5f905c13c"},"breadcrumb":{"@id":"https:\/\/thepueblatimes.mx\/index.php\/2025\/05\/14\/sheinbaum-rechaza-posible-impuesto-a-remesas-es-una-medida-injusta-y-discriminatoria\/#breadcrumb"},"inLanguage":"es","potentialAction":[{"@type":"ReadAction","target":["https:\/\/thepueblatimes.mx\/index.php\/2025\/05\/14\/sheinbaum-rechaza-posible-impuesto-a-remesas-es-una-medida-injusta-y-discriminatoria\/"]}]},{"@type":"BreadcrumbList","@id":"https:\/\/thepueblatimes.mx\/index.php\/2025\/05\/14\/sheinbaum-rechaza-posible-impuesto-a-remesas-es-una-medida-injusta-y-discriminatoria\/#breadcrumb","itemListElement":[{"@type":"ListItem","position":1,"name":"Portada","item":"https:\/\/thepueblatimes.mx\/"},{"@type":"ListItem","position":2,"name":"Sheinbaum rechaza posible impuesto a remesas: \u201cEs una medida injusta y discriminatoria\u201d"}]},{"@type":"WebSite","@id":"https:\/\/thepueblatimes.mx\/#website","url":"https:\/\/thepueblatimes.mx\/","name":"The Puebla Times","description":"Noticias del Estado de Puebla","potentialAction":[{"@type":"SearchAction","target":{"@type":"EntryPoint","urlTemplate":"https:\/\/thepueblatimes.mx\/?s={search_term_string}"},"query-input":"required name=search_term_string"}],"inLanguage":"es"},{"@type":"Person","@id":"https:\/\/thepueblatimes.mx\/#\/schema\/person\/1664894c2f65ce2c7a08d8f5f905c13c","name":"Sa\u00fal Hern\u00e1ndez","image":{"@type":"ImageObject","inLanguage":"es","@id":"https:\/\/thepueblatimes.mx\/#\/schema\/person\/image\/","url":"https:\/\/secure.gravatar.com\/avatar\/11be338693f243309532caad8f10c930?s=96&d=mm&r=g","contentUrl":"https:\/\/secure.gravatar.com\/avatar\/11be338693f243309532caad8f10c930?s=96&d=mm&r=g","caption":"Sa\u00fal Hern\u00e1ndez"},"url":"https:\/\/thepueblatimes.mx\/index.php\/author\/saulhernandez\/"}]}},"jetpack_featured_media_url":"https:\/\/thepueblatimes.mx\/wp-content\/uploads\/2025\/05\/sheinbaum-14-mayopng.webp","_links":{"self":[{"href":"https:\/\/thepueblatimes.mx\/index.php\/wp-json\/wp\/v2\/posts\/29972"}],"collection":[{"href":"https:\/\/thepueblatimes.mx\/index.php\/wp-json\/wp\/v2\/posts"}],"about":[{"href":"https:\/\/thepueblatimes.mx\/index.php\/wp-json\/wp\/v2\/types\/post"}],"author":[{"embeddable":true,"href":"https:\/\/thepueblatimes.mx\/index.php\/wp-json\/wp\/v2\/users\/16"}],"replies":[{"embeddable":true,"href":"https:\/\/thepueblatimes.mx\/index.php\/wp-json\/wp\/v2\/comments?post=29972"}],"version-history":[{"count":1,"href":"https:\/\/thepueblatimes.mx\/index.php\/wp-json\/wp\/v2\/posts\/29972\/revisions"}],"predecessor-version":[{"id":29976,"href":"https:\/\/thepueblatimes.mx\/index.php\/wp-json\/wp\/v2\/posts\/29972\/revisions\/29976"}],"wp:featuredmedia":[{"embeddable":true,"href":"https:\/\/thepueblatimes.mx\/index.php\/wp-json\/wp\/v2\/media\/29975"}],"wp:attachment":[{"href":"https:\/\/thepueblatimes.mx\/index.php\/wp-json\/wp\/v2\/media?parent=29972"}],"wp:term":[{"taxonomy":"category","embeddable":true,"href":"https:\/\/thepueblatimes.mx\/index.php\/wp-json\/wp\/v2\/categories?post=29972"},{"taxonomy":"post_tag","embeddable":true,"href":"https:\/\/thepueblatimes.mx\/index.php\/wp-json\/wp\/v2\/tags?post=29972"}],"curies":[{"name":"wp","href":"https:\/\/api.w.org\/{rel}","templated":true}]}}