{"id":29955,"date":"2025-05-13T14:39:02","date_gmt":"2025-05-13T20:39:02","guid":{"rendered":"https:\/\/thepueblatimes.mx\/?p=29955"},"modified":"2025-05-13T14:39:02","modified_gmt":"2025-05-13T20:39:02","slug":"incautan-mas-de-una-tonelada-de-cocaina-en-operativo-maritimo-en-guerrero","status":"publish","type":"post","link":"https:\/\/thepueblatimes.mx\/index.php\/2025\/05\/13\/incautan-mas-de-una-tonelada-de-cocaina-en-operativo-maritimo-en-guerrero\/","title":{"rendered":"Incautan m\u00e1s de una tonelada de coca\u00edna en operativo mar\u00edtimo en Guerrero."},"content":{"rendered":"<p class=\"\" data-start=\"236\" data-end=\"478\">En un nuevo rev\u00e9s para las redes del narcotr\u00e1fico en M\u00e9xico, fuerzas federales realizaron un importante decomiso de droga frente a las costas de Guerrero, marcando uno de los golpes m\u00e1s significativos en lo que va de la actual administraci\u00f3n.<\/p>\n<p class=\"\" data-start=\"480\" data-end=\"848\">Omar Garc\u00eda Harfuch, titular de la Secretar\u00eda de Seguridad y Protecci\u00f3n Ciudadana (SSPC), inform\u00f3 este 13 de mayo sobre el aseguramiento de 68 bultos con presunta coca\u00edna, con un peso total aproximado de 1.3 toneladas. El cargamento fue localizado durante labores de patrullaje mar\u00edtimo por parte de la Secretar\u00eda de Marina, a bordo de un buque de la Armada de M\u00e9xico.<\/p>\n<p class=\"\" data-start=\"850\" data-end=\"1124\">El hallazgo se produjo cuando personal naval avist\u00f3 varios costales negros amarrados entre s\u00ed, flotando en altamar. Al ser recuperados, se confirm\u00f3 que conten\u00edan paquetes tipo ladrillo con una sustancia blanca que coincide con las caracter\u00edsticas del clorhidrato de coca\u00edna.<\/p>\n<p class=\"\" data-start=\"1126\" data-end=\"1357\">El valor estimado de esta incautaci\u00f3n supera los 380 millones de pesos en el mercado ilegal, lo que representa una p\u00e9rdida considerable para las organizaciones delictivas y evita que millones de dosis lleguen a las calles del pa\u00eds.<\/p>\n<p class=\"\" data-start=\"1359\" data-end=\"1617\">Adem\u00e1s de la Secretar\u00eda de Marina, en este operativo colaboraron elementos de la Secretar\u00eda de la Defensa Nacional, la Fiscal\u00eda General de la Rep\u00fablica, la Guardia Nacional y la propia SSPC, demostrando una estrategia de seguridad coordinada a nivel federal.<\/p>\n<p class=\"\" data-start=\"1619\" data-end=\"1873\">Con este golpe, la cifra total de droga incautada por mar durante el sexenio de la presidenta Claudia Sheinbaum asciende ya a m\u00e1s de 37 toneladas, consolidando un enfoque m\u00e1s firme y sistem\u00e1tico contra el crimen organizado en zonas estrat\u00e9gicas del pa\u00eds.<\/p>\n","protected":false},"excerpt":{"rendered":"<p>En un nuevo rev\u00e9s para las redes del narcotr\u00e1fico en M\u00e9xico, fuerzas federales realizaron un importante decomiso de droga frente a las costas de Guerrero, marcando uno de los golpes m\u00e1s significativos en lo que va de la actual administraci\u00f3n. Omar Garc\u00eda Harfuch, titular de la Secretar\u00eda de Seguridad y Protecci\u00f3n Ciudadana (SSPC), inform\u00f3 este&#8230;<\/p>\n","protected":false},"author":16,"featured_media":29956,"comment_status":"closed","ping_status":"closed","sticky":false,"template":"","format":"standard","meta":[],"categories":[121],"tags":[2379,1484,3651,25],"yoast_head":"<!-- This site is optimized with the Yoast SEO plugin v20.8 - https:\/\/yoast.com\/wordpress\/plugins\/seo\/ -->\n<title>Incautan m\u00e1s de una tonelada de coca\u00edna en operativo mar\u00edtimo en Guerrero. - The Puebla Times<\/title>\n<meta name=\"robots\" content=\"index, follow, max-snippet:-1, max-image-preview:large, max-video-preview:-1\" \/>\n<link rel=\"canonical\" href=\"https:\/\/thepueblatimes.mx\/index.php\/2025\/05\/13\/incautan-mas-de-una-tonelada-de-cocaina-en-operativo-maritimo-en-guerrero\/\" \/>\n<meta property=\"og:locale\" content=\"es_ES\" \/>\n<meta property=\"og:type\" content=\"article\" \/>\n<meta property=\"og:title\" content=\"Incautan m\u00e1s de una tonelada de coca\u00edna en operativo mar\u00edtimo en Guerrero. - The Puebla Times\" \/>\n<meta property=\"og:description\" content=\"En un nuevo rev\u00e9s para las redes del narcotr\u00e1fico en M\u00e9xico, fuerzas federales realizaron un importante decomiso de droga frente a las costas de Guerrero, marcando uno de los golpes m\u00e1s significativos en lo que va de la actual administraci\u00f3n. Omar Garc\u00eda Harfuch, titular de la Secretar\u00eda de Seguridad y Protecci\u00f3n Ciudadana (SSPC), inform\u00f3 este...\" \/>\n<meta property=\"og:url\" content=\"https:\/\/thepueblatimes.mx\/index.php\/2025\/05\/13\/incautan-mas-de-una-tonelada-de-cocaina-en-operativo-maritimo-en-guerrero\/\" \/>\n<meta property=\"og:site_name\" content=\"The Puebla Times\" \/>\n<meta property=\"article:published_time\" content=\"2025-05-13T20:39:02+00:00\" \/>\n<meta property=\"og:image\" content=\"https:\/\/thepueblatimes.mx\/wp-content\/uploads\/2025\/05\/decomiso-cocaina-mar-guerrero.webp\" \/>\n\t<meta property=\"og:image:width\" content=\"768\" \/>\n\t<meta property=\"og:image:height\" content=\"432\" \/>\n\t<meta property=\"og:image:type\" content=\"image\/webp\" \/>\n<meta name=\"author\" content=\"Sa\u00fal Hern\u00e1ndez\" \/>\n<meta name=\"twitter:card\" content=\"summary_large_image\" \/>\n<meta name=\"twitter:label1\" content=\"Escrito por\" \/>\n\t<meta name=\"twitter:data1\" content=\"Sa\u00fal Hern\u00e1ndez\" \/>\n\t<meta name=\"twitter:label2\" content=\"Tiempo de lectura\" \/>\n\t<meta name=\"twitter:data2\" content=\"2 minutos\" \/>\n<script type=\"application\/ld+json\" class=\"yoast-schema-graph\">{\"@context\":\"https:\/\/schema.org\",\"@graph\":[{\"@type\":\"WebPage\",\"@id\":\"https:\/\/thepueblatimes.mx\/index.php\/2025\/05\/13\/incautan-mas-de-una-tonelada-de-cocaina-en-operativo-maritimo-en-guerrero\/\",\"url\":\"https:\/\/thepueblatimes.mx\/index.php\/2025\/05\/13\/incautan-mas-de-una-tonelada-de-cocaina-en-operativo-maritimo-en-guerrero\/\",\"name\":\"Incautan m\u00e1s de una tonelada de coca\u00edna en operativo mar\u00edtimo en Guerrero. - The Puebla Times\",\"isPartOf\":{\"@id\":\"https:\/\/thepueblatimes.mx\/#website\"},\"datePublished\":\"2025-05-13T20:39:02+00:00\",\"dateModified\":\"2025-05-13T20:39:02+00:00\",\"author\":{\"@id\":\"https:\/\/thepueblatimes.mx\/#\/schema\/person\/1664894c2f65ce2c7a08d8f5f905c13c\"},\"breadcrumb\":{\"@id\":\"https:\/\/thepueblatimes.mx\/index.php\/2025\/05\/13\/incautan-mas-de-una-tonelada-de-cocaina-en-operativo-maritimo-en-guerrero\/#breadcrumb\"},\"inLanguage\":\"es\",\"potentialAction\":[{\"@type\":\"ReadAction\",\"target\":[\"https:\/\/thepueblatimes.mx\/index.php\/2025\/05\/13\/incautan-mas-de-una-tonelada-de-cocaina-en-operativo-maritimo-en-guerrero\/\"]}]},{\"@type\":\"BreadcrumbList\",\"@id\":\"https:\/\/thepueblatimes.mx\/index.php\/2025\/05\/13\/incautan-mas-de-una-tonelada-de-cocaina-en-operativo-maritimo-en-guerrero\/#breadcrumb\",\"itemListElement\":[{\"@type\":\"ListItem\",\"position\":1,\"name\":\"Portada\",\"item\":\"https:\/\/thepueblatimes.mx\/\"},{\"@type\":\"ListItem\",\"position\":2,\"name\":\"Incautan m\u00e1s de una tonelada de coca\u00edna en operativo mar\u00edtimo en Guerrero.\"}]},{\"@type\":\"WebSite\",\"@id\":\"https:\/\/thepueblatimes.mx\/#website\",\"url\":\"https:\/\/thepueblatimes.mx\/\",\"name\":\"The Puebla Times\",\"description\":\"Noticias del Estado de Puebla\",\"potentialAction\":[{\"@type\":\"SearchAction\",\"target\":{\"@type\":\"EntryPoint\",\"urlTemplate\":\"https:\/\/thepueblatimes.mx\/?s={search_term_string}\"},\"query-input\":\"required name=search_term_string\"}],\"inLanguage\":\"es\"},{\"@type\":\"Person\",\"@id\":\"https:\/\/thepueblatimes.mx\/#\/schema\/person\/1664894c2f65ce2c7a08d8f5f905c13c\",\"name\":\"Sa\u00fal Hern\u00e1ndez\",\"image\":{\"@type\":\"ImageObject\",\"inLanguage\":\"es\",\"@id\":\"https:\/\/thepueblatimes.mx\/#\/schema\/person\/image\/\",\"url\":\"https:\/\/secure.gravatar.com\/avatar\/11be338693f243309532caad8f10c930?s=96&d=mm&r=g\",\"contentUrl\":\"https:\/\/secure.gravatar.com\/avatar\/11be338693f243309532caad8f10c930?s=96&d=mm&r=g\",\"caption\":\"Sa\u00fal Hern\u00e1ndez\"},\"url\":\"https:\/\/thepueblatimes.mx\/index.php\/author\/saulhernandez\/\"}]}<\/script>\n<!-- \/ Yoast SEO plugin. -->","yoast_head_json":{"title":"Incautan m\u00e1s de una tonelada de coca\u00edna en operativo mar\u00edtimo en Guerrero. - The Puebla Times","robots":{"index":"index","follow":"follow","max-snippet":"max-snippet:-1","max-image-preview":"max-image-preview:large","max-video-preview":"max-video-preview:-1"},"canonical":"https:\/\/thepueblatimes.mx\/index.php\/2025\/05\/13\/incautan-mas-de-una-tonelada-de-cocaina-en-operativo-maritimo-en-guerrero\/","og_locale":"es_ES","og_type":"article","og_title":"Incautan m\u00e1s de una tonelada de coca\u00edna en operativo mar\u00edtimo en Guerrero. - The Puebla Times","og_description":"En un nuevo rev\u00e9s para las redes del narcotr\u00e1fico en M\u00e9xico, fuerzas federales realizaron un importante decomiso de droga frente a las costas de Guerrero, marcando uno de los golpes m\u00e1s significativos en lo que va de la actual administraci\u00f3n. Omar Garc\u00eda Harfuch, titular de la Secretar\u00eda de Seguridad y Protecci\u00f3n Ciudadana (SSPC), inform\u00f3 este...","og_url":"https:\/\/thepueblatimes.mx\/index.php\/2025\/05\/13\/incautan-mas-de-una-tonelada-de-cocaina-en-operativo-maritimo-en-guerrero\/","og_site_name":"The Puebla Times","article_published_time":"2025-05-13T20:39:02+00:00","og_image":[{"width":768,"height":432,"url":"https:\/\/thepueblatimes.mx\/wp-content\/uploads\/2025\/05\/decomiso-cocaina-mar-guerrero.webp","type":"image\/webp"}],"author":"Sa\u00fal Hern\u00e1ndez","twitter_card":"summary_large_image","twitter_misc":{"Escrito por":"Sa\u00fal Hern\u00e1ndez","Tiempo de lectura":"2 minutos"},"schema":{"@context":"https:\/\/schema.org","@graph":[{"@type":"WebPage","@id":"https:\/\/thepueblatimes.mx\/index.php\/2025\/05\/13\/incautan-mas-de-una-tonelada-de-cocaina-en-operativo-maritimo-en-guerrero\/","url":"https:\/\/thepueblatimes.mx\/index.php\/2025\/05\/13\/incautan-mas-de-una-tonelada-de-cocaina-en-operativo-maritimo-en-guerrero\/","name":"Incautan m\u00e1s de una tonelada de coca\u00edna en operativo mar\u00edtimo en Guerrero. - The Puebla Times","isPartOf":{"@id":"https:\/\/thepueblatimes.mx\/#website"},"datePublished":"2025-05-13T20:39:02+00:00","dateModified":"2025-05-13T20:39:02+00:00","author":{"@id":"https:\/\/thepueblatimes.mx\/#\/schema\/person\/1664894c2f65ce2c7a08d8f5f905c13c"},"breadcrumb":{"@id":"https:\/\/thepueblatimes.mx\/index.php\/2025\/05\/13\/incautan-mas-de-una-tonelada-de-cocaina-en-operativo-maritimo-en-guerrero\/#breadcrumb"},"inLanguage":"es","potentialAction":[{"@type":"ReadAction","target":["https:\/\/thepueblatimes.mx\/index.php\/2025\/05\/13\/incautan-mas-de-una-tonelada-de-cocaina-en-operativo-maritimo-en-guerrero\/"]}]},{"@type":"BreadcrumbList","@id":"https:\/\/thepueblatimes.mx\/index.php\/2025\/05\/13\/incautan-mas-de-una-tonelada-de-cocaina-en-operativo-maritimo-en-guerrero\/#breadcrumb","itemListElement":[{"@type":"ListItem","position":1,"name":"Portada","item":"https:\/\/thepueblatimes.mx\/"},{"@type":"ListItem","position":2,"name":"Incautan m\u00e1s de una tonelada de coca\u00edna en operativo mar\u00edtimo en Guerrero."}]},{"@type":"WebSite","@id":"https:\/\/thepueblatimes.mx\/#website","url":"https:\/\/thepueblatimes.mx\/","name":"The Puebla Times","description":"Noticias del Estado de Puebla","potentialAction":[{"@type":"SearchAction","target":{"@type":"EntryPoint","urlTemplate":"https:\/\/thepueblatimes.mx\/?s={search_term_string}"},"query-input":"required name=search_term_string"}],"inLanguage":"es"},{"@type":"Person","@id":"https:\/\/thepueblatimes.mx\/#\/schema\/person\/1664894c2f65ce2c7a08d8f5f905c13c","name":"Sa\u00fal Hern\u00e1ndez","image":{"@type":"ImageObject","inLanguage":"es","@id":"https:\/\/thepueblatimes.mx\/#\/schema\/person\/image\/","url":"https:\/\/secure.gravatar.com\/avatar\/11be338693f243309532caad8f10c930?s=96&d=mm&r=g","contentUrl":"https:\/\/secure.gravatar.com\/avatar\/11be338693f243309532caad8f10c930?s=96&d=mm&r=g","caption":"Sa\u00fal Hern\u00e1ndez"},"url":"https:\/\/thepueblatimes.mx\/index.php\/author\/saulhernandez\/"}]}},"jetpack_featured_media_url":"https:\/\/thepueblatimes.mx\/wp-content\/uploads\/2025\/05\/decomiso-cocaina-mar-guerrero.webp","_links":{"self":[{"href":"https:\/\/thepueblatimes.mx\/index.php\/wp-json\/wp\/v2\/posts\/29955"}],"collection":[{"href":"https:\/\/thepueblatimes.mx\/index.php\/wp-json\/wp\/v2\/posts"}],"about":[{"href":"https:\/\/thepueblatimes.mx\/index.php\/wp-json\/wp\/v2\/types\/post"}],"author":[{"embeddable":true,"href":"https:\/\/thepueblatimes.mx\/index.php\/wp-json\/wp\/v2\/users\/16"}],"replies":[{"embeddable":true,"href":"https:\/\/thepueblatimes.mx\/index.php\/wp-json\/wp\/v2\/comments?post=29955"}],"version-history":[{"count":1,"href":"https:\/\/thepueblatimes.mx\/index.php\/wp-json\/wp\/v2\/posts\/29955\/revisions"}],"predecessor-version":[{"id":29957,"href":"https:\/\/thepueblatimes.mx\/index.php\/wp-json\/wp\/v2\/posts\/29955\/revisions\/29957"}],"wp:featuredmedia":[{"embeddable":true,"href":"https:\/\/thepueblatimes.mx\/index.php\/wp-json\/wp\/v2\/media\/29956"}],"wp:attachment":[{"href":"https:\/\/thepueblatimes.mx\/index.php\/wp-json\/wp\/v2\/media?parent=29955"}],"wp:term":[{"taxonomy":"category","embeddable":true,"href":"https:\/\/thepueblatimes.mx\/index.php\/wp-json\/wp\/v2\/categories?post=29955"},{"taxonomy":"post_tag","embeddable":true,"href":"https:\/\/thepueblatimes.mx\/index.php\/wp-json\/wp\/v2\/tags?post=29955"}],"curies":[{"name":"wp","href":"https:\/\/api.w.org\/{rel}","templated":true}]}}