{"id":29919,"date":"2025-05-12T14:50:09","date_gmt":"2025-05-12T20:50:09","guid":{"rendered":"https:\/\/thepueblatimes.mx\/?p=29919"},"modified":"2025-05-12T14:50:09","modified_gmt":"2025-05-12T20:50:09","slug":"decomisan-mas-de-23-mil-pastillas-de-fentanilo-en-tijuana","status":"publish","type":"post","link":"https:\/\/thepueblatimes.mx\/index.php\/2025\/05\/12\/decomisan-mas-de-23-mil-pastillas-de-fentanilo-en-tijuana\/","title":{"rendered":"Decomisan m\u00e1s de 23 mil pastillas de fentanilo en Tijuana"},"content":{"rendered":"<p class=\"\" data-start=\"189\" data-end=\"589\">Una operaci\u00f3n conjunta de fuerzas federales y estatales logr\u00f3 un importante decomiso de drogas en un inmueble de Tijuana, asestando un duro golpe al C\u00e1rtel Jalisco Nueva Generaci\u00f3n (CJNG). La Secretar\u00eda de Seguridad y Protecci\u00f3n Ciudadana (SSPC) inform\u00f3 que durante un cateo autorizado, se incautaron diversos tipos de drogas, armamento y veh\u00edculos.<\/p>\n<p class=\"\" data-start=\"591\" data-end=\"943\">De acuerdo con el reporte oficial, en el lugar se aseguraron 76.28 kilos de coca\u00edna, 3.328 kilos de fentanilo en presentaci\u00f3n pura, y 2.516 kilos de pastillas azules, equivalentes a m\u00e1s de 23 mil unidades. Adem\u00e1s, se decomisaron 10 cartuchos \u00fatiles y tres veh\u00edculos que presuntamente eran utilizados para actividades delictivas.<\/p>\n<p class=\"\" data-start=\"945\" data-end=\"1217\">La operaci\u00f3n fue coordinada por la SSPC en colaboraci\u00f3n con elementos de la Secretar\u00eda de la Defensa Nacional (Sedena), la Secretar\u00eda de Marina (Semar), la Fiscal\u00eda General de la Rep\u00fablica (FGR), la Guardia Nacional (GN), as\u00ed como autoridades estatales de Baja California.<\/p>\n<p class=\"\" data-start=\"1219\" data-end=\"1510\">El titular de la SSPC, Omar Garc\u00eda Harfuch, confirm\u00f3 que la droga pertenece al CJNG, uno de los grupos criminales m\u00e1s peligrosos y activos del pa\u00eds. Seg\u00fan estimaciones oficiales, este aseguramiento representa una p\u00e9rdida econ\u00f3mica para el c\u00e1rtel cercana a los 52.6 millones de pesos.<\/p>\n<p class=\"\" data-start=\"1512\" data-end=\"1671\">Las autoridades contin\u00faan con las investigaciones para identificar a los responsables y desarticular por completo la c\u00e9lula delictiva involucrada en este caso.<\/p>\n","protected":false},"excerpt":{"rendered":"<p>Una operaci\u00f3n conjunta de fuerzas federales y estatales logr\u00f3 un importante decomiso de drogas en un inmueble de Tijuana, asestando un duro golpe al C\u00e1rtel Jalisco Nueva Generaci\u00f3n (CJNG). La Secretar\u00eda de Seguridad y Protecci\u00f3n Ciudadana (SSPC) inform\u00f3 que durante un cateo autorizado, se incautaron diversos tipos de drogas, armamento y veh\u00edculos. De acuerdo con&#8230;<\/p>\n","protected":false},"author":16,"featured_media":29921,"comment_status":"closed","ping_status":"closed","sticky":false,"template":"","format":"standard","meta":[],"categories":[121],"tags":[1484,543,3644],"yoast_head":"<!-- This site is optimized with the Yoast SEO plugin v20.8 - https:\/\/yoast.com\/wordpress\/plugins\/seo\/ -->\n<title>Decomisan m\u00e1s de 23 mil pastillas de fentanilo en Tijuana - The Puebla Times<\/title>\n<meta name=\"robots\" content=\"index, follow, max-snippet:-1, max-image-preview:large, max-video-preview:-1\" \/>\n<link rel=\"canonical\" href=\"https:\/\/thepueblatimes.mx\/index.php\/2025\/05\/12\/decomisan-mas-de-23-mil-pastillas-de-fentanilo-en-tijuana\/\" \/>\n<meta property=\"og:locale\" content=\"es_ES\" \/>\n<meta property=\"og:type\" content=\"article\" \/>\n<meta property=\"og:title\" content=\"Decomisan m\u00e1s de 23 mil pastillas de fentanilo en Tijuana - The Puebla Times\" \/>\n<meta property=\"og:description\" content=\"Una operaci\u00f3n conjunta de fuerzas federales y estatales logr\u00f3 un importante decomiso de drogas en un inmueble de Tijuana, asestando un duro golpe al C\u00e1rtel Jalisco Nueva Generaci\u00f3n (CJNG). La Secretar\u00eda de Seguridad y Protecci\u00f3n Ciudadana (SSPC) inform\u00f3 que durante un cateo autorizado, se incautaron diversos tipos de drogas, armamento y veh\u00edculos. De acuerdo con...\" \/>\n<meta property=\"og:url\" content=\"https:\/\/thepueblatimes.mx\/index.php\/2025\/05\/12\/decomisan-mas-de-23-mil-pastillas-de-fentanilo-en-tijuana\/\" \/>\n<meta property=\"og:site_name\" content=\"The Puebla Times\" \/>\n<meta property=\"article:published_time\" content=\"2025-05-12T20:50:09+00:00\" \/>\n<meta property=\"og:image\" content=\"https:\/\/thepueblatimes.mx\/wp-content\/uploads\/2025\/05\/TWKXE2FMW5EXZLKD7THMIDNV5E.jpg\" \/>\n\t<meta property=\"og:image:width\" content=\"1100\" \/>\n\t<meta property=\"og:image:height\" content=\"666\" \/>\n\t<meta property=\"og:image:type\" content=\"image\/jpeg\" \/>\n<meta name=\"author\" content=\"Sa\u00fal Hern\u00e1ndez\" \/>\n<meta name=\"twitter:card\" content=\"summary_large_image\" \/>\n<meta name=\"twitter:label1\" content=\"Escrito por\" \/>\n\t<meta name=\"twitter:data1\" content=\"Sa\u00fal Hern\u00e1ndez\" \/>\n\t<meta name=\"twitter:label2\" content=\"Tiempo de lectura\" \/>\n\t<meta name=\"twitter:data2\" content=\"1 minuto\" \/>\n<script type=\"application\/ld+json\" class=\"yoast-schema-graph\">{\"@context\":\"https:\/\/schema.org\",\"@graph\":[{\"@type\":\"WebPage\",\"@id\":\"https:\/\/thepueblatimes.mx\/index.php\/2025\/05\/12\/decomisan-mas-de-23-mil-pastillas-de-fentanilo-en-tijuana\/\",\"url\":\"https:\/\/thepueblatimes.mx\/index.php\/2025\/05\/12\/decomisan-mas-de-23-mil-pastillas-de-fentanilo-en-tijuana\/\",\"name\":\"Decomisan m\u00e1s de 23 mil pastillas de fentanilo en Tijuana - The Puebla Times\",\"isPartOf\":{\"@id\":\"https:\/\/thepueblatimes.mx\/#website\"},\"datePublished\":\"2025-05-12T20:50:09+00:00\",\"dateModified\":\"2025-05-12T20:50:09+00:00\",\"author\":{\"@id\":\"https:\/\/thepueblatimes.mx\/#\/schema\/person\/1664894c2f65ce2c7a08d8f5f905c13c\"},\"breadcrumb\":{\"@id\":\"https:\/\/thepueblatimes.mx\/index.php\/2025\/05\/12\/decomisan-mas-de-23-mil-pastillas-de-fentanilo-en-tijuana\/#breadcrumb\"},\"inLanguage\":\"es\",\"potentialAction\":[{\"@type\":\"ReadAction\",\"target\":[\"https:\/\/thepueblatimes.mx\/index.php\/2025\/05\/12\/decomisan-mas-de-23-mil-pastillas-de-fentanilo-en-tijuana\/\"]}]},{\"@type\":\"BreadcrumbList\",\"@id\":\"https:\/\/thepueblatimes.mx\/index.php\/2025\/05\/12\/decomisan-mas-de-23-mil-pastillas-de-fentanilo-en-tijuana\/#breadcrumb\",\"itemListElement\":[{\"@type\":\"ListItem\",\"position\":1,\"name\":\"Portada\",\"item\":\"https:\/\/thepueblatimes.mx\/\"},{\"@type\":\"ListItem\",\"position\":2,\"name\":\"Decomisan m\u00e1s de 23 mil pastillas de fentanilo en Tijuana\"}]},{\"@type\":\"WebSite\",\"@id\":\"https:\/\/thepueblatimes.mx\/#website\",\"url\":\"https:\/\/thepueblatimes.mx\/\",\"name\":\"The Puebla Times\",\"description\":\"Noticias del Estado de Puebla\",\"potentialAction\":[{\"@type\":\"SearchAction\",\"target\":{\"@type\":\"EntryPoint\",\"urlTemplate\":\"https:\/\/thepueblatimes.mx\/?s={search_term_string}\"},\"query-input\":\"required name=search_term_string\"}],\"inLanguage\":\"es\"},{\"@type\":\"Person\",\"@id\":\"https:\/\/thepueblatimes.mx\/#\/schema\/person\/1664894c2f65ce2c7a08d8f5f905c13c\",\"name\":\"Sa\u00fal Hern\u00e1ndez\",\"image\":{\"@type\":\"ImageObject\",\"inLanguage\":\"es\",\"@id\":\"https:\/\/thepueblatimes.mx\/#\/schema\/person\/image\/\",\"url\":\"https:\/\/secure.gravatar.com\/avatar\/11be338693f243309532caad8f10c930?s=96&d=mm&r=g\",\"contentUrl\":\"https:\/\/secure.gravatar.com\/avatar\/11be338693f243309532caad8f10c930?s=96&d=mm&r=g\",\"caption\":\"Sa\u00fal Hern\u00e1ndez\"},\"url\":\"https:\/\/thepueblatimes.mx\/index.php\/author\/saulhernandez\/\"}]}<\/script>\n<!-- \/ Yoast SEO plugin. -->","yoast_head_json":{"title":"Decomisan m\u00e1s de 23 mil pastillas de fentanilo en Tijuana - The Puebla Times","robots":{"index":"index","follow":"follow","max-snippet":"max-snippet:-1","max-image-preview":"max-image-preview:large","max-video-preview":"max-video-preview:-1"},"canonical":"https:\/\/thepueblatimes.mx\/index.php\/2025\/05\/12\/decomisan-mas-de-23-mil-pastillas-de-fentanilo-en-tijuana\/","og_locale":"es_ES","og_type":"article","og_title":"Decomisan m\u00e1s de 23 mil pastillas de fentanilo en Tijuana - The Puebla Times","og_description":"Una operaci\u00f3n conjunta de fuerzas federales y estatales logr\u00f3 un importante decomiso de drogas en un inmueble de Tijuana, asestando un duro golpe al C\u00e1rtel Jalisco Nueva Generaci\u00f3n (CJNG). La Secretar\u00eda de Seguridad y Protecci\u00f3n Ciudadana (SSPC) inform\u00f3 que durante un cateo autorizado, se incautaron diversos tipos de drogas, armamento y veh\u00edculos. De acuerdo con...","og_url":"https:\/\/thepueblatimes.mx\/index.php\/2025\/05\/12\/decomisan-mas-de-23-mil-pastillas-de-fentanilo-en-tijuana\/","og_site_name":"The Puebla Times","article_published_time":"2025-05-12T20:50:09+00:00","og_image":[{"width":1100,"height":666,"url":"https:\/\/thepueblatimes.mx\/wp-content\/uploads\/2025\/05\/TWKXE2FMW5EXZLKD7THMIDNV5E.jpg","type":"image\/jpeg"}],"author":"Sa\u00fal Hern\u00e1ndez","twitter_card":"summary_large_image","twitter_misc":{"Escrito por":"Sa\u00fal Hern\u00e1ndez","Tiempo de lectura":"1 minuto"},"schema":{"@context":"https:\/\/schema.org","@graph":[{"@type":"WebPage","@id":"https:\/\/thepueblatimes.mx\/index.php\/2025\/05\/12\/decomisan-mas-de-23-mil-pastillas-de-fentanilo-en-tijuana\/","url":"https:\/\/thepueblatimes.mx\/index.php\/2025\/05\/12\/decomisan-mas-de-23-mil-pastillas-de-fentanilo-en-tijuana\/","name":"Decomisan m\u00e1s de 23 mil pastillas de fentanilo en Tijuana - The Puebla Times","isPartOf":{"@id":"https:\/\/thepueblatimes.mx\/#website"},"datePublished":"2025-05-12T20:50:09+00:00","dateModified":"2025-05-12T20:50:09+00:00","author":{"@id":"https:\/\/thepueblatimes.mx\/#\/schema\/person\/1664894c2f65ce2c7a08d8f5f905c13c"},"breadcrumb":{"@id":"https:\/\/thepueblatimes.mx\/index.php\/2025\/05\/12\/decomisan-mas-de-23-mil-pastillas-de-fentanilo-en-tijuana\/#breadcrumb"},"inLanguage":"es","potentialAction":[{"@type":"ReadAction","target":["https:\/\/thepueblatimes.mx\/index.php\/2025\/05\/12\/decomisan-mas-de-23-mil-pastillas-de-fentanilo-en-tijuana\/"]}]},{"@type":"BreadcrumbList","@id":"https:\/\/thepueblatimes.mx\/index.php\/2025\/05\/12\/decomisan-mas-de-23-mil-pastillas-de-fentanilo-en-tijuana\/#breadcrumb","itemListElement":[{"@type":"ListItem","position":1,"name":"Portada","item":"https:\/\/thepueblatimes.mx\/"},{"@type":"ListItem","position":2,"name":"Decomisan m\u00e1s de 23 mil pastillas de fentanilo en Tijuana"}]},{"@type":"WebSite","@id":"https:\/\/thepueblatimes.mx\/#website","url":"https:\/\/thepueblatimes.mx\/","name":"The Puebla Times","description":"Noticias del Estado de Puebla","potentialAction":[{"@type":"SearchAction","target":{"@type":"EntryPoint","urlTemplate":"https:\/\/thepueblatimes.mx\/?s={search_term_string}"},"query-input":"required name=search_term_string"}],"inLanguage":"es"},{"@type":"Person","@id":"https:\/\/thepueblatimes.mx\/#\/schema\/person\/1664894c2f65ce2c7a08d8f5f905c13c","name":"Sa\u00fal Hern\u00e1ndez","image":{"@type":"ImageObject","inLanguage":"es","@id":"https:\/\/thepueblatimes.mx\/#\/schema\/person\/image\/","url":"https:\/\/secure.gravatar.com\/avatar\/11be338693f243309532caad8f10c930?s=96&d=mm&r=g","contentUrl":"https:\/\/secure.gravatar.com\/avatar\/11be338693f243309532caad8f10c930?s=96&d=mm&r=g","caption":"Sa\u00fal Hern\u00e1ndez"},"url":"https:\/\/thepueblatimes.mx\/index.php\/author\/saulhernandez\/"}]}},"jetpack_featured_media_url":"https:\/\/thepueblatimes.mx\/wp-content\/uploads\/2025\/05\/TWKXE2FMW5EXZLKD7THMIDNV5E.jpg","_links":{"self":[{"href":"https:\/\/thepueblatimes.mx\/index.php\/wp-json\/wp\/v2\/posts\/29919"}],"collection":[{"href":"https:\/\/thepueblatimes.mx\/index.php\/wp-json\/wp\/v2\/posts"}],"about":[{"href":"https:\/\/thepueblatimes.mx\/index.php\/wp-json\/wp\/v2\/types\/post"}],"author":[{"embeddable":true,"href":"https:\/\/thepueblatimes.mx\/index.php\/wp-json\/wp\/v2\/users\/16"}],"replies":[{"embeddable":true,"href":"https:\/\/thepueblatimes.mx\/index.php\/wp-json\/wp\/v2\/comments?post=29919"}],"version-history":[{"count":1,"href":"https:\/\/thepueblatimes.mx\/index.php\/wp-json\/wp\/v2\/posts\/29919\/revisions"}],"predecessor-version":[{"id":29922,"href":"https:\/\/thepueblatimes.mx\/index.php\/wp-json\/wp\/v2\/posts\/29919\/revisions\/29922"}],"wp:featuredmedia":[{"embeddable":true,"href":"https:\/\/thepueblatimes.mx\/index.php\/wp-json\/wp\/v2\/media\/29921"}],"wp:attachment":[{"href":"https:\/\/thepueblatimes.mx\/index.php\/wp-json\/wp\/v2\/media?parent=29919"}],"wp:term":[{"taxonomy":"category","embeddable":true,"href":"https:\/\/thepueblatimes.mx\/index.php\/wp-json\/wp\/v2\/categories?post=29919"},{"taxonomy":"post_tag","embeddable":true,"href":"https:\/\/thepueblatimes.mx\/index.php\/wp-json\/wp\/v2\/tags?post=29919"}],"curies":[{"name":"wp","href":"https:\/\/api.w.org\/{rel}","templated":true}]}}