{"id":29868,"date":"2025-05-09T14:18:01","date_gmt":"2025-05-09T20:18:01","guid":{"rendered":"https:\/\/thepueblatimes.mx\/?p=29868"},"modified":"2025-05-09T14:18:01","modified_gmt":"2025-05-09T20:18:01","slug":"claudia-sheinbaum-anuncia-invitacion-al-papa-leon-xiv-para-visitar-mexico","status":"publish","type":"post","link":"https:\/\/thepueblatimes.mx\/index.php\/2025\/05\/09\/claudia-sheinbaum-anuncia-invitacion-al-papa-leon-xiv-para-visitar-mexico\/","title":{"rendered":"Claudia Sheinbaum anuncia invitaci\u00f3n al Papa Le\u00f3n XIV para visitar M\u00e9xico"},"content":{"rendered":"<p class=\"\" data-start=\"167\" data-end=\"522\">La presidenta de M\u00e9xico, Claudia Sheinbaum, expres\u00f3 nuevamente sus felicitaciones al Papa Le\u00f3n XIV por su reciente nombramiento, realizado el pasado jueves. Durante su intervenci\u00f3n el d\u00eda viernes, Sheinbaum confirm\u00f3 que extender\u00e1 una invitaci\u00f3n formal al l\u00edder religioso para que visite M\u00e9xico, uno de los pa\u00edses con mayor n\u00famero de cat\u00f3licos en el mundo.<\/p>\n<p class=\"\" data-start=\"524\" data-end=\"651\">\u00abVamos a invitar al Papa para que venga a M\u00e9xico, habr\u00e1 un momento adecuado para hacerle la invitaci\u00f3n\u00bb, coment\u00f3 la mandataria.<\/p>\n<p class=\"\" data-start=\"653\" data-end=\"928\">Sheinbaum destac\u00f3 las cualidades del Papa Le\u00f3n XIV, a quien reconoci\u00f3 como un l\u00edder de gran compromiso con los m\u00e1s desfavorecidos, se\u00f1alando que su orientaci\u00f3n hacia los pobres y su liderazgo dentro de la iglesia cat\u00f3lica le auguran un importante papel en el contexto global.<\/p>\n<p class=\"\" data-start=\"930\" data-end=\"1171\">\u00abSabemos que el Papa es un l\u00edder de la iglesia cat\u00f3lica, un jefe de Estado con una clara orientaci\u00f3n hacia los m\u00e1s vulnerables. Esto es algo muy positivo, ya que estar\u00e1 atento a las necesidades de los m\u00e1s necesitados\u00bb, expres\u00f3 la presidenta.<\/p>\n<p class=\"\" data-start=\"1173\" data-end=\"1519\">Adem\u00e1s, hizo especial \u00e9nfasis en los principios que defiende el Papa Le\u00f3n XIV, subrayando su enfoque en la construcci\u00f3n de la paz y la prosperidad mundial. \u00abEl que un l\u00edder de la iglesia cat\u00f3lica adopte esta perspectiva siempre es digno de respeto. Creemos que, en muchos aspectos, seguir\u00e1 el legado que dej\u00f3 el Papa Francisco\u00bb, agreg\u00f3 Sheinbaum.<\/p>\n<p class=\"\" data-start=\"1521\" data-end=\"2011\">M\u00e9xico, un pa\u00eds predominantemente cat\u00f3lico, es testigo de la importancia de las relaciones diplom\u00e1ticas con el Vaticano. En este sentido, la presidenta resalt\u00f3 el papel fundamental que desempe\u00f1a el Vaticano no solo como Estado, sino como l\u00edder de la iglesia cat\u00f3lica global. \u00abLas relaciones con el Papa son vitales, especialmente por el impacto que tiene la religi\u00f3n en nuestra naci\u00f3n. Esperamos que este enfoque contin\u00fae, priorizando a los m\u00e1s d\u00e9biles y desprotegidos del mundo\u00bb, concluy\u00f3.<\/p>\n","protected":false},"excerpt":{"rendered":"<p>La presidenta de M\u00e9xico, Claudia Sheinbaum, expres\u00f3 nuevamente sus felicitaciones al Papa Le\u00f3n XIV por su reciente nombramiento, realizado el pasado jueves. Durante su intervenci\u00f3n el d\u00eda viernes, Sheinbaum confirm\u00f3 que extender\u00e1 una invitaci\u00f3n formal al l\u00edder religioso para que visite M\u00e9xico, uno de los pa\u00edses con mayor n\u00famero de cat\u00f3licos en el mundo. \u00abVamos&#8230;<\/p>\n","protected":false},"author":16,"featured_media":29869,"comment_status":"closed","ping_status":"closed","sticky":false,"template":"","format":"standard","meta":[],"categories":[2],"tags":[1334,3613,191,3595,1636,1635],"yoast_head":"<!-- This site is optimized with the Yoast SEO plugin v20.8 - https:\/\/yoast.com\/wordpress\/plugins\/seo\/ -->\n<title>Claudia Sheinbaum anuncia invitaci\u00f3n al Papa Le\u00f3n XIV para visitar M\u00e9xico - The Puebla Times<\/title>\n<meta name=\"robots\" content=\"index, follow, max-snippet:-1, max-image-preview:large, max-video-preview:-1\" \/>\n<link rel=\"canonical\" href=\"https:\/\/thepueblatimes.mx\/index.php\/2025\/05\/09\/claudia-sheinbaum-anuncia-invitacion-al-papa-leon-xiv-para-visitar-mexico\/\" \/>\n<meta property=\"og:locale\" content=\"es_ES\" \/>\n<meta property=\"og:type\" content=\"article\" \/>\n<meta property=\"og:title\" content=\"Claudia Sheinbaum anuncia invitaci\u00f3n al Papa Le\u00f3n XIV para visitar M\u00e9xico - The Puebla Times\" \/>\n<meta property=\"og:description\" content=\"La presidenta de M\u00e9xico, Claudia Sheinbaum, expres\u00f3 nuevamente sus felicitaciones al Papa Le\u00f3n XIV por su reciente nombramiento, realizado el pasado jueves. Durante su intervenci\u00f3n el d\u00eda viernes, Sheinbaum confirm\u00f3 que extender\u00e1 una invitaci\u00f3n formal al l\u00edder religioso para que visite M\u00e9xico, uno de los pa\u00edses con mayor n\u00famero de cat\u00f3licos en el mundo. \u00abVamos...\" \/>\n<meta property=\"og:url\" content=\"https:\/\/thepueblatimes.mx\/index.php\/2025\/05\/09\/claudia-sheinbaum-anuncia-invitacion-al-papa-leon-xiv-para-visitar-mexico\/\" \/>\n<meta property=\"og:site_name\" content=\"The Puebla Times\" \/>\n<meta property=\"article:published_time\" content=\"2025-05-09T20:18:01+00:00\" \/>\n<meta property=\"og:image\" content=\"https:\/\/thepueblatimes.mx\/wp-content\/uploads\/2025\/05\/Sheinbaum-invitara-al-papa-Leon-XIV-a-Mexico_76075741-scaled-1.webp\" \/>\n\t<meta property=\"og:image:width\" content=\"780\" \/>\n\t<meta property=\"og:image:height\" content=\"520\" \/>\n\t<meta property=\"og:image:type\" content=\"image\/webp\" \/>\n<meta name=\"author\" content=\"Sa\u00fal Hern\u00e1ndez\" \/>\n<meta name=\"twitter:card\" content=\"summary_large_image\" \/>\n<meta name=\"twitter:label1\" content=\"Escrito por\" \/>\n\t<meta name=\"twitter:data1\" content=\"Sa\u00fal Hern\u00e1ndez\" \/>\n\t<meta name=\"twitter:label2\" content=\"Tiempo de lectura\" \/>\n\t<meta name=\"twitter:data2\" content=\"2 minutos\" \/>\n<script type=\"application\/ld+json\" class=\"yoast-schema-graph\">{\"@context\":\"https:\/\/schema.org\",\"@graph\":[{\"@type\":\"WebPage\",\"@id\":\"https:\/\/thepueblatimes.mx\/index.php\/2025\/05\/09\/claudia-sheinbaum-anuncia-invitacion-al-papa-leon-xiv-para-visitar-mexico\/\",\"url\":\"https:\/\/thepueblatimes.mx\/index.php\/2025\/05\/09\/claudia-sheinbaum-anuncia-invitacion-al-papa-leon-xiv-para-visitar-mexico\/\",\"name\":\"Claudia Sheinbaum anuncia invitaci\u00f3n al Papa Le\u00f3n XIV para visitar M\u00e9xico - The Puebla Times\",\"isPartOf\":{\"@id\":\"https:\/\/thepueblatimes.mx\/#website\"},\"datePublished\":\"2025-05-09T20:18:01+00:00\",\"dateModified\":\"2025-05-09T20:18:01+00:00\",\"author\":{\"@id\":\"https:\/\/thepueblatimes.mx\/#\/schema\/person\/1664894c2f65ce2c7a08d8f5f905c13c\"},\"breadcrumb\":{\"@id\":\"https:\/\/thepueblatimes.mx\/index.php\/2025\/05\/09\/claudia-sheinbaum-anuncia-invitacion-al-papa-leon-xiv-para-visitar-mexico\/#breadcrumb\"},\"inLanguage\":\"es\",\"potentialAction\":[{\"@type\":\"ReadAction\",\"target\":[\"https:\/\/thepueblatimes.mx\/index.php\/2025\/05\/09\/claudia-sheinbaum-anuncia-invitacion-al-papa-leon-xiv-para-visitar-mexico\/\"]}]},{\"@type\":\"BreadcrumbList\",\"@id\":\"https:\/\/thepueblatimes.mx\/index.php\/2025\/05\/09\/claudia-sheinbaum-anuncia-invitacion-al-papa-leon-xiv-para-visitar-mexico\/#breadcrumb\",\"itemListElement\":[{\"@type\":\"ListItem\",\"position\":1,\"name\":\"Portada\",\"item\":\"https:\/\/thepueblatimes.mx\/\"},{\"@type\":\"ListItem\",\"position\":2,\"name\":\"Claudia Sheinbaum anuncia invitaci\u00f3n al Papa Le\u00f3n XIV para visitar M\u00e9xico\"}]},{\"@type\":\"WebSite\",\"@id\":\"https:\/\/thepueblatimes.mx\/#website\",\"url\":\"https:\/\/thepueblatimes.mx\/\",\"name\":\"The Puebla Times\",\"description\":\"Noticias del Estado de Puebla\",\"potentialAction\":[{\"@type\":\"SearchAction\",\"target\":{\"@type\":\"EntryPoint\",\"urlTemplate\":\"https:\/\/thepueblatimes.mx\/?s={search_term_string}\"},\"query-input\":\"required name=search_term_string\"}],\"inLanguage\":\"es\"},{\"@type\":\"Person\",\"@id\":\"https:\/\/thepueblatimes.mx\/#\/schema\/person\/1664894c2f65ce2c7a08d8f5f905c13c\",\"name\":\"Sa\u00fal Hern\u00e1ndez\",\"image\":{\"@type\":\"ImageObject\",\"inLanguage\":\"es\",\"@id\":\"https:\/\/thepueblatimes.mx\/#\/schema\/person\/image\/\",\"url\":\"https:\/\/secure.gravatar.com\/avatar\/11be338693f243309532caad8f10c930?s=96&d=mm&r=g\",\"contentUrl\":\"https:\/\/secure.gravatar.com\/avatar\/11be338693f243309532caad8f10c930?s=96&d=mm&r=g\",\"caption\":\"Sa\u00fal Hern\u00e1ndez\"},\"url\":\"https:\/\/thepueblatimes.mx\/index.php\/author\/saulhernandez\/\"}]}<\/script>\n<!-- \/ Yoast SEO plugin. -->","yoast_head_json":{"title":"Claudia Sheinbaum anuncia invitaci\u00f3n al Papa Le\u00f3n XIV para visitar M\u00e9xico - The Puebla Times","robots":{"index":"index","follow":"follow","max-snippet":"max-snippet:-1","max-image-preview":"max-image-preview:large","max-video-preview":"max-video-preview:-1"},"canonical":"https:\/\/thepueblatimes.mx\/index.php\/2025\/05\/09\/claudia-sheinbaum-anuncia-invitacion-al-papa-leon-xiv-para-visitar-mexico\/","og_locale":"es_ES","og_type":"article","og_title":"Claudia Sheinbaum anuncia invitaci\u00f3n al Papa Le\u00f3n XIV para visitar M\u00e9xico - The Puebla Times","og_description":"La presidenta de M\u00e9xico, Claudia Sheinbaum, expres\u00f3 nuevamente sus felicitaciones al Papa Le\u00f3n XIV por su reciente nombramiento, realizado el pasado jueves. Durante su intervenci\u00f3n el d\u00eda viernes, Sheinbaum confirm\u00f3 que extender\u00e1 una invitaci\u00f3n formal al l\u00edder religioso para que visite M\u00e9xico, uno de los pa\u00edses con mayor n\u00famero de cat\u00f3licos en el mundo. \u00abVamos...","og_url":"https:\/\/thepueblatimes.mx\/index.php\/2025\/05\/09\/claudia-sheinbaum-anuncia-invitacion-al-papa-leon-xiv-para-visitar-mexico\/","og_site_name":"The Puebla Times","article_published_time":"2025-05-09T20:18:01+00:00","og_image":[{"width":780,"height":520,"url":"https:\/\/thepueblatimes.mx\/wp-content\/uploads\/2025\/05\/Sheinbaum-invitara-al-papa-Leon-XIV-a-Mexico_76075741-scaled-1.webp","type":"image\/webp"}],"author":"Sa\u00fal Hern\u00e1ndez","twitter_card":"summary_large_image","twitter_misc":{"Escrito por":"Sa\u00fal Hern\u00e1ndez","Tiempo de lectura":"2 minutos"},"schema":{"@context":"https:\/\/schema.org","@graph":[{"@type":"WebPage","@id":"https:\/\/thepueblatimes.mx\/index.php\/2025\/05\/09\/claudia-sheinbaum-anuncia-invitacion-al-papa-leon-xiv-para-visitar-mexico\/","url":"https:\/\/thepueblatimes.mx\/index.php\/2025\/05\/09\/claudia-sheinbaum-anuncia-invitacion-al-papa-leon-xiv-para-visitar-mexico\/","name":"Claudia Sheinbaum anuncia invitaci\u00f3n al Papa Le\u00f3n XIV para visitar M\u00e9xico - The Puebla Times","isPartOf":{"@id":"https:\/\/thepueblatimes.mx\/#website"},"datePublished":"2025-05-09T20:18:01+00:00","dateModified":"2025-05-09T20:18:01+00:00","author":{"@id":"https:\/\/thepueblatimes.mx\/#\/schema\/person\/1664894c2f65ce2c7a08d8f5f905c13c"},"breadcrumb":{"@id":"https:\/\/thepueblatimes.mx\/index.php\/2025\/05\/09\/claudia-sheinbaum-anuncia-invitacion-al-papa-leon-xiv-para-visitar-mexico\/#breadcrumb"},"inLanguage":"es","potentialAction":[{"@type":"ReadAction","target":["https:\/\/thepueblatimes.mx\/index.php\/2025\/05\/09\/claudia-sheinbaum-anuncia-invitacion-al-papa-leon-xiv-para-visitar-mexico\/"]}]},{"@type":"BreadcrumbList","@id":"https:\/\/thepueblatimes.mx\/index.php\/2025\/05\/09\/claudia-sheinbaum-anuncia-invitacion-al-papa-leon-xiv-para-visitar-mexico\/#breadcrumb","itemListElement":[{"@type":"ListItem","position":1,"name":"Portada","item":"https:\/\/thepueblatimes.mx\/"},{"@type":"ListItem","position":2,"name":"Claudia Sheinbaum anuncia invitaci\u00f3n al Papa Le\u00f3n XIV para visitar M\u00e9xico"}]},{"@type":"WebSite","@id":"https:\/\/thepueblatimes.mx\/#website","url":"https:\/\/thepueblatimes.mx\/","name":"The Puebla Times","description":"Noticias del Estado de Puebla","potentialAction":[{"@type":"SearchAction","target":{"@type":"EntryPoint","urlTemplate":"https:\/\/thepueblatimes.mx\/?s={search_term_string}"},"query-input":"required name=search_term_string"}],"inLanguage":"es"},{"@type":"Person","@id":"https:\/\/thepueblatimes.mx\/#\/schema\/person\/1664894c2f65ce2c7a08d8f5f905c13c","name":"Sa\u00fal Hern\u00e1ndez","image":{"@type":"ImageObject","inLanguage":"es","@id":"https:\/\/thepueblatimes.mx\/#\/schema\/person\/image\/","url":"https:\/\/secure.gravatar.com\/avatar\/11be338693f243309532caad8f10c930?s=96&d=mm&r=g","contentUrl":"https:\/\/secure.gravatar.com\/avatar\/11be338693f243309532caad8f10c930?s=96&d=mm&r=g","caption":"Sa\u00fal Hern\u00e1ndez"},"url":"https:\/\/thepueblatimes.mx\/index.php\/author\/saulhernandez\/"}]}},"jetpack_featured_media_url":"https:\/\/thepueblatimes.mx\/wp-content\/uploads\/2025\/05\/Sheinbaum-invitara-al-papa-Leon-XIV-a-Mexico_76075741-scaled-1.webp","_links":{"self":[{"href":"https:\/\/thepueblatimes.mx\/index.php\/wp-json\/wp\/v2\/posts\/29868"}],"collection":[{"href":"https:\/\/thepueblatimes.mx\/index.php\/wp-json\/wp\/v2\/posts"}],"about":[{"href":"https:\/\/thepueblatimes.mx\/index.php\/wp-json\/wp\/v2\/types\/post"}],"author":[{"embeddable":true,"href":"https:\/\/thepueblatimes.mx\/index.php\/wp-json\/wp\/v2\/users\/16"}],"replies":[{"embeddable":true,"href":"https:\/\/thepueblatimes.mx\/index.php\/wp-json\/wp\/v2\/comments?post=29868"}],"version-history":[{"count":1,"href":"https:\/\/thepueblatimes.mx\/index.php\/wp-json\/wp\/v2\/posts\/29868\/revisions"}],"predecessor-version":[{"id":29870,"href":"https:\/\/thepueblatimes.mx\/index.php\/wp-json\/wp\/v2\/posts\/29868\/revisions\/29870"}],"wp:featuredmedia":[{"embeddable":true,"href":"https:\/\/thepueblatimes.mx\/index.php\/wp-json\/wp\/v2\/media\/29869"}],"wp:attachment":[{"href":"https:\/\/thepueblatimes.mx\/index.php\/wp-json\/wp\/v2\/media?parent=29868"}],"wp:term":[{"taxonomy":"category","embeddable":true,"href":"https:\/\/thepueblatimes.mx\/index.php\/wp-json\/wp\/v2\/categories?post=29868"},{"taxonomy":"post_tag","embeddable":true,"href":"https:\/\/thepueblatimes.mx\/index.php\/wp-json\/wp\/v2\/tags?post=29868"}],"curies":[{"name":"wp","href":"https:\/\/api.w.org\/{rel}","templated":true}]}}