{"id":29813,"date":"2025-05-08T15:31:44","date_gmt":"2025-05-08T21:31:44","guid":{"rendered":"https:\/\/thepueblatimes.mx\/?p=29813"},"modified":"2025-05-08T15:33:20","modified_gmt":"2025-05-08T21:33:20","slug":"omar-munoz-se-auto-exige-dotar-de-agua","status":"publish","type":"post","link":"https:\/\/thepueblatimes.mx\/index.php\/2025\/05\/08\/omar-munoz-se-auto-exige-dotar-de-agua\/","title":{"rendered":"Omar Mu\u00f1oz se auto exige dotar de agua"},"content":{"rendered":"<p>POR FRED ESTRADA<\/p>\n<p>En un acto, por decir lo menos absurdo de justificaci\u00f3n, el presidente municipal de Cuautlancingo, Omar Mu\u00f1oz Alfaro instruy\u00f3 a la directora del Sistema Operador de Agua Potable y Alcantarillado de ese municipio, Guadalupe Daniel Hern\u00e1ndez a cumplir con la responsabilidad y dotar del servicio de agua a los habitantes de la demarcaci\u00f3n.<\/p>\n<p>Y con ello, pretendi\u00f3 dejar de lado que como edil la responsabilidad tambi\u00e9n recae en \u00e9l.<\/p>\n<p>Ante las constantes quejas por la falta de suministro del vital l\u00edquido, argument\u00f3 que en ning\u00fan momento su gobierno ha privilegiado el crecimiento poblacional, sino el bienestar y desarrollo de las familias.<\/p>\n<p>En este sentido, declar\u00f3 \u201cinstruirle al Sosapac que ya tom\u00e9 cartas en el asunto, es su responsabilidad dotar del l\u00edquido vital a las m\u00e1s de 40 mil familias que habitan Cuautlancingo y se tomar\u00e1n acciones desde el municipio para solventar y apoyar para que llegue el vital l\u00edquido a toda la zona\u201d.<\/p>\n<p>Es obvio que las cartas que pide tomar ya, representan una acci\u00f3n que debi\u00f3 tomarse desde el inicio de su gesti\u00f3n hace ya m\u00e1s de seis meses, y que hoy debe tomarse como un recurso para tratar de endosar culpas y proyectar una imagen que est\u00e1 muy alejada de lo que sucede en Cuautlancingo en busca de atemperar el \u00e1nimo social en su contra.<\/p>\n","protected":false},"excerpt":{"rendered":"<p>POR FRED ESTRADA En un acto, por decir lo menos absurdo de justificaci\u00f3n, el presidente municipal de Cuautlancingo, Omar Mu\u00f1oz Alfaro instruy\u00f3 a la directora del Sistema Operador de Agua Potable y Alcantarillado de ese municipio, Guadalupe Daniel Hern\u00e1ndez a cumplir con la responsabilidad y dotar del servicio de agua a los habitantes de la&#8230;<\/p>\n","protected":false},"author":16,"featured_media":29820,"comment_status":"closed","ping_status":"closed","sticky":false,"template":"","format":"standard","meta":[],"categories":[542],"tags":[553,343,3615,2541],"yoast_head":"<!-- This site is optimized with the Yoast SEO plugin v20.8 - https:\/\/yoast.com\/wordpress\/plugins\/seo\/ -->\n<title>Omar Mu\u00f1oz se auto exige dotar de agua - The Puebla Times<\/title>\n<meta name=\"robots\" content=\"index, follow, max-snippet:-1, max-image-preview:large, max-video-preview:-1\" \/>\n<link rel=\"canonical\" href=\"https:\/\/thepueblatimes.mx\/index.php\/2025\/05\/08\/omar-munoz-se-auto-exige-dotar-de-agua\/\" \/>\n<meta property=\"og:locale\" content=\"es_ES\" \/>\n<meta property=\"og:type\" content=\"article\" \/>\n<meta property=\"og:title\" content=\"Omar Mu\u00f1oz se auto exige dotar de agua - The Puebla Times\" \/>\n<meta property=\"og:description\" content=\"POR FRED ESTRADA En un acto, por decir lo menos absurdo de justificaci\u00f3n, el presidente municipal de Cuautlancingo, Omar Mu\u00f1oz Alfaro instruy\u00f3 a la directora del Sistema Operador de Agua Potable y Alcantarillado de ese municipio, Guadalupe Daniel Hern\u00e1ndez a cumplir con la responsabilidad y dotar del servicio de agua a los habitantes de la...\" \/>\n<meta property=\"og:url\" content=\"https:\/\/thepueblatimes.mx\/index.php\/2025\/05\/08\/omar-munoz-se-auto-exige-dotar-de-agua\/\" \/>\n<meta property=\"og:site_name\" content=\"The Puebla Times\" \/>\n<meta property=\"article:published_time\" content=\"2025-05-08T21:31:44+00:00\" \/>\n<meta property=\"article:modified_time\" content=\"2025-05-08T21:33:20+00:00\" \/>\n<meta property=\"og:image\" content=\"https:\/\/thepueblatimes.mx\/wp-content\/uploads\/2025\/05\/Se-abastecieron-105-colonias-con-servicio-de-agua-potable-por-red-el-6-de-septiembre-OOMSAPAS-La-Paz.jpg\" \/>\n\t<meta property=\"og:image:width\" content=\"1020\" \/>\n\t<meta property=\"og:image:height\" content=\"733\" \/>\n\t<meta property=\"og:image:type\" content=\"image\/jpeg\" \/>\n<meta name=\"author\" content=\"Sa\u00fal Hern\u00e1ndez\" \/>\n<meta name=\"twitter:card\" content=\"summary_large_image\" \/>\n<meta name=\"twitter:label1\" content=\"Escrito por\" \/>\n\t<meta name=\"twitter:data1\" content=\"Sa\u00fal Hern\u00e1ndez\" \/>\n\t<meta name=\"twitter:label2\" content=\"Tiempo de lectura\" \/>\n\t<meta name=\"twitter:data2\" content=\"2 minutos\" \/>\n<script type=\"application\/ld+json\" class=\"yoast-schema-graph\">{\"@context\":\"https:\/\/schema.org\",\"@graph\":[{\"@type\":\"WebPage\",\"@id\":\"https:\/\/thepueblatimes.mx\/index.php\/2025\/05\/08\/omar-munoz-se-auto-exige-dotar-de-agua\/\",\"url\":\"https:\/\/thepueblatimes.mx\/index.php\/2025\/05\/08\/omar-munoz-se-auto-exige-dotar-de-agua\/\",\"name\":\"Omar Mu\u00f1oz se auto exige dotar de agua - The Puebla Times\",\"isPartOf\":{\"@id\":\"https:\/\/thepueblatimes.mx\/#website\"},\"datePublished\":\"2025-05-08T21:31:44+00:00\",\"dateModified\":\"2025-05-08T21:33:20+00:00\",\"author\":{\"@id\":\"https:\/\/thepueblatimes.mx\/#\/schema\/person\/1664894c2f65ce2c7a08d8f5f905c13c\"},\"breadcrumb\":{\"@id\":\"https:\/\/thepueblatimes.mx\/index.php\/2025\/05\/08\/omar-munoz-se-auto-exige-dotar-de-agua\/#breadcrumb\"},\"inLanguage\":\"es\",\"potentialAction\":[{\"@type\":\"ReadAction\",\"target\":[\"https:\/\/thepueblatimes.mx\/index.php\/2025\/05\/08\/omar-munoz-se-auto-exige-dotar-de-agua\/\"]}]},{\"@type\":\"BreadcrumbList\",\"@id\":\"https:\/\/thepueblatimes.mx\/index.php\/2025\/05\/08\/omar-munoz-se-auto-exige-dotar-de-agua\/#breadcrumb\",\"itemListElement\":[{\"@type\":\"ListItem\",\"position\":1,\"name\":\"Portada\",\"item\":\"https:\/\/thepueblatimes.mx\/\"},{\"@type\":\"ListItem\",\"position\":2,\"name\":\"Omar Mu\u00f1oz se auto exige dotar de agua\"}]},{\"@type\":\"WebSite\",\"@id\":\"https:\/\/thepueblatimes.mx\/#website\",\"url\":\"https:\/\/thepueblatimes.mx\/\",\"name\":\"The Puebla Times\",\"description\":\"Noticias del Estado de Puebla\",\"potentialAction\":[{\"@type\":\"SearchAction\",\"target\":{\"@type\":\"EntryPoint\",\"urlTemplate\":\"https:\/\/thepueblatimes.mx\/?s={search_term_string}\"},\"query-input\":\"required name=search_term_string\"}],\"inLanguage\":\"es\"},{\"@type\":\"Person\",\"@id\":\"https:\/\/thepueblatimes.mx\/#\/schema\/person\/1664894c2f65ce2c7a08d8f5f905c13c\",\"name\":\"Sa\u00fal Hern\u00e1ndez\",\"image\":{\"@type\":\"ImageObject\",\"inLanguage\":\"es\",\"@id\":\"https:\/\/thepueblatimes.mx\/#\/schema\/person\/image\/\",\"url\":\"https:\/\/secure.gravatar.com\/avatar\/11be338693f243309532caad8f10c930?s=96&d=mm&r=g\",\"contentUrl\":\"https:\/\/secure.gravatar.com\/avatar\/11be338693f243309532caad8f10c930?s=96&d=mm&r=g\",\"caption\":\"Sa\u00fal Hern\u00e1ndez\"},\"url\":\"https:\/\/thepueblatimes.mx\/index.php\/author\/saulhernandez\/\"}]}<\/script>\n<!-- \/ Yoast SEO plugin. -->","yoast_head_json":{"title":"Omar Mu\u00f1oz se auto exige dotar de agua - The Puebla Times","robots":{"index":"index","follow":"follow","max-snippet":"max-snippet:-1","max-image-preview":"max-image-preview:large","max-video-preview":"max-video-preview:-1"},"canonical":"https:\/\/thepueblatimes.mx\/index.php\/2025\/05\/08\/omar-munoz-se-auto-exige-dotar-de-agua\/","og_locale":"es_ES","og_type":"article","og_title":"Omar Mu\u00f1oz se auto exige dotar de agua - The Puebla Times","og_description":"POR FRED ESTRADA En un acto, por decir lo menos absurdo de justificaci\u00f3n, el presidente municipal de Cuautlancingo, Omar Mu\u00f1oz Alfaro instruy\u00f3 a la directora del Sistema Operador de Agua Potable y Alcantarillado de ese municipio, Guadalupe Daniel Hern\u00e1ndez a cumplir con la responsabilidad y dotar del servicio de agua a los habitantes de la...","og_url":"https:\/\/thepueblatimes.mx\/index.php\/2025\/05\/08\/omar-munoz-se-auto-exige-dotar-de-agua\/","og_site_name":"The Puebla Times","article_published_time":"2025-05-08T21:31:44+00:00","article_modified_time":"2025-05-08T21:33:20+00:00","og_image":[{"width":1020,"height":733,"url":"https:\/\/thepueblatimes.mx\/wp-content\/uploads\/2025\/05\/Se-abastecieron-105-colonias-con-servicio-de-agua-potable-por-red-el-6-de-septiembre-OOMSAPAS-La-Paz.jpg","type":"image\/jpeg"}],"author":"Sa\u00fal Hern\u00e1ndez","twitter_card":"summary_large_image","twitter_misc":{"Escrito por":"Sa\u00fal Hern\u00e1ndez","Tiempo de lectura":"2 minutos"},"schema":{"@context":"https:\/\/schema.org","@graph":[{"@type":"WebPage","@id":"https:\/\/thepueblatimes.mx\/index.php\/2025\/05\/08\/omar-munoz-se-auto-exige-dotar-de-agua\/","url":"https:\/\/thepueblatimes.mx\/index.php\/2025\/05\/08\/omar-munoz-se-auto-exige-dotar-de-agua\/","name":"Omar Mu\u00f1oz se auto exige dotar de agua - The Puebla Times","isPartOf":{"@id":"https:\/\/thepueblatimes.mx\/#website"},"datePublished":"2025-05-08T21:31:44+00:00","dateModified":"2025-05-08T21:33:20+00:00","author":{"@id":"https:\/\/thepueblatimes.mx\/#\/schema\/person\/1664894c2f65ce2c7a08d8f5f905c13c"},"breadcrumb":{"@id":"https:\/\/thepueblatimes.mx\/index.php\/2025\/05\/08\/omar-munoz-se-auto-exige-dotar-de-agua\/#breadcrumb"},"inLanguage":"es","potentialAction":[{"@type":"ReadAction","target":["https:\/\/thepueblatimes.mx\/index.php\/2025\/05\/08\/omar-munoz-se-auto-exige-dotar-de-agua\/"]}]},{"@type":"BreadcrumbList","@id":"https:\/\/thepueblatimes.mx\/index.php\/2025\/05\/08\/omar-munoz-se-auto-exige-dotar-de-agua\/#breadcrumb","itemListElement":[{"@type":"ListItem","position":1,"name":"Portada","item":"https:\/\/thepueblatimes.mx\/"},{"@type":"ListItem","position":2,"name":"Omar Mu\u00f1oz se auto exige dotar de agua"}]},{"@type":"WebSite","@id":"https:\/\/thepueblatimes.mx\/#website","url":"https:\/\/thepueblatimes.mx\/","name":"The Puebla Times","description":"Noticias del Estado de Puebla","potentialAction":[{"@type":"SearchAction","target":{"@type":"EntryPoint","urlTemplate":"https:\/\/thepueblatimes.mx\/?s={search_term_string}"},"query-input":"required name=search_term_string"}],"inLanguage":"es"},{"@type":"Person","@id":"https:\/\/thepueblatimes.mx\/#\/schema\/person\/1664894c2f65ce2c7a08d8f5f905c13c","name":"Sa\u00fal Hern\u00e1ndez","image":{"@type":"ImageObject","inLanguage":"es","@id":"https:\/\/thepueblatimes.mx\/#\/schema\/person\/image\/","url":"https:\/\/secure.gravatar.com\/avatar\/11be338693f243309532caad8f10c930?s=96&d=mm&r=g","contentUrl":"https:\/\/secure.gravatar.com\/avatar\/11be338693f243309532caad8f10c930?s=96&d=mm&r=g","caption":"Sa\u00fal Hern\u00e1ndez"},"url":"https:\/\/thepueblatimes.mx\/index.php\/author\/saulhernandez\/"}]}},"jetpack_featured_media_url":"https:\/\/thepueblatimes.mx\/wp-content\/uploads\/2025\/05\/Se-abastecieron-105-colonias-con-servicio-de-agua-potable-por-red-el-6-de-septiembre-OOMSAPAS-La-Paz.jpg","_links":{"self":[{"href":"https:\/\/thepueblatimes.mx\/index.php\/wp-json\/wp\/v2\/posts\/29813"}],"collection":[{"href":"https:\/\/thepueblatimes.mx\/index.php\/wp-json\/wp\/v2\/posts"}],"about":[{"href":"https:\/\/thepueblatimes.mx\/index.php\/wp-json\/wp\/v2\/types\/post"}],"author":[{"embeddable":true,"href":"https:\/\/thepueblatimes.mx\/index.php\/wp-json\/wp\/v2\/users\/16"}],"replies":[{"embeddable":true,"href":"https:\/\/thepueblatimes.mx\/index.php\/wp-json\/wp\/v2\/comments?post=29813"}],"version-history":[{"count":1,"href":"https:\/\/thepueblatimes.mx\/index.php\/wp-json\/wp\/v2\/posts\/29813\/revisions"}],"predecessor-version":[{"id":29818,"href":"https:\/\/thepueblatimes.mx\/index.php\/wp-json\/wp\/v2\/posts\/29813\/revisions\/29818"}],"wp:featuredmedia":[{"embeddable":true,"href":"https:\/\/thepueblatimes.mx\/index.php\/wp-json\/wp\/v2\/media\/29820"}],"wp:attachment":[{"href":"https:\/\/thepueblatimes.mx\/index.php\/wp-json\/wp\/v2\/media?parent=29813"}],"wp:term":[{"taxonomy":"category","embeddable":true,"href":"https:\/\/thepueblatimes.mx\/index.php\/wp-json\/wp\/v2\/categories?post=29813"},{"taxonomy":"post_tag","embeddable":true,"href":"https:\/\/thepueblatimes.mx\/index.php\/wp-json\/wp\/v2\/tags?post=29813"}],"curies":[{"name":"wp","href":"https:\/\/api.w.org\/{rel}","templated":true}]}}